{"id":2760,"date":"2022-01-27T16:31:14","date_gmt":"2022-01-27T20:31:14","guid":{"rendered":"https:\/\/www.manaus.am.gov.br\/semed\/not\u00edcias\/sem-categoria\/prefeitura-de-manaus-realiza-o-1o-workshop-de-avaliacao-do-programa-orcamento-na-escola\/"},"modified":"2023-05-12T17:50:54","modified_gmt":"2023-05-12T21:50:54","slug":"prefeitura-de-manaus-realiza-o-1o-workshop-de-avaliacao-do-programa-orcamento-na-escola","status":"publish","type":"post","link":"https:\/\/www.manaus.am.gov.br\/semed\/not\u00edcias\/educacao\/prefeitura-de-manaus-realiza-o-1o-workshop-de-avaliacao-do-programa-orcamento-na-escola\/","title":{"rendered":"Prefeitura de Manaus realiza o 1\u00ba Workshop de Avalia\u00e7\u00e3o do Programa Or\u00e7amento na Escola"},"content":{"rendered":"\n<p>A Prefeitura de Manaus, por meio da Secretaria Municipal de Educa\u00e7\u00e3o (Semed), realizou nesta quinta-feira, 27\/1, o 1\u00ba Workshop de Avalia\u00e7\u00e3o do Programa Or\u00e7amento na Escola (Proesc), de forma on-line. O objetivo foi envolver todos os colaboradores que participaram desde a implanta\u00e7\u00e3o at\u00e9 a execu\u00e7\u00e3o, na perspectiva de contribuir para melhorias futuras, reconhecendo os pontos de aten\u00e7\u00e3o para desenvolver a\u00e7\u00f5es que contribuam para maior qualidade dos servi\u00e7os prestados \u00e0 popula\u00e7\u00e3o, por meio da rede municipal de ensino.<\/p>\n\n\n\n<p>A programa\u00e7\u00e3o contou com a participa\u00e7\u00e3o de representantes do Departamento Administrativo e Financeiro (Deafin), Departamento de Planejamento (Deplan), Ger\u00eancia de Atividades Complementares e Programas Especiais (GACPE), coordena\u00e7\u00e3o do programa&nbsp;e dos parceiros como Banco do Brasil e a Controladoria Geral do Munic\u00edpio (CGM).<\/p>\n\n\n\n<p>O secret\u00e1rio municipal de Educa\u00e7\u00e3o, Pauderney Avelino, participou da reuni\u00e3o e destacou a import\u00e2ncia do programa e a preocupa\u00e7\u00e3o de apoiar as escolas em prol de uma educa\u00e7\u00e3o de qualidade.<\/p>\n\n\n\n<p>\u201cEsses recursos, ano passado, foram muito \u00fateis para as nossas escolas, apesar de estarmos em um ano de pandemia da Covid-19. A implementa\u00e7\u00e3o desse programa foi praticamente no final do ano, mas em 2022 n\u00f3s ampliamos esses recursos para R$ 10 milh\u00f5es no or\u00e7amento. Os gestores ter\u00e3o um tempo maior para planejar a aplica\u00e7\u00e3o. Tenho certeza de que vai viabilizar muitas a\u00e7\u00f5es na manuten\u00e7\u00e3o de escolas e compra de equipamentos\u201d, ressaltou.<\/p>\n\n\n\n<p>O programa conquistou alguns resultados significativos na rede municipal de ensino, como os recursos disponibilizados na ordem de R$ 7 milh\u00f5es, atendendo a 499 escolas municipais, creches e Centros Municipais de Educa\u00e7\u00e3o Infantil (Cmeis), beneficiando 249.510 alunos em toda rede. Al\u00e9m disso, houve a distribui\u00e7\u00e3o de 499 cart\u00f5es de pagamento para as aquisi\u00e7\u00f5es de bens e servi\u00e7os para as unidades de ensino, melhoria na estrutura f\u00edsica, pedag\u00f3gica e tecnol\u00f3gica, entre outros benef\u00edcios.<\/p>\n\n\n\n<p>O subsecret\u00e1rio de Administra\u00e7\u00e3o e Finan\u00e7as da Semed, Lourival Praia, ficou satisfeito com o resultado, pois foram discutidas v\u00e1rias a\u00e7\u00f5es e os ajustes para aperfei\u00e7oar o programa.<\/p>\n\n\n\n<p>\u201cEsse evento tem como meta fazer uma avalia\u00e7\u00e3o dos principais problemas ocorridos na execu\u00e7\u00e3o desse programa inovador. A gente vai buscar aperfei\u00e7oar, corrigir os erros e executar da melhor maneira poss\u00edvel esse projeto t\u00e3o importante para a nossa rede de ensino\u201d, salientou.<\/p>\n\n\n\n<p>Para Arnaldo Flores, da&nbsp;Controladoria Geral&nbsp;do Munic\u00edpio (CGM), \u00e9 fundamental que todos procurem realizar da melhor forma o programa para atender as unidades de ensino em todas as modalidades de ensino.<\/p>\n\n\n\n<p>\u201cComo todo programa rec\u00e9m-lan\u00e7ado, precisa de aprimoramento. O evento foi para fazer uma avalia\u00e7\u00e3o da implanta\u00e7\u00e3o, da execu\u00e7\u00e3o do programa e da presta\u00e7\u00e3o de contas. V\u00e1rias ideias foram colocadas e sugest\u00f5es para que haja uma melhoria no ano de 2022\u201d, disse.<\/p>\n\n\n\n<p><strong>&nbsp;<\/strong><\/p>\n\n\n\n<p><strong>Proesc<\/strong><\/p>\n\n\n\n<p><strong><br><\/strong>O Proesc foi idealizado pela Semed, para assist\u00eancia financeira suplementar \u00e0s escolas p\u00fablicas municipais de educa\u00e7\u00e3o b\u00e1sica beneficiadas, a fim de garantir seu funcionamento e melhoria da infraestrutura f\u00edsica e pedag\u00f3gica, incentivando a autonomia e a autogest\u00e3o das unidades executoras, no exerc\u00edcio da cidadania, com a participa\u00e7\u00e3o do conselho escolar, seguindo as diretrizes, objetivos e metas da secretaria.<\/p>\n\n\n\n<p>&#8212; &#8212; &#8212;<\/p>\n\n\n\n<p><strong>Texto &#8211;&nbsp;<\/strong>Paulo Rog\u00e9rio \/ Semed<br><strong>Fotos &#8211;<\/strong>&nbsp;Cleomir Santos \/ Semed<br><strong>Dispon\u00edveis em&nbsp;<\/strong>&#8211;&nbsp;<a href=\"https:\/\/flic.kr\/s\/aHBqjzA9J3\" data-saferedirecturl=\"https:\/\/www.google.com\/url?q=https:\/\/flic.kr\/s\/aHBqjzA9J3&amp;source=gmail&amp;ust=1643401447942000&amp;usg=AOvVaw3OXecGkGR6JfNLpyTr5vfO\">https:\/\/flic.kr\/s\/aHBqjzA9J3<\/a><\/p>\n\n\n\n<p>&nbsp;<\/p>\n","protected":false},"excerpt":{"rendered":"","protected":false},"author":24,"featured_media":2761,"comment_status":"closed","ping_status":"closed","sticky":false,"template":"","format":"standard","meta":{"footnotes":""},"categories":[8],"tags":[642,643,644,113,52,645],"acf":[],"yoast_head":"<!-- This site is optimized with the Yoast SEO plugin v23.0 - https:\/\/yoast.com\/wordpress\/plugins\/seo\/ -->\n<title>Prefeitura de Manaus realiza o 1\u00ba Workshop de Avalia\u00e7\u00e3o do Programa Or\u00e7amento na Escola - SEMED<\/title>\n<meta name=\"robots\" content=\"index, follow, max-snippet:-1, max-image-preview:large, max-video-preview:-1\" \/>\n<link rel=\"canonical\" href=\"https:\/\/www.manaus.am.gov.br\/semed\/not\u00edcias\/educacao\/prefeitura-de-manaus-realiza-o-1o-workshop-de-avaliacao-do-programa-orcamento-na-escola\/\" \/>\n<meta property=\"og:locale\" content=\"pt_BR\" \/>\n<meta property=\"og:type\" content=\"article\" \/>\n<meta property=\"og:title\" content=\"Prefeitura de Manaus realiza o 1\u00ba Workshop de Avalia\u00e7\u00e3o do Programa Or\u00e7amento na Escola - SEMED\" \/>\n<meta property=\"og:url\" content=\"https:\/\/www.manaus.am.gov.br\/semed\/not\u00edcias\/educacao\/prefeitura-de-manaus-realiza-o-1o-workshop-de-avaliacao-do-programa-orcamento-na-escola\/\" \/>\n<meta property=\"og:site_name\" content=\"SEMED\" \/>\n<meta property=\"article:published_time\" content=\"2022-01-27T20:31:14+00:00\" \/>\n<meta property=\"article:modified_time\" content=\"2023-05-12T21:50:54+00:00\" \/>\n<meta property=\"og:image\" content=\"https:\/\/www.manaus.am.gov.br\/semed\/wp-content\/uploads\/sites\/3\/2023\/05\/Prefeitura-de-Manaus-realiza-o-1o-Workshop-de-Avaliacao-do-Programa-Orcamento-na-Escola.jpg\" \/>\n\t<meta property=\"og:image:width\" content=\"720\" \/>\n\t<meta property=\"og:image:height\" content=\"407\" \/>\n\t<meta property=\"og:image:type\" content=\"image\/jpeg\" \/>\n<meta name=\"author\" content=\"Cl\u00e1udia Barbosa\" \/>\n<meta name=\"twitter:card\" content=\"summary_large_image\" \/>\n<meta name=\"twitter:label1\" content=\"Written by\" \/>\n\t<meta name=\"twitter:data1\" content=\"Cl\u00e1udia Barbosa\" \/>\n\t<meta name=\"twitter:label2\" content=\"Est. reading time\" \/>\n\t<meta name=\"twitter:data2\" content=\"3 minutos\" \/>\n<script type=\"application\/ld+json\" class=\"yoast-schema-graph\">{\"@context\":\"https:\/\/schema.org\",\"@graph\":[{\"@type\":\"Article\",\"@id\":\"https:\/\/www.manaus.am.gov.br\/semed\/not\u00edcias\/educacao\/prefeitura-de-manaus-realiza-o-1o-workshop-de-avaliacao-do-programa-orcamento-na-escola\/#article\",\"isPartOf\":{\"@id\":\"https:\/\/www.manaus.am.gov.br\/semed\/not\u00edcias\/educacao\/prefeitura-de-manaus-realiza-o-1o-workshop-de-avaliacao-do-programa-orcamento-na-escola\/\"},\"author\":{\"name\":\"Cl\u00e1udia Barbosa\",\"@id\":\"https:\/\/www.manaus.am.gov.br\/semed\/#\/schema\/person\/d0a166b5031154c33c77794ddc9a827e\"},\"headline\":\"Prefeitura de Manaus realiza o 1\u00ba Workshop de Avalia\u00e7\u00e3o do Programa Or\u00e7amento na Escola\",\"datePublished\":\"2022-01-27T20:31:14+00:00\",\"dateModified\":\"2023-05-12T21:50:54+00:00\",\"mainEntityOfPage\":{\"@id\":\"https:\/\/www.manaus.am.gov.br\/semed\/not\u00edcias\/educacao\/prefeitura-de-manaus-realiza-o-1o-workshop-de-avaliacao-do-programa-orcamento-na-escola\/\"},\"wordCount\":599,\"publisher\":{\"@id\":\"https:\/\/www.manaus.am.gov.br\/semed\/#organization\"},\"image\":{\"@id\":\"https:\/\/www.manaus.am.gov.br\/semed\/not\u00edcias\/educacao\/prefeitura-de-manaus-realiza-o-1o-workshop-de-avaliacao-do-programa-orcamento-na-escola\/#primaryimage\"},\"thumbnailUrl\":\"https:\/\/www.manaus.am.gov.br\/semed\/wp-content\/uploads\/sites\/3\/2023\/05\/Prefeitura-de-Manaus-realiza-o-1o-Workshop-de-Avaliacao-do-Programa-Orcamento-na-Escola.jpg\",\"keywords\":[\"Pauderney Avelino\",\"Proesc\",\"Programa Or\u00e7amento na Escola\",\"rede municipal de ensino\",\"semed\",\"worshop\"],\"articleSection\":[\"Educa\u00e7\u00e3o\"],\"inLanguage\":\"pt-BR\"},{\"@type\":\"WebPage\",\"@id\":\"https:\/\/www.manaus.am.gov.br\/semed\/not\u00edcias\/educacao\/prefeitura-de-manaus-realiza-o-1o-workshop-de-avaliacao-do-programa-orcamento-na-escola\/\",\"url\":\"https:\/\/www.manaus.am.gov.br\/semed\/not\u00edcias\/educacao\/prefeitura-de-manaus-realiza-o-1o-workshop-de-avaliacao-do-programa-orcamento-na-escola\/\",\"name\":\"Prefeitura de Manaus realiza o 1\u00ba Workshop de Avalia\u00e7\u00e3o do Programa Or\u00e7amento na Escola - SEMED\",\"isPartOf\":{\"@id\":\"https:\/\/www.manaus.am.gov.br\/semed\/#website\"},\"primaryImageOfPage\":{\"@id\":\"https:\/\/www.manaus.am.gov.br\/semed\/not\u00edcias\/educacao\/prefeitura-de-manaus-realiza-o-1o-workshop-de-avaliacao-do-programa-orcamento-na-escola\/#primaryimage\"},\"image\":{\"@id\":\"https:\/\/www.manaus.am.gov.br\/semed\/not\u00edcias\/educacao\/prefeitura-de-manaus-realiza-o-1o-workshop-de-avaliacao-do-programa-orcamento-na-escola\/#primaryimage\"},\"thumbnailUrl\":\"https:\/\/www.manaus.am.gov.br\/semed\/wp-content\/uploads\/sites\/3\/2023\/05\/Prefeitura-de-Manaus-realiza-o-1o-Workshop-de-Avaliacao-do-Programa-Orcamento-na-Escola.jpg\",\"datePublished\":\"2022-01-27T20:31:14+00:00\",\"dateModified\":\"2023-05-12T21:50:54+00:00\",\"inLanguage\":\"pt-BR\",\"potentialAction\":[{\"@type\":\"ReadAction\",\"target\":[\"https:\/\/www.manaus.am.gov.br\/semed\/not\u00edcias\/educacao\/prefeitura-de-manaus-realiza-o-1o-workshop-de-avaliacao-do-programa-orcamento-na-escola\/\"]}]},{\"@type\":\"ImageObject\",\"inLanguage\":\"pt-BR\",\"@id\":\"https:\/\/www.manaus.am.gov.br\/semed\/not\u00edcias\/educacao\/prefeitura-de-manaus-realiza-o-1o-workshop-de-avaliacao-do-programa-orcamento-na-escola\/#primaryimage\",\"url\":\"https:\/\/www.manaus.am.gov.br\/semed\/wp-content\/uploads\/sites\/3\/2023\/05\/Prefeitura-de-Manaus-realiza-o-1o-Workshop-de-Avaliacao-do-Programa-Orcamento-na-Escola.jpg\",\"contentUrl\":\"https:\/\/www.manaus.am.gov.br\/semed\/wp-content\/uploads\/sites\/3\/2023\/05\/Prefeitura-de-Manaus-realiza-o-1o-Workshop-de-Avaliacao-do-Programa-Orcamento-na-Escola.jpg\",\"width\":720,\"height\":407,\"caption\":\"Prefeitura de Manaus realiza o 1\u00ba Workshop de Avalia\u00e7\u00e3o do Programa Or\u00e7amento na Escola\"},{\"@type\":\"WebSite\",\"@id\":\"https:\/\/www.manaus.am.gov.br\/semed\/#website\",\"url\":\"https:\/\/www.manaus.am.gov.br\/semed\/\",\"name\":\"Secretaria Municipal de Educa\u00e7\u00e3o\",\"description\":\"Secretaria Municipal de Educa\u00e7\u00e3o\",\"publisher\":{\"@id\":\"https:\/\/www.manaus.am.gov.br\/semed\/#organization\"},\"alternateName\":\"SEMED\",\"potentialAction\":[{\"@type\":\"SearchAction\",\"target\":{\"@type\":\"EntryPoint\",\"urlTemplate\":\"https:\/\/www.manaus.am.gov.br\/semed\/?s={search_term_string}\"},\"query-input\":\"required name=search_term_string\"}],\"inLanguage\":\"pt-BR\"},{\"@type\":\"Organization\",\"@id\":\"https:\/\/www.manaus.am.gov.br\/semed\/#organization\",\"name\":\"Secretaria de Educa\u00e7\u00e3o\",\"alternateName\":\"SEMED\",\"url\":\"https:\/\/www.manaus.am.gov.br\/semed\/\",\"logo\":{\"@type\":\"ImageObject\",\"inLanguage\":\"pt-BR\",\"@id\":\"https:\/\/www.manaus.am.gov.br\/semed\/#\/schema\/logo\/image\/\",\"url\":\"https:\/\/www.manaus.am.gov.br\/semed\/wp-content\/uploads\/sites\/3\/2022\/11\/favicon.png\",\"contentUrl\":\"https:\/\/www.manaus.am.gov.br\/semed\/wp-content\/uploads\/sites\/3\/2022\/11\/favicon.png\",\"width\":300,\"height\":300,\"caption\":\"Secretaria de Educa\u00e7\u00e3o\"},\"image\":{\"@id\":\"https:\/\/www.manaus.am.gov.br\/semed\/#\/schema\/logo\/image\/\"}},{\"@type\":\"Person\",\"@id\":\"https:\/\/www.manaus.am.gov.br\/semed\/#\/schema\/person\/d0a166b5031154c33c77794ddc9a827e\",\"name\":\"Cl\u00e1udia Barbosa\",\"image\":{\"@type\":\"ImageObject\",\"inLanguage\":\"pt-BR\",\"@id\":\"https:\/\/www.manaus.am.gov.br\/semed\/#\/schema\/person\/image\/\",\"url\":\"https:\/\/secure.gravatar.com\/avatar\/42958a1cf007f1a00534009218c72590?s=96&d=mm&r=g\",\"contentUrl\":\"https:\/\/secure.gravatar.com\/avatar\/42958a1cf007f1a00534009218c72590?s=96&d=mm&r=g\",\"caption\":\"Cl\u00e1udia Barbosa\"}}]}<\/script>\n<!-- \/ Yoast SEO plugin. -->","yoast_head_json":{"title":"Prefeitura de Manaus realiza o 1\u00ba Workshop de Avalia\u00e7\u00e3o do Programa Or\u00e7amento na Escola - SEMED","robots":{"index":"index","follow":"follow","max-snippet":"max-snippet:-1","max-image-preview":"max-image-preview:large","max-video-preview":"max-video-preview:-1"},"canonical":"https:\/\/www.manaus.am.gov.br\/semed\/not\u00edcias\/educacao\/prefeitura-de-manaus-realiza-o-1o-workshop-de-avaliacao-do-programa-orcamento-na-escola\/","og_locale":"pt_BR","og_type":"article","og_title":"Prefeitura de Manaus realiza o 1\u00ba Workshop de Avalia\u00e7\u00e3o do Programa Or\u00e7amento na Escola - SEMED","og_url":"https:\/\/www.manaus.am.gov.br\/semed\/not\u00edcias\/educacao\/prefeitura-de-manaus-realiza-o-1o-workshop-de-avaliacao-do-programa-orcamento-na-escola\/","og_site_name":"SEMED","article_published_time":"2022-01-27T20:31:14+00:00","article_modified_time":"2023-05-12T21:50:54+00:00","og_image":[{"width":720,"height":407,"url":"https:\/\/www.manaus.am.gov.br\/semed\/wp-content\/uploads\/sites\/3\/2023\/05\/Prefeitura-de-Manaus-realiza-o-1o-Workshop-de-Avaliacao-do-Programa-Orcamento-na-Escola.jpg","type":"image\/jpeg"}],"author":"Cl\u00e1udia Barbosa","twitter_card":"summary_large_image","twitter_misc":{"Written by":"Cl\u00e1udia Barbosa","Est. reading time":"3 minutos"},"schema":{"@context":"https:\/\/schema.org","@graph":[{"@type":"Article","@id":"https:\/\/www.manaus.am.gov.br\/semed\/not\u00edcias\/educacao\/prefeitura-de-manaus-realiza-o-1o-workshop-de-avaliacao-do-programa-orcamento-na-escola\/#article","isPartOf":{"@id":"https:\/\/www.manaus.am.gov.br\/semed\/not\u00edcias\/educacao\/prefeitura-de-manaus-realiza-o-1o-workshop-de-avaliacao-do-programa-orcamento-na-escola\/"},"author":{"name":"Cl\u00e1udia Barbosa","@id":"https:\/\/www.manaus.am.gov.br\/semed\/#\/schema\/person\/d0a166b5031154c33c77794ddc9a827e"},"headline":"Prefeitura de Manaus realiza o 1\u00ba Workshop de Avalia\u00e7\u00e3o do Programa Or\u00e7amento na Escola","datePublished":"2022-01-27T20:31:14+00:00","dateModified":"2023-05-12T21:50:54+00:00","mainEntityOfPage":{"@id":"https:\/\/www.manaus.am.gov.br\/semed\/not\u00edcias\/educacao\/prefeitura-de-manaus-realiza-o-1o-workshop-de-avaliacao-do-programa-orcamento-na-escola\/"},"wordCount":599,"publisher":{"@id":"https:\/\/www.manaus.am.gov.br\/semed\/#organization"},"image":{"@id":"https:\/\/www.manaus.am.gov.br\/semed\/not\u00edcias\/educacao\/prefeitura-de-manaus-realiza-o-1o-workshop-de-avaliacao-do-programa-orcamento-na-escola\/#primaryimage"},"thumbnailUrl":"https:\/\/www.manaus.am.gov.br\/semed\/wp-content\/uploads\/sites\/3\/2023\/05\/Prefeitura-de-Manaus-realiza-o-1o-Workshop-de-Avaliacao-do-Programa-Orcamento-na-Escola.jpg","keywords":["Pauderney Avelino","Proesc","Programa Or\u00e7amento na Escola","rede municipal de ensino","semed","worshop"],"articleSection":["Educa\u00e7\u00e3o"],"inLanguage":"pt-BR"},{"@type":"WebPage","@id":"https:\/\/www.manaus.am.gov.br\/semed\/not\u00edcias\/educacao\/prefeitura-de-manaus-realiza-o-1o-workshop-de-avaliacao-do-programa-orcamento-na-escola\/","url":"https:\/\/www.manaus.am.gov.br\/semed\/not\u00edcias\/educacao\/prefeitura-de-manaus-realiza-o-1o-workshop-de-avaliacao-do-programa-orcamento-na-escola\/","name":"Prefeitura de Manaus realiza o 1\u00ba Workshop de Avalia\u00e7\u00e3o do Programa Or\u00e7amento na Escola - SEMED","isPartOf":{"@id":"https:\/\/www.manaus.am.gov.br\/semed\/#website"},"primaryImageOfPage":{"@id":"https:\/\/www.manaus.am.gov.br\/semed\/not\u00edcias\/educacao\/prefeitura-de-manaus-realiza-o-1o-workshop-de-avaliacao-do-programa-orcamento-na-escola\/#primaryimage"},"image":{"@id":"https:\/\/www.manaus.am.gov.br\/semed\/not\u00edcias\/educacao\/prefeitura-de-manaus-realiza-o-1o-workshop-de-avaliacao-do-programa-orcamento-na-escola\/#primaryimage"},"thumbnailUrl":"https:\/\/www.manaus.am.gov.br\/semed\/wp-content\/uploads\/sites\/3\/2023\/05\/Prefeitura-de-Manaus-realiza-o-1o-Workshop-de-Avaliacao-do-Programa-Orcamento-na-Escola.jpg","datePublished":"2022-01-27T20:31:14+00:00","dateModified":"2023-05-12T21:50:54+00:00","inLanguage":"pt-BR","potentialAction":[{"@type":"ReadAction","target":["https:\/\/www.manaus.am.gov.br\/semed\/not\u00edcias\/educacao\/prefeitura-de-manaus-realiza-o-1o-workshop-de-avaliacao-do-programa-orcamento-na-escola\/"]}]},{"@type":"ImageObject","inLanguage":"pt-BR","@id":"https:\/\/www.manaus.am.gov.br\/semed\/not\u00edcias\/educacao\/prefeitura-de-manaus-realiza-o-1o-workshop-de-avaliacao-do-programa-orcamento-na-escola\/#primaryimage","url":"https:\/\/www.manaus.am.gov.br\/semed\/wp-content\/uploads\/sites\/3\/2023\/05\/Prefeitura-de-Manaus-realiza-o-1o-Workshop-de-Avaliacao-do-Programa-Orcamento-na-Escola.jpg","contentUrl":"https:\/\/www.manaus.am.gov.br\/semed\/wp-content\/uploads\/sites\/3\/2023\/05\/Prefeitura-de-Manaus-realiza-o-1o-Workshop-de-Avaliacao-do-Programa-Orcamento-na-Escola.jpg","width":720,"height":407,"caption":"Prefeitura de Manaus realiza o 1\u00ba Workshop de Avalia\u00e7\u00e3o do Programa Or\u00e7amento na Escola"},{"@type":"WebSite","@id":"https:\/\/www.manaus.am.gov.br\/semed\/#website","url":"https:\/\/www.manaus.am.gov.br\/semed\/","name":"Secretaria Municipal de Educa\u00e7\u00e3o","description":"Secretaria Municipal de Educa\u00e7\u00e3o","publisher":{"@id":"https:\/\/www.manaus.am.gov.br\/semed\/#organization"},"alternateName":"SEMED","potentialAction":[{"@type":"SearchAction","target":{"@type":"EntryPoint","urlTemplate":"https:\/\/www.manaus.am.gov.br\/semed\/?s={search_term_string}"},"query-input":"required name=search_term_string"}],"inLanguage":"pt-BR"},{"@type":"Organization","@id":"https:\/\/www.manaus.am.gov.br\/semed\/#organization","name":"Secretaria de Educa\u00e7\u00e3o","alternateName":"SEMED","url":"https:\/\/www.manaus.am.gov.br\/semed\/","logo":{"@type":"ImageObject","inLanguage":"pt-BR","@id":"https:\/\/www.manaus.am.gov.br\/semed\/#\/schema\/logo\/image\/","url":"https:\/\/www.manaus.am.gov.br\/semed\/wp-content\/uploads\/sites\/3\/2022\/11\/favicon.png","contentUrl":"https:\/\/www.manaus.am.gov.br\/semed\/wp-content\/uploads\/sites\/3\/2022\/11\/favicon.png","width":300,"height":300,"caption":"Secretaria de Educa\u00e7\u00e3o"},"image":{"@id":"https:\/\/www.manaus.am.gov.br\/semed\/#\/schema\/logo\/image\/"}},{"@type":"Person","@id":"https:\/\/www.manaus.am.gov.br\/semed\/#\/schema\/person\/d0a166b5031154c33c77794ddc9a827e","name":"Cl\u00e1udia Barbosa","image":{"@type":"ImageObject","inLanguage":"pt-BR","@id":"https:\/\/www.manaus.am.gov.br\/semed\/#\/schema\/person\/image\/","url":"https:\/\/secure.gravatar.com\/avatar\/42958a1cf007f1a00534009218c72590?s=96&d=mm&r=g","contentUrl":"https:\/\/secure.gravatar.com\/avatar\/42958a1cf007f1a00534009218c72590?s=96&d=mm&r=g","caption":"Cl\u00e1udia Barbosa"}}]}},"_links":{"self":[{"href":"https:\/\/www.manaus.am.gov.br\/semed\/wp-json\/wp\/v2\/posts\/2760"}],"collection":[{"href":"https:\/\/www.manaus.am.gov.br\/semed\/wp-json\/wp\/v2\/posts"}],"about":[{"href":"https:\/\/www.manaus.am.gov.br\/semed\/wp-json\/wp\/v2\/types\/post"}],"author":[{"embeddable":true,"href":"https:\/\/www.manaus.am.gov.br\/semed\/wp-json\/wp\/v2\/users\/24"}],"replies":[{"embeddable":true,"href":"https:\/\/www.manaus.am.gov.br\/semed\/wp-json\/wp\/v2\/comments?post=2760"}],"version-history":[{"count":0,"href":"https:\/\/www.manaus.am.gov.br\/semed\/wp-json\/wp\/v2\/posts\/2760\/revisions"}],"wp:featuredmedia":[{"embeddable":true,"href":"https:\/\/www.manaus.am.gov.br\/semed\/wp-json\/wp\/v2\/media\/2761"}],"wp:attachment":[{"href":"https:\/\/www.manaus.am.gov.br\/semed\/wp-json\/wp\/v2\/media?parent=2760"}],"wp:term":[{"taxonomy":"category","embeddable":true,"href":"https:\/\/www.manaus.am.gov.br\/semed\/wp-json\/wp\/v2\/categories?post=2760"},{"taxonomy":"post_tag","embeddable":true,"href":"https:\/\/www.manaus.am.gov.br\/semed\/wp-json\/wp\/v2\/tags?post=2760"}],"curies":[{"name":"wp","href":"https:\/\/api.w.org\/{rel}","templated":true}]}}