{"id":2075,"date":"2023-03-16T15:39:43","date_gmt":"2023-03-16T19:39:43","guid":{"rendered":"https:\/\/www.manaus.am.gov.br\/semed\/not\u00edcias\/sem-categoria\/prefeitura-de-manaus-e-ministerio-publico-visitam-escolas-para-certificacao-do-selo-do-projeto-juntos-pela-vida\/"},"modified":"2023-03-16T15:39:45","modified_gmt":"2023-03-16T19:39:45","slug":"prefeitura-de-manaus-e-ministerio-publico-visitam-escolas-para-certificacao-do-selo-do-projeto-juntos-pela-vida","status":"publish","type":"post","link":"https:\/\/www.manaus.am.gov.br\/semed\/not\u00edcias\/educacao\/prefeitura-de-manaus-e-ministerio-publico-visitam-escolas-para-certificacao-do-selo-do-projeto-juntos-pela-vida\/","title":{"rendered":"<strong>Prefeitura de Manaus e Minist\u00e9rio P\u00fablico visitam escolas para certifica\u00e7\u00e3o do selo do projeto \u2018Juntos pela vida\u2019<\/strong>"},"content":{"rendered":"\n<p>A Prefeitura de Manaus, por meio da Secretaria Municipal de Educa\u00e7\u00e3o (Semed), iniciou nessa quarta-feira, 15\/3, a visita\u00e7\u00e3o em 20 unidades de ensino, que concorrem ao selo \u201cJuntos pela vida\u201d. O projeto \u00e9 desenvolvido pelo Minist\u00e9rio P\u00fablico do Amazonas (MPAM), em parceria com os centros de Apoio Operacional da Inf\u00e2ncia e Juventude (CAO-IJ) e da Cidadania (CAO-PDC).<\/p>\n\n\n\n<p>O selo atesta a qualifica\u00e7\u00e3o das escolas inscritas no programa de incentivo \u00e0 vacina\u00e7\u00e3o infantojuvenil e \u00e9 concedido apenas para quem alcan\u00e7ou 80% ou mais, no n\u00famero de alunos imunizados.<\/p>\n\n\n\n<p>Na ocasi\u00e3o, t\u00e9cnicos da Ger\u00eancia de Atividades Complementares e Programas Especiais (Gacpe) da Semed e representantes do MPAM verificaram a documenta\u00e7\u00e3o exigida para o projeto, como a declara\u00e7\u00e3o de vacinas, conforme rege o Programa Nacional de Imuniza\u00e7\u00e3o (PNI) e o comprovante de vacina\u00e7\u00e3o da Covid-19, na qual a escola recebeu dos pais no ato da matr\u00edcula.<\/p>\n\n\n\n<p>De acordo com a assessora pedag\u00f3gica da Gacpe, Dirc\u00e9lia Ortiz, o selo \u00e9 importante para as escolas que buscam vacinar todas as crian\u00e7as e conscientizar os pais sobre a import\u00e2ncia da imuniza\u00e7\u00e3o dos filhos no ambiente escolar.<\/p>\n\n\n\n<p>\u201cO projeto, al\u00e9m de fazer essa certifica\u00e7\u00e3o, mostra o grande empenho que as escolas, os diretores e toda equipe pedag\u00f3gica realizam para proteger a sa\u00fade das crian\u00e7as e adolescentes. Com as escolas protegidas, a gente consegue manter o rendimento escolar, e todas as situa\u00e7\u00f5es importantes para um bom desempenho das crian\u00e7as na escola\u201d, comentou Dirc\u00e9lia.<\/p>\n\n\n\n<p>Para a coordenadora da Inf\u00e2ncia e Juventude e promotora de Justi\u00e7a do MPAM, Dra. Romina Carvalho, \u00e9 uma a\u00e7\u00e3o muito importante para todos que buscam a preserva\u00e7\u00e3o de uma vida saud\u00e1vel, na rede de ensino.<\/p>\n\n\n\n<p>\u201cSignifica prote\u00e7\u00e3o a nossa inf\u00e2ncia, prote\u00e7\u00e3o \u00e0 comunidade em rela\u00e7\u00e3o ao ambiente escolar, tornando um local seguro para as crian\u00e7as. Estamos aqui representando o MPAM e a prote\u00e7\u00e3o \u00e0 sociedade em rela\u00e7\u00e3o \u00e0 Covid-19. Esse projeto quer que essa conscientiza\u00e7\u00e3o chegue tamb\u00e9m \u00e0s fam\u00edlias\u201d, concluiu a coordenadora.<\/p>\n\n\n\n<p><strong>Satisfa\u00e7\u00e3o<\/strong><\/p>\n\n\n\n<p>Seguindo a programa\u00e7\u00e3o de auditoria nas unidades de ensino, nesta quinta-feira, 16\/3, o Centro Municipal de Educa\u00e7\u00e3o Infantil (Cmei) Elza Damasceno da Silva, que atende 202 crian\u00e7as, na faixa et\u00e1ria de 4 e 5 anos, foi aprovada na documenta\u00e7\u00e3o, com 83% dos alunos vacinados.<\/p>\n\n\n\n<p>Para a gestora Nadir Socorro Rodrigues, \u00e9 um momento de muita comemora\u00e7\u00e3o para todos da escola. \u201cN\u00f3s estamos muito felizes porque os pais aceitaram o nosso convite de vir vacinar as crian\u00e7as contra a Covid-19. Isso s\u00f3 traz benef\u00edcios para a sa\u00fade da crian\u00e7a como um todo. N\u00f3s estamos muito felizes com esse percentual de mais de 80% das crian\u00e7as vacinadas. Isso \u00e9 o reconhecimento do nosso trabalho, em parceria com a UBS do Santo Ant\u00f4nio e com o Programa Sa\u00fade na Escola\u201d, disse.<\/p>\n\n\n\n<p>Os representantes da Semed e MPAM tamb\u00e9m aprovaram a documenta\u00e7\u00e3o com 85% dos alunos vacinados da Escola Municipal L\u00edgia Mesquita Fialho, no Ouro Verde, zona Leste da cidade.<\/p>\n\n\n\n<p>As visitas seguem nos pr\u00f3ximos dias e a entrega da certifica\u00e7\u00e3o est\u00e1 prevista at\u00e9 a primeira quinzena de abril.<\/p>\n\n\n\n<p>&#8212; &#8212; &#8212;<\/p>\n\n\n\n<p><strong>Texto<\/strong> &#8211; Paulo Rog\u00e9rio \/ Semed<\/p>\n\n\n\n<p><strong>Fotos &#8211;<\/strong> Cleomir Santos \/ Semed<\/p>\n\n\n\n<p><strong>Dispon\u00edveis em &#8211; <\/strong><a href=\"https:\/\/flic.kr\/s\/aHBqjAw3oQ\" target=\"_blank\" rel=\"noreferrer noopener\">https:\/\/flic.kr\/s\/aHBqjAw3oQ<\/a><\/p>\n","protected":false},"excerpt":{"rendered":"","protected":false},"author":39,"featured_media":2076,"comment_status":"closed","ping_status":"closed","sticky":false,"template":"","format":"standard","meta":{"footnotes":""},"categories":[8],"tags":[308,309,310,52],"acf":[],"yoast_head":"<!-- This site is optimized with the Yoast SEO plugin v23.0 - https:\/\/yoast.com\/wordpress\/plugins\/seo\/ -->\n<title>Prefeitura e MP visitam escolas para certifica\u00e7\u00e3o do selo do \u2018Juntos pela vida\u2019<\/title>\n<meta name=\"description\" content=\"Prefeitura de Manaus e Minist\u00e9rio P\u00fablico visitam escolas para certifica\u00e7\u00e3o do selo do projeto \u2018Juntos pela vida\u2019\" \/>\n<meta name=\"robots\" content=\"index, follow, max-snippet:-1, max-image-preview:large, max-video-preview:-1\" \/>\n<link rel=\"canonical\" href=\"https:\/\/www.manaus.am.gov.br\/semed\/not\u00edcias\/educacao\/prefeitura-de-manaus-e-ministerio-publico-visitam-escolas-para-certificacao-do-selo-do-projeto-juntos-pela-vida\/\" \/>\n<meta property=\"og:locale\" content=\"pt_BR\" \/>\n<meta property=\"og:type\" content=\"article\" \/>\n<meta property=\"og:title\" content=\"Prefeitura e MP visitam escolas para certifica\u00e7\u00e3o do selo do \u2018Juntos pela vida\u2019\" \/>\n<meta property=\"og:description\" content=\"Prefeitura de Manaus e Minist\u00e9rio P\u00fablico visitam escolas para certifica\u00e7\u00e3o do selo do projeto \u2018Juntos pela vida\u2019\" \/>\n<meta property=\"og:url\" content=\"https:\/\/www.manaus.am.gov.br\/semed\/not\u00edcias\/educacao\/prefeitura-de-manaus-e-ministerio-publico-visitam-escolas-para-certificacao-do-selo-do-projeto-juntos-pela-vida\/\" \/>\n<meta property=\"og:site_name\" content=\"SEMED\" \/>\n<meta property=\"article:published_time\" content=\"2023-03-16T19:39:43+00:00\" \/>\n<meta property=\"article:modified_time\" content=\"2023-03-16T19:39:45+00:00\" \/>\n<meta property=\"og:image\" content=\"https:\/\/www.manaus.am.gov.br\/semed\/wp-content\/uploads\/sites\/3\/2023\/03\/52751737443_e9d2727b2c_k.jpg\" \/>\n\t<meta property=\"og:image:width\" content=\"2048\" \/>\n\t<meta property=\"og:image:height\" content=\"1155\" \/>\n\t<meta property=\"og:image:type\" content=\"image\/jpeg\" \/>\n<meta name=\"author\" content=\"Bruna Greco\" \/>\n<meta name=\"twitter:card\" content=\"summary_large_image\" \/>\n<meta name=\"twitter:label1\" content=\"Written by\" \/>\n\t<meta name=\"twitter:data1\" content=\"Bruna Greco\" \/>\n\t<meta name=\"twitter:label2\" content=\"Est. reading time\" \/>\n\t<meta name=\"twitter:data2\" content=\"3 minutos\" \/>\n<script type=\"application\/ld+json\" class=\"yoast-schema-graph\">{\"@context\":\"https:\/\/schema.org\",\"@graph\":[{\"@type\":\"Article\",\"@id\":\"https:\/\/www.manaus.am.gov.br\/semed\/not\u00edcias\/educacao\/prefeitura-de-manaus-e-ministerio-publico-visitam-escolas-para-certificacao-do-selo-do-projeto-juntos-pela-vida\/#article\",\"isPartOf\":{\"@id\":\"https:\/\/www.manaus.am.gov.br\/semed\/not\u00edcias\/educacao\/prefeitura-de-manaus-e-ministerio-publico-visitam-escolas-para-certificacao-do-selo-do-projeto-juntos-pela-vida\/\"},\"author\":{\"name\":\"Bruna Greco\",\"@id\":\"https:\/\/www.manaus.am.gov.br\/semed\/#\/schema\/person\/05d223aea2bf115f9883a6ff3683d81b\"},\"headline\":\"Prefeitura de Manaus e Minist\u00e9rio P\u00fablico visitam escolas para certifica\u00e7\u00e3o do selo do projeto \u2018Juntos pela vida\u2019\",\"datePublished\":\"2023-03-16T19:39:43+00:00\",\"dateModified\":\"2023-03-16T19:39:45+00:00\",\"mainEntityOfPage\":{\"@id\":\"https:\/\/www.manaus.am.gov.br\/semed\/not\u00edcias\/educacao\/prefeitura-de-manaus-e-ministerio-publico-visitam-escolas-para-certificacao-do-selo-do-projeto-juntos-pela-vida\/\"},\"wordCount\":583,\"publisher\":{\"@id\":\"https:\/\/www.manaus.am.gov.br\/semed\/#organization\"},\"image\":{\"@id\":\"https:\/\/www.manaus.am.gov.br\/semed\/not\u00edcias\/educacao\/prefeitura-de-manaus-e-ministerio-publico-visitam-escolas-para-certificacao-do-selo-do-projeto-juntos-pela-vida\/#primaryimage\"},\"thumbnailUrl\":\"https:\/\/www.manaus.am.gov.br\/semed\/wp-content\/uploads\/sites\/3\/2023\/03\/52751737443_e9d2727b2c_k.jpg\",\"keywords\":[\"certifica\u00e7\u00e3o do selo\",\"Minist\u00e9rio P\u00fablico\",\"projeto \u2018Juntos pela vida\u2019\",\"semed\"],\"articleSection\":[\"Educa\u00e7\u00e3o\"],\"inLanguage\":\"pt-BR\"},{\"@type\":\"WebPage\",\"@id\":\"https:\/\/www.manaus.am.gov.br\/semed\/not\u00edcias\/educacao\/prefeitura-de-manaus-e-ministerio-publico-visitam-escolas-para-certificacao-do-selo-do-projeto-juntos-pela-vida\/\",\"url\":\"https:\/\/www.manaus.am.gov.br\/semed\/not\u00edcias\/educacao\/prefeitura-de-manaus-e-ministerio-publico-visitam-escolas-para-certificacao-do-selo-do-projeto-juntos-pela-vida\/\",\"name\":\"Prefeitura e MP visitam escolas para certifica\u00e7\u00e3o do selo do \u2018Juntos pela vida\u2019\",\"isPartOf\":{\"@id\":\"https:\/\/www.manaus.am.gov.br\/semed\/#website\"},\"primaryImageOfPage\":{\"@id\":\"https:\/\/www.manaus.am.gov.br\/semed\/not\u00edcias\/educacao\/prefeitura-de-manaus-e-ministerio-publico-visitam-escolas-para-certificacao-do-selo-do-projeto-juntos-pela-vida\/#primaryimage\"},\"image\":{\"@id\":\"https:\/\/www.manaus.am.gov.br\/semed\/not\u00edcias\/educacao\/prefeitura-de-manaus-e-ministerio-publico-visitam-escolas-para-certificacao-do-selo-do-projeto-juntos-pela-vida\/#primaryimage\"},\"thumbnailUrl\":\"https:\/\/www.manaus.am.gov.br\/semed\/wp-content\/uploads\/sites\/3\/2023\/03\/52751737443_e9d2727b2c_k.jpg\",\"datePublished\":\"2023-03-16T19:39:43+00:00\",\"dateModified\":\"2023-03-16T19:39:45+00:00\",\"description\":\"Prefeitura de Manaus e Minist\u00e9rio P\u00fablico visitam escolas para certifica\u00e7\u00e3o do selo do projeto \u2018Juntos pela vida\u2019\",\"inLanguage\":\"pt-BR\",\"potentialAction\":[{\"@type\":\"ReadAction\",\"target\":[\"https:\/\/www.manaus.am.gov.br\/semed\/not\u00edcias\/educacao\/prefeitura-de-manaus-e-ministerio-publico-visitam-escolas-para-certificacao-do-selo-do-projeto-juntos-pela-vida\/\"]}]},{\"@type\":\"ImageObject\",\"inLanguage\":\"pt-BR\",\"@id\":\"https:\/\/www.manaus.am.gov.br\/semed\/not\u00edcias\/educacao\/prefeitura-de-manaus-e-ministerio-publico-visitam-escolas-para-certificacao-do-selo-do-projeto-juntos-pela-vida\/#primaryimage\",\"url\":\"https:\/\/www.manaus.am.gov.br\/semed\/wp-content\/uploads\/sites\/3\/2023\/03\/52751737443_e9d2727b2c_k.jpg\",\"contentUrl\":\"https:\/\/www.manaus.am.gov.br\/semed\/wp-content\/uploads\/sites\/3\/2023\/03\/52751737443_e9d2727b2c_k.jpg\",\"width\":2048,\"height\":1155},{\"@type\":\"WebSite\",\"@id\":\"https:\/\/www.manaus.am.gov.br\/semed\/#website\",\"url\":\"https:\/\/www.manaus.am.gov.br\/semed\/\",\"name\":\"Secretaria Municipal de Educa\u00e7\u00e3o\",\"description\":\"Secretaria Municipal de Educa\u00e7\u00e3o\",\"publisher\":{\"@id\":\"https:\/\/www.manaus.am.gov.br\/semed\/#organization\"},\"alternateName\":\"SEMED\",\"potentialAction\":[{\"@type\":\"SearchAction\",\"target\":{\"@type\":\"EntryPoint\",\"urlTemplate\":\"https:\/\/www.manaus.am.gov.br\/semed\/?s={search_term_string}\"},\"query-input\":\"required name=search_term_string\"}],\"inLanguage\":\"pt-BR\"},{\"@type\":\"Organization\",\"@id\":\"https:\/\/www.manaus.am.gov.br\/semed\/#organization\",\"name\":\"Secretaria de Educa\u00e7\u00e3o\",\"alternateName\":\"SEMED\",\"url\":\"https:\/\/www.manaus.am.gov.br\/semed\/\",\"logo\":{\"@type\":\"ImageObject\",\"inLanguage\":\"pt-BR\",\"@id\":\"https:\/\/www.manaus.am.gov.br\/semed\/#\/schema\/logo\/image\/\",\"url\":\"https:\/\/www.manaus.am.gov.br\/semed\/wp-content\/uploads\/sites\/3\/2022\/11\/favicon.png\",\"contentUrl\":\"https:\/\/www.manaus.am.gov.br\/semed\/wp-content\/uploads\/sites\/3\/2022\/11\/favicon.png\",\"width\":300,\"height\":300,\"caption\":\"Secretaria de Educa\u00e7\u00e3o\"},\"image\":{\"@id\":\"https:\/\/www.manaus.am.gov.br\/semed\/#\/schema\/logo\/image\/\"}},{\"@type\":\"Person\",\"@id\":\"https:\/\/www.manaus.am.gov.br\/semed\/#\/schema\/person\/05d223aea2bf115f9883a6ff3683d81b\",\"name\":\"Bruna Greco\",\"image\":{\"@type\":\"ImageObject\",\"inLanguage\":\"pt-BR\",\"@id\":\"https:\/\/www.manaus.am.gov.br\/semed\/#\/schema\/person\/image\/\",\"url\":\"https:\/\/secure.gravatar.com\/avatar\/9c877d1a6adc2a055330e5c09a8653ce?s=96&d=mm&r=g\",\"contentUrl\":\"https:\/\/secure.gravatar.com\/avatar\/9c877d1a6adc2a055330e5c09a8653ce?s=96&d=mm&r=g\",\"caption\":\"Bruna Greco\"}}]}<\/script>\n<!-- \/ Yoast SEO plugin. -->","yoast_head_json":{"title":"Prefeitura e MP visitam escolas para certifica\u00e7\u00e3o do selo do \u2018Juntos pela vida\u2019","description":"Prefeitura de Manaus e Minist\u00e9rio P\u00fablico visitam escolas para certifica\u00e7\u00e3o do selo do projeto \u2018Juntos pela vida\u2019","robots":{"index":"index","follow":"follow","max-snippet":"max-snippet:-1","max-image-preview":"max-image-preview:large","max-video-preview":"max-video-preview:-1"},"canonical":"https:\/\/www.manaus.am.gov.br\/semed\/not\u00edcias\/educacao\/prefeitura-de-manaus-e-ministerio-publico-visitam-escolas-para-certificacao-do-selo-do-projeto-juntos-pela-vida\/","og_locale":"pt_BR","og_type":"article","og_title":"Prefeitura e MP visitam escolas para certifica\u00e7\u00e3o do selo do \u2018Juntos pela vida\u2019","og_description":"Prefeitura de Manaus e Minist\u00e9rio P\u00fablico visitam escolas para certifica\u00e7\u00e3o do selo do projeto \u2018Juntos pela vida\u2019","og_url":"https:\/\/www.manaus.am.gov.br\/semed\/not\u00edcias\/educacao\/prefeitura-de-manaus-e-ministerio-publico-visitam-escolas-para-certificacao-do-selo-do-projeto-juntos-pela-vida\/","og_site_name":"SEMED","article_published_time":"2023-03-16T19:39:43+00:00","article_modified_time":"2023-03-16T19:39:45+00:00","og_image":[{"width":2048,"height":1155,"url":"https:\/\/www.manaus.am.gov.br\/semed\/wp-content\/uploads\/sites\/3\/2023\/03\/52751737443_e9d2727b2c_k.jpg","type":"image\/jpeg"}],"author":"Bruna Greco","twitter_card":"summary_large_image","twitter_misc":{"Written by":"Bruna Greco","Est. reading time":"3 minutos"},"schema":{"@context":"https:\/\/schema.org","@graph":[{"@type":"Article","@id":"https:\/\/www.manaus.am.gov.br\/semed\/not\u00edcias\/educacao\/prefeitura-de-manaus-e-ministerio-publico-visitam-escolas-para-certificacao-do-selo-do-projeto-juntos-pela-vida\/#article","isPartOf":{"@id":"https:\/\/www.manaus.am.gov.br\/semed\/not\u00edcias\/educacao\/prefeitura-de-manaus-e-ministerio-publico-visitam-escolas-para-certificacao-do-selo-do-projeto-juntos-pela-vida\/"},"author":{"name":"Bruna Greco","@id":"https:\/\/www.manaus.am.gov.br\/semed\/#\/schema\/person\/05d223aea2bf115f9883a6ff3683d81b"},"headline":"Prefeitura de Manaus e Minist\u00e9rio P\u00fablico visitam escolas para certifica\u00e7\u00e3o do selo do projeto \u2018Juntos pela vida\u2019","datePublished":"2023-03-16T19:39:43+00:00","dateModified":"2023-03-16T19:39:45+00:00","mainEntityOfPage":{"@id":"https:\/\/www.manaus.am.gov.br\/semed\/not\u00edcias\/educacao\/prefeitura-de-manaus-e-ministerio-publico-visitam-escolas-para-certificacao-do-selo-do-projeto-juntos-pela-vida\/"},"wordCount":583,"publisher":{"@id":"https:\/\/www.manaus.am.gov.br\/semed\/#organization"},"image":{"@id":"https:\/\/www.manaus.am.gov.br\/semed\/not\u00edcias\/educacao\/prefeitura-de-manaus-e-ministerio-publico-visitam-escolas-para-certificacao-do-selo-do-projeto-juntos-pela-vida\/#primaryimage"},"thumbnailUrl":"https:\/\/www.manaus.am.gov.br\/semed\/wp-content\/uploads\/sites\/3\/2023\/03\/52751737443_e9d2727b2c_k.jpg","keywords":["certifica\u00e7\u00e3o do selo","Minist\u00e9rio P\u00fablico","projeto \u2018Juntos pela vida\u2019","semed"],"articleSection":["Educa\u00e7\u00e3o"],"inLanguage":"pt-BR"},{"@type":"WebPage","@id":"https:\/\/www.manaus.am.gov.br\/semed\/not\u00edcias\/educacao\/prefeitura-de-manaus-e-ministerio-publico-visitam-escolas-para-certificacao-do-selo-do-projeto-juntos-pela-vida\/","url":"https:\/\/www.manaus.am.gov.br\/semed\/not\u00edcias\/educacao\/prefeitura-de-manaus-e-ministerio-publico-visitam-escolas-para-certificacao-do-selo-do-projeto-juntos-pela-vida\/","name":"Prefeitura e MP visitam escolas para certifica\u00e7\u00e3o do selo do \u2018Juntos pela vida\u2019","isPartOf":{"@id":"https:\/\/www.manaus.am.gov.br\/semed\/#website"},"primaryImageOfPage":{"@id":"https:\/\/www.manaus.am.gov.br\/semed\/not\u00edcias\/educacao\/prefeitura-de-manaus-e-ministerio-publico-visitam-escolas-para-certificacao-do-selo-do-projeto-juntos-pela-vida\/#primaryimage"},"image":{"@id":"https:\/\/www.manaus.am.gov.br\/semed\/not\u00edcias\/educacao\/prefeitura-de-manaus-e-ministerio-publico-visitam-escolas-para-certificacao-do-selo-do-projeto-juntos-pela-vida\/#primaryimage"},"thumbnailUrl":"https:\/\/www.manaus.am.gov.br\/semed\/wp-content\/uploads\/sites\/3\/2023\/03\/52751737443_e9d2727b2c_k.jpg","datePublished":"2023-03-16T19:39:43+00:00","dateModified":"2023-03-16T19:39:45+00:00","description":"Prefeitura de Manaus e Minist\u00e9rio P\u00fablico visitam escolas para certifica\u00e7\u00e3o do selo do projeto \u2018Juntos pela vida\u2019","inLanguage":"pt-BR","potentialAction":[{"@type":"ReadAction","target":["https:\/\/www.manaus.am.gov.br\/semed\/not\u00edcias\/educacao\/prefeitura-de-manaus-e-ministerio-publico-visitam-escolas-para-certificacao-do-selo-do-projeto-juntos-pela-vida\/"]}]},{"@type":"ImageObject","inLanguage":"pt-BR","@id":"https:\/\/www.manaus.am.gov.br\/semed\/not\u00edcias\/educacao\/prefeitura-de-manaus-e-ministerio-publico-visitam-escolas-para-certificacao-do-selo-do-projeto-juntos-pela-vida\/#primaryimage","url":"https:\/\/www.manaus.am.gov.br\/semed\/wp-content\/uploads\/sites\/3\/2023\/03\/52751737443_e9d2727b2c_k.jpg","contentUrl":"https:\/\/www.manaus.am.gov.br\/semed\/wp-content\/uploads\/sites\/3\/2023\/03\/52751737443_e9d2727b2c_k.jpg","width":2048,"height":1155},{"@type":"WebSite","@id":"https:\/\/www.manaus.am.gov.br\/semed\/#website","url":"https:\/\/www.manaus.am.gov.br\/semed\/","name":"Secretaria Municipal de Educa\u00e7\u00e3o","description":"Secretaria Municipal de Educa\u00e7\u00e3o","publisher":{"@id":"https:\/\/www.manaus.am.gov.br\/semed\/#organization"},"alternateName":"SEMED","potentialAction":[{"@type":"SearchAction","target":{"@type":"EntryPoint","urlTemplate":"https:\/\/www.manaus.am.gov.br\/semed\/?s={search_term_string}"},"query-input":"required name=search_term_string"}],"inLanguage":"pt-BR"},{"@type":"Organization","@id":"https:\/\/www.manaus.am.gov.br\/semed\/#organization","name":"Secretaria de Educa\u00e7\u00e3o","alternateName":"SEMED","url":"https:\/\/www.manaus.am.gov.br\/semed\/","logo":{"@type":"ImageObject","inLanguage":"pt-BR","@id":"https:\/\/www.manaus.am.gov.br\/semed\/#\/schema\/logo\/image\/","url":"https:\/\/www.manaus.am.gov.br\/semed\/wp-content\/uploads\/sites\/3\/2022\/11\/favicon.png","contentUrl":"https:\/\/www.manaus.am.gov.br\/semed\/wp-content\/uploads\/sites\/3\/2022\/11\/favicon.png","width":300,"height":300,"caption":"Secretaria de Educa\u00e7\u00e3o"},"image":{"@id":"https:\/\/www.manaus.am.gov.br\/semed\/#\/schema\/logo\/image\/"}},{"@type":"Person","@id":"https:\/\/www.manaus.am.gov.br\/semed\/#\/schema\/person\/05d223aea2bf115f9883a6ff3683d81b","name":"Bruna Greco","image":{"@type":"ImageObject","inLanguage":"pt-BR","@id":"https:\/\/www.manaus.am.gov.br\/semed\/#\/schema\/person\/image\/","url":"https:\/\/secure.gravatar.com\/avatar\/9c877d1a6adc2a055330e5c09a8653ce?s=96&d=mm&r=g","contentUrl":"https:\/\/secure.gravatar.com\/avatar\/9c877d1a6adc2a055330e5c09a8653ce?s=96&d=mm&r=g","caption":"Bruna Greco"}}]}},"_links":{"self":[{"href":"https:\/\/www.manaus.am.gov.br\/semed\/wp-json\/wp\/v2\/posts\/2075"}],"collection":[{"href":"https:\/\/www.manaus.am.gov.br\/semed\/wp-json\/wp\/v2\/posts"}],"about":[{"href":"https:\/\/www.manaus.am.gov.br\/semed\/wp-json\/wp\/v2\/types\/post"}],"author":[{"embeddable":true,"href":"https:\/\/www.manaus.am.gov.br\/semed\/wp-json\/wp\/v2\/users\/39"}],"replies":[{"embeddable":true,"href":"https:\/\/www.manaus.am.gov.br\/semed\/wp-json\/wp\/v2\/comments?post=2075"}],"version-history":[{"count":0,"href":"https:\/\/www.manaus.am.gov.br\/semed\/wp-json\/wp\/v2\/posts\/2075\/revisions"}],"wp:featuredmedia":[{"embeddable":true,"href":"https:\/\/www.manaus.am.gov.br\/semed\/wp-json\/wp\/v2\/media\/2076"}],"wp:attachment":[{"href":"https:\/\/www.manaus.am.gov.br\/semed\/wp-json\/wp\/v2\/media?parent=2075"}],"wp:term":[{"taxonomy":"category","embeddable":true,"href":"https:\/\/www.manaus.am.gov.br\/semed\/wp-json\/wp\/v2\/categories?post=2075"},{"taxonomy":"post_tag","embeddable":true,"href":"https:\/\/www.manaus.am.gov.br\/semed\/wp-json\/wp\/v2\/tags?post=2075"}],"curies":[{"name":"wp","href":"https:\/\/api.w.org\/{rel}","templated":true}]}}