{"id":13374,"date":"2026-09-04T12:23:18","date_gmt":"2026-09-04T16:23:18","guid":{"rendered":"https:\/\/www.manaus.am.gov.br\/semed\/not\u00edcias\/sem-categoria\/escola-alcanca-maior-ideb\/"},"modified":"2026-09-04T12:23:20","modified_gmt":"2026-09-04T16:23:20","slug":"escola-alcanca-maior-ideb","status":"publish","type":"post","link":"https:\/\/www.manaus.am.gov.br\/semed\/not\u00edcias\/educacao\/escola-alcanca-maior-ideb\/","title":{"rendered":"Com\u00a0nota 9,\u00a0escola da Prefeitura de Manaus alcan\u00e7a maior Ideb dos Anos Iniciais entre capitais"},"content":{"rendered":"\n<p>O resultado do \u00cdndice de Desenvolvimento B\u00e1sico da Educa\u00e7\u00e3o (Ideb) de 2025, divulgado no m\u00eas de agosto deste ano, mostrou que a escola municipal Jos\u00e9 Carlos Mestrinho, da Prefeitura de Manaus, alcan\u00e7ou a maior nota no Anos Iniciais entre todas as capitais do pa\u00eds,&nbsp;com&nbsp;9,0. A unidade de ensino j\u00e1 tinha sido destaque em 2023 com a nota 8,3, quando foi a maior nota da regi\u00e3o Norte no mesmo quesito.<\/p>\n\n\n\n<p>Essa nota ajudou Manaus a ficar em 6\u00ba lugar nos Anos Iniciais entre as capitais, com a 5\u00aa maior nota do pa\u00eds. Fruto do desempenho da dedica\u00e7\u00e3o dos professores e do planejamento realizado pela Secretaria Municipal de Educa\u00e7\u00e3o (Semed) que, desde 2023, tem realizado o programa Educa+ Manaus.<\/p>\n\n\n\n<p>O secret\u00e1rio municipal de Educa\u00e7\u00e3o, professor&nbsp;Arone&nbsp;Bentes, explicou que a escola \u00e9 apontada como um caso muito bem-sucedido, com desempenho extraordin\u00e1rio na educa\u00e7\u00e3o b\u00e1sica. Segundo ele, esse \u00e9 o resultado de um programa pedag\u00f3gico bem estruturado, da participa\u00e7\u00e3o da administra\u00e7\u00e3o.<\/p>\n\n\n\n<p>\u201cEsse resultado destaca principalmente a atua\u00e7\u00e3o dos professores, que motivaram as equipes e os alunos.&nbsp;Chegamos \u00e0 nota nove, que \u00e9 a maior entre as capitais do Brasil. A escola Jos\u00e9 Carlos Mestrinho, por esse resultado, \u00e9 a melhor escola nos anos iniciais do Brasil\u201d, afirma o secret\u00e1rio.<\/p>\n\n\n\n<p>Com 35 anos de carreira na \u00e1rea da educa\u00e7\u00e3o, a gestora Vera Lina Arag\u00e3o, da escola Jos\u00e9 Carlos Mestrinho, destaca a import\u00e2ncia do pr\u00eamio como um reconhecimento pelo trabalho desenvolvido na escola e revela o quanto se sente realizada por encerrar sua trajet\u00f3ria profissional com chave de ouro.<\/p>\n\n\n\n<p>\u201cFoi uma surpresa para mim representar a regi\u00e3o Norte nessa premia\u00e7\u00e3o, principalmente por poder levar o nome da&nbsp;Semed&nbsp;a um patamar de destaque. Essa conquista \u00e9 fruto do trabalho s\u00e9rio e comprometido dessa verdadeira fam\u00edlia que \u00e9 a nossa escola. Neste ano, me aposento e concluo minha jornada como educadora com honra e maestria. Sinto que fiz tudo o que estava ao meu alcance para transformar vidas por meio da educa\u00e7\u00e3o\u201d, refor\u00e7ou Vera.<\/p>\n\n\n\n<p>H\u00e1 15 anos respons\u00e1vel pelas turmas de 5\u00ba ano da unidade, o professor Ricardo Ferreira enfatizou que a metodologia envolve um estudo aprofundado da prova, e que o simulado n\u00e3o deve ser apenas uma atividade aplicada por aplicar. Segundo ele, \u00e9 preciso conhecer os crit\u00e9rios, a estrutura da avalia\u00e7\u00e3o, a forma de corre\u00e7\u00e3o e as escalas de profici\u00eancia, pois esse conhecimento permite elaborar atividades de qualidade e aproximar o trabalho realizado em sala das avalia\u00e7\u00f5es externas.&nbsp;<\/p>\n\n\n\n<p>\u201cQuando voc\u00ea conhece bem a fundo a prova, consegue passar uma atividade de qualidade para o aluno. Ele aproxima a atividade interna da atividade externa e isso faz com que a gente consiga alcan\u00e7ar esse resultado. O chamamento da fam\u00edlia tamb\u00e9m \u00e9 superimportante, porque ela acaba sendo uma parceira quando voc\u00ea mostra a sua qualidade, a sua metodologia e a seriedade do que est\u00e1 sendo trabalhado em sala de aula\u201d, finaliza o professor.<\/p>\n\n\n\n<p>&#8212; &#8212; &#8212;<\/p>\n\n\n\n<p><strong>Texto<\/strong>&nbsp;&#8211; Alexandre Abreu\/Semed<\/p>\n\n\n\n<p><strong>Fotos<\/strong> &#8211; Eliton Santos\/Arquivo Semed<\/p>\n\n\n\n<p><strong>Dispon\u00edveis em &#8211; <\/strong><a href=\"https:\/\/flic.kr\/s\/aHBqjCq1v7\">https:\/\/flic.kr\/s\/aHBqjCq1v7<\/a><\/p>\n","protected":false},"excerpt":{"rendered":"","protected":false},"author":39,"featured_media":13375,"comment_status":"closed","ping_status":"closed","sticky":false,"template":"","format":"standard","meta":{"footnotes":""},"categories":[8],"tags":[3247,3248,3249,15,52],"acf":[],"yoast_head":"<!-- This site is optimized with the Yoast SEO plugin v23.0 - https:\/\/yoast.com\/wordpress\/plugins\/seo\/ -->\n<title>Com nota 9, escola alcan\u00e7a maior Ideb dos Anos Iniciais entre capitais<\/title>\n<meta name=\"description\" content=\"Com nota 9, escola municipal Jos\u00e9 Carlos Mestrinho, da Prefeitura de Manaus alcan\u00e7a maior Ideb dos Anos Iniciais entre capitais.\" \/>\n<meta name=\"robots\" content=\"index, follow, max-snippet:-1, max-image-preview:large, max-video-preview:-1\" \/>\n<link rel=\"canonical\" href=\"https:\/\/www.manaus.am.gov.br\/semed\/not\u00edcias\/educacao\/escola-alcanca-maior-ideb\/\" \/>\n<meta property=\"og:locale\" content=\"pt_BR\" \/>\n<meta property=\"og:type\" content=\"article\" \/>\n<meta property=\"og:title\" content=\"Com nota 9, escola alcan\u00e7a maior Ideb dos Anos Iniciais entre capitais\" \/>\n<meta property=\"og:description\" content=\"Com nota 9, escola municipal Jos\u00e9 Carlos Mestrinho, da Prefeitura de Manaus alcan\u00e7a maior Ideb dos Anos Iniciais entre capitais.\" \/>\n<meta property=\"og:url\" content=\"https:\/\/www.manaus.am.gov.br\/semed\/not\u00edcias\/educacao\/escola-alcanca-maior-ideb\/\" \/>\n<meta property=\"og:site_name\" content=\"SEMED\" \/>\n<meta property=\"article:published_time\" content=\"2026-09-04T16:23:18+00:00\" \/>\n<meta property=\"article:modified_time\" content=\"2026-09-04T16:23:20+00:00\" \/>\n<meta property=\"og:image\" content=\"https:\/\/www.manaus.am.gov.br\/semed\/wp-content\/uploads\/sites\/3\/2026\/09\/54708047445_18efeacf83_k.jpg\" \/>\n\t<meta property=\"og:image:width\" content=\"2048\" \/>\n\t<meta property=\"og:image:height\" content=\"1365\" \/>\n\t<meta property=\"og:image:type\" content=\"image\/jpeg\" \/>\n<meta name=\"author\" content=\"Bruna Greco\" \/>\n<meta name=\"twitter:card\" content=\"summary_large_image\" \/>\n<meta name=\"twitter:label1\" content=\"Written by\" \/>\n\t<meta name=\"twitter:data1\" content=\"Bruna Greco\" \/>\n\t<meta name=\"twitter:label2\" content=\"Est. reading time\" \/>\n\t<meta name=\"twitter:data2\" content=\"3 minutos\" \/>\n<script type=\"application\/ld+json\" class=\"yoast-schema-graph\">{\"@context\":\"https:\/\/schema.org\",\"@graph\":[{\"@type\":\"Article\",\"@id\":\"https:\/\/www.manaus.am.gov.br\/semed\/not\u00edcias\/educacao\/escola-alcanca-maior-ideb\/#article\",\"isPartOf\":{\"@id\":\"https:\/\/www.manaus.am.gov.br\/semed\/not\u00edcias\/educacao\/escola-alcanca-maior-ideb\/\"},\"author\":{\"name\":\"Bruna Greco\",\"@id\":\"https:\/\/www.manaus.am.gov.br\/semed\/#\/schema\/person\/05d223aea2bf115f9883a6ff3683d81b\"},\"headline\":\"Com\u00a0nota 9,\u00a0escola da Prefeitura de Manaus alcan\u00e7a maior Ideb dos Anos Iniciais entre capitais\",\"datePublished\":\"2026-09-04T16:23:18+00:00\",\"dateModified\":\"2026-09-04T16:23:20+00:00\",\"mainEntityOfPage\":{\"@id\":\"https:\/\/www.manaus.am.gov.br\/semed\/not\u00edcias\/educacao\/escola-alcanca-maior-ideb\/\"},\"wordCount\":549,\"publisher\":{\"@id\":\"https:\/\/www.manaus.am.gov.br\/semed\/#organization\"},\"image\":{\"@id\":\"https:\/\/www.manaus.am.gov.br\/semed\/not\u00edcias\/educacao\/escola-alcanca-maior-ideb\/#primaryimage\"},\"thumbnailUrl\":\"https:\/\/www.manaus.am.gov.br\/semed\/wp-content\/uploads\/sites\/3\/2026\/09\/54708047445_18efeacf83_k.jpg\",\"keywords\":[\"escola municipal Jos\u00e9 Carlos Mestrinho\",\"maior Ideb dos Anos Iniciais\",\"nota 9\",\"prefeitura de manaus\",\"semed\"],\"articleSection\":[\"Educa\u00e7\u00e3o\"],\"inLanguage\":\"pt-BR\"},{\"@type\":\"WebPage\",\"@id\":\"https:\/\/www.manaus.am.gov.br\/semed\/not\u00edcias\/educacao\/escola-alcanca-maior-ideb\/\",\"url\":\"https:\/\/www.manaus.am.gov.br\/semed\/not\u00edcias\/educacao\/escola-alcanca-maior-ideb\/\",\"name\":\"Com nota 9, escola alcan\u00e7a maior Ideb dos Anos Iniciais entre capitais\",\"isPartOf\":{\"@id\":\"https:\/\/www.manaus.am.gov.br\/semed\/#website\"},\"primaryImageOfPage\":{\"@id\":\"https:\/\/www.manaus.am.gov.br\/semed\/not\u00edcias\/educacao\/escola-alcanca-maior-ideb\/#primaryimage\"},\"image\":{\"@id\":\"https:\/\/www.manaus.am.gov.br\/semed\/not\u00edcias\/educacao\/escola-alcanca-maior-ideb\/#primaryimage\"},\"thumbnailUrl\":\"https:\/\/www.manaus.am.gov.br\/semed\/wp-content\/uploads\/sites\/3\/2026\/09\/54708047445_18efeacf83_k.jpg\",\"datePublished\":\"2026-09-04T16:23:18+00:00\",\"dateModified\":\"2026-09-04T16:23:20+00:00\",\"description\":\"Com nota 9, escola municipal Jos\u00e9 Carlos Mestrinho, da Prefeitura de Manaus alcan\u00e7a maior Ideb dos Anos Iniciais entre capitais.\",\"inLanguage\":\"pt-BR\",\"potentialAction\":[{\"@type\":\"ReadAction\",\"target\":[\"https:\/\/www.manaus.am.gov.br\/semed\/not\u00edcias\/educacao\/escola-alcanca-maior-ideb\/\"]}]},{\"@type\":\"ImageObject\",\"inLanguage\":\"pt-BR\",\"@id\":\"https:\/\/www.manaus.am.gov.br\/semed\/not\u00edcias\/educacao\/escola-alcanca-maior-ideb\/#primaryimage\",\"url\":\"https:\/\/www.manaus.am.gov.br\/semed\/wp-content\/uploads\/sites\/3\/2026\/09\/54708047445_18efeacf83_k.jpg\",\"contentUrl\":\"https:\/\/www.manaus.am.gov.br\/semed\/wp-content\/uploads\/sites\/3\/2026\/09\/54708047445_18efeacf83_k.jpg\",\"width\":2048,\"height\":1365,\"caption\":\"#paratodosverem - Professor acompanhando estudantes da escola municipal Jos\u00e9 Carlos Mestrinho em sala de aula\"},{\"@type\":\"WebSite\",\"@id\":\"https:\/\/www.manaus.am.gov.br\/semed\/#website\",\"url\":\"https:\/\/www.manaus.am.gov.br\/semed\/\",\"name\":\"Secretaria Municipal de Educa\u00e7\u00e3o\",\"description\":\"Secretaria Municipal de Educa\u00e7\u00e3o\",\"publisher\":{\"@id\":\"https:\/\/www.manaus.am.gov.br\/semed\/#organization\"},\"alternateName\":\"SEMED\",\"potentialAction\":[{\"@type\":\"SearchAction\",\"target\":{\"@type\":\"EntryPoint\",\"urlTemplate\":\"https:\/\/www.manaus.am.gov.br\/semed\/?s={search_term_string}\"},\"query-input\":\"required name=search_term_string\"}],\"inLanguage\":\"pt-BR\"},{\"@type\":\"Organization\",\"@id\":\"https:\/\/www.manaus.am.gov.br\/semed\/#organization\",\"name\":\"Secretaria de Educa\u00e7\u00e3o\",\"alternateName\":\"SEMED\",\"url\":\"https:\/\/www.manaus.am.gov.br\/semed\/\",\"logo\":{\"@type\":\"ImageObject\",\"inLanguage\":\"pt-BR\",\"@id\":\"https:\/\/www.manaus.am.gov.br\/semed\/#\/schema\/logo\/image\/\",\"url\":\"https:\/\/www.manaus.am.gov.br\/semed\/wp-content\/uploads\/sites\/3\/2022\/11\/favicon.png\",\"contentUrl\":\"https:\/\/www.manaus.am.gov.br\/semed\/wp-content\/uploads\/sites\/3\/2022\/11\/favicon.png\",\"width\":300,\"height\":300,\"caption\":\"Secretaria de Educa\u00e7\u00e3o\"},\"image\":{\"@id\":\"https:\/\/www.manaus.am.gov.br\/semed\/#\/schema\/logo\/image\/\"}},{\"@type\":\"Person\",\"@id\":\"https:\/\/www.manaus.am.gov.br\/semed\/#\/schema\/person\/05d223aea2bf115f9883a6ff3683d81b\",\"name\":\"Bruna Greco\",\"image\":{\"@type\":\"ImageObject\",\"inLanguage\":\"pt-BR\",\"@id\":\"https:\/\/www.manaus.am.gov.br\/semed\/#\/schema\/person\/image\/\",\"url\":\"https:\/\/secure.gravatar.com\/avatar\/9c877d1a6adc2a055330e5c09a8653ce?s=96&d=mm&r=g\",\"contentUrl\":\"https:\/\/secure.gravatar.com\/avatar\/9c877d1a6adc2a055330e5c09a8653ce?s=96&d=mm&r=g\",\"caption\":\"Bruna Greco\"}}]}<\/script>\n<!-- \/ Yoast SEO plugin. -->","yoast_head_json":{"title":"Com nota 9, escola alcan\u00e7a maior Ideb dos Anos Iniciais entre capitais","description":"Com nota 9, escola municipal Jos\u00e9 Carlos Mestrinho, da Prefeitura de Manaus alcan\u00e7a maior Ideb dos Anos Iniciais entre capitais.","robots":{"index":"index","follow":"follow","max-snippet":"max-snippet:-1","max-image-preview":"max-image-preview:large","max-video-preview":"max-video-preview:-1"},"canonical":"https:\/\/www.manaus.am.gov.br\/semed\/not\u00edcias\/educacao\/escola-alcanca-maior-ideb\/","og_locale":"pt_BR","og_type":"article","og_title":"Com nota 9, escola alcan\u00e7a maior Ideb dos Anos Iniciais entre capitais","og_description":"Com nota 9, escola municipal Jos\u00e9 Carlos Mestrinho, da Prefeitura de Manaus alcan\u00e7a maior Ideb dos Anos Iniciais entre capitais.","og_url":"https:\/\/www.manaus.am.gov.br\/semed\/not\u00edcias\/educacao\/escola-alcanca-maior-ideb\/","og_site_name":"SEMED","article_published_time":"2026-09-04T16:23:18+00:00","article_modified_time":"2026-09-04T16:23:20+00:00","og_image":[{"width":2048,"height":1365,"url":"https:\/\/www.manaus.am.gov.br\/semed\/wp-content\/uploads\/sites\/3\/2026\/09\/54708047445_18efeacf83_k.jpg","type":"image\/jpeg"}],"author":"Bruna Greco","twitter_card":"summary_large_image","twitter_misc":{"Written by":"Bruna Greco","Est. reading time":"3 minutos"},"schema":{"@context":"https:\/\/schema.org","@graph":[{"@type":"Article","@id":"https:\/\/www.manaus.am.gov.br\/semed\/not\u00edcias\/educacao\/escola-alcanca-maior-ideb\/#article","isPartOf":{"@id":"https:\/\/www.manaus.am.gov.br\/semed\/not\u00edcias\/educacao\/escola-alcanca-maior-ideb\/"},"author":{"name":"Bruna Greco","@id":"https:\/\/www.manaus.am.gov.br\/semed\/#\/schema\/person\/05d223aea2bf115f9883a6ff3683d81b"},"headline":"Com\u00a0nota 9,\u00a0escola da Prefeitura de Manaus alcan\u00e7a maior Ideb dos Anos Iniciais entre capitais","datePublished":"2026-09-04T16:23:18+00:00","dateModified":"2026-09-04T16:23:20+00:00","mainEntityOfPage":{"@id":"https:\/\/www.manaus.am.gov.br\/semed\/not\u00edcias\/educacao\/escola-alcanca-maior-ideb\/"},"wordCount":549,"publisher":{"@id":"https:\/\/www.manaus.am.gov.br\/semed\/#organization"},"image":{"@id":"https:\/\/www.manaus.am.gov.br\/semed\/not\u00edcias\/educacao\/escola-alcanca-maior-ideb\/#primaryimage"},"thumbnailUrl":"https:\/\/www.manaus.am.gov.br\/semed\/wp-content\/uploads\/sites\/3\/2026\/09\/54708047445_18efeacf83_k.jpg","keywords":["escola municipal Jos\u00e9 Carlos Mestrinho","maior Ideb dos Anos Iniciais","nota 9","prefeitura de manaus","semed"],"articleSection":["Educa\u00e7\u00e3o"],"inLanguage":"pt-BR"},{"@type":"WebPage","@id":"https:\/\/www.manaus.am.gov.br\/semed\/not\u00edcias\/educacao\/escola-alcanca-maior-ideb\/","url":"https:\/\/www.manaus.am.gov.br\/semed\/not\u00edcias\/educacao\/escola-alcanca-maior-ideb\/","name":"Com nota 9, escola alcan\u00e7a maior Ideb dos Anos Iniciais entre capitais","isPartOf":{"@id":"https:\/\/www.manaus.am.gov.br\/semed\/#website"},"primaryImageOfPage":{"@id":"https:\/\/www.manaus.am.gov.br\/semed\/not\u00edcias\/educacao\/escola-alcanca-maior-ideb\/#primaryimage"},"image":{"@id":"https:\/\/www.manaus.am.gov.br\/semed\/not\u00edcias\/educacao\/escola-alcanca-maior-ideb\/#primaryimage"},"thumbnailUrl":"https:\/\/www.manaus.am.gov.br\/semed\/wp-content\/uploads\/sites\/3\/2026\/09\/54708047445_18efeacf83_k.jpg","datePublished":"2026-09-04T16:23:18+00:00","dateModified":"2026-09-04T16:23:20+00:00","description":"Com nota 9, escola municipal Jos\u00e9 Carlos Mestrinho, da Prefeitura de Manaus alcan\u00e7a maior Ideb dos Anos Iniciais entre capitais.","inLanguage":"pt-BR","potentialAction":[{"@type":"ReadAction","target":["https:\/\/www.manaus.am.gov.br\/semed\/not\u00edcias\/educacao\/escola-alcanca-maior-ideb\/"]}]},{"@type":"ImageObject","inLanguage":"pt-BR","@id":"https:\/\/www.manaus.am.gov.br\/semed\/not\u00edcias\/educacao\/escola-alcanca-maior-ideb\/#primaryimage","url":"https:\/\/www.manaus.am.gov.br\/semed\/wp-content\/uploads\/sites\/3\/2026\/09\/54708047445_18efeacf83_k.jpg","contentUrl":"https:\/\/www.manaus.am.gov.br\/semed\/wp-content\/uploads\/sites\/3\/2026\/09\/54708047445_18efeacf83_k.jpg","width":2048,"height":1365,"caption":"#paratodosverem - Professor acompanhando estudantes da escola municipal Jos\u00e9 Carlos Mestrinho em sala de aula"},{"@type":"WebSite","@id":"https:\/\/www.manaus.am.gov.br\/semed\/#website","url":"https:\/\/www.manaus.am.gov.br\/semed\/","name":"Secretaria Municipal de Educa\u00e7\u00e3o","description":"Secretaria Municipal de Educa\u00e7\u00e3o","publisher":{"@id":"https:\/\/www.manaus.am.gov.br\/semed\/#organization"},"alternateName":"SEMED","potentialAction":[{"@type":"SearchAction","target":{"@type":"EntryPoint","urlTemplate":"https:\/\/www.manaus.am.gov.br\/semed\/?s={search_term_string}"},"query-input":"required name=search_term_string"}],"inLanguage":"pt-BR"},{"@type":"Organization","@id":"https:\/\/www.manaus.am.gov.br\/semed\/#organization","name":"Secretaria de Educa\u00e7\u00e3o","alternateName":"SEMED","url":"https:\/\/www.manaus.am.gov.br\/semed\/","logo":{"@type":"ImageObject","inLanguage":"pt-BR","@id":"https:\/\/www.manaus.am.gov.br\/semed\/#\/schema\/logo\/image\/","url":"https:\/\/www.manaus.am.gov.br\/semed\/wp-content\/uploads\/sites\/3\/2022\/11\/favicon.png","contentUrl":"https:\/\/www.manaus.am.gov.br\/semed\/wp-content\/uploads\/sites\/3\/2022\/11\/favicon.png","width":300,"height":300,"caption":"Secretaria de Educa\u00e7\u00e3o"},"image":{"@id":"https:\/\/www.manaus.am.gov.br\/semed\/#\/schema\/logo\/image\/"}},{"@type":"Person","@id":"https:\/\/www.manaus.am.gov.br\/semed\/#\/schema\/person\/05d223aea2bf115f9883a6ff3683d81b","name":"Bruna Greco","image":{"@type":"ImageObject","inLanguage":"pt-BR","@id":"https:\/\/www.manaus.am.gov.br\/semed\/#\/schema\/person\/image\/","url":"https:\/\/secure.gravatar.com\/avatar\/9c877d1a6adc2a055330e5c09a8653ce?s=96&d=mm&r=g","contentUrl":"https:\/\/secure.gravatar.com\/avatar\/9c877d1a6adc2a055330e5c09a8653ce?s=96&d=mm&r=g","caption":"Bruna Greco"}}]}},"_links":{"self":[{"href":"https:\/\/www.manaus.am.gov.br\/semed\/wp-json\/wp\/v2\/posts\/13374"}],"collection":[{"href":"https:\/\/www.manaus.am.gov.br\/semed\/wp-json\/wp\/v2\/posts"}],"about":[{"href":"https:\/\/www.manaus.am.gov.br\/semed\/wp-json\/wp\/v2\/types\/post"}],"author":[{"embeddable":true,"href":"https:\/\/www.manaus.am.gov.br\/semed\/wp-json\/wp\/v2\/users\/39"}],"replies":[{"embeddable":true,"href":"https:\/\/www.manaus.am.gov.br\/semed\/wp-json\/wp\/v2\/comments?post=13374"}],"version-history":[{"count":0,"href":"https:\/\/www.manaus.am.gov.br\/semed\/wp-json\/wp\/v2\/posts\/13374\/revisions"}],"wp:featuredmedia":[{"embeddable":true,"href":"https:\/\/www.manaus.am.gov.br\/semed\/wp-json\/wp\/v2\/media\/13375"}],"wp:attachment":[{"href":"https:\/\/www.manaus.am.gov.br\/semed\/wp-json\/wp\/v2\/media?parent=13374"}],"wp:term":[{"taxonomy":"category","embeddable":true,"href":"https:\/\/www.manaus.am.gov.br\/semed\/wp-json\/wp\/v2\/categories?post=13374"},{"taxonomy":"post_tag","embeddable":true,"href":"https:\/\/www.manaus.am.gov.br\/semed\/wp-json\/wp\/v2\/tags?post=13374"}],"curies":[{"name":"wp","href":"https:\/\/api.w.org\/{rel}","templated":true}]}}