{"id":13369,"date":"2026-09-03T14:54:35","date_gmt":"2026-09-03T18:54:35","guid":{"rendered":"https:\/\/www.manaus.am.gov.br\/semed\/not\u00edcias\/sem-categoria\/prefeitura-semed-entregamobiliarios\/"},"modified":"2026-09-03T15:06:02","modified_gmt":"2026-09-03T19:06:02","slug":"prefeitura-semed-escola-entregamobiliarios","status":"publish","type":"post","link":"https:\/\/www.manaus.am.gov.br\/semed\/not\u00edcias\/educacao\/prefeitura-semed-escola-entregamobiliarios\/","title":{"rendered":"Prefeitura de Manaus equipa escola no Japiim com novos\u00a0itens mobili\u00e1rios\u00a0e beneficia quase 1,5 mil alunos"},"content":{"rendered":"\n<p>Mesas, cadeiras, quadros de avisos e brancos, gaveteiros, arm\u00e1rios de MDF e conjuntos sextavados (mesa com seis cadeiras) est\u00e3o entre os novos mobili\u00e1rios entregues pela <a href=\"https:\/\/www.manaus.am.gov.br\/\">Prefeitura de Manaus<\/a>, por meio da <a href=\"https:\/\/www.instagram.com\/semedmanaus\/\">Secretaria Municipal de Educa\u00e7\u00e3o<\/a> (Semed), \u00e0 escola municipal Vicente de Paula, localizada no bairro Japiim, zona Sul da capital.\u00a0<\/p>\n\n\n\n<p>A a\u00e7\u00e3o foi coordenada pela Subsecretaria de Infraestrutura e Log\u00edstica (Infralog), da Semed, que, ao todo, entregou 136 itens \u00e0 unidade de ensino, que possui 15 salas de aula e atende, atualmente, quase 1.500 alunos.&nbsp;<\/p>\n\n\n\n<p>Os novos mobili\u00e1rios ser\u00e3o utilizados em diferentes espa\u00e7os da unidade, atendendo estudantes do 6\u00ba ao 9\u00ba ano do ensino fundamental e da Educa\u00e7\u00e3o de Jovens e Adultos (EJA).&nbsp;<\/p>\n\n\n\n<p>O secret\u00e1rio municipal de Educa\u00e7\u00e3o, Arone Bentes, acompanhou as entregas e destacou que a iniciativa contribui para a melhoria da estrutura f\u00edsica da escola, al\u00e9m de proporcionar melhores condi\u00e7\u00f5es para o desenvolvimento das atividades pedag\u00f3gicas e administrativas. Segundo ele, as melhorias beneficiam estudantes, professores e demais profissionais da unidade.<\/p>\n\n\n\n<p>\u201cEssa \u00e9 uma a\u00e7\u00e3o cont\u00ednua, que iniciamos este ano, em abril. At\u00e9 agora, j\u00e1 foram entregues mais de 30 mil itens \u00e0s escolas. O trabalho do prefeito Renato Junior preza por isso, municiar as escolas com o aparato necess\u00e1rio, com m\u00f3veis e tecnologia, para que o trabalho de oferecer uma educa\u00e7\u00e3o de qualidade n\u00e3o pare\u201d, informou.&nbsp;<\/p>\n\n\n\n<p>De acordo com o subsecret\u00e1rio da Infralog, Geison Assis, os itens entregues atendem diferentes setores da unidade de ensino e fazem parte de um planejamento de distribui\u00e7\u00e3o de mobili\u00e1rios para as escolas municipais.&nbsp;<\/p>\n\n\n\n<p>\u201cHoje, estamos entregando 136 itens, que atendem desde a cozinha at\u00e9 as salas de aula. Nossa inten\u00e7\u00e3o \u00e9, at\u00e9 o final do ano, dobrar o n\u00famero de entregas que j\u00e1 fizemos. Essa entrega \u00e9 fundamental para que a gente consiga dar condi\u00e7\u00f5es dentro das salas de aula, para que pedagogos, professores e alunos tenham condi\u00e7\u00f5es de explorar todo o seu potencial e, assim, obter melhores resultados na educa\u00e7\u00e3o\u201d, declarou.&nbsp;<\/p>\n\n\n\n<p>Para a gestora da unidade de ensino, Maria Santana Cunha, a chegada dos novos materiais representa um refor\u00e7o importante para a rotina da unidade e para o atendimento aos estudantes.&nbsp;<\/p>\n\n\n\n<p>\u201cS\u00f3 tenho a agradecer ao prefeito, ao secret\u00e1rio de Educa\u00e7\u00e3o e a toda a equipe por todo esse material que chegou a nossa escola. Ele ser\u00e1 distribu\u00eddo em todos os setores administrativos e, com certeza, ajudar\u00e1 muito no pedag\u00f3gico e nas necessidades da escola. Todo esse material \u00e9 patrim\u00f4nio e, aqui na escola, ser\u00e1 bem cuidado\u201d, concluiu.&nbsp;<\/p>\n\n\n\n<p>&#8212; &#8212; &#8212;<\/p>\n\n\n\n<p><strong>Texto<\/strong>&nbsp;&#8211; Jorgiane Castinares\/ Semed&nbsp;<\/p>\n\n\n\n<p><strong>Fotos<\/strong>&nbsp;&#8211; Eliton Santos\/ Semed&nbsp;<\/p>\n\n\n\n<p><strong>Dispon\u00edveis em<\/strong>&nbsp;&#8211;&nbsp;<a href=\"https:\/\/flic.kr\/s\/aHBqjD3WwS\" target=\"_blank\" rel=\"noreferrer noopener\">https:\/\/flic.kr\/s\/aHBqjD3WwS<\/a><\/p>\n","protected":false},"excerpt":{"rendered":"","protected":false},"author":23,"featured_media":13370,"comment_status":"closed","ping_status":"closed","sticky":false,"template":"","format":"standard","meta":{"footnotes":""},"categories":[8],"tags":[3244,3245,3246,15,52],"acf":[],"yoast_head":"<!-- This site is optimized with the Yoast SEO plugin v23.0 - https:\/\/yoast.com\/wordpress\/plugins\/seo\/ -->\n<title>Prefeitura de Manaus equipa escola no Japiim com novos itens mobili\u00e1rios e beneficia quase 1,5 mil alunos<\/title>\n<meta name=\"description\" content=\"Mesas, cadeiras, quadros de avisos e brancos, gaveteiros, arm\u00e1rios de MDF e conjuntos sextavados (mesa com seis cadeiras) est\u00e3o entre os novos mobili\u00e1rios entregues pela Prefeitura de Manaus, por meio da Secretaria Municipal de Educa\u00e7\u00e3o (Semed), \u00e0 escola municipal Vicente de Paula, localizada no bairro Japiim, zona Sul da capital.\" \/>\n<meta name=\"robots\" content=\"index, follow, max-snippet:-1, max-image-preview:large, max-video-preview:-1\" \/>\n<link rel=\"canonical\" href=\"https:\/\/www.manaus.am.gov.br\/semed\/not\u00edcias\/educacao\/prefeitura-semed-entregamobiliarios\/\" \/>\n<meta property=\"og:locale\" content=\"pt_BR\" \/>\n<meta property=\"og:type\" content=\"article\" \/>\n<meta property=\"og:title\" content=\"Prefeitura de Manaus equipa escola no Japiim com novos itens mobili\u00e1rios e beneficia quase 1,5 mil alunos\" \/>\n<meta property=\"og:description\" content=\"Mesas, cadeiras, quadros de avisos e brancos, gaveteiros, arm\u00e1rios de MDF e conjuntos sextavados (mesa com seis cadeiras) est\u00e3o entre os novos mobili\u00e1rios entregues pela Prefeitura de Manaus, por meio da Secretaria Municipal de Educa\u00e7\u00e3o (Semed), \u00e0 escola municipal Vicente de Paula, localizada no bairro Japiim, zona Sul da capital.\" \/>\n<meta property=\"og:url\" content=\"https:\/\/www.manaus.am.gov.br\/semed\/not\u00edcias\/educacao\/prefeitura-semed-entregamobiliarios\/\" \/>\n<meta property=\"og:site_name\" content=\"SEMED\" \/>\n<meta property=\"article:published_time\" content=\"2026-09-03T18:54:35+00:00\" \/>\n<meta property=\"article:modified_time\" content=\"2026-09-03T19:06:02+00:00\" \/>\n<meta property=\"og:image\" content=\"https:\/\/www.manaus.am.gov.br\/semed\/wp-content\/uploads\/sites\/3\/2026\/09\/55506541435_4914d47147_c.jpg\" \/>\n\t<meta property=\"og:image:width\" content=\"799\" \/>\n\t<meta property=\"og:image:height\" content=\"533\" \/>\n\t<meta property=\"og:image:type\" content=\"image\/jpeg\" \/>\n<meta name=\"author\" content=\"Adriana Costa\" \/>\n<meta name=\"twitter:card\" content=\"summary_large_image\" \/>\n<meta name=\"twitter:label1\" content=\"Written by\" \/>\n\t<meta name=\"twitter:data1\" content=\"Adriana Costa\" \/>\n\t<meta name=\"twitter:label2\" content=\"Est. reading time\" \/>\n\t<meta name=\"twitter:data2\" content=\"3 minutos\" \/>\n<script type=\"application\/ld+json\" class=\"yoast-schema-graph\">{\"@context\":\"https:\/\/schema.org\",\"@graph\":[{\"@type\":\"Article\",\"@id\":\"https:\/\/www.manaus.am.gov.br\/semed\/not\u00edcias\/educacao\/prefeitura-semed-entregamobiliarios\/#article\",\"isPartOf\":{\"@id\":\"https:\/\/www.manaus.am.gov.br\/semed\/not\u00edcias\/educacao\/prefeitura-semed-entregamobiliarios\/\"},\"author\":{\"name\":\"Adriana Costa\",\"@id\":\"https:\/\/www.manaus.am.gov.br\/semed\/#\/schema\/person\/4e49f4e267757a06ca072ec61b2b9968\"},\"headline\":\"Prefeitura de Manaus equipa escola no Japiim com novos\u00a0itens mobili\u00e1rios\u00a0e beneficia quase 1,5 mil alunos\",\"datePublished\":\"2026-09-03T18:54:35+00:00\",\"dateModified\":\"2026-09-03T19:06:02+00:00\",\"mainEntityOfPage\":{\"@id\":\"https:\/\/www.manaus.am.gov.br\/semed\/not\u00edcias\/educacao\/prefeitura-semed-entregamobiliarios\/\"},\"wordCount\":483,\"publisher\":{\"@id\":\"https:\/\/www.manaus.am.gov.br\/semed\/#organization\"},\"image\":{\"@id\":\"https:\/\/www.manaus.am.gov.br\/semed\/not\u00edcias\/educacao\/prefeitura-semed-entregamobiliarios\/#primaryimage\"},\"thumbnailUrl\":\"https:\/\/www.manaus.am.gov.br\/semed\/wp-content\/uploads\/sites\/3\/2026\/09\/55506541435_4914d47147_c.jpg\",\"keywords\":[\"escola municipal Vicente de Paula\",\"japiim\",\"mobili\u00e1rios\",\"prefeitura de manaus\",\"semed\"],\"articleSection\":[\"Educa\u00e7\u00e3o\"],\"inLanguage\":\"pt-BR\"},{\"@type\":\"WebPage\",\"@id\":\"https:\/\/www.manaus.am.gov.br\/semed\/not\u00edcias\/educacao\/prefeitura-semed-entregamobiliarios\/\",\"url\":\"https:\/\/www.manaus.am.gov.br\/semed\/not\u00edcias\/educacao\/prefeitura-semed-entregamobiliarios\/\",\"name\":\"Prefeitura de Manaus equipa escola no Japiim com novos itens mobili\u00e1rios e beneficia quase 1,5 mil alunos\",\"isPartOf\":{\"@id\":\"https:\/\/www.manaus.am.gov.br\/semed\/#website\"},\"primaryImageOfPage\":{\"@id\":\"https:\/\/www.manaus.am.gov.br\/semed\/not\u00edcias\/educacao\/prefeitura-semed-entregamobiliarios\/#primaryimage\"},\"image\":{\"@id\":\"https:\/\/www.manaus.am.gov.br\/semed\/not\u00edcias\/educacao\/prefeitura-semed-entregamobiliarios\/#primaryimage\"},\"thumbnailUrl\":\"https:\/\/www.manaus.am.gov.br\/semed\/wp-content\/uploads\/sites\/3\/2026\/09\/55506541435_4914d47147_c.jpg\",\"datePublished\":\"2026-09-03T18:54:35+00:00\",\"dateModified\":\"2026-09-03T19:06:02+00:00\",\"description\":\"Mesas, cadeiras, quadros de avisos e brancos, gaveteiros, arm\u00e1rios de MDF e conjuntos sextavados (mesa com seis cadeiras) est\u00e3o entre os novos mobili\u00e1rios entregues pela Prefeitura de Manaus, por meio da Secretaria Municipal de Educa\u00e7\u00e3o (Semed), \u00e0 escola municipal Vicente de Paula, localizada no bairro Japiim, zona Sul da capital.\",\"inLanguage\":\"pt-BR\",\"potentialAction\":[{\"@type\":\"ReadAction\",\"target\":[\"https:\/\/www.manaus.am.gov.br\/semed\/not\u00edcias\/educacao\/prefeitura-semed-entregamobiliarios\/\"]}]},{\"@type\":\"ImageObject\",\"inLanguage\":\"pt-BR\",\"@id\":\"https:\/\/www.manaus.am.gov.br\/semed\/not\u00edcias\/educacao\/prefeitura-semed-entregamobiliarios\/#primaryimage\",\"url\":\"https:\/\/www.manaus.am.gov.br\/semed\/wp-content\/uploads\/sites\/3\/2026\/09\/55506541435_4914d47147_c.jpg\",\"contentUrl\":\"https:\/\/www.manaus.am.gov.br\/semed\/wp-content\/uploads\/sites\/3\/2026\/09\/55506541435_4914d47147_c.jpg\",\"width\":799,\"height\":533,\"caption\":\"#paratodosverem - Secret\u00e1rio municipal Arone Bentes e equipe escolar durante entrega de itens mobili\u00e1rios em escola da zona Sul\"},{\"@type\":\"WebSite\",\"@id\":\"https:\/\/www.manaus.am.gov.br\/semed\/#website\",\"url\":\"https:\/\/www.manaus.am.gov.br\/semed\/\",\"name\":\"Secretaria Municipal de Educa\u00e7\u00e3o\",\"description\":\"Secretaria Municipal de Educa\u00e7\u00e3o\",\"publisher\":{\"@id\":\"https:\/\/www.manaus.am.gov.br\/semed\/#organization\"},\"alternateName\":\"SEMED\",\"potentialAction\":[{\"@type\":\"SearchAction\",\"target\":{\"@type\":\"EntryPoint\",\"urlTemplate\":\"https:\/\/www.manaus.am.gov.br\/semed\/?s={search_term_string}\"},\"query-input\":\"required name=search_term_string\"}],\"inLanguage\":\"pt-BR\"},{\"@type\":\"Organization\",\"@id\":\"https:\/\/www.manaus.am.gov.br\/semed\/#organization\",\"name\":\"Secretaria de Educa\u00e7\u00e3o\",\"alternateName\":\"SEMED\",\"url\":\"https:\/\/www.manaus.am.gov.br\/semed\/\",\"logo\":{\"@type\":\"ImageObject\",\"inLanguage\":\"pt-BR\",\"@id\":\"https:\/\/www.manaus.am.gov.br\/semed\/#\/schema\/logo\/image\/\",\"url\":\"https:\/\/www.manaus.am.gov.br\/semed\/wp-content\/uploads\/sites\/3\/2022\/11\/favicon.png\",\"contentUrl\":\"https:\/\/www.manaus.am.gov.br\/semed\/wp-content\/uploads\/sites\/3\/2022\/11\/favicon.png\",\"width\":300,\"height\":300,\"caption\":\"Secretaria de Educa\u00e7\u00e3o\"},\"image\":{\"@id\":\"https:\/\/www.manaus.am.gov.br\/semed\/#\/schema\/logo\/image\/\"}},{\"@type\":\"Person\",\"@id\":\"https:\/\/www.manaus.am.gov.br\/semed\/#\/schema\/person\/4e49f4e267757a06ca072ec61b2b9968\",\"name\":\"Adriana Costa\",\"image\":{\"@type\":\"ImageObject\",\"inLanguage\":\"pt-BR\",\"@id\":\"https:\/\/www.manaus.am.gov.br\/semed\/#\/schema\/person\/image\/\",\"url\":\"https:\/\/secure.gravatar.com\/avatar\/576258617ef7194f718179e766d57bd4?s=96&d=mm&r=g\",\"contentUrl\":\"https:\/\/secure.gravatar.com\/avatar\/576258617ef7194f718179e766d57bd4?s=96&d=mm&r=g\",\"caption\":\"Adriana Costa\"}}]}<\/script>\n<!-- \/ Yoast SEO plugin. -->","yoast_head_json":{"title":"Prefeitura de Manaus equipa escola no Japiim com novos itens mobili\u00e1rios e beneficia quase 1,5 mil alunos","description":"Mesas, cadeiras, quadros de avisos e brancos, gaveteiros, arm\u00e1rios de MDF e conjuntos sextavados (mesa com seis cadeiras) est\u00e3o entre os novos mobili\u00e1rios entregues pela Prefeitura de Manaus, por meio da Secretaria Municipal de Educa\u00e7\u00e3o (Semed), \u00e0 escola municipal Vicente de Paula, localizada no bairro Japiim, zona Sul da capital.","robots":{"index":"index","follow":"follow","max-snippet":"max-snippet:-1","max-image-preview":"max-image-preview:large","max-video-preview":"max-video-preview:-1"},"canonical":"https:\/\/www.manaus.am.gov.br\/semed\/not\u00edcias\/educacao\/prefeitura-semed-entregamobiliarios\/","og_locale":"pt_BR","og_type":"article","og_title":"Prefeitura de Manaus equipa escola no Japiim com novos itens mobili\u00e1rios e beneficia quase 1,5 mil alunos","og_description":"Mesas, cadeiras, quadros de avisos e brancos, gaveteiros, arm\u00e1rios de MDF e conjuntos sextavados (mesa com seis cadeiras) est\u00e3o entre os novos mobili\u00e1rios entregues pela Prefeitura de Manaus, por meio da Secretaria Municipal de Educa\u00e7\u00e3o (Semed), \u00e0 escola municipal Vicente de Paula, localizada no bairro Japiim, zona Sul da capital.","og_url":"https:\/\/www.manaus.am.gov.br\/semed\/not\u00edcias\/educacao\/prefeitura-semed-entregamobiliarios\/","og_site_name":"SEMED","article_published_time":"2026-09-03T18:54:35+00:00","article_modified_time":"2026-09-03T19:06:02+00:00","og_image":[{"width":799,"height":533,"url":"https:\/\/www.manaus.am.gov.br\/semed\/wp-content\/uploads\/sites\/3\/2026\/09\/55506541435_4914d47147_c.jpg","type":"image\/jpeg"}],"author":"Adriana Costa","twitter_card":"summary_large_image","twitter_misc":{"Written by":"Adriana Costa","Est. reading time":"3 minutos"},"schema":{"@context":"https:\/\/schema.org","@graph":[{"@type":"Article","@id":"https:\/\/www.manaus.am.gov.br\/semed\/not\u00edcias\/educacao\/prefeitura-semed-entregamobiliarios\/#article","isPartOf":{"@id":"https:\/\/www.manaus.am.gov.br\/semed\/not\u00edcias\/educacao\/prefeitura-semed-entregamobiliarios\/"},"author":{"name":"Adriana Costa","@id":"https:\/\/www.manaus.am.gov.br\/semed\/#\/schema\/person\/4e49f4e267757a06ca072ec61b2b9968"},"headline":"Prefeitura de Manaus equipa escola no Japiim com novos\u00a0itens mobili\u00e1rios\u00a0e beneficia quase 1,5 mil alunos","datePublished":"2026-09-03T18:54:35+00:00","dateModified":"2026-09-03T19:06:02+00:00","mainEntityOfPage":{"@id":"https:\/\/www.manaus.am.gov.br\/semed\/not\u00edcias\/educacao\/prefeitura-semed-entregamobiliarios\/"},"wordCount":483,"publisher":{"@id":"https:\/\/www.manaus.am.gov.br\/semed\/#organization"},"image":{"@id":"https:\/\/www.manaus.am.gov.br\/semed\/not\u00edcias\/educacao\/prefeitura-semed-entregamobiliarios\/#primaryimage"},"thumbnailUrl":"https:\/\/www.manaus.am.gov.br\/semed\/wp-content\/uploads\/sites\/3\/2026\/09\/55506541435_4914d47147_c.jpg","keywords":["escola municipal Vicente de Paula","japiim","mobili\u00e1rios","prefeitura de manaus","semed"],"articleSection":["Educa\u00e7\u00e3o"],"inLanguage":"pt-BR"},{"@type":"WebPage","@id":"https:\/\/www.manaus.am.gov.br\/semed\/not\u00edcias\/educacao\/prefeitura-semed-entregamobiliarios\/","url":"https:\/\/www.manaus.am.gov.br\/semed\/not\u00edcias\/educacao\/prefeitura-semed-entregamobiliarios\/","name":"Prefeitura de Manaus equipa escola no Japiim com novos itens mobili\u00e1rios e beneficia quase 1,5 mil alunos","isPartOf":{"@id":"https:\/\/www.manaus.am.gov.br\/semed\/#website"},"primaryImageOfPage":{"@id":"https:\/\/www.manaus.am.gov.br\/semed\/not\u00edcias\/educacao\/prefeitura-semed-entregamobiliarios\/#primaryimage"},"image":{"@id":"https:\/\/www.manaus.am.gov.br\/semed\/not\u00edcias\/educacao\/prefeitura-semed-entregamobiliarios\/#primaryimage"},"thumbnailUrl":"https:\/\/www.manaus.am.gov.br\/semed\/wp-content\/uploads\/sites\/3\/2026\/09\/55506541435_4914d47147_c.jpg","datePublished":"2026-09-03T18:54:35+00:00","dateModified":"2026-09-03T19:06:02+00:00","description":"Mesas, cadeiras, quadros de avisos e brancos, gaveteiros, arm\u00e1rios de MDF e conjuntos sextavados (mesa com seis cadeiras) est\u00e3o entre os novos mobili\u00e1rios entregues pela Prefeitura de Manaus, por meio da Secretaria Municipal de Educa\u00e7\u00e3o (Semed), \u00e0 escola municipal Vicente de Paula, localizada no bairro Japiim, zona Sul da capital.","inLanguage":"pt-BR","potentialAction":[{"@type":"ReadAction","target":["https:\/\/www.manaus.am.gov.br\/semed\/not\u00edcias\/educacao\/prefeitura-semed-entregamobiliarios\/"]}]},{"@type":"ImageObject","inLanguage":"pt-BR","@id":"https:\/\/www.manaus.am.gov.br\/semed\/not\u00edcias\/educacao\/prefeitura-semed-entregamobiliarios\/#primaryimage","url":"https:\/\/www.manaus.am.gov.br\/semed\/wp-content\/uploads\/sites\/3\/2026\/09\/55506541435_4914d47147_c.jpg","contentUrl":"https:\/\/www.manaus.am.gov.br\/semed\/wp-content\/uploads\/sites\/3\/2026\/09\/55506541435_4914d47147_c.jpg","width":799,"height":533,"caption":"#paratodosverem - Secret\u00e1rio municipal Arone Bentes e equipe escolar durante entrega de itens mobili\u00e1rios em escola da zona Sul"},{"@type":"WebSite","@id":"https:\/\/www.manaus.am.gov.br\/semed\/#website","url":"https:\/\/www.manaus.am.gov.br\/semed\/","name":"Secretaria Municipal de Educa\u00e7\u00e3o","description":"Secretaria Municipal de Educa\u00e7\u00e3o","publisher":{"@id":"https:\/\/www.manaus.am.gov.br\/semed\/#organization"},"alternateName":"SEMED","potentialAction":[{"@type":"SearchAction","target":{"@type":"EntryPoint","urlTemplate":"https:\/\/www.manaus.am.gov.br\/semed\/?s={search_term_string}"},"query-input":"required name=search_term_string"}],"inLanguage":"pt-BR"},{"@type":"Organization","@id":"https:\/\/www.manaus.am.gov.br\/semed\/#organization","name":"Secretaria de Educa\u00e7\u00e3o","alternateName":"SEMED","url":"https:\/\/www.manaus.am.gov.br\/semed\/","logo":{"@type":"ImageObject","inLanguage":"pt-BR","@id":"https:\/\/www.manaus.am.gov.br\/semed\/#\/schema\/logo\/image\/","url":"https:\/\/www.manaus.am.gov.br\/semed\/wp-content\/uploads\/sites\/3\/2022\/11\/favicon.png","contentUrl":"https:\/\/www.manaus.am.gov.br\/semed\/wp-content\/uploads\/sites\/3\/2022\/11\/favicon.png","width":300,"height":300,"caption":"Secretaria de Educa\u00e7\u00e3o"},"image":{"@id":"https:\/\/www.manaus.am.gov.br\/semed\/#\/schema\/logo\/image\/"}},{"@type":"Person","@id":"https:\/\/www.manaus.am.gov.br\/semed\/#\/schema\/person\/4e49f4e267757a06ca072ec61b2b9968","name":"Adriana Costa","image":{"@type":"ImageObject","inLanguage":"pt-BR","@id":"https:\/\/www.manaus.am.gov.br\/semed\/#\/schema\/person\/image\/","url":"https:\/\/secure.gravatar.com\/avatar\/576258617ef7194f718179e766d57bd4?s=96&d=mm&r=g","contentUrl":"https:\/\/secure.gravatar.com\/avatar\/576258617ef7194f718179e766d57bd4?s=96&d=mm&r=g","caption":"Adriana Costa"}}]}},"_links":{"self":[{"href":"https:\/\/www.manaus.am.gov.br\/semed\/wp-json\/wp\/v2\/posts\/13369"}],"collection":[{"href":"https:\/\/www.manaus.am.gov.br\/semed\/wp-json\/wp\/v2\/posts"}],"about":[{"href":"https:\/\/www.manaus.am.gov.br\/semed\/wp-json\/wp\/v2\/types\/post"}],"author":[{"embeddable":true,"href":"https:\/\/www.manaus.am.gov.br\/semed\/wp-json\/wp\/v2\/users\/23"}],"replies":[{"embeddable":true,"href":"https:\/\/www.manaus.am.gov.br\/semed\/wp-json\/wp\/v2\/comments?post=13369"}],"version-history":[{"count":1,"href":"https:\/\/www.manaus.am.gov.br\/semed\/wp-json\/wp\/v2\/posts\/13369\/revisions"}],"predecessor-version":[{"id":13371,"href":"https:\/\/www.manaus.am.gov.br\/semed\/wp-json\/wp\/v2\/posts\/13369\/revisions\/13371"}],"wp:featuredmedia":[{"embeddable":true,"href":"https:\/\/www.manaus.am.gov.br\/semed\/wp-json\/wp\/v2\/media\/13370"}],"wp:attachment":[{"href":"https:\/\/www.manaus.am.gov.br\/semed\/wp-json\/wp\/v2\/media?parent=13369"}],"wp:term":[{"taxonomy":"category","embeddable":true,"href":"https:\/\/www.manaus.am.gov.br\/semed\/wp-json\/wp\/v2\/categories?post=13369"},{"taxonomy":"post_tag","embeddable":true,"href":"https:\/\/www.manaus.am.gov.br\/semed\/wp-json\/wp\/v2\/tags?post=13369"}],"curies":[{"name":"wp","href":"https:\/\/api.w.org\/{rel}","templated":true}]}}