{"id":13362,"date":"2026-09-02T13:57:31","date_gmt":"2026-09-02T17:57:31","guid":{"rendered":"https:\/\/www.manaus.am.gov.br\/semed\/not\u00edcias\/sem-categoria\/fase-regional-olimpiada-brasileira-de-robotica\/"},"modified":"2026-09-02T14:03:33","modified_gmt":"2026-09-02T18:03:33","slug":"escolas-fase-regional-olimpiada-brasileira-de-robotica","status":"publish","type":"post","link":"https:\/\/www.manaus.am.gov.br\/semed\/not\u00edcias\/premiacao\/escolas-fase-regional-olimpiada-brasileira-de-robotica\/","title":{"rendered":"Escolas da Prefeitura de Manaus s\u00e3o destaques na fase regional da Olimp\u00edada Brasileira de Rob\u00f3tica"},"content":{"rendered":"\n<p>Com\u00a0cinco projetos sendo destaque na etapa regional da Olimp\u00edada Brasileira de Rob\u00f3tica (OBR) e\u00a0na Mostra Nacional de Rob\u00f3tica (MNR), realizada nos dias 27 e 28\/8, no Clube do Trabalhador do Servi\u00e7o Social da Ind\u00fastria (Sesi), a\u00a0<a href=\"https:\/\/www.manaus.am.gov.br\/\">Prefeitura de Manaus<\/a>, por meio da <a href=\"https:\/\/www.instagram.com\/semedmanaus\/\">Secretaria Municipal de Educa\u00e7\u00e3o<\/a> (Semed), conquistou quatro premia\u00e7\u00f5es na OBR, nas modalidades Resgate N\u00edvel 1 e Art\u00edstica N\u00edveis 1 e 2, al\u00e9m do 1\u00ba lugar na MNR, com o projeto \u201cElas na Tecnologia\u201d, desenvolvido pelo Centro Integrado Municipal de Educa\u00e7\u00e3o (Cime) Arthur Virg\u00edlio do Carmo Ribeiro Filho.<\/p>\n\n\n\n<p>A rede municipal participou da OBR com nove unidades de ensino. Entre elas, a escola municipal Nina Lins conquistou o 2\u00ba lugar na modalidade Resgate N\u00edvel 1 e recebeu o Pr\u00eamio Rob\u00f4 Inova\u00e7\u00e3o. J\u00e1 a escola municipal Etelvina Pereira Braga ficou em 3\u00ba lugar na mesma modalidade&nbsp;e tamb\u00e9m&nbsp;foi reconhecida com o Pr\u00eamio Melhor Programa\u00e7\u00e3o.<\/p>\n\n\n\n<p>Na MNR, o&nbsp;Centro Integrado Municipal de Ensino (Cime) Arthur Virg\u00edlio do Carmo Ribeiro Filho conquistou o 1\u00ba lugar com o projeto \u201cElas na Tecnologia\u201d, que destacou a participa\u00e7\u00e3o feminina na \u00e1rea tecnol\u00f3gica.<\/p>\n\n\n\n<p>Para o gerente de Tecnologias Educacionais da Semed,&nbsp;Aust\u00f4nio&nbsp;Queiroz, os resultados s\u00e3o expressivos, principalmente por ser o segundo ano de participa\u00e7\u00e3o das escolas municipais na competi\u00e7\u00e3o. \u201cOs resultados mostram a qualidade do trabalho desenvolvido pela&nbsp;Semed&nbsp;e a capacidade dos nossos estudantes. Mesmo em escolas p\u00fablicas, eles t\u00eam acesso a recursos tecnol\u00f3gicos e conseguem competir em igualdade com institui\u00e7\u00f5es particulares\u201d, afirmou.<\/p>\n\n\n\n<p>Segundo&nbsp;Aust\u00f4nio, o desempenho tamb\u00e9m reflete os investimentos realizados na educa\u00e7\u00e3o tecnol\u00f3gica e cient\u00edfica da rede municipal.<\/p>\n\n\n\n<p>\u201cO projeto de rob\u00f3tica permite que os estudantes desenvolvam habilidades que antes eram limitadas pela falta de recursos. Hoje, temos estrutura para ampliar essas oportunidades e fortalecer o ensino de tecnologia e ci\u00eancia nas escolas\u201d, concluiu.<\/p>\n\n\n\n<p>&#8212; &#8212; &#8212;<\/p>\n\n\n\n<p><strong>Texto&nbsp;<\/strong>&#8211; Alexandre Abreu\/Semed<\/p>\n\n\n\n<p><strong>Fotos<\/strong> &#8211; Eliton Santos\/Semed<\/p>\n\n\n\n<p><strong>Dispon\u00edveis em &#8211; <\/strong><a href=\"https:\/\/flic.kr\/s\/aHBqjD3mms\">https:\/\/flic.kr\/s\/aHBqjD3mms<\/a><\/p>\n","protected":false},"excerpt":{"rendered":"","protected":false},"author":39,"featured_media":13363,"comment_status":"closed","ping_status":"closed","sticky":false,"template":"","format":"standard","meta":{"footnotes":""},"categories":[37],"tags":[3243],"acf":[],"yoast_head":"<!-- This site is optimized with the Yoast SEO plugin v23.0 - https:\/\/yoast.com\/wordpress\/plugins\/seo\/ -->\n<title>Escolas s\u00e3o destaques na fase regional da OBR<\/title>\n<meta name=\"description\" content=\"Escolas da Prefeitura de Manaus s\u00e3o destaques na fase regional da Olimp\u00edada Brasileira de Rob\u00f3tica (OBR).\" \/>\n<meta name=\"robots\" content=\"index, follow, max-snippet:-1, max-image-preview:large, max-video-preview:-1\" \/>\n<link rel=\"canonical\" href=\"https:\/\/www.manaus.am.gov.br\/semed\/not\u00edcias\/premiacao\/escolas-fase-regional-olimpiada-brasileira-de-robotica\/\" \/>\n<meta property=\"og:locale\" content=\"pt_BR\" \/>\n<meta property=\"og:type\" content=\"article\" \/>\n<meta property=\"og:title\" content=\"Escolas s\u00e3o destaques na fase regional da OBR\" \/>\n<meta property=\"og:description\" content=\"Escolas da Prefeitura de Manaus s\u00e3o destaques na fase regional da Olimp\u00edada Brasileira de Rob\u00f3tica (OBR).\" \/>\n<meta property=\"og:url\" content=\"https:\/\/www.manaus.am.gov.br\/semed\/not\u00edcias\/premiacao\/escolas-fase-regional-olimpiada-brasileira-de-robotica\/\" \/>\n<meta property=\"og:site_name\" content=\"SEMED\" \/>\n<meta property=\"article:published_time\" content=\"2026-09-02T17:57:31+00:00\" \/>\n<meta property=\"article:modified_time\" content=\"2026-09-02T18:03:33+00:00\" \/>\n<meta property=\"og:image\" content=\"https:\/\/www.manaus.am.gov.br\/semed\/wp-content\/uploads\/sites\/3\/2026\/09\/55491670849_bbfb3e99d8_k.jpg\" \/>\n\t<meta property=\"og:image:width\" content=\"2047\" \/>\n\t<meta property=\"og:image:height\" content=\"1365\" \/>\n\t<meta property=\"og:image:type\" content=\"image\/jpeg\" \/>\n<meta name=\"author\" content=\"Bruna Greco\" \/>\n<meta name=\"twitter:card\" content=\"summary_large_image\" \/>\n<meta name=\"twitter:label1\" content=\"Written by\" \/>\n\t<meta name=\"twitter:data1\" content=\"Bruna Greco\" \/>\n\t<meta name=\"twitter:label2\" content=\"Est. reading time\" \/>\n\t<meta name=\"twitter:data2\" content=\"2 minutos\" \/>\n<script type=\"application\/ld+json\" class=\"yoast-schema-graph\">{\"@context\":\"https:\/\/schema.org\",\"@graph\":[{\"@type\":\"Article\",\"@id\":\"https:\/\/www.manaus.am.gov.br\/semed\/not\u00edcias\/premiacao\/escolas-fase-regional-olimpiada-brasileira-de-robotica\/#article\",\"isPartOf\":{\"@id\":\"https:\/\/www.manaus.am.gov.br\/semed\/not\u00edcias\/premiacao\/escolas-fase-regional-olimpiada-brasileira-de-robotica\/\"},\"author\":{\"name\":\"Bruna Greco\",\"@id\":\"https:\/\/www.manaus.am.gov.br\/semed\/#\/schema\/person\/05d223aea2bf115f9883a6ff3683d81b\"},\"headline\":\"Escolas da Prefeitura de Manaus s\u00e3o destaques na fase regional da Olimp\u00edada Brasileira de Rob\u00f3tica\",\"datePublished\":\"2026-09-02T17:57:31+00:00\",\"dateModified\":\"2026-09-02T18:03:33+00:00\",\"mainEntityOfPage\":{\"@id\":\"https:\/\/www.manaus.am.gov.br\/semed\/not\u00edcias\/premiacao\/escolas-fase-regional-olimpiada-brasileira-de-robotica\/\"},\"wordCount\":372,\"publisher\":{\"@id\":\"https:\/\/www.manaus.am.gov.br\/semed\/#organization\"},\"image\":{\"@id\":\"https:\/\/www.manaus.am.gov.br\/semed\/not\u00edcias\/premiacao\/escolas-fase-regional-olimpiada-brasileira-de-robotica\/#primaryimage\"},\"thumbnailUrl\":\"https:\/\/www.manaus.am.gov.br\/semed\/wp-content\/uploads\/sites\/3\/2026\/09\/55491670849_bbfb3e99d8_k.jpg\",\"keywords\":[\"Mostra Nacional de Rob\u00f3tica (MNR)\"],\"articleSection\":[\"Premia\u00e7\u00e3o\"],\"inLanguage\":\"pt-BR\"},{\"@type\":\"WebPage\",\"@id\":\"https:\/\/www.manaus.am.gov.br\/semed\/not\u00edcias\/premiacao\/escolas-fase-regional-olimpiada-brasileira-de-robotica\/\",\"url\":\"https:\/\/www.manaus.am.gov.br\/semed\/not\u00edcias\/premiacao\/escolas-fase-regional-olimpiada-brasileira-de-robotica\/\",\"name\":\"Escolas s\u00e3o destaques na fase regional da OBR\",\"isPartOf\":{\"@id\":\"https:\/\/www.manaus.am.gov.br\/semed\/#website\"},\"primaryImageOfPage\":{\"@id\":\"https:\/\/www.manaus.am.gov.br\/semed\/not\u00edcias\/premiacao\/escolas-fase-regional-olimpiada-brasileira-de-robotica\/#primaryimage\"},\"image\":{\"@id\":\"https:\/\/www.manaus.am.gov.br\/semed\/not\u00edcias\/premiacao\/escolas-fase-regional-olimpiada-brasileira-de-robotica\/#primaryimage\"},\"thumbnailUrl\":\"https:\/\/www.manaus.am.gov.br\/semed\/wp-content\/uploads\/sites\/3\/2026\/09\/55491670849_bbfb3e99d8_k.jpg\",\"datePublished\":\"2026-09-02T17:57:31+00:00\",\"dateModified\":\"2026-09-02T18:03:33+00:00\",\"description\":\"Escolas da Prefeitura de Manaus s\u00e3o destaques na fase regional da Olimp\u00edada Brasileira de Rob\u00f3tica (OBR).\",\"inLanguage\":\"pt-BR\",\"potentialAction\":[{\"@type\":\"ReadAction\",\"target\":[\"https:\/\/www.manaus.am.gov.br\/semed\/not\u00edcias\/premiacao\/escolas-fase-regional-olimpiada-brasileira-de-robotica\/\"]}]},{\"@type\":\"ImageObject\",\"inLanguage\":\"pt-BR\",\"@id\":\"https:\/\/www.manaus.am.gov.br\/semed\/not\u00edcias\/premiacao\/escolas-fase-regional-olimpiada-brasileira-de-robotica\/#primaryimage\",\"url\":\"https:\/\/www.manaus.am.gov.br\/semed\/wp-content\/uploads\/sites\/3\/2026\/09\/55491670849_bbfb3e99d8_k.jpg\",\"contentUrl\":\"https:\/\/www.manaus.am.gov.br\/semed\/wp-content\/uploads\/sites\/3\/2026\/09\/55491670849_bbfb3e99d8_k.jpg\",\"width\":2047,\"height\":1365,\"caption\":\"#paratodosverem - Estudantes participando fase regional da Olimp\u00edada Brasileira de Rob\u00f3tica\"},{\"@type\":\"WebSite\",\"@id\":\"https:\/\/www.manaus.am.gov.br\/semed\/#website\",\"url\":\"https:\/\/www.manaus.am.gov.br\/semed\/\",\"name\":\"Secretaria Municipal de Educa\u00e7\u00e3o\",\"description\":\"Secretaria Municipal de Educa\u00e7\u00e3o\",\"publisher\":{\"@id\":\"https:\/\/www.manaus.am.gov.br\/semed\/#organization\"},\"alternateName\":\"SEMED\",\"potentialAction\":[{\"@type\":\"SearchAction\",\"target\":{\"@type\":\"EntryPoint\",\"urlTemplate\":\"https:\/\/www.manaus.am.gov.br\/semed\/?s={search_term_string}\"},\"query-input\":\"required name=search_term_string\"}],\"inLanguage\":\"pt-BR\"},{\"@type\":\"Organization\",\"@id\":\"https:\/\/www.manaus.am.gov.br\/semed\/#organization\",\"name\":\"Secretaria de Educa\u00e7\u00e3o\",\"alternateName\":\"SEMED\",\"url\":\"https:\/\/www.manaus.am.gov.br\/semed\/\",\"logo\":{\"@type\":\"ImageObject\",\"inLanguage\":\"pt-BR\",\"@id\":\"https:\/\/www.manaus.am.gov.br\/semed\/#\/schema\/logo\/image\/\",\"url\":\"https:\/\/www.manaus.am.gov.br\/semed\/wp-content\/uploads\/sites\/3\/2022\/11\/favicon.png\",\"contentUrl\":\"https:\/\/www.manaus.am.gov.br\/semed\/wp-content\/uploads\/sites\/3\/2022\/11\/favicon.png\",\"width\":300,\"height\":300,\"caption\":\"Secretaria de Educa\u00e7\u00e3o\"},\"image\":{\"@id\":\"https:\/\/www.manaus.am.gov.br\/semed\/#\/schema\/logo\/image\/\"}},{\"@type\":\"Person\",\"@id\":\"https:\/\/www.manaus.am.gov.br\/semed\/#\/schema\/person\/05d223aea2bf115f9883a6ff3683d81b\",\"name\":\"Bruna Greco\",\"image\":{\"@type\":\"ImageObject\",\"inLanguage\":\"pt-BR\",\"@id\":\"https:\/\/www.manaus.am.gov.br\/semed\/#\/schema\/person\/image\/\",\"url\":\"https:\/\/secure.gravatar.com\/avatar\/9c877d1a6adc2a055330e5c09a8653ce?s=96&d=mm&r=g\",\"contentUrl\":\"https:\/\/secure.gravatar.com\/avatar\/9c877d1a6adc2a055330e5c09a8653ce?s=96&d=mm&r=g\",\"caption\":\"Bruna Greco\"}}]}<\/script>\n<!-- \/ Yoast SEO plugin. -->","yoast_head_json":{"title":"Escolas s\u00e3o destaques na fase regional da OBR","description":"Escolas da Prefeitura de Manaus s\u00e3o destaques na fase regional da Olimp\u00edada Brasileira de Rob\u00f3tica (OBR).","robots":{"index":"index","follow":"follow","max-snippet":"max-snippet:-1","max-image-preview":"max-image-preview:large","max-video-preview":"max-video-preview:-1"},"canonical":"https:\/\/www.manaus.am.gov.br\/semed\/not\u00edcias\/premiacao\/escolas-fase-regional-olimpiada-brasileira-de-robotica\/","og_locale":"pt_BR","og_type":"article","og_title":"Escolas s\u00e3o destaques na fase regional da OBR","og_description":"Escolas da Prefeitura de Manaus s\u00e3o destaques na fase regional da Olimp\u00edada Brasileira de Rob\u00f3tica (OBR).","og_url":"https:\/\/www.manaus.am.gov.br\/semed\/not\u00edcias\/premiacao\/escolas-fase-regional-olimpiada-brasileira-de-robotica\/","og_site_name":"SEMED","article_published_time":"2026-09-02T17:57:31+00:00","article_modified_time":"2026-09-02T18:03:33+00:00","og_image":[{"width":2047,"height":1365,"url":"https:\/\/www.manaus.am.gov.br\/semed\/wp-content\/uploads\/sites\/3\/2026\/09\/55491670849_bbfb3e99d8_k.jpg","type":"image\/jpeg"}],"author":"Bruna Greco","twitter_card":"summary_large_image","twitter_misc":{"Written by":"Bruna Greco","Est. reading time":"2 minutos"},"schema":{"@context":"https:\/\/schema.org","@graph":[{"@type":"Article","@id":"https:\/\/www.manaus.am.gov.br\/semed\/not\u00edcias\/premiacao\/escolas-fase-regional-olimpiada-brasileira-de-robotica\/#article","isPartOf":{"@id":"https:\/\/www.manaus.am.gov.br\/semed\/not\u00edcias\/premiacao\/escolas-fase-regional-olimpiada-brasileira-de-robotica\/"},"author":{"name":"Bruna Greco","@id":"https:\/\/www.manaus.am.gov.br\/semed\/#\/schema\/person\/05d223aea2bf115f9883a6ff3683d81b"},"headline":"Escolas da Prefeitura de Manaus s\u00e3o destaques na fase regional da Olimp\u00edada Brasileira de Rob\u00f3tica","datePublished":"2026-09-02T17:57:31+00:00","dateModified":"2026-09-02T18:03:33+00:00","mainEntityOfPage":{"@id":"https:\/\/www.manaus.am.gov.br\/semed\/not\u00edcias\/premiacao\/escolas-fase-regional-olimpiada-brasileira-de-robotica\/"},"wordCount":372,"publisher":{"@id":"https:\/\/www.manaus.am.gov.br\/semed\/#organization"},"image":{"@id":"https:\/\/www.manaus.am.gov.br\/semed\/not\u00edcias\/premiacao\/escolas-fase-regional-olimpiada-brasileira-de-robotica\/#primaryimage"},"thumbnailUrl":"https:\/\/www.manaus.am.gov.br\/semed\/wp-content\/uploads\/sites\/3\/2026\/09\/55491670849_bbfb3e99d8_k.jpg","keywords":["Mostra Nacional de Rob\u00f3tica (MNR)"],"articleSection":["Premia\u00e7\u00e3o"],"inLanguage":"pt-BR"},{"@type":"WebPage","@id":"https:\/\/www.manaus.am.gov.br\/semed\/not\u00edcias\/premiacao\/escolas-fase-regional-olimpiada-brasileira-de-robotica\/","url":"https:\/\/www.manaus.am.gov.br\/semed\/not\u00edcias\/premiacao\/escolas-fase-regional-olimpiada-brasileira-de-robotica\/","name":"Escolas s\u00e3o destaques na fase regional da OBR","isPartOf":{"@id":"https:\/\/www.manaus.am.gov.br\/semed\/#website"},"primaryImageOfPage":{"@id":"https:\/\/www.manaus.am.gov.br\/semed\/not\u00edcias\/premiacao\/escolas-fase-regional-olimpiada-brasileira-de-robotica\/#primaryimage"},"image":{"@id":"https:\/\/www.manaus.am.gov.br\/semed\/not\u00edcias\/premiacao\/escolas-fase-regional-olimpiada-brasileira-de-robotica\/#primaryimage"},"thumbnailUrl":"https:\/\/www.manaus.am.gov.br\/semed\/wp-content\/uploads\/sites\/3\/2026\/09\/55491670849_bbfb3e99d8_k.jpg","datePublished":"2026-09-02T17:57:31+00:00","dateModified":"2026-09-02T18:03:33+00:00","description":"Escolas da Prefeitura de Manaus s\u00e3o destaques na fase regional da Olimp\u00edada Brasileira de Rob\u00f3tica (OBR).","inLanguage":"pt-BR","potentialAction":[{"@type":"ReadAction","target":["https:\/\/www.manaus.am.gov.br\/semed\/not\u00edcias\/premiacao\/escolas-fase-regional-olimpiada-brasileira-de-robotica\/"]}]},{"@type":"ImageObject","inLanguage":"pt-BR","@id":"https:\/\/www.manaus.am.gov.br\/semed\/not\u00edcias\/premiacao\/escolas-fase-regional-olimpiada-brasileira-de-robotica\/#primaryimage","url":"https:\/\/www.manaus.am.gov.br\/semed\/wp-content\/uploads\/sites\/3\/2026\/09\/55491670849_bbfb3e99d8_k.jpg","contentUrl":"https:\/\/www.manaus.am.gov.br\/semed\/wp-content\/uploads\/sites\/3\/2026\/09\/55491670849_bbfb3e99d8_k.jpg","width":2047,"height":1365,"caption":"#paratodosverem - Estudantes participando fase regional da Olimp\u00edada Brasileira de Rob\u00f3tica"},{"@type":"WebSite","@id":"https:\/\/www.manaus.am.gov.br\/semed\/#website","url":"https:\/\/www.manaus.am.gov.br\/semed\/","name":"Secretaria Municipal de Educa\u00e7\u00e3o","description":"Secretaria Municipal de Educa\u00e7\u00e3o","publisher":{"@id":"https:\/\/www.manaus.am.gov.br\/semed\/#organization"},"alternateName":"SEMED","potentialAction":[{"@type":"SearchAction","target":{"@type":"EntryPoint","urlTemplate":"https:\/\/www.manaus.am.gov.br\/semed\/?s={search_term_string}"},"query-input":"required name=search_term_string"}],"inLanguage":"pt-BR"},{"@type":"Organization","@id":"https:\/\/www.manaus.am.gov.br\/semed\/#organization","name":"Secretaria de Educa\u00e7\u00e3o","alternateName":"SEMED","url":"https:\/\/www.manaus.am.gov.br\/semed\/","logo":{"@type":"ImageObject","inLanguage":"pt-BR","@id":"https:\/\/www.manaus.am.gov.br\/semed\/#\/schema\/logo\/image\/","url":"https:\/\/www.manaus.am.gov.br\/semed\/wp-content\/uploads\/sites\/3\/2022\/11\/favicon.png","contentUrl":"https:\/\/www.manaus.am.gov.br\/semed\/wp-content\/uploads\/sites\/3\/2022\/11\/favicon.png","width":300,"height":300,"caption":"Secretaria de Educa\u00e7\u00e3o"},"image":{"@id":"https:\/\/www.manaus.am.gov.br\/semed\/#\/schema\/logo\/image\/"}},{"@type":"Person","@id":"https:\/\/www.manaus.am.gov.br\/semed\/#\/schema\/person\/05d223aea2bf115f9883a6ff3683d81b","name":"Bruna Greco","image":{"@type":"ImageObject","inLanguage":"pt-BR","@id":"https:\/\/www.manaus.am.gov.br\/semed\/#\/schema\/person\/image\/","url":"https:\/\/secure.gravatar.com\/avatar\/9c877d1a6adc2a055330e5c09a8653ce?s=96&d=mm&r=g","contentUrl":"https:\/\/secure.gravatar.com\/avatar\/9c877d1a6adc2a055330e5c09a8653ce?s=96&d=mm&r=g","caption":"Bruna Greco"}}]}},"_links":{"self":[{"href":"https:\/\/www.manaus.am.gov.br\/semed\/wp-json\/wp\/v2\/posts\/13362"}],"collection":[{"href":"https:\/\/www.manaus.am.gov.br\/semed\/wp-json\/wp\/v2\/posts"}],"about":[{"href":"https:\/\/www.manaus.am.gov.br\/semed\/wp-json\/wp\/v2\/types\/post"}],"author":[{"embeddable":true,"href":"https:\/\/www.manaus.am.gov.br\/semed\/wp-json\/wp\/v2\/users\/39"}],"replies":[{"embeddable":true,"href":"https:\/\/www.manaus.am.gov.br\/semed\/wp-json\/wp\/v2\/comments?post=13362"}],"version-history":[{"count":1,"href":"https:\/\/www.manaus.am.gov.br\/semed\/wp-json\/wp\/v2\/posts\/13362\/revisions"}],"predecessor-version":[{"id":13364,"href":"https:\/\/www.manaus.am.gov.br\/semed\/wp-json\/wp\/v2\/posts\/13362\/revisions\/13364"}],"wp:featuredmedia":[{"embeddable":true,"href":"https:\/\/www.manaus.am.gov.br\/semed\/wp-json\/wp\/v2\/media\/13363"}],"wp:attachment":[{"href":"https:\/\/www.manaus.am.gov.br\/semed\/wp-json\/wp\/v2\/media?parent=13362"}],"wp:term":[{"taxonomy":"category","embeddable":true,"href":"https:\/\/www.manaus.am.gov.br\/semed\/wp-json\/wp\/v2\/categories?post=13362"},{"taxonomy":"post_tag","embeddable":true,"href":"https:\/\/www.manaus.am.gov.br\/semed\/wp-json\/wp\/v2\/tags?post=13362"}],"curies":[{"name":"wp","href":"https:\/\/api.w.org\/{rel}","templated":true}]}}