{"id":13356,"date":"2026-09-01T18:15:07","date_gmt":"2026-09-01T22:15:07","guid":{"rendered":"https:\/\/www.manaus.am.gov.br\/semed\/not\u00edcias\/sem-categoria\/exposicao-festival-de-morcegos\/"},"modified":"2026-09-02T12:57:54","modified_gmt":"2026-09-02T16:57:54","slug":"exposicao-festival-de-morcegos","status":"publish","type":"post","link":"https:\/\/www.manaus.am.gov.br\/semed\/not\u00edcias\/atividades\/exposicao-festival-de-morcegos\/","title":{"rendered":"Exposi\u00e7\u00e3o da prefeitura no Ecam destaca import\u00e2ncia dos morcegos para a conserva\u00e7\u00e3o da Amaz\u00f4nia"},"content":{"rendered":"\n<p>A <a href=\"https:\/\/www.manaus.am.gov.br\/\">Prefeitura de Manaus<\/a>, por meio da <a href=\"https:\/\/www.instagram.com\/semedmanaus\/\">Secretaria Municipal de Educa\u00e7\u00e3o<\/a> (Semed),\u00a0iniciou, nesta ter\u00e7a-feira, 1\u00ba\/9, a exposi\u00e7\u00e3o \u201cFestival dos Morcegos\u201d,\u00a0realizada no Espa\u00e7o da Cidadania Ambiental (Ecam), localizado no Manauara Shopping, piso A\u00e7a\u00ed, G3. A programa\u00e7\u00e3o \u00e9 aberta ao p\u00fablico e segue at\u00e9 o dia 30 deste m\u00eas.<\/p>\n\n\n\n<p>A abertura da exposi\u00e7\u00e3o contou com a presen\u00e7a de estudantes do 5\u00ba ano da escola municipal Jo\u00e3o D\u2019vries, localizada na zona Leste. A iniciativa tem como objetivo sensibilizar estudantes da rede municipal de ensino e o p\u00fablico em geral sobre a import\u00e2ncia dos morcegos para o equil\u00edbrio dos ecossistemas.<\/p>\n\n\n\n<p>Esses animais atuam como polinizadores, dispersores de sementes e controladores naturais de insetos, contribuindo para a conserva\u00e7\u00e3o e a regenera\u00e7\u00e3o da Floresta Amaz\u00f4nica. A exposi\u00e7\u00e3o tamb\u00e9m busca combater o medo e a desinforma\u00e7\u00e3o que cercam os morcegos. Embora algumas esp\u00e9cies possam transmitir raiva, a maioria n\u00e3o se alimenta de sangue.<\/p>\n\n\n\n<p>O Ecam \u00e9 um espa\u00e7o coordenado pelas Ocas do Conhecimento Ambiental, da Semed, que oferece exposi\u00e7\u00f5es e palestras. De acordo com o respons\u00e1vel do Ecam, Marz\u00edlio Pereira, a exposi\u00e7\u00e3o serve para que os visitantes saiam com uma mentalidade diferente, com a consci\u00eancia de que \u00e9 preciso cuidar, preservar e defender o meio ambiente e a floresta.<\/p>\n\n\n\n<p>\u201cQuem ganha com isso s\u00e3o os nossos alunos da rede municipal, os visitantes do shopping e a comunidade em geral. O festival surgiu a partir da iniciativa do Marcos Ant\u00f4nio dos Santos, que \u00e9 o expositor. Ele gostaria de divulgar o \u2018Festival de Morcegos\u2019, que \u00e9 algo que a sociedade ainda n\u00e3o conhece muito. A exposi\u00e7\u00e3o apresenta os 22 cartazes de cada edi\u00e7\u00e3o do festival, com um cartaz diferente a cada ano, contando essa hist\u00f3ria e fazendo tamb\u00e9m a divulga\u00e7\u00e3o da edi\u00e7\u00e3o deste ano, que acontecer\u00e1 ainda neste m\u00eas de setembro\u201d, acrescenta Marz\u00edlio.<\/p>\n\n\n\n<p>O trabalho educativo voltado \u00e0 conserva\u00e7\u00e3o dos morcegos foi idealizado pelo farmac\u00eautico Marcos Ant\u00f4nio dos Santos, natural de Barra Mansa (RJ), que chegou a Manaus em 1981. Formado em Farm\u00e1cia pela Universidade Federal do Amazonas (Ufam), ele atuou como fiscal da Vigil\u00e2ncia Sanit\u00e1ria e desenvolveu pesquisas sobre morcegos em parceria com o Instituto Nacional de Pesquisas da Amaz\u00f4nia (Inpa).<\/p>\n\n\n\n<p>Segundo Marcos, os cartazes da exposi\u00e7\u00e3o foram produzidos por diferentes artistas de Manaus, que trabalham com linguagens como artes visuais e quadrinhos. A proposta \u00e9 ajudar a desconstruir a imagem negativa associada aos animais.<\/p>\n\n\n\n<p>\u201cA ideia \u00e9 desconstruir a imagem negativa que muitas pessoas t\u00eam dos morcegos. Tamb\u00e9m temos 200 origamis produzidos pela minha sobrinha, que mora em S\u00e3o Paulo, e outros 150 confeccionados pela professora doutora Hermelinda, em Manaus\u201d, explicou.<\/p>\n\n\n\n<p>Para a abertura da exposi\u00e7\u00e3o, estudantes com melhor desempenho da Escola Municipal Jo\u00e3o D\u2019vries foram selecionados para participar da atividade. Entre eles estava Giulia Morais, do 5\u00ba ano.<\/p>\n\n\n\n<p>\u201cEu fiquei muito ansiosa quando come\u00e7aram a chamar os nomes na sala. Depois, a pedagoga explicou que fomos convidados por termos tido as melhores notas para assistir \u00e0 apresenta\u00e7\u00e3o\u201d, contou a estudante.<\/p>\n\n\n\n<p>&#8212; &#8212; &#8212;<\/p>\n\n\n\n<p><strong>Texto <\/strong>&#8211; Alexandre Abreu\/Semed<\/p>\n\n\n\n<p><strong>Fotos<\/strong> &#8211; Eliton Santos\/Semed<\/p>\n\n\n\n<p><strong>Dispon\u00edveis em<\/strong> &#8211; <a href=\"https:\/\/flic.kr\/s\/aHBqjD3NhC\">https:\/\/flic.kr\/s\/aHBqjD3NhC<\/a><\/p>\n","protected":false},"excerpt":{"rendered":"","protected":false},"author":39,"featured_media":13357,"comment_status":"closed","ping_status":"closed","sticky":false,"template":"","format":"standard","meta":{"footnotes":""},"categories":[41],"tags":[3241,16,3242,15,52],"acf":[],"yoast_head":"<!-- This site is optimized with the Yoast SEO plugin v23.0 - https:\/\/yoast.com\/wordpress\/plugins\/seo\/ -->\n<title>Exposi\u00e7\u00e3o no Ecam destaca import\u00e2ncia dos morcegos para a conserva\u00e7\u00e3o da Amaz\u00f4nia<\/title>\n<meta name=\"description\" content=\"Exposi\u00e7\u00e3o da Prefeitura de Manaus no Ecam destaca import\u00e2ncia dos morcegos para a conserva\u00e7\u00e3o da Amaz\u00f4nia.\" \/>\n<meta name=\"robots\" content=\"index, follow, max-snippet:-1, max-image-preview:large, max-video-preview:-1\" \/>\n<link rel=\"canonical\" href=\"https:\/\/www.manaus.am.gov.br\/semed\/not\u00edcias\/atividades\/exposicao-festival-de-morcegos\/\" \/>\n<meta property=\"og:locale\" content=\"pt_BR\" \/>\n<meta property=\"og:type\" content=\"article\" \/>\n<meta property=\"og:title\" content=\"Exposi\u00e7\u00e3o no Ecam destaca import\u00e2ncia dos morcegos para a conserva\u00e7\u00e3o da Amaz\u00f4nia\" \/>\n<meta property=\"og:description\" content=\"Exposi\u00e7\u00e3o da Prefeitura de Manaus no Ecam destaca import\u00e2ncia dos morcegos para a conserva\u00e7\u00e3o da Amaz\u00f4nia.\" \/>\n<meta property=\"og:url\" content=\"https:\/\/www.manaus.am.gov.br\/semed\/not\u00edcias\/atividades\/exposicao-festival-de-morcegos\/\" \/>\n<meta property=\"og:site_name\" content=\"SEMED\" \/>\n<meta property=\"article:published_time\" content=\"2026-09-01T22:15:07+00:00\" \/>\n<meta property=\"article:modified_time\" content=\"2026-09-02T16:57:54+00:00\" \/>\n<meta property=\"og:image\" content=\"https:\/\/www.manaus.am.gov.br\/semed\/wp-content\/uploads\/sites\/3\/2026\/09\/55501601057_39eb4a44cf_k.jpg\" \/>\n\t<meta property=\"og:image:width\" content=\"2047\" \/>\n\t<meta property=\"og:image:height\" content=\"1365\" \/>\n\t<meta property=\"og:image:type\" content=\"image\/jpeg\" \/>\n<meta name=\"author\" content=\"Bruna Greco\" \/>\n<meta name=\"twitter:card\" content=\"summary_large_image\" \/>\n<meta name=\"twitter:label1\" content=\"Written by\" \/>\n\t<meta name=\"twitter:data1\" content=\"Bruna Greco\" \/>\n\t<meta name=\"twitter:label2\" content=\"Est. reading time\" \/>\n\t<meta name=\"twitter:data2\" content=\"3 minutos\" \/>\n<script type=\"application\/ld+json\" class=\"yoast-schema-graph\">{\"@context\":\"https:\/\/schema.org\",\"@graph\":[{\"@type\":\"Article\",\"@id\":\"https:\/\/www.manaus.am.gov.br\/semed\/not\u00edcias\/atividades\/exposicao-festival-de-morcegos\/#article\",\"isPartOf\":{\"@id\":\"https:\/\/www.manaus.am.gov.br\/semed\/not\u00edcias\/atividades\/exposicao-festival-de-morcegos\/\"},\"author\":{\"name\":\"Bruna Greco\",\"@id\":\"https:\/\/www.manaus.am.gov.br\/semed\/#\/schema\/person\/05d223aea2bf115f9883a6ff3683d81b\"},\"headline\":\"Exposi\u00e7\u00e3o da prefeitura no Ecam destaca import\u00e2ncia dos morcegos para a conserva\u00e7\u00e3o da Amaz\u00f4nia\",\"datePublished\":\"2026-09-01T22:15:07+00:00\",\"dateModified\":\"2026-09-02T16:57:54+00:00\",\"mainEntityOfPage\":{\"@id\":\"https:\/\/www.manaus.am.gov.br\/semed\/not\u00edcias\/atividades\/exposicao-festival-de-morcegos\/\"},\"wordCount\":567,\"publisher\":{\"@id\":\"https:\/\/www.manaus.am.gov.br\/semed\/#organization\"},\"image\":{\"@id\":\"https:\/\/www.manaus.am.gov.br\/semed\/not\u00edcias\/atividades\/exposicao-festival-de-morcegos\/#primaryimage\"},\"thumbnailUrl\":\"https:\/\/www.manaus.am.gov.br\/semed\/wp-content\/uploads\/sites\/3\/2026\/09\/55501601057_39eb4a44cf_k.jpg\",\"keywords\":[\"conserva\u00e7\u00e3o da Amaz\u00f4nia\",\"exposi\u00e7\u00e3o\",\"Festival de Morcegos\",\"prefeitura de manaus\",\"semed\"],\"articleSection\":[\"Atividades\"],\"inLanguage\":\"pt-BR\"},{\"@type\":\"WebPage\",\"@id\":\"https:\/\/www.manaus.am.gov.br\/semed\/not\u00edcias\/atividades\/exposicao-festival-de-morcegos\/\",\"url\":\"https:\/\/www.manaus.am.gov.br\/semed\/not\u00edcias\/atividades\/exposicao-festival-de-morcegos\/\",\"name\":\"Exposi\u00e7\u00e3o no Ecam destaca import\u00e2ncia dos morcegos para a conserva\u00e7\u00e3o da Amaz\u00f4nia\",\"isPartOf\":{\"@id\":\"https:\/\/www.manaus.am.gov.br\/semed\/#website\"},\"primaryImageOfPage\":{\"@id\":\"https:\/\/www.manaus.am.gov.br\/semed\/not\u00edcias\/atividades\/exposicao-festival-de-morcegos\/#primaryimage\"},\"image\":{\"@id\":\"https:\/\/www.manaus.am.gov.br\/semed\/not\u00edcias\/atividades\/exposicao-festival-de-morcegos\/#primaryimage\"},\"thumbnailUrl\":\"https:\/\/www.manaus.am.gov.br\/semed\/wp-content\/uploads\/sites\/3\/2026\/09\/55501601057_39eb4a44cf_k.jpg\",\"datePublished\":\"2026-09-01T22:15:07+00:00\",\"dateModified\":\"2026-09-02T16:57:54+00:00\",\"description\":\"Exposi\u00e7\u00e3o da Prefeitura de Manaus no Ecam destaca import\u00e2ncia dos morcegos para a conserva\u00e7\u00e3o da Amaz\u00f4nia.\",\"inLanguage\":\"pt-BR\",\"potentialAction\":[{\"@type\":\"ReadAction\",\"target\":[\"https:\/\/www.manaus.am.gov.br\/semed\/not\u00edcias\/atividades\/exposicao-festival-de-morcegos\/\"]}]},{\"@type\":\"ImageObject\",\"inLanguage\":\"pt-BR\",\"@id\":\"https:\/\/www.manaus.am.gov.br\/semed\/not\u00edcias\/atividades\/exposicao-festival-de-morcegos\/#primaryimage\",\"url\":\"https:\/\/www.manaus.am.gov.br\/semed\/wp-content\/uploads\/sites\/3\/2026\/09\/55501601057_39eb4a44cf_k.jpg\",\"contentUrl\":\"https:\/\/www.manaus.am.gov.br\/semed\/wp-content\/uploads\/sites\/3\/2026\/09\/55501601057_39eb4a44cf_k.jpg\",\"width\":2047,\"height\":1365,\"caption\":\"#paratodosverem - Estudantes da escola municipal Jo\u00e3o D\u2019vries participando do exposi\u00e7\u00e3o \u201cFestival dos Morcegos\u201d realizada no Ecam\"},{\"@type\":\"WebSite\",\"@id\":\"https:\/\/www.manaus.am.gov.br\/semed\/#website\",\"url\":\"https:\/\/www.manaus.am.gov.br\/semed\/\",\"name\":\"Secretaria Municipal de Educa\u00e7\u00e3o\",\"description\":\"Secretaria Municipal de Educa\u00e7\u00e3o\",\"publisher\":{\"@id\":\"https:\/\/www.manaus.am.gov.br\/semed\/#organization\"},\"alternateName\":\"SEMED\",\"potentialAction\":[{\"@type\":\"SearchAction\",\"target\":{\"@type\":\"EntryPoint\",\"urlTemplate\":\"https:\/\/www.manaus.am.gov.br\/semed\/?s={search_term_string}\"},\"query-input\":\"required name=search_term_string\"}],\"inLanguage\":\"pt-BR\"},{\"@type\":\"Organization\",\"@id\":\"https:\/\/www.manaus.am.gov.br\/semed\/#organization\",\"name\":\"Secretaria de Educa\u00e7\u00e3o\",\"alternateName\":\"SEMED\",\"url\":\"https:\/\/www.manaus.am.gov.br\/semed\/\",\"logo\":{\"@type\":\"ImageObject\",\"inLanguage\":\"pt-BR\",\"@id\":\"https:\/\/www.manaus.am.gov.br\/semed\/#\/schema\/logo\/image\/\",\"url\":\"https:\/\/www.manaus.am.gov.br\/semed\/wp-content\/uploads\/sites\/3\/2022\/11\/favicon.png\",\"contentUrl\":\"https:\/\/www.manaus.am.gov.br\/semed\/wp-content\/uploads\/sites\/3\/2022\/11\/favicon.png\",\"width\":300,\"height\":300,\"caption\":\"Secretaria de Educa\u00e7\u00e3o\"},\"image\":{\"@id\":\"https:\/\/www.manaus.am.gov.br\/semed\/#\/schema\/logo\/image\/\"}},{\"@type\":\"Person\",\"@id\":\"https:\/\/www.manaus.am.gov.br\/semed\/#\/schema\/person\/05d223aea2bf115f9883a6ff3683d81b\",\"name\":\"Bruna Greco\",\"image\":{\"@type\":\"ImageObject\",\"inLanguage\":\"pt-BR\",\"@id\":\"https:\/\/www.manaus.am.gov.br\/semed\/#\/schema\/person\/image\/\",\"url\":\"https:\/\/secure.gravatar.com\/avatar\/9c877d1a6adc2a055330e5c09a8653ce?s=96&d=mm&r=g\",\"contentUrl\":\"https:\/\/secure.gravatar.com\/avatar\/9c877d1a6adc2a055330e5c09a8653ce?s=96&d=mm&r=g\",\"caption\":\"Bruna Greco\"}}]}<\/script>\n<!-- \/ Yoast SEO plugin. -->","yoast_head_json":{"title":"Exposi\u00e7\u00e3o no Ecam destaca import\u00e2ncia dos morcegos para a conserva\u00e7\u00e3o da Amaz\u00f4nia","description":"Exposi\u00e7\u00e3o da Prefeitura de Manaus no Ecam destaca import\u00e2ncia dos morcegos para a conserva\u00e7\u00e3o da Amaz\u00f4nia.","robots":{"index":"index","follow":"follow","max-snippet":"max-snippet:-1","max-image-preview":"max-image-preview:large","max-video-preview":"max-video-preview:-1"},"canonical":"https:\/\/www.manaus.am.gov.br\/semed\/not\u00edcias\/atividades\/exposicao-festival-de-morcegos\/","og_locale":"pt_BR","og_type":"article","og_title":"Exposi\u00e7\u00e3o no Ecam destaca import\u00e2ncia dos morcegos para a conserva\u00e7\u00e3o da Amaz\u00f4nia","og_description":"Exposi\u00e7\u00e3o da Prefeitura de Manaus no Ecam destaca import\u00e2ncia dos morcegos para a conserva\u00e7\u00e3o da Amaz\u00f4nia.","og_url":"https:\/\/www.manaus.am.gov.br\/semed\/not\u00edcias\/atividades\/exposicao-festival-de-morcegos\/","og_site_name":"SEMED","article_published_time":"2026-09-01T22:15:07+00:00","article_modified_time":"2026-09-02T16:57:54+00:00","og_image":[{"width":2047,"height":1365,"url":"https:\/\/www.manaus.am.gov.br\/semed\/wp-content\/uploads\/sites\/3\/2026\/09\/55501601057_39eb4a44cf_k.jpg","type":"image\/jpeg"}],"author":"Bruna Greco","twitter_card":"summary_large_image","twitter_misc":{"Written by":"Bruna Greco","Est. reading time":"3 minutos"},"schema":{"@context":"https:\/\/schema.org","@graph":[{"@type":"Article","@id":"https:\/\/www.manaus.am.gov.br\/semed\/not\u00edcias\/atividades\/exposicao-festival-de-morcegos\/#article","isPartOf":{"@id":"https:\/\/www.manaus.am.gov.br\/semed\/not\u00edcias\/atividades\/exposicao-festival-de-morcegos\/"},"author":{"name":"Bruna Greco","@id":"https:\/\/www.manaus.am.gov.br\/semed\/#\/schema\/person\/05d223aea2bf115f9883a6ff3683d81b"},"headline":"Exposi\u00e7\u00e3o da prefeitura no Ecam destaca import\u00e2ncia dos morcegos para a conserva\u00e7\u00e3o da Amaz\u00f4nia","datePublished":"2026-09-01T22:15:07+00:00","dateModified":"2026-09-02T16:57:54+00:00","mainEntityOfPage":{"@id":"https:\/\/www.manaus.am.gov.br\/semed\/not\u00edcias\/atividades\/exposicao-festival-de-morcegos\/"},"wordCount":567,"publisher":{"@id":"https:\/\/www.manaus.am.gov.br\/semed\/#organization"},"image":{"@id":"https:\/\/www.manaus.am.gov.br\/semed\/not\u00edcias\/atividades\/exposicao-festival-de-morcegos\/#primaryimage"},"thumbnailUrl":"https:\/\/www.manaus.am.gov.br\/semed\/wp-content\/uploads\/sites\/3\/2026\/09\/55501601057_39eb4a44cf_k.jpg","keywords":["conserva\u00e7\u00e3o da Amaz\u00f4nia","exposi\u00e7\u00e3o","Festival de Morcegos","prefeitura de manaus","semed"],"articleSection":["Atividades"],"inLanguage":"pt-BR"},{"@type":"WebPage","@id":"https:\/\/www.manaus.am.gov.br\/semed\/not\u00edcias\/atividades\/exposicao-festival-de-morcegos\/","url":"https:\/\/www.manaus.am.gov.br\/semed\/not\u00edcias\/atividades\/exposicao-festival-de-morcegos\/","name":"Exposi\u00e7\u00e3o no Ecam destaca import\u00e2ncia dos morcegos para a conserva\u00e7\u00e3o da Amaz\u00f4nia","isPartOf":{"@id":"https:\/\/www.manaus.am.gov.br\/semed\/#website"},"primaryImageOfPage":{"@id":"https:\/\/www.manaus.am.gov.br\/semed\/not\u00edcias\/atividades\/exposicao-festival-de-morcegos\/#primaryimage"},"image":{"@id":"https:\/\/www.manaus.am.gov.br\/semed\/not\u00edcias\/atividades\/exposicao-festival-de-morcegos\/#primaryimage"},"thumbnailUrl":"https:\/\/www.manaus.am.gov.br\/semed\/wp-content\/uploads\/sites\/3\/2026\/09\/55501601057_39eb4a44cf_k.jpg","datePublished":"2026-09-01T22:15:07+00:00","dateModified":"2026-09-02T16:57:54+00:00","description":"Exposi\u00e7\u00e3o da Prefeitura de Manaus no Ecam destaca import\u00e2ncia dos morcegos para a conserva\u00e7\u00e3o da Amaz\u00f4nia.","inLanguage":"pt-BR","potentialAction":[{"@type":"ReadAction","target":["https:\/\/www.manaus.am.gov.br\/semed\/not\u00edcias\/atividades\/exposicao-festival-de-morcegos\/"]}]},{"@type":"ImageObject","inLanguage":"pt-BR","@id":"https:\/\/www.manaus.am.gov.br\/semed\/not\u00edcias\/atividades\/exposicao-festival-de-morcegos\/#primaryimage","url":"https:\/\/www.manaus.am.gov.br\/semed\/wp-content\/uploads\/sites\/3\/2026\/09\/55501601057_39eb4a44cf_k.jpg","contentUrl":"https:\/\/www.manaus.am.gov.br\/semed\/wp-content\/uploads\/sites\/3\/2026\/09\/55501601057_39eb4a44cf_k.jpg","width":2047,"height":1365,"caption":"#paratodosverem - Estudantes da escola municipal Jo\u00e3o D\u2019vries participando do exposi\u00e7\u00e3o \u201cFestival dos Morcegos\u201d realizada no Ecam"},{"@type":"WebSite","@id":"https:\/\/www.manaus.am.gov.br\/semed\/#website","url":"https:\/\/www.manaus.am.gov.br\/semed\/","name":"Secretaria Municipal de Educa\u00e7\u00e3o","description":"Secretaria Municipal de Educa\u00e7\u00e3o","publisher":{"@id":"https:\/\/www.manaus.am.gov.br\/semed\/#organization"},"alternateName":"SEMED","potentialAction":[{"@type":"SearchAction","target":{"@type":"EntryPoint","urlTemplate":"https:\/\/www.manaus.am.gov.br\/semed\/?s={search_term_string}"},"query-input":"required name=search_term_string"}],"inLanguage":"pt-BR"},{"@type":"Organization","@id":"https:\/\/www.manaus.am.gov.br\/semed\/#organization","name":"Secretaria de Educa\u00e7\u00e3o","alternateName":"SEMED","url":"https:\/\/www.manaus.am.gov.br\/semed\/","logo":{"@type":"ImageObject","inLanguage":"pt-BR","@id":"https:\/\/www.manaus.am.gov.br\/semed\/#\/schema\/logo\/image\/","url":"https:\/\/www.manaus.am.gov.br\/semed\/wp-content\/uploads\/sites\/3\/2022\/11\/favicon.png","contentUrl":"https:\/\/www.manaus.am.gov.br\/semed\/wp-content\/uploads\/sites\/3\/2022\/11\/favicon.png","width":300,"height":300,"caption":"Secretaria de Educa\u00e7\u00e3o"},"image":{"@id":"https:\/\/www.manaus.am.gov.br\/semed\/#\/schema\/logo\/image\/"}},{"@type":"Person","@id":"https:\/\/www.manaus.am.gov.br\/semed\/#\/schema\/person\/05d223aea2bf115f9883a6ff3683d81b","name":"Bruna Greco","image":{"@type":"ImageObject","inLanguage":"pt-BR","@id":"https:\/\/www.manaus.am.gov.br\/semed\/#\/schema\/person\/image\/","url":"https:\/\/secure.gravatar.com\/avatar\/9c877d1a6adc2a055330e5c09a8653ce?s=96&d=mm&r=g","contentUrl":"https:\/\/secure.gravatar.com\/avatar\/9c877d1a6adc2a055330e5c09a8653ce?s=96&d=mm&r=g","caption":"Bruna Greco"}}]}},"_links":{"self":[{"href":"https:\/\/www.manaus.am.gov.br\/semed\/wp-json\/wp\/v2\/posts\/13356"}],"collection":[{"href":"https:\/\/www.manaus.am.gov.br\/semed\/wp-json\/wp\/v2\/posts"}],"about":[{"href":"https:\/\/www.manaus.am.gov.br\/semed\/wp-json\/wp\/v2\/types\/post"}],"author":[{"embeddable":true,"href":"https:\/\/www.manaus.am.gov.br\/semed\/wp-json\/wp\/v2\/users\/39"}],"replies":[{"embeddable":true,"href":"https:\/\/www.manaus.am.gov.br\/semed\/wp-json\/wp\/v2\/comments?post=13356"}],"version-history":[{"count":1,"href":"https:\/\/www.manaus.am.gov.br\/semed\/wp-json\/wp\/v2\/posts\/13356\/revisions"}],"predecessor-version":[{"id":13361,"href":"https:\/\/www.manaus.am.gov.br\/semed\/wp-json\/wp\/v2\/posts\/13356\/revisions\/13361"}],"wp:featuredmedia":[{"embeddable":true,"href":"https:\/\/www.manaus.am.gov.br\/semed\/wp-json\/wp\/v2\/media\/13357"}],"wp:attachment":[{"href":"https:\/\/www.manaus.am.gov.br\/semed\/wp-json\/wp\/v2\/media?parent=13356"}],"wp:term":[{"taxonomy":"category","embeddable":true,"href":"https:\/\/www.manaus.am.gov.br\/semed\/wp-json\/wp\/v2\/categories?post=13356"},{"taxonomy":"post_tag","embeddable":true,"href":"https:\/\/www.manaus.am.gov.br\/semed\/wp-json\/wp\/v2\/tags?post=13356"}],"curies":[{"name":"wp","href":"https:\/\/api.w.org\/{rel}","templated":true}]}}