{"id":13347,"date":"2026-08-31T17:59:36","date_gmt":"2026-08-31T21:59:36","guid":{"rendered":"https:\/\/www.manaus.am.gov.br\/semed\/not\u00edcias\/sem-categoria\/3a-mostra-de-educacao-inclusiva-semed\/"},"modified":"2026-09-01T12:44:16","modified_gmt":"2026-09-01T16:44:16","slug":"3a-mostra-de-educacao-inclusiva-semed","status":"publish","type":"post","link":"https:\/\/www.manaus.am.gov.br\/semed\/not\u00edcias\/atividades\/3a-mostra-de-educacao-inclusiva-semed\/","title":{"rendered":"3\u00aa Mostra de Educa\u00e7\u00e3o Inclusiva re\u00fane pr\u00e1ticas pedag\u00f3gicas da rede municipal de Manaus"},"content":{"rendered":"\n<p>Para encerrar a Semana Nacional da Pessoa com Defici\u00eancia Intelectual e M\u00faltipla, a Prefeitura de Manaus, por meio da <a href=\"https:\/\/www.instagram.com\/semedmanaus\/\">Secretaria Municipal de Educa\u00e7\u00e3o<\/a> (Semed), realizou nesta segunda-feira, 31\/8, a 3\u00aa Mostra de Educa\u00e7\u00e3o Inclusiva, com apresenta\u00e7\u00e3o de pr\u00e1ticas pedag\u00f3gicas voltadas \u00e0 inclus\u00e3o na rede municipal de ensino.\u00a0O evento aconteceu\u00a0no clube da Ordem dos Advogados do Brasil (OAB-AM), na avenida Ephig\u00eanio Salles, no bairro Parque 10 de Novembro, zona Centro-Sul.<\/p>\n\n\n\n<p>A programa\u00e7\u00e3o reuniu gestores, pedagogos, professores especializados, estudantes e familiares para compartilhar experi\u00eancias e metodologias destinadas a alunos com defici\u00eancia, Transtorno do Espectro Autista (TEA), altas habilidades e outras necessidades educacionais espec\u00edficas.<\/p>\n\n\n\n<p>Ao todo, foram 36 estandes com relatos de experi\u00eancias desenvolvidas nas unidades de ensino e recursos did\u00e1ticos adaptados utilizados no cotidiano escolar. As iniciativas destacaram estrat\u00e9gias para ampliar a acessibilidade, a participa\u00e7\u00e3o e a aprendizagem dos estudantes da Educa\u00e7\u00e3o Especial.<\/p>\n\n\n\n<p>Durante a abertura, o secret\u00e1rio municipal de Educa\u00e7\u00e3o, Arone Bentes, destacou a import\u00e2ncia da integra\u00e7\u00e3o entre escola, profissionais e fam\u00edlias para fortalecer a educa\u00e7\u00e3o inclusiva em Manaus. \u201cEste evento \u00e9 muito importante porque re\u00fane fam\u00edlias, profissionais da educa\u00e7\u00e3o e a comunidade escolar para mostrar as boas pr\u00e1ticas e os avan\u00e7os de um segmento que cresce e se fortalece cada vez mais em Manaus\u201d, afirmou.<\/p>\n\n\n\n<p>A gerente de Educa\u00e7\u00e3o Especial da Semed, Amanda Macanoni, explicou que a mostra tamb\u00e9m deu visibilidade ao trabalho realizado nas 303 salas de recursos multifuncionais da rede municipal.<\/p>\n\n\n\n<p>\u201cA rede municipal oferece suporte aos alunos inclu\u00eddos, com apoio escolar, projetos de interven\u00e7\u00e3o, avalia\u00e7\u00e3o multiprofissional e assessoramento pedag\u00f3gico. Hoje, o principal bra\u00e7o da inclus\u00e3o nas escolas \u00e9 a sala de recursos. Por isso, a import\u00e2ncia de mostrar esse trabalho\u201d, destacou.<\/p>\n\n\n\n<p>Al\u00e9m dos estandes, a programa\u00e7\u00e3o contou com exposi\u00e7\u00f5es de materiais produzidos por professores das salas de recursos multifuncionais, apresenta\u00e7\u00f5es culturais com estudantes da rede e circuitos interativos com viv\u00eancias sensoriais, pintura e atividades l\u00fadicas.<\/p>\n\n\n\n<p>A Semed tamb\u00e9m apresentou projetos desenvolvidos no munic\u00edpio, como o \u201cEstimula\u00e7\u00e3o Essencial\u201d e o programa \u201cReeducando para Incluir\u201d, que oferece atendimento multidisciplinar com foco em psicomotricidade e autonomia para estudantes com laudo. Projetos de rob\u00f3tica e outras propostas de aprendizagem interdisciplinar inclusiva tamb\u00e9m fizeram parte da mostra.<\/p>\n\n\n\n<p><strong>Experi\u00eancias<\/strong><\/p>\n\n\n\n<p>Entre as unidades participantes esteve a escola municipal Francisca Campos Corr\u00eaa, no bairro Tarum\u00e3, zona Oeste. A escola atende cerca de 100 estudantes com diferentes tipos de defici\u00eancia e apresentou o projeto \u201cDa Gest\u00e3o \u00e0 Pr\u00e1tica: Construindo uma Escola para Todos\u201d, desenvolvido com a participa\u00e7\u00e3o dos alunos, incluindo os atendidos pela sala de recursos.<\/p>\n\n\n\n<p>Professora do 1\u00ba ao 5\u00ba ano do ensino fundamental, Mariana de Ara\u00fajo, acompanha cerca de 80 estudantes inclu\u00eddos e destacou a import\u00e2ncia da troca de experi\u00eancias proporcionada pela mostra.<\/p>\n\n\n\n<p>\u201cA mostra permite compartilhar conhecimentos e experi\u00eancias que deram certo. Podemos levar essas pr\u00e1ticas para nossas escolas e adapt\u00e1-las \u00e0s nossas realidades\u201d, acrescentou a educadora.<\/p>\n\n\n\n<figure class=\"wp-block-image size-large\"><img loading=\"lazy\" decoding=\"async\" width=\"1024\" height=\"683\" src=\"https:\/\/www.manaus.am.gov.br\/semed\/wp-content\/uploads\/sites\/3\/2026\/08\/55500509356_8fc8a4584b_k-1024x683.jpg\" alt=\"\" class=\"wp-image-13348\" srcset=\"https:\/\/www.manaus.am.gov.br\/semed\/wp-content\/uploads\/sites\/3\/2026\/08\/55500509356_8fc8a4584b_k-1024x683.jpg 1024w, https:\/\/www.manaus.am.gov.br\/semed\/wp-content\/uploads\/sites\/3\/2026\/08\/55500509356_8fc8a4584b_k-300x200.jpg 300w, https:\/\/www.manaus.am.gov.br\/semed\/wp-content\/uploads\/sites\/3\/2026\/08\/55500509356_8fc8a4584b_k-768x512.jpg 768w, https:\/\/www.manaus.am.gov.br\/semed\/wp-content\/uploads\/sites\/3\/2026\/08\/55500509356_8fc8a4584b_k-1536x1024.jpg 1536w, https:\/\/www.manaus.am.gov.br\/semed\/wp-content\/uploads\/sites\/3\/2026\/08\/55500509356_8fc8a4584b_k.jpg 2047w\" sizes=\"(max-width: 1024px) 100vw, 1024px\" \/><figcaption class=\"wp-element-caption\">#paratodosverem &#8211; Atividade<\/figcaption><\/figure>\n\n\n\n<p><a href=\"https:\/\/www.manaus.am.gov.br\/\">PMM<\/a>.<\/p>\n\n\n\n<p>&#8212; &#8212; &#8212;<\/p>\n\n\n\n<p><strong>Texto<\/strong> &#8211; Emerson Santos\/Semed<\/p>\n\n\n\n<p><strong>Fotos<\/strong> &#8211; Eliton Santos\/Semed<\/p>\n\n\n\n<p><strong>Dispon\u00edveis em \u2013<\/strong> <a href=\"https:\/\/flic.kr\/s\/aHBqjD3R41\">https:\/\/flic.kr\/s\/aHBqjD3R41<\/a><\/p>\n","protected":false},"excerpt":{"rendered":"","protected":false},"author":39,"featured_media":13349,"comment_status":"closed","ping_status":"closed","sticky":false,"template":"","format":"standard","meta":{"footnotes":""},"categories":[41],"tags":[3240,2424,1906,52],"acf":[],"yoast_head":"<!-- This site is optimized with the Yoast SEO plugin v23.0 - https:\/\/yoast.com\/wordpress\/plugins\/seo\/ -->\n<title>3\u00aa Mostra de Educa\u00e7\u00e3o Inclusiva re\u00fane pr\u00e1ticas pedag\u00f3gicas da rede municipal de Manaus<\/title>\n<meta name=\"description\" content=\"3\u00aa Mostra de Educa\u00e7\u00e3o Inclusiva re\u00fane pr\u00e1ticas pedag\u00f3gicas da rede municipal de Manaus nesta segunda-feira, 31\/8.\" \/>\n<meta name=\"robots\" content=\"index, follow, max-snippet:-1, max-image-preview:large, max-video-preview:-1\" \/>\n<link rel=\"canonical\" href=\"https:\/\/www.manaus.am.gov.br\/semed\/not\u00edcias\/atividades\/3a-mostra-de-educacao-inclusiva-semed\/\" \/>\n<meta property=\"og:locale\" content=\"pt_BR\" \/>\n<meta property=\"og:type\" content=\"article\" \/>\n<meta property=\"og:title\" content=\"3\u00aa Mostra de Educa\u00e7\u00e3o Inclusiva re\u00fane pr\u00e1ticas pedag\u00f3gicas da rede municipal de Manaus\" \/>\n<meta property=\"og:description\" content=\"3\u00aa Mostra de Educa\u00e7\u00e3o Inclusiva re\u00fane pr\u00e1ticas pedag\u00f3gicas da rede municipal de Manaus nesta segunda-feira, 31\/8.\" \/>\n<meta property=\"og:url\" content=\"https:\/\/www.manaus.am.gov.br\/semed\/not\u00edcias\/atividades\/3a-mostra-de-educacao-inclusiva-semed\/\" \/>\n<meta property=\"og:site_name\" content=\"SEMED\" \/>\n<meta property=\"article:published_time\" content=\"2026-08-31T21:59:36+00:00\" \/>\n<meta property=\"article:modified_time\" content=\"2026-09-01T16:44:16+00:00\" \/>\n<meta property=\"og:image\" content=\"https:\/\/www.manaus.am.gov.br\/semed\/wp-content\/uploads\/sites\/3\/2026\/08\/55500673994_af4a0dcbe5_k-1.jpg\" \/>\n\t<meta property=\"og:image:width\" content=\"2047\" \/>\n\t<meta property=\"og:image:height\" content=\"1365\" \/>\n\t<meta property=\"og:image:type\" content=\"image\/jpeg\" \/>\n<meta name=\"author\" content=\"Bruna Greco\" \/>\n<meta name=\"twitter:card\" content=\"summary_large_image\" \/>\n<meta name=\"twitter:label1\" content=\"Written by\" \/>\n\t<meta name=\"twitter:data1\" content=\"Bruna Greco\" \/>\n\t<meta name=\"twitter:label2\" content=\"Est. reading time\" \/>\n\t<meta name=\"twitter:data2\" content=\"4 minutos\" \/>\n<script type=\"application\/ld+json\" class=\"yoast-schema-graph\">{\"@context\":\"https:\/\/schema.org\",\"@graph\":[{\"@type\":\"Article\",\"@id\":\"https:\/\/www.manaus.am.gov.br\/semed\/not\u00edcias\/atividades\/3a-mostra-de-educacao-inclusiva-semed\/#article\",\"isPartOf\":{\"@id\":\"https:\/\/www.manaus.am.gov.br\/semed\/not\u00edcias\/atividades\/3a-mostra-de-educacao-inclusiva-semed\/\"},\"author\":{\"name\":\"Bruna Greco\",\"@id\":\"https:\/\/www.manaus.am.gov.br\/semed\/#\/schema\/person\/05d223aea2bf115f9883a6ff3683d81b\"},\"headline\":\"3\u00aa Mostra de Educa\u00e7\u00e3o Inclusiva re\u00fane pr\u00e1ticas pedag\u00f3gicas da rede municipal de Manaus\",\"datePublished\":\"2026-08-31T21:59:36+00:00\",\"dateModified\":\"2026-09-01T16:44:16+00:00\",\"mainEntityOfPage\":{\"@id\":\"https:\/\/www.manaus.am.gov.br\/semed\/not\u00edcias\/atividades\/3a-mostra-de-educacao-inclusiva-semed\/\"},\"wordCount\":557,\"publisher\":{\"@id\":\"https:\/\/www.manaus.am.gov.br\/semed\/#organization\"},\"image\":{\"@id\":\"https:\/\/www.manaus.am.gov.br\/semed\/not\u00edcias\/atividades\/3a-mostra-de-educacao-inclusiva-semed\/#primaryimage\"},\"thumbnailUrl\":\"https:\/\/www.manaus.am.gov.br\/semed\/wp-content\/uploads\/sites\/3\/2026\/08\/55500673994_af4a0dcbe5_k-1.jpg\",\"keywords\":[\"3\u00aa Mostra de Educa\u00e7\u00e3o Inclusiva\",\"atividade\",\"pr\u00e1ticas pedag\u00f3gicas\",\"semed\"],\"articleSection\":[\"Atividades\"],\"inLanguage\":\"pt-BR\"},{\"@type\":\"WebPage\",\"@id\":\"https:\/\/www.manaus.am.gov.br\/semed\/not\u00edcias\/atividades\/3a-mostra-de-educacao-inclusiva-semed\/\",\"url\":\"https:\/\/www.manaus.am.gov.br\/semed\/not\u00edcias\/atividades\/3a-mostra-de-educacao-inclusiva-semed\/\",\"name\":\"3\u00aa Mostra de Educa\u00e7\u00e3o Inclusiva re\u00fane pr\u00e1ticas pedag\u00f3gicas da rede municipal de Manaus\",\"isPartOf\":{\"@id\":\"https:\/\/www.manaus.am.gov.br\/semed\/#website\"},\"primaryImageOfPage\":{\"@id\":\"https:\/\/www.manaus.am.gov.br\/semed\/not\u00edcias\/atividades\/3a-mostra-de-educacao-inclusiva-semed\/#primaryimage\"},\"image\":{\"@id\":\"https:\/\/www.manaus.am.gov.br\/semed\/not\u00edcias\/atividades\/3a-mostra-de-educacao-inclusiva-semed\/#primaryimage\"},\"thumbnailUrl\":\"https:\/\/www.manaus.am.gov.br\/semed\/wp-content\/uploads\/sites\/3\/2026\/08\/55500673994_af4a0dcbe5_k-1.jpg\",\"datePublished\":\"2026-08-31T21:59:36+00:00\",\"dateModified\":\"2026-09-01T16:44:16+00:00\",\"description\":\"3\u00aa Mostra de Educa\u00e7\u00e3o Inclusiva re\u00fane pr\u00e1ticas pedag\u00f3gicas da rede municipal de Manaus nesta segunda-feira, 31\/8.\",\"inLanguage\":\"pt-BR\",\"potentialAction\":[{\"@type\":\"ReadAction\",\"target\":[\"https:\/\/www.manaus.am.gov.br\/semed\/not\u00edcias\/atividades\/3a-mostra-de-educacao-inclusiva-semed\/\"]}]},{\"@type\":\"ImageObject\",\"inLanguage\":\"pt-BR\",\"@id\":\"https:\/\/www.manaus.am.gov.br\/semed\/not\u00edcias\/atividades\/3a-mostra-de-educacao-inclusiva-semed\/#primaryimage\",\"url\":\"https:\/\/www.manaus.am.gov.br\/semed\/wp-content\/uploads\/sites\/3\/2026\/08\/55500673994_af4a0dcbe5_k-1.jpg\",\"contentUrl\":\"https:\/\/www.manaus.am.gov.br\/semed\/wp-content\/uploads\/sites\/3\/2026\/08\/55500673994_af4a0dcbe5_k-1.jpg\",\"width\":2047,\"height\":1365,\"caption\":\"#paratodosverem - 3\u00aa Mostra de Educa\u00e7\u00e3o Inclusiva da Semed\"},{\"@type\":\"WebSite\",\"@id\":\"https:\/\/www.manaus.am.gov.br\/semed\/#website\",\"url\":\"https:\/\/www.manaus.am.gov.br\/semed\/\",\"name\":\"Secretaria Municipal de Educa\u00e7\u00e3o\",\"description\":\"Secretaria Municipal de Educa\u00e7\u00e3o\",\"publisher\":{\"@id\":\"https:\/\/www.manaus.am.gov.br\/semed\/#organization\"},\"alternateName\":\"SEMED\",\"potentialAction\":[{\"@type\":\"SearchAction\",\"target\":{\"@type\":\"EntryPoint\",\"urlTemplate\":\"https:\/\/www.manaus.am.gov.br\/semed\/?s={search_term_string}\"},\"query-input\":\"required name=search_term_string\"}],\"inLanguage\":\"pt-BR\"},{\"@type\":\"Organization\",\"@id\":\"https:\/\/www.manaus.am.gov.br\/semed\/#organization\",\"name\":\"Secretaria de Educa\u00e7\u00e3o\",\"alternateName\":\"SEMED\",\"url\":\"https:\/\/www.manaus.am.gov.br\/semed\/\",\"logo\":{\"@type\":\"ImageObject\",\"inLanguage\":\"pt-BR\",\"@id\":\"https:\/\/www.manaus.am.gov.br\/semed\/#\/schema\/logo\/image\/\",\"url\":\"https:\/\/www.manaus.am.gov.br\/semed\/wp-content\/uploads\/sites\/3\/2022\/11\/favicon.png\",\"contentUrl\":\"https:\/\/www.manaus.am.gov.br\/semed\/wp-content\/uploads\/sites\/3\/2022\/11\/favicon.png\",\"width\":300,\"height\":300,\"caption\":\"Secretaria de Educa\u00e7\u00e3o\"},\"image\":{\"@id\":\"https:\/\/www.manaus.am.gov.br\/semed\/#\/schema\/logo\/image\/\"}},{\"@type\":\"Person\",\"@id\":\"https:\/\/www.manaus.am.gov.br\/semed\/#\/schema\/person\/05d223aea2bf115f9883a6ff3683d81b\",\"name\":\"Bruna Greco\",\"image\":{\"@type\":\"ImageObject\",\"inLanguage\":\"pt-BR\",\"@id\":\"https:\/\/www.manaus.am.gov.br\/semed\/#\/schema\/person\/image\/\",\"url\":\"https:\/\/secure.gravatar.com\/avatar\/9c877d1a6adc2a055330e5c09a8653ce?s=96&d=mm&r=g\",\"contentUrl\":\"https:\/\/secure.gravatar.com\/avatar\/9c877d1a6adc2a055330e5c09a8653ce?s=96&d=mm&r=g\",\"caption\":\"Bruna Greco\"}}]}<\/script>\n<!-- \/ Yoast SEO plugin. -->","yoast_head_json":{"title":"3\u00aa Mostra de Educa\u00e7\u00e3o Inclusiva re\u00fane pr\u00e1ticas pedag\u00f3gicas da rede municipal de Manaus","description":"3\u00aa Mostra de Educa\u00e7\u00e3o Inclusiva re\u00fane pr\u00e1ticas pedag\u00f3gicas da rede municipal de Manaus nesta segunda-feira, 31\/8.","robots":{"index":"index","follow":"follow","max-snippet":"max-snippet:-1","max-image-preview":"max-image-preview:large","max-video-preview":"max-video-preview:-1"},"canonical":"https:\/\/www.manaus.am.gov.br\/semed\/not\u00edcias\/atividades\/3a-mostra-de-educacao-inclusiva-semed\/","og_locale":"pt_BR","og_type":"article","og_title":"3\u00aa Mostra de Educa\u00e7\u00e3o Inclusiva re\u00fane pr\u00e1ticas pedag\u00f3gicas da rede municipal de Manaus","og_description":"3\u00aa Mostra de Educa\u00e7\u00e3o Inclusiva re\u00fane pr\u00e1ticas pedag\u00f3gicas da rede municipal de Manaus nesta segunda-feira, 31\/8.","og_url":"https:\/\/www.manaus.am.gov.br\/semed\/not\u00edcias\/atividades\/3a-mostra-de-educacao-inclusiva-semed\/","og_site_name":"SEMED","article_published_time":"2026-08-31T21:59:36+00:00","article_modified_time":"2026-09-01T16:44:16+00:00","og_image":[{"width":2047,"height":1365,"url":"https:\/\/www.manaus.am.gov.br\/semed\/wp-content\/uploads\/sites\/3\/2026\/08\/55500673994_af4a0dcbe5_k-1.jpg","type":"image\/jpeg"}],"author":"Bruna Greco","twitter_card":"summary_large_image","twitter_misc":{"Written by":"Bruna Greco","Est. reading time":"4 minutos"},"schema":{"@context":"https:\/\/schema.org","@graph":[{"@type":"Article","@id":"https:\/\/www.manaus.am.gov.br\/semed\/not\u00edcias\/atividades\/3a-mostra-de-educacao-inclusiva-semed\/#article","isPartOf":{"@id":"https:\/\/www.manaus.am.gov.br\/semed\/not\u00edcias\/atividades\/3a-mostra-de-educacao-inclusiva-semed\/"},"author":{"name":"Bruna Greco","@id":"https:\/\/www.manaus.am.gov.br\/semed\/#\/schema\/person\/05d223aea2bf115f9883a6ff3683d81b"},"headline":"3\u00aa Mostra de Educa\u00e7\u00e3o Inclusiva re\u00fane pr\u00e1ticas pedag\u00f3gicas da rede municipal de Manaus","datePublished":"2026-08-31T21:59:36+00:00","dateModified":"2026-09-01T16:44:16+00:00","mainEntityOfPage":{"@id":"https:\/\/www.manaus.am.gov.br\/semed\/not\u00edcias\/atividades\/3a-mostra-de-educacao-inclusiva-semed\/"},"wordCount":557,"publisher":{"@id":"https:\/\/www.manaus.am.gov.br\/semed\/#organization"},"image":{"@id":"https:\/\/www.manaus.am.gov.br\/semed\/not\u00edcias\/atividades\/3a-mostra-de-educacao-inclusiva-semed\/#primaryimage"},"thumbnailUrl":"https:\/\/www.manaus.am.gov.br\/semed\/wp-content\/uploads\/sites\/3\/2026\/08\/55500673994_af4a0dcbe5_k-1.jpg","keywords":["3\u00aa Mostra de Educa\u00e7\u00e3o Inclusiva","atividade","pr\u00e1ticas pedag\u00f3gicas","semed"],"articleSection":["Atividades"],"inLanguage":"pt-BR"},{"@type":"WebPage","@id":"https:\/\/www.manaus.am.gov.br\/semed\/not\u00edcias\/atividades\/3a-mostra-de-educacao-inclusiva-semed\/","url":"https:\/\/www.manaus.am.gov.br\/semed\/not\u00edcias\/atividades\/3a-mostra-de-educacao-inclusiva-semed\/","name":"3\u00aa Mostra de Educa\u00e7\u00e3o Inclusiva re\u00fane pr\u00e1ticas pedag\u00f3gicas da rede municipal de Manaus","isPartOf":{"@id":"https:\/\/www.manaus.am.gov.br\/semed\/#website"},"primaryImageOfPage":{"@id":"https:\/\/www.manaus.am.gov.br\/semed\/not\u00edcias\/atividades\/3a-mostra-de-educacao-inclusiva-semed\/#primaryimage"},"image":{"@id":"https:\/\/www.manaus.am.gov.br\/semed\/not\u00edcias\/atividades\/3a-mostra-de-educacao-inclusiva-semed\/#primaryimage"},"thumbnailUrl":"https:\/\/www.manaus.am.gov.br\/semed\/wp-content\/uploads\/sites\/3\/2026\/08\/55500673994_af4a0dcbe5_k-1.jpg","datePublished":"2026-08-31T21:59:36+00:00","dateModified":"2026-09-01T16:44:16+00:00","description":"3\u00aa Mostra de Educa\u00e7\u00e3o Inclusiva re\u00fane pr\u00e1ticas pedag\u00f3gicas da rede municipal de Manaus nesta segunda-feira, 31\/8.","inLanguage":"pt-BR","potentialAction":[{"@type":"ReadAction","target":["https:\/\/www.manaus.am.gov.br\/semed\/not\u00edcias\/atividades\/3a-mostra-de-educacao-inclusiva-semed\/"]}]},{"@type":"ImageObject","inLanguage":"pt-BR","@id":"https:\/\/www.manaus.am.gov.br\/semed\/not\u00edcias\/atividades\/3a-mostra-de-educacao-inclusiva-semed\/#primaryimage","url":"https:\/\/www.manaus.am.gov.br\/semed\/wp-content\/uploads\/sites\/3\/2026\/08\/55500673994_af4a0dcbe5_k-1.jpg","contentUrl":"https:\/\/www.manaus.am.gov.br\/semed\/wp-content\/uploads\/sites\/3\/2026\/08\/55500673994_af4a0dcbe5_k-1.jpg","width":2047,"height":1365,"caption":"#paratodosverem - 3\u00aa Mostra de Educa\u00e7\u00e3o Inclusiva da Semed"},{"@type":"WebSite","@id":"https:\/\/www.manaus.am.gov.br\/semed\/#website","url":"https:\/\/www.manaus.am.gov.br\/semed\/","name":"Secretaria Municipal de Educa\u00e7\u00e3o","description":"Secretaria Municipal de Educa\u00e7\u00e3o","publisher":{"@id":"https:\/\/www.manaus.am.gov.br\/semed\/#organization"},"alternateName":"SEMED","potentialAction":[{"@type":"SearchAction","target":{"@type":"EntryPoint","urlTemplate":"https:\/\/www.manaus.am.gov.br\/semed\/?s={search_term_string}"},"query-input":"required name=search_term_string"}],"inLanguage":"pt-BR"},{"@type":"Organization","@id":"https:\/\/www.manaus.am.gov.br\/semed\/#organization","name":"Secretaria de Educa\u00e7\u00e3o","alternateName":"SEMED","url":"https:\/\/www.manaus.am.gov.br\/semed\/","logo":{"@type":"ImageObject","inLanguage":"pt-BR","@id":"https:\/\/www.manaus.am.gov.br\/semed\/#\/schema\/logo\/image\/","url":"https:\/\/www.manaus.am.gov.br\/semed\/wp-content\/uploads\/sites\/3\/2022\/11\/favicon.png","contentUrl":"https:\/\/www.manaus.am.gov.br\/semed\/wp-content\/uploads\/sites\/3\/2022\/11\/favicon.png","width":300,"height":300,"caption":"Secretaria de Educa\u00e7\u00e3o"},"image":{"@id":"https:\/\/www.manaus.am.gov.br\/semed\/#\/schema\/logo\/image\/"}},{"@type":"Person","@id":"https:\/\/www.manaus.am.gov.br\/semed\/#\/schema\/person\/05d223aea2bf115f9883a6ff3683d81b","name":"Bruna Greco","image":{"@type":"ImageObject","inLanguage":"pt-BR","@id":"https:\/\/www.manaus.am.gov.br\/semed\/#\/schema\/person\/image\/","url":"https:\/\/secure.gravatar.com\/avatar\/9c877d1a6adc2a055330e5c09a8653ce?s=96&d=mm&r=g","contentUrl":"https:\/\/secure.gravatar.com\/avatar\/9c877d1a6adc2a055330e5c09a8653ce?s=96&d=mm&r=g","caption":"Bruna Greco"}}]}},"_links":{"self":[{"href":"https:\/\/www.manaus.am.gov.br\/semed\/wp-json\/wp\/v2\/posts\/13347"}],"collection":[{"href":"https:\/\/www.manaus.am.gov.br\/semed\/wp-json\/wp\/v2\/posts"}],"about":[{"href":"https:\/\/www.manaus.am.gov.br\/semed\/wp-json\/wp\/v2\/types\/post"}],"author":[{"embeddable":true,"href":"https:\/\/www.manaus.am.gov.br\/semed\/wp-json\/wp\/v2\/users\/39"}],"replies":[{"embeddable":true,"href":"https:\/\/www.manaus.am.gov.br\/semed\/wp-json\/wp\/v2\/comments?post=13347"}],"version-history":[{"count":5,"href":"https:\/\/www.manaus.am.gov.br\/semed\/wp-json\/wp\/v2\/posts\/13347\/revisions"}],"predecessor-version":[{"id":13355,"href":"https:\/\/www.manaus.am.gov.br\/semed\/wp-json\/wp\/v2\/posts\/13347\/revisions\/13355"}],"wp:featuredmedia":[{"embeddable":true,"href":"https:\/\/www.manaus.am.gov.br\/semed\/wp-json\/wp\/v2\/media\/13349"}],"wp:attachment":[{"href":"https:\/\/www.manaus.am.gov.br\/semed\/wp-json\/wp\/v2\/media?parent=13347"}],"wp:term":[{"taxonomy":"category","embeddable":true,"href":"https:\/\/www.manaus.am.gov.br\/semed\/wp-json\/wp\/v2\/categories?post=13347"},{"taxonomy":"post_tag","embeddable":true,"href":"https:\/\/www.manaus.am.gov.br\/semed\/wp-json\/wp\/v2\/tags?post=13347"}],"curies":[{"name":"wp","href":"https:\/\/api.w.org\/{rel}","templated":true}]}}