{"id":13340,"date":"2026-08-31T12:30:16","date_gmt":"2026-08-31T16:30:16","guid":{"rendered":"https:\/\/www.manaus.am.gov.br\/semed\/not\u00edcias\/sem-categoria\/prefeitura-semed-formacao-tempointegral\/"},"modified":"2026-08-31T13:27:40","modified_gmt":"2026-08-31T17:27:40","slug":"prefeitura-semed-formacao-educacao-tempo-integral","status":"publish","type":"post","link":"https:\/\/www.manaus.am.gov.br\/semed\/not\u00edcias\/formacao\/prefeitura-semed-formacao-educacao-tempo-integral\/","title":{"rendered":"Profissionais da &#8216;Educa\u00e7\u00e3o Integral em Tempo Integral&#8217; participam do 3\u00ba m\u00f3dulo de capacita\u00e7\u00e3o"},"content":{"rendered":"\n<p>A <a href=\"https:\/\/www.manaus.am.gov.br\/\">Prefeitura de Manaus<\/a>, por meio da <a href=\"https:\/\/www.instagram.com\/semedmanaus\/\">Secretaria Municipal de Educa\u00e7\u00e3o<\/a> (Semed), realizou, nesta segunda-feira, 31\/8, o 3\u00ba m\u00f3dulo de capacita\u00e7\u00e3o para profissionais que atuam no programa de \u201cEduca\u00e7\u00e3o Integral em Tempo Integral\u201d. Com o tema \u201cSala de aula em movimento: estrat\u00e9gias ativas para ensinar e aprender\u201d, a forma\u00e7\u00e3o busca fortalecer as pr\u00e1ticas pedag\u00f3gicas, ampliar o uso de tecnologias educacionais e estimular o protagonismo dos estudantes no processo de ensino e aprendizagem. A atividade aconteceu no audit\u00f3rio da Semed, na rua Macei\u00f3, zona Centro-Sul.<\/p>\n\n\n\n<p>A a\u00e7\u00e3o, coordenada pela Divis\u00e3o de Ensino Fundamental da Semed, foi planejada para proporcionar aos participantes uma experi\u00eancia pr\u00e1tica e interativa, apresentando estrat\u00e9gias que podem ser aplicadas no cotidiano escolar. A programa\u00e7\u00e3o tamb\u00e9m contou com atividades integrativas, gin\u00e1stica laboral, promovendo momentos de intera\u00e7\u00e3o, movimento e bem-estar entre os profissionais. &nbsp;<\/p>\n\n\n\n<p>O titular da Semed, Arone Bentes, destacou a import\u00e2ncia da forma\u00e7\u00e3o dos profissionais que atuam na educa\u00e7\u00e3o em tempo integral para a oferta de um ensino de qualidade na rede municipal. &nbsp;<\/p>\n\n\n\n<p>\u201cEssa capacita\u00e7\u00e3o \u00e9 muito importante, porque essa equipe trabalha com o tempo integral, que \u00e9 uma atividade complementar fundamental para a forma\u00e7\u00e3o dos alunos. Prepar\u00e1-los, trein\u00e1-los e oferecer acolhimento e forma\u00e7\u00e3o \u00e9 imprescind\u00edvel para o trabalho que desenvolvemos\u201d, ressaltou o gestor. &nbsp;<\/p>\n\n\n\n<p>O encontro reuniu professores e coordenadores das Organiza\u00e7\u00f5es da Sociedade Civil (OSCs) que atuam na execu\u00e7\u00e3o pedag\u00f3gica do programa. Durante a forma\u00e7\u00e3o, os participantes tiveram contato com estrat\u00e9gias voltadas \u00e0 utiliza\u00e7\u00e3o das tecnologias em sala de aula, para tornar as atividades mais din\u00e2micas e favorecer uma participa\u00e7\u00e3o mais ativa dos estudantes.<\/p>\n\n\n\n<p>A formadora da Ger\u00eancia de Forma\u00e7\u00e3o Continuada (GFC) da Divis\u00e3o de Desenvolvimento Profissional do Magist\u00e9rio (DDPM), Alessandra Boaventura, explicou que a proposta \u00e9 utilizar as tecnologias como ferramentas para tornar o processo de aprendizagem mais significativo. &nbsp;<\/p>\n\n\n\n<p>\u201cEstamos trabalhando as tecnologias educacionais e como podemos fazer a sala de aula ficar em movimento. Hoje, temos uma gera\u00e7\u00e3o de alunos que \u00e9 tecnol\u00f3gica e, quando utilizamos esses recursos na media\u00e7\u00e3o do processo de ensino, a aprendizagem se torna mais significativa. A proposta \u00e9 que o aluno deixe de ser apenas observador e se torne protagonista do pr\u00f3prio processo de aprendizagem\u201d, explicou Alessandra. &nbsp;<\/p>\n\n\n\n<p>Para a professora do 4\u00ba ano da escola municipal Roberto Ruiz Hernandez, Juliane Bel\u00e9m, a capacita\u00e7\u00e3o contribui para o trabalho desenvolvido com os estudantes durante as atividades do programa. &nbsp;<\/p>\n\n\n\n<p>\u201c\u00c9 muito gratificante para n\u00f3s, professores, coordenadores e profissionais de apoio, participarmos dessa capacita\u00e7\u00e3o. Trabalhamos com uma parte diversificada em sala de aula, levando o ensino al\u00e9m da sala, junto com o professor. Por exemplo, enquanto o professor trabalha determinado conte\u00fado, podemos desenvolver outras atividades, como o xadrez\u201d, afirmou a professora. &nbsp;<\/p>\n\n\n\n<p>&#8212; &#8212; &#8212;<\/p>\n\n\n\n<p><strong>Texto<\/strong> &#8211; Jorgiane Castinares\/ Semed &nbsp;<\/p>\n\n\n\n<p><strong>Fotos<\/strong> &#8211; &nbsp;Eliton Santos\/ Semed&nbsp;<\/p>\n\n\n\n<p><strong>Dispon\u00edveis em<\/strong> &#8211;&nbsp;<a href=\"https:\/\/flic.kr\/s\/aHBqjD3PoN\" target=\"_blank\" rel=\"noreferrer noopener\">https:\/\/flic.kr\/s\/aHBqjD3PoN<\/a><\/p>\n","protected":false},"excerpt":{"rendered":"","protected":false},"author":23,"featured_media":13341,"comment_status":"closed","ping_status":"closed","sticky":false,"template":"","format":"standard","meta":{"footnotes":""},"categories":[990],"tags":[160,1880,15,52],"acf":[],"yoast_head":"<!-- This site is optimized with the Yoast SEO plugin v23.0 - https:\/\/yoast.com\/wordpress\/plugins\/seo\/ -->\n<title>Profissionais da &#039;Educa\u00e7\u00e3o Integral em Tempo Integral&#039; participam do 3\u00ba m\u00f3dulo de capacita\u00e7\u00e3o<\/title>\n<meta name=\"description\" content=\"A Prefeitura de Manaus, por meio da Secretaria Municipal de Educa\u00e7\u00e3o (Semed), realizou, nesta segunda-feira, 31\/8, o 3\u00ba m\u00f3dulo de capacita\u00e7\u00e3o para profissionais que atuam no programa de \u201cEduca\u00e7\u00e3o Integral em Tempo Integral\u201d.\" \/>\n<meta name=\"robots\" content=\"index, follow, max-snippet:-1, max-image-preview:large, max-video-preview:-1\" \/>\n<link rel=\"canonical\" href=\"https:\/\/www.manaus.am.gov.br\/semed\/not\u00edcias\/formacao\/prefeitura-semed-formacao-tempointegral\/\" \/>\n<meta property=\"og:locale\" content=\"pt_BR\" \/>\n<meta property=\"og:type\" content=\"article\" \/>\n<meta property=\"og:title\" content=\"Profissionais da &#039;Educa\u00e7\u00e3o Integral em Tempo Integral&#039; participam do 3\u00ba m\u00f3dulo de capacita\u00e7\u00e3o\" \/>\n<meta property=\"og:description\" content=\"A Prefeitura de Manaus, por meio da Secretaria Municipal de Educa\u00e7\u00e3o (Semed), realizou, nesta segunda-feira, 31\/8, o 3\u00ba m\u00f3dulo de capacita\u00e7\u00e3o para profissionais que atuam no programa de \u201cEduca\u00e7\u00e3o Integral em Tempo Integral\u201d.\" \/>\n<meta property=\"og:url\" content=\"https:\/\/www.manaus.am.gov.br\/semed\/not\u00edcias\/formacao\/prefeitura-semed-formacao-tempointegral\/\" \/>\n<meta property=\"og:site_name\" content=\"SEMED\" \/>\n<meta property=\"article:published_time\" content=\"2026-08-31T16:30:16+00:00\" \/>\n<meta property=\"article:modified_time\" content=\"2026-08-31T17:27:40+00:00\" \/>\n<meta property=\"og:image\" content=\"https:\/\/www.manaus.am.gov.br\/semed\/wp-content\/uploads\/sites\/3\/2026\/08\/55499899229_b4c09f9fee_c.jpg\" \/>\n\t<meta property=\"og:image:width\" content=\"799\" \/>\n\t<meta property=\"og:image:height\" content=\"533\" \/>\n\t<meta property=\"og:image:type\" content=\"image\/jpeg\" \/>\n<meta name=\"author\" content=\"Adriana Costa\" \/>\n<meta name=\"twitter:card\" content=\"summary_large_image\" \/>\n<meta name=\"twitter:label1\" content=\"Written by\" \/>\n\t<meta name=\"twitter:data1\" content=\"Adriana Costa\" \/>\n\t<meta name=\"twitter:label2\" content=\"Est. reading time\" \/>\n\t<meta name=\"twitter:data2\" content=\"3 minutos\" \/>\n<script type=\"application\/ld+json\" class=\"yoast-schema-graph\">{\"@context\":\"https:\/\/schema.org\",\"@graph\":[{\"@type\":\"Article\",\"@id\":\"https:\/\/www.manaus.am.gov.br\/semed\/not\u00edcias\/formacao\/prefeitura-semed-formacao-tempointegral\/#article\",\"isPartOf\":{\"@id\":\"https:\/\/www.manaus.am.gov.br\/semed\/not\u00edcias\/formacao\/prefeitura-semed-formacao-tempointegral\/\"},\"author\":{\"name\":\"Adriana Costa\",\"@id\":\"https:\/\/www.manaus.am.gov.br\/semed\/#\/schema\/person\/4e49f4e267757a06ca072ec61b2b9968\"},\"headline\":\"Profissionais da &#8216;Educa\u00e7\u00e3o Integral em Tempo Integral&#8217; participam do 3\u00ba m\u00f3dulo de capacita\u00e7\u00e3o\",\"datePublished\":\"2026-08-31T16:30:16+00:00\",\"dateModified\":\"2026-08-31T17:27:40+00:00\",\"mainEntityOfPage\":{\"@id\":\"https:\/\/www.manaus.am.gov.br\/semed\/not\u00edcias\/formacao\/prefeitura-semed-formacao-tempointegral\/\"},\"wordCount\":523,\"publisher\":{\"@id\":\"https:\/\/www.manaus.am.gov.br\/semed\/#organization\"},\"image\":{\"@id\":\"https:\/\/www.manaus.am.gov.br\/semed\/not\u00edcias\/formacao\/prefeitura-semed-formacao-tempointegral\/#primaryimage\"},\"thumbnailUrl\":\"https:\/\/www.manaus.am.gov.br\/semed\/wp-content\/uploads\/sites\/3\/2026\/08\/55499899229_b4c09f9fee_c.jpg\",\"keywords\":[\"capacita\u00e7\u00e3o\",\"Educa\u00e7\u00e3o Integral\",\"prefeitura de manaus\",\"semed\"],\"articleSection\":[\"Forma\u00e7\u00e3o\"],\"inLanguage\":\"pt-BR\"},{\"@type\":\"WebPage\",\"@id\":\"https:\/\/www.manaus.am.gov.br\/semed\/not\u00edcias\/formacao\/prefeitura-semed-formacao-tempointegral\/\",\"url\":\"https:\/\/www.manaus.am.gov.br\/semed\/not\u00edcias\/formacao\/prefeitura-semed-formacao-tempointegral\/\",\"name\":\"Profissionais da 'Educa\u00e7\u00e3o Integral em Tempo Integral' participam do 3\u00ba m\u00f3dulo de capacita\u00e7\u00e3o\",\"isPartOf\":{\"@id\":\"https:\/\/www.manaus.am.gov.br\/semed\/#website\"},\"primaryImageOfPage\":{\"@id\":\"https:\/\/www.manaus.am.gov.br\/semed\/not\u00edcias\/formacao\/prefeitura-semed-formacao-tempointegral\/#primaryimage\"},\"image\":{\"@id\":\"https:\/\/www.manaus.am.gov.br\/semed\/not\u00edcias\/formacao\/prefeitura-semed-formacao-tempointegral\/#primaryimage\"},\"thumbnailUrl\":\"https:\/\/www.manaus.am.gov.br\/semed\/wp-content\/uploads\/sites\/3\/2026\/08\/55499899229_b4c09f9fee_c.jpg\",\"datePublished\":\"2026-08-31T16:30:16+00:00\",\"dateModified\":\"2026-08-31T17:27:40+00:00\",\"description\":\"A Prefeitura de Manaus, por meio da Secretaria Municipal de Educa\u00e7\u00e3o (Semed), realizou, nesta segunda-feira, 31\/8, o 3\u00ba m\u00f3dulo de capacita\u00e7\u00e3o para profissionais que atuam no programa de \u201cEduca\u00e7\u00e3o Integral em Tempo Integral\u201d.\",\"inLanguage\":\"pt-BR\",\"potentialAction\":[{\"@type\":\"ReadAction\",\"target\":[\"https:\/\/www.manaus.am.gov.br\/semed\/not\u00edcias\/formacao\/prefeitura-semed-formacao-tempointegral\/\"]}]},{\"@type\":\"ImageObject\",\"inLanguage\":\"pt-BR\",\"@id\":\"https:\/\/www.manaus.am.gov.br\/semed\/not\u00edcias\/formacao\/prefeitura-semed-formacao-tempointegral\/#primaryimage\",\"url\":\"https:\/\/www.manaus.am.gov.br\/semed\/wp-content\/uploads\/sites\/3\/2026\/08\/55499899229_b4c09f9fee_c.jpg\",\"contentUrl\":\"https:\/\/www.manaus.am.gov.br\/semed\/wp-content\/uploads\/sites\/3\/2026\/08\/55499899229_b4c09f9fee_c.jpg\",\"width\":799,\"height\":533,\"caption\":\"#paratodosverem - Secret\u00e1rio da Semed, Arone Bentes, fala com p\u00fablico do 3\u00ba m\u00f3dulo de capacita\u00e7\u00e3o sobre educa\u00e7\u00e3o em tempo integral\"},{\"@type\":\"WebSite\",\"@id\":\"https:\/\/www.manaus.am.gov.br\/semed\/#website\",\"url\":\"https:\/\/www.manaus.am.gov.br\/semed\/\",\"name\":\"Secretaria Municipal de Educa\u00e7\u00e3o\",\"description\":\"Secretaria Municipal de Educa\u00e7\u00e3o\",\"publisher\":{\"@id\":\"https:\/\/www.manaus.am.gov.br\/semed\/#organization\"},\"alternateName\":\"SEMED\",\"potentialAction\":[{\"@type\":\"SearchAction\",\"target\":{\"@type\":\"EntryPoint\",\"urlTemplate\":\"https:\/\/www.manaus.am.gov.br\/semed\/?s={search_term_string}\"},\"query-input\":\"required name=search_term_string\"}],\"inLanguage\":\"pt-BR\"},{\"@type\":\"Organization\",\"@id\":\"https:\/\/www.manaus.am.gov.br\/semed\/#organization\",\"name\":\"Secretaria de Educa\u00e7\u00e3o\",\"alternateName\":\"SEMED\",\"url\":\"https:\/\/www.manaus.am.gov.br\/semed\/\",\"logo\":{\"@type\":\"ImageObject\",\"inLanguage\":\"pt-BR\",\"@id\":\"https:\/\/www.manaus.am.gov.br\/semed\/#\/schema\/logo\/image\/\",\"url\":\"https:\/\/www.manaus.am.gov.br\/semed\/wp-content\/uploads\/sites\/3\/2022\/11\/favicon.png\",\"contentUrl\":\"https:\/\/www.manaus.am.gov.br\/semed\/wp-content\/uploads\/sites\/3\/2022\/11\/favicon.png\",\"width\":300,\"height\":300,\"caption\":\"Secretaria de Educa\u00e7\u00e3o\"},\"image\":{\"@id\":\"https:\/\/www.manaus.am.gov.br\/semed\/#\/schema\/logo\/image\/\"}},{\"@type\":\"Person\",\"@id\":\"https:\/\/www.manaus.am.gov.br\/semed\/#\/schema\/person\/4e49f4e267757a06ca072ec61b2b9968\",\"name\":\"Adriana Costa\",\"image\":{\"@type\":\"ImageObject\",\"inLanguage\":\"pt-BR\",\"@id\":\"https:\/\/www.manaus.am.gov.br\/semed\/#\/schema\/person\/image\/\",\"url\":\"https:\/\/secure.gravatar.com\/avatar\/576258617ef7194f718179e766d57bd4?s=96&d=mm&r=g\",\"contentUrl\":\"https:\/\/secure.gravatar.com\/avatar\/576258617ef7194f718179e766d57bd4?s=96&d=mm&r=g\",\"caption\":\"Adriana Costa\"}}]}<\/script>\n<!-- \/ Yoast SEO plugin. -->","yoast_head_json":{"title":"Profissionais da 'Educa\u00e7\u00e3o Integral em Tempo Integral' participam do 3\u00ba m\u00f3dulo de capacita\u00e7\u00e3o","description":"A Prefeitura de Manaus, por meio da Secretaria Municipal de Educa\u00e7\u00e3o (Semed), realizou, nesta segunda-feira, 31\/8, o 3\u00ba m\u00f3dulo de capacita\u00e7\u00e3o para profissionais que atuam no programa de \u201cEduca\u00e7\u00e3o Integral em Tempo Integral\u201d.","robots":{"index":"index","follow":"follow","max-snippet":"max-snippet:-1","max-image-preview":"max-image-preview:large","max-video-preview":"max-video-preview:-1"},"canonical":"https:\/\/www.manaus.am.gov.br\/semed\/not\u00edcias\/formacao\/prefeitura-semed-formacao-tempointegral\/","og_locale":"pt_BR","og_type":"article","og_title":"Profissionais da 'Educa\u00e7\u00e3o Integral em Tempo Integral' participam do 3\u00ba m\u00f3dulo de capacita\u00e7\u00e3o","og_description":"A Prefeitura de Manaus, por meio da Secretaria Municipal de Educa\u00e7\u00e3o (Semed), realizou, nesta segunda-feira, 31\/8, o 3\u00ba m\u00f3dulo de capacita\u00e7\u00e3o para profissionais que atuam no programa de \u201cEduca\u00e7\u00e3o Integral em Tempo Integral\u201d.","og_url":"https:\/\/www.manaus.am.gov.br\/semed\/not\u00edcias\/formacao\/prefeitura-semed-formacao-tempointegral\/","og_site_name":"SEMED","article_published_time":"2026-08-31T16:30:16+00:00","article_modified_time":"2026-08-31T17:27:40+00:00","og_image":[{"width":799,"height":533,"url":"https:\/\/www.manaus.am.gov.br\/semed\/wp-content\/uploads\/sites\/3\/2026\/08\/55499899229_b4c09f9fee_c.jpg","type":"image\/jpeg"}],"author":"Adriana Costa","twitter_card":"summary_large_image","twitter_misc":{"Written by":"Adriana Costa","Est. reading time":"3 minutos"},"schema":{"@context":"https:\/\/schema.org","@graph":[{"@type":"Article","@id":"https:\/\/www.manaus.am.gov.br\/semed\/not\u00edcias\/formacao\/prefeitura-semed-formacao-tempointegral\/#article","isPartOf":{"@id":"https:\/\/www.manaus.am.gov.br\/semed\/not\u00edcias\/formacao\/prefeitura-semed-formacao-tempointegral\/"},"author":{"name":"Adriana Costa","@id":"https:\/\/www.manaus.am.gov.br\/semed\/#\/schema\/person\/4e49f4e267757a06ca072ec61b2b9968"},"headline":"Profissionais da &#8216;Educa\u00e7\u00e3o Integral em Tempo Integral&#8217; participam do 3\u00ba m\u00f3dulo de capacita\u00e7\u00e3o","datePublished":"2026-08-31T16:30:16+00:00","dateModified":"2026-08-31T17:27:40+00:00","mainEntityOfPage":{"@id":"https:\/\/www.manaus.am.gov.br\/semed\/not\u00edcias\/formacao\/prefeitura-semed-formacao-tempointegral\/"},"wordCount":523,"publisher":{"@id":"https:\/\/www.manaus.am.gov.br\/semed\/#organization"},"image":{"@id":"https:\/\/www.manaus.am.gov.br\/semed\/not\u00edcias\/formacao\/prefeitura-semed-formacao-tempointegral\/#primaryimage"},"thumbnailUrl":"https:\/\/www.manaus.am.gov.br\/semed\/wp-content\/uploads\/sites\/3\/2026\/08\/55499899229_b4c09f9fee_c.jpg","keywords":["capacita\u00e7\u00e3o","Educa\u00e7\u00e3o Integral","prefeitura de manaus","semed"],"articleSection":["Forma\u00e7\u00e3o"],"inLanguage":"pt-BR"},{"@type":"WebPage","@id":"https:\/\/www.manaus.am.gov.br\/semed\/not\u00edcias\/formacao\/prefeitura-semed-formacao-tempointegral\/","url":"https:\/\/www.manaus.am.gov.br\/semed\/not\u00edcias\/formacao\/prefeitura-semed-formacao-tempointegral\/","name":"Profissionais da 'Educa\u00e7\u00e3o Integral em Tempo Integral' participam do 3\u00ba m\u00f3dulo de capacita\u00e7\u00e3o","isPartOf":{"@id":"https:\/\/www.manaus.am.gov.br\/semed\/#website"},"primaryImageOfPage":{"@id":"https:\/\/www.manaus.am.gov.br\/semed\/not\u00edcias\/formacao\/prefeitura-semed-formacao-tempointegral\/#primaryimage"},"image":{"@id":"https:\/\/www.manaus.am.gov.br\/semed\/not\u00edcias\/formacao\/prefeitura-semed-formacao-tempointegral\/#primaryimage"},"thumbnailUrl":"https:\/\/www.manaus.am.gov.br\/semed\/wp-content\/uploads\/sites\/3\/2026\/08\/55499899229_b4c09f9fee_c.jpg","datePublished":"2026-08-31T16:30:16+00:00","dateModified":"2026-08-31T17:27:40+00:00","description":"A Prefeitura de Manaus, por meio da Secretaria Municipal de Educa\u00e7\u00e3o (Semed), realizou, nesta segunda-feira, 31\/8, o 3\u00ba m\u00f3dulo de capacita\u00e7\u00e3o para profissionais que atuam no programa de \u201cEduca\u00e7\u00e3o Integral em Tempo Integral\u201d.","inLanguage":"pt-BR","potentialAction":[{"@type":"ReadAction","target":["https:\/\/www.manaus.am.gov.br\/semed\/not\u00edcias\/formacao\/prefeitura-semed-formacao-tempointegral\/"]}]},{"@type":"ImageObject","inLanguage":"pt-BR","@id":"https:\/\/www.manaus.am.gov.br\/semed\/not\u00edcias\/formacao\/prefeitura-semed-formacao-tempointegral\/#primaryimage","url":"https:\/\/www.manaus.am.gov.br\/semed\/wp-content\/uploads\/sites\/3\/2026\/08\/55499899229_b4c09f9fee_c.jpg","contentUrl":"https:\/\/www.manaus.am.gov.br\/semed\/wp-content\/uploads\/sites\/3\/2026\/08\/55499899229_b4c09f9fee_c.jpg","width":799,"height":533,"caption":"#paratodosverem - Secret\u00e1rio da Semed, Arone Bentes, fala com p\u00fablico do 3\u00ba m\u00f3dulo de capacita\u00e7\u00e3o sobre educa\u00e7\u00e3o em tempo integral"},{"@type":"WebSite","@id":"https:\/\/www.manaus.am.gov.br\/semed\/#website","url":"https:\/\/www.manaus.am.gov.br\/semed\/","name":"Secretaria Municipal de Educa\u00e7\u00e3o","description":"Secretaria Municipal de Educa\u00e7\u00e3o","publisher":{"@id":"https:\/\/www.manaus.am.gov.br\/semed\/#organization"},"alternateName":"SEMED","potentialAction":[{"@type":"SearchAction","target":{"@type":"EntryPoint","urlTemplate":"https:\/\/www.manaus.am.gov.br\/semed\/?s={search_term_string}"},"query-input":"required name=search_term_string"}],"inLanguage":"pt-BR"},{"@type":"Organization","@id":"https:\/\/www.manaus.am.gov.br\/semed\/#organization","name":"Secretaria de Educa\u00e7\u00e3o","alternateName":"SEMED","url":"https:\/\/www.manaus.am.gov.br\/semed\/","logo":{"@type":"ImageObject","inLanguage":"pt-BR","@id":"https:\/\/www.manaus.am.gov.br\/semed\/#\/schema\/logo\/image\/","url":"https:\/\/www.manaus.am.gov.br\/semed\/wp-content\/uploads\/sites\/3\/2022\/11\/favicon.png","contentUrl":"https:\/\/www.manaus.am.gov.br\/semed\/wp-content\/uploads\/sites\/3\/2022\/11\/favicon.png","width":300,"height":300,"caption":"Secretaria de Educa\u00e7\u00e3o"},"image":{"@id":"https:\/\/www.manaus.am.gov.br\/semed\/#\/schema\/logo\/image\/"}},{"@type":"Person","@id":"https:\/\/www.manaus.am.gov.br\/semed\/#\/schema\/person\/4e49f4e267757a06ca072ec61b2b9968","name":"Adriana Costa","image":{"@type":"ImageObject","inLanguage":"pt-BR","@id":"https:\/\/www.manaus.am.gov.br\/semed\/#\/schema\/person\/image\/","url":"https:\/\/secure.gravatar.com\/avatar\/576258617ef7194f718179e766d57bd4?s=96&d=mm&r=g","contentUrl":"https:\/\/secure.gravatar.com\/avatar\/576258617ef7194f718179e766d57bd4?s=96&d=mm&r=g","caption":"Adriana Costa"}}]}},"_links":{"self":[{"href":"https:\/\/www.manaus.am.gov.br\/semed\/wp-json\/wp\/v2\/posts\/13340"}],"collection":[{"href":"https:\/\/www.manaus.am.gov.br\/semed\/wp-json\/wp\/v2\/posts"}],"about":[{"href":"https:\/\/www.manaus.am.gov.br\/semed\/wp-json\/wp\/v2\/types\/post"}],"author":[{"embeddable":true,"href":"https:\/\/www.manaus.am.gov.br\/semed\/wp-json\/wp\/v2\/users\/23"}],"replies":[{"embeddable":true,"href":"https:\/\/www.manaus.am.gov.br\/semed\/wp-json\/wp\/v2\/comments?post=13340"}],"version-history":[{"count":1,"href":"https:\/\/www.manaus.am.gov.br\/semed\/wp-json\/wp\/v2\/posts\/13340\/revisions"}],"predecessor-version":[{"id":13342,"href":"https:\/\/www.manaus.am.gov.br\/semed\/wp-json\/wp\/v2\/posts\/13340\/revisions\/13342"}],"wp:featuredmedia":[{"embeddable":true,"href":"https:\/\/www.manaus.am.gov.br\/semed\/wp-json\/wp\/v2\/media\/13341"}],"wp:attachment":[{"href":"https:\/\/www.manaus.am.gov.br\/semed\/wp-json\/wp\/v2\/media?parent=13340"}],"wp:term":[{"taxonomy":"category","embeddable":true,"href":"https:\/\/www.manaus.am.gov.br\/semed\/wp-json\/wp\/v2\/categories?post=13340"},{"taxonomy":"post_tag","embeddable":true,"href":"https:\/\/www.manaus.am.gov.br\/semed\/wp-json\/wp\/v2\/tags?post=13340"}],"curies":[{"name":"wp","href":"https:\/\/api.w.org\/{rel}","templated":true}]}}