{"id":11629,"date":"2026-04-30T17:29:42","date_gmt":"2026-04-30T21:29:42","guid":{"rendered":"https:\/\/www.manaus.am.gov.br\/semed\/not\u00edcias\/sem-categoria\/fase-final-concurso-nacional-receitas-alimentacao-escolar\/"},"modified":"2026-04-30T17:29:42","modified_gmt":"2026-04-30T21:29:42","slug":"fase-final-concurso-nacional-receitas-alimentacao-escolar","status":"publish","type":"post","link":"https:\/\/www.manaus.am.gov.br\/semed\/not\u00edcias\/destaque\/fase-final-concurso-nacional-receitas-alimentacao-escolar\/","title":{"rendered":"Tr\u00eas unidades de ensino da Prefeitura de Manaus avan\u00e7am para fase final em concurso nacional de Melhores Receitas de Alimenta\u00e7\u00e3o Escolar"},"content":{"rendered":"\n<p>Com receitas totalmente regionais, tr\u00eas unidades de ensino da Prefeitura de Manaus foram classificadas para a 3\u00aa terceira etapa do Concurso Melhores Receitas da Alimenta\u00e7\u00e3o Escolar, promovido pelo Fundo Nacional de Desenvolvimento da Educa\u00e7\u00e3o (FNDE). Das tr\u00eas unidades de ensino, a creche municipal Magdalena Arce Daou conseguiu obter 100 pontos, ficando em primeiro lugar no ranking geral no Estado do Amazonas nesta fase, em seguida ficaram com 98 pontos o Centro Municipal de Educa\u00e7\u00e3o Infantil (Cmei) Manuel Bandeira e Creche Municipal Manuel Oct\u00e1vio Rodrigues de Souza.<\/p>\n\n\n\n<p>Nessa fase, todas as unidades classificadas v\u00e3o concorrer a uma vota\u00e7\u00e3o popular que acontecer\u00e1 entre o dia 15 a 30 de maio de 2026. A lista das escolas classificadas para esta fase foi divulgada nesta quinta-feira, 30\/4. Ao todo, 2.772 receitas de todo o pa\u00eds foram avaliadas pela comiss\u00e3o julgadora, que selecionou 136 prepara\u00e7\u00f5es para a pr\u00f3xima fase da iniciativa.&nbsp;<\/p>\n\n\n\n<p>O concurso valoriza o uso de ingredientes locais, da agricultura familiar e alimentos in natura, bem como os manipuladores de alimentos de todo o Brasil.<\/p>\n\n\n\n<p>A creche municipal Magdalena Arce Daou alcan\u00e7ou 100 pontos com a receita Refogadinho de Caruru, o Cmei Escritor Manuel bandeira avan\u00e7ou para a pr\u00f3xima fase com Steak de Pirarucu com Banana Pacov\u00e3 e a creche municipal Manuel Oct\u00e1vio Rodrigues de Souza&nbsp;&nbsp;&nbsp;com a receita \u201cTambaquizinho da Floresta\u201d (bolinho de macaxeira com desfiado de peixe de tambaqui).<\/p>\n\n\n\n<p>A manipuladora de alimentos da Madalena Arce Daou, Maria Ivanete dos Santos, ressaltou que est\u00e1 feliz por ter passado para a etapa final da competi\u00e7\u00e3o e que est\u00e1 confiante para ser a campe\u00e3 pelo estado do Amazonas.<\/p>\n\n\n\n<p>\u201cEstou muito grata por ter conseguido chegar na final e a expectativa \u00e9 muito grande para trazer o pr\u00eamio para minha escola, para Semed. Estamos com f\u00e9 e confiantes nesta reta final\u201d, destacou a manipuladora Maria.<\/p>\n\n\n\n<p>A gerente de Nutri\u00e7\u00e3o da Semed, Joseline de Almeida, destaca a import\u00e2ncia de ter escolas classificadas nesse concurso.<\/p>\n\n\n\n<p>\u201cEssa classifica\u00e7\u00e3o das escolas da Semed Manaus mostra que a alimenta\u00e7\u00e3o escolar \u00e9 pensada com base na regionaliza\u00e7\u00e3o e na diversidade, valorizando alimentos in natura e minimamente processados, ou seja, comida de verdade. E isso \u00e9 muito importante porque n\u00e3o \u00e9 s\u00f3 alimentar, \u00e9 nutrir de forma adequada. Quando o aluno se alimenta bem, ele tem mais energia, melhora a concentra\u00e7\u00e3o, aprende melhor e tem um desenvolvimento mais saud\u00e1vel\u201d, ressaltou a gerente.<\/p>\n\n\n\n<p>Ao final do processo, ser\u00e3o premiadas duas receitas por unidade da Federa\u00e7\u00e3o e uma receita da entidade executora federal, totalizando 55 merendeiras e merendeiros vencedores, juntamente com as escolas que representam. Cada participante premiado receber\u00e1 R$ 5 mil, enquanto a escola vinculada \u00e0 receita vencedora ser\u00e1 contemplada com R$ 8 mil, valor que dever\u00e1 ser aplicado na aquisi\u00e7\u00e3o de equipamentos ou na melhoria da infraestrutura da cozinha escolar. As 55 receitas vencedoras tamb\u00e9m ser\u00e3o reunidas em um e-book digital.\u00a0<\/p>\n\n\n\n<figure class=\"wp-block-image size-large\"><img loading=\"lazy\" decoding=\"async\" width=\"1024\" height=\"683\" src=\"https:\/\/www.manaus.am.gov.br\/semed\/wp-content\/uploads\/sites\/3\/2026\/04\/55225323837_74d99dfe7c_k-1024x683.jpg\" alt=\"\" class=\"wp-image-11631\" srcset=\"https:\/\/www.manaus.am.gov.br\/semed\/wp-content\/uploads\/sites\/3\/2026\/04\/55225323837_74d99dfe7c_k-1024x683.jpg 1024w, https:\/\/www.manaus.am.gov.br\/semed\/wp-content\/uploads\/sites\/3\/2026\/04\/55225323837_74d99dfe7c_k-300x200.jpg 300w, https:\/\/www.manaus.am.gov.br\/semed\/wp-content\/uploads\/sites\/3\/2026\/04\/55225323837_74d99dfe7c_k-768x512.jpg 768w, https:\/\/www.manaus.am.gov.br\/semed\/wp-content\/uploads\/sites\/3\/2026\/04\/55225323837_74d99dfe7c_k-1536x1024.jpg 1536w, https:\/\/www.manaus.am.gov.br\/semed\/wp-content\/uploads\/sites\/3\/2026\/04\/55225323837_74d99dfe7c_k.jpg 2048w\" sizes=\"(max-width: 1024px) 100vw, 1024px\" \/><figcaption class=\"wp-element-caption\">#paratodosverem &#8211; Concurso<\/figcaption><\/figure>\n\n\n\n<p>&#8212; &#8212; &#8212;<\/p>\n\n\n\n<p><strong>Texto &#8211;<\/strong> Emerson Santos\/Semed<\/p>\n\n\n\n<p><strong>Fotos &#8211;<\/strong> Cl\u00f3vis Miranda\/ Semcom<\/p>\n\n\n\n<p><strong>Dispon\u00edveis em &#8211;<\/strong> <a href=\"https:\/\/flic.kr\/s\/aHBqjCRQqS\">https:\/\/flic.kr\/s\/aHBqjCRQqS<\/a><\/p>\n","protected":false},"excerpt":{"rendered":"","protected":false},"author":39,"featured_media":11630,"comment_status":"closed","ping_status":"closed","sticky":false,"template":"","format":"standard","meta":{"footnotes":""},"categories":[1070],"tags":[2927,2928,2929,15,52,2930],"acf":[],"yoast_head":"<!-- This site is optimized with the Yoast SEO plugin v23.0 - https:\/\/yoast.com\/wordpress\/plugins\/seo\/ -->\n<title>Tr\u00eas unidades de ensino da Prefeitura de Manaus avan\u00e7am para fase final em concurso nacional de Melhores Receitas de Alimenta\u00e7\u00e3o Escolar<\/title>\n<meta name=\"description\" content=\"Tr\u00eas unidades de ensino da Prefeitura de Manaus avan\u00e7am para fase final em concurso nacional de Melhores Receitas de Alimenta\u00e7\u00e3o Escolar.\" \/>\n<meta name=\"robots\" content=\"index, follow, max-snippet:-1, max-image-preview:large, max-video-preview:-1\" \/>\n<link rel=\"canonical\" href=\"https:\/\/www.manaus.am.gov.br\/semed\/not\u00edcias\/destaque\/fase-final-concurso-nacional-receitas-alimentacao-escolar\/\" \/>\n<meta property=\"og:locale\" content=\"pt_BR\" \/>\n<meta property=\"og:type\" content=\"article\" \/>\n<meta property=\"og:title\" content=\"Tr\u00eas unidades de ensino da Prefeitura de Manaus avan\u00e7am para fase final em concurso nacional de Melhores Receitas de Alimenta\u00e7\u00e3o Escolar\" \/>\n<meta property=\"og:description\" content=\"Tr\u00eas unidades de ensino da Prefeitura de Manaus avan\u00e7am para fase final em concurso nacional de Melhores Receitas de Alimenta\u00e7\u00e3o Escolar.\" \/>\n<meta property=\"og:url\" content=\"https:\/\/www.manaus.am.gov.br\/semed\/not\u00edcias\/destaque\/fase-final-concurso-nacional-receitas-alimentacao-escolar\/\" \/>\n<meta property=\"og:site_name\" content=\"SEMED\" \/>\n<meta property=\"article:published_time\" content=\"2026-04-30T21:29:42+00:00\" \/>\n<meta property=\"og:image\" content=\"https:\/\/www.manaus.am.gov.br\/semed\/wp-content\/uploads\/sites\/3\/2026\/04\/55226638675_cfc6c2ed70_k.jpg\" \/>\n\t<meta property=\"og:image:width\" content=\"2048\" \/>\n\t<meta property=\"og:image:height\" content=\"1365\" \/>\n\t<meta property=\"og:image:type\" content=\"image\/jpeg\" \/>\n<meta name=\"author\" content=\"Bruna Greco\" \/>\n<meta name=\"twitter:card\" content=\"summary_large_image\" \/>\n<meta name=\"twitter:label1\" content=\"Written by\" \/>\n\t<meta name=\"twitter:data1\" content=\"Bruna Greco\" \/>\n\t<meta name=\"twitter:label2\" content=\"Est. reading time\" \/>\n\t<meta name=\"twitter:data2\" content=\"4 minutos\" \/>\n<script type=\"application\/ld+json\" class=\"yoast-schema-graph\">{\"@context\":\"https:\/\/schema.org\",\"@graph\":[{\"@type\":\"Article\",\"@id\":\"https:\/\/www.manaus.am.gov.br\/semed\/not\u00edcias\/destaque\/fase-final-concurso-nacional-receitas-alimentacao-escolar\/#article\",\"isPartOf\":{\"@id\":\"https:\/\/www.manaus.am.gov.br\/semed\/not\u00edcias\/destaque\/fase-final-concurso-nacional-receitas-alimentacao-escolar\/\"},\"author\":{\"name\":\"Bruna Greco\",\"@id\":\"https:\/\/www.manaus.am.gov.br\/semed\/#\/schema\/person\/05d223aea2bf115f9883a6ff3683d81b\"},\"headline\":\"Tr\u00eas unidades de ensino da Prefeitura de Manaus avan\u00e7am para fase final em concurso nacional de Melhores Receitas de Alimenta\u00e7\u00e3o Escolar\",\"datePublished\":\"2026-04-30T21:29:42+00:00\",\"dateModified\":\"2026-04-30T21:29:42+00:00\",\"mainEntityOfPage\":{\"@id\":\"https:\/\/www.manaus.am.gov.br\/semed\/not\u00edcias\/destaque\/fase-final-concurso-nacional-receitas-alimentacao-escolar\/\"},\"wordCount\":534,\"publisher\":{\"@id\":\"https:\/\/www.manaus.am.gov.br\/semed\/#organization\"},\"image\":{\"@id\":\"https:\/\/www.manaus.am.gov.br\/semed\/not\u00edcias\/destaque\/fase-final-concurso-nacional-receitas-alimentacao-escolar\/#primaryimage\"},\"thumbnailUrl\":\"https:\/\/www.manaus.am.gov.br\/semed\/wp-content\/uploads\/sites\/3\/2026\/04\/55226638675_cfc6c2ed70_k.jpg\",\"keywords\":[\"concurso nacional\",\"fase final\",\"Melhores Receitas de Alimenta\u00e7\u00e3o Escolar\",\"prefeitura de manaus\",\"semed\",\"Tr\u00eas unidades de ensino\"],\"articleSection\":[\"Destaque\"],\"inLanguage\":\"pt-BR\"},{\"@type\":\"WebPage\",\"@id\":\"https:\/\/www.manaus.am.gov.br\/semed\/not\u00edcias\/destaque\/fase-final-concurso-nacional-receitas-alimentacao-escolar\/\",\"url\":\"https:\/\/www.manaus.am.gov.br\/semed\/not\u00edcias\/destaque\/fase-final-concurso-nacional-receitas-alimentacao-escolar\/\",\"name\":\"Tr\u00eas unidades de ensino da Prefeitura de Manaus avan\u00e7am para fase final em concurso nacional de Melhores Receitas de Alimenta\u00e7\u00e3o Escolar\",\"isPartOf\":{\"@id\":\"https:\/\/www.manaus.am.gov.br\/semed\/#website\"},\"primaryImageOfPage\":{\"@id\":\"https:\/\/www.manaus.am.gov.br\/semed\/not\u00edcias\/destaque\/fase-final-concurso-nacional-receitas-alimentacao-escolar\/#primaryimage\"},\"image\":{\"@id\":\"https:\/\/www.manaus.am.gov.br\/semed\/not\u00edcias\/destaque\/fase-final-concurso-nacional-receitas-alimentacao-escolar\/#primaryimage\"},\"thumbnailUrl\":\"https:\/\/www.manaus.am.gov.br\/semed\/wp-content\/uploads\/sites\/3\/2026\/04\/55226638675_cfc6c2ed70_k.jpg\",\"datePublished\":\"2026-04-30T21:29:42+00:00\",\"dateModified\":\"2026-04-30T21:29:42+00:00\",\"description\":\"Tr\u00eas unidades de ensino da Prefeitura de Manaus avan\u00e7am para fase final em concurso nacional de Melhores Receitas de Alimenta\u00e7\u00e3o Escolar.\",\"inLanguage\":\"pt-BR\",\"potentialAction\":[{\"@type\":\"ReadAction\",\"target\":[\"https:\/\/www.manaus.am.gov.br\/semed\/not\u00edcias\/destaque\/fase-final-concurso-nacional-receitas-alimentacao-escolar\/\"]}]},{\"@type\":\"ImageObject\",\"inLanguage\":\"pt-BR\",\"@id\":\"https:\/\/www.manaus.am.gov.br\/semed\/not\u00edcias\/destaque\/fase-final-concurso-nacional-receitas-alimentacao-escolar\/#primaryimage\",\"url\":\"https:\/\/www.manaus.am.gov.br\/semed\/wp-content\/uploads\/sites\/3\/2026\/04\/55226638675_cfc6c2ed70_k.jpg\",\"contentUrl\":\"https:\/\/www.manaus.am.gov.br\/semed\/wp-content\/uploads\/sites\/3\/2026\/04\/55226638675_cfc6c2ed70_k.jpg\",\"width\":2048,\"height\":1365,\"caption\":\"#paratodosverem - Representante de unidade de ensino da Semed classificada para a 3\u00aa terceira etapa do Concurso Melhores Receitas da Alimenta\u00e7\u00e3o Escolar\"},{\"@type\":\"WebSite\",\"@id\":\"https:\/\/www.manaus.am.gov.br\/semed\/#website\",\"url\":\"https:\/\/www.manaus.am.gov.br\/semed\/\",\"name\":\"Secretaria Municipal de Educa\u00e7\u00e3o\",\"description\":\"Secretaria Municipal de Educa\u00e7\u00e3o\",\"publisher\":{\"@id\":\"https:\/\/www.manaus.am.gov.br\/semed\/#organization\"},\"alternateName\":\"SEMED\",\"potentialAction\":[{\"@type\":\"SearchAction\",\"target\":{\"@type\":\"EntryPoint\",\"urlTemplate\":\"https:\/\/www.manaus.am.gov.br\/semed\/?s={search_term_string}\"},\"query-input\":\"required name=search_term_string\"}],\"inLanguage\":\"pt-BR\"},{\"@type\":\"Organization\",\"@id\":\"https:\/\/www.manaus.am.gov.br\/semed\/#organization\",\"name\":\"Secretaria de Educa\u00e7\u00e3o\",\"alternateName\":\"SEMED\",\"url\":\"https:\/\/www.manaus.am.gov.br\/semed\/\",\"logo\":{\"@type\":\"ImageObject\",\"inLanguage\":\"pt-BR\",\"@id\":\"https:\/\/www.manaus.am.gov.br\/semed\/#\/schema\/logo\/image\/\",\"url\":\"https:\/\/www.manaus.am.gov.br\/semed\/wp-content\/uploads\/sites\/3\/2022\/11\/favicon.png\",\"contentUrl\":\"https:\/\/www.manaus.am.gov.br\/semed\/wp-content\/uploads\/sites\/3\/2022\/11\/favicon.png\",\"width\":300,\"height\":300,\"caption\":\"Secretaria de Educa\u00e7\u00e3o\"},\"image\":{\"@id\":\"https:\/\/www.manaus.am.gov.br\/semed\/#\/schema\/logo\/image\/\"}},{\"@type\":\"Person\",\"@id\":\"https:\/\/www.manaus.am.gov.br\/semed\/#\/schema\/person\/05d223aea2bf115f9883a6ff3683d81b\",\"name\":\"Bruna Greco\",\"image\":{\"@type\":\"ImageObject\",\"inLanguage\":\"pt-BR\",\"@id\":\"https:\/\/www.manaus.am.gov.br\/semed\/#\/schema\/person\/image\/\",\"url\":\"https:\/\/secure.gravatar.com\/avatar\/9c877d1a6adc2a055330e5c09a8653ce?s=96&d=mm&r=g\",\"contentUrl\":\"https:\/\/secure.gravatar.com\/avatar\/9c877d1a6adc2a055330e5c09a8653ce?s=96&d=mm&r=g\",\"caption\":\"Bruna Greco\"}}]}<\/script>\n<!-- \/ Yoast SEO plugin. -->","yoast_head_json":{"title":"Tr\u00eas unidades de ensino da Prefeitura de Manaus avan\u00e7am para fase final em concurso nacional de Melhores Receitas de Alimenta\u00e7\u00e3o Escolar","description":"Tr\u00eas unidades de ensino da Prefeitura de Manaus avan\u00e7am para fase final em concurso nacional de Melhores Receitas de Alimenta\u00e7\u00e3o Escolar.","robots":{"index":"index","follow":"follow","max-snippet":"max-snippet:-1","max-image-preview":"max-image-preview:large","max-video-preview":"max-video-preview:-1"},"canonical":"https:\/\/www.manaus.am.gov.br\/semed\/not\u00edcias\/destaque\/fase-final-concurso-nacional-receitas-alimentacao-escolar\/","og_locale":"pt_BR","og_type":"article","og_title":"Tr\u00eas unidades de ensino da Prefeitura de Manaus avan\u00e7am para fase final em concurso nacional de Melhores Receitas de Alimenta\u00e7\u00e3o Escolar","og_description":"Tr\u00eas unidades de ensino da Prefeitura de Manaus avan\u00e7am para fase final em concurso nacional de Melhores Receitas de Alimenta\u00e7\u00e3o Escolar.","og_url":"https:\/\/www.manaus.am.gov.br\/semed\/not\u00edcias\/destaque\/fase-final-concurso-nacional-receitas-alimentacao-escolar\/","og_site_name":"SEMED","article_published_time":"2026-04-30T21:29:42+00:00","og_image":[{"width":2048,"height":1365,"url":"https:\/\/www.manaus.am.gov.br\/semed\/wp-content\/uploads\/sites\/3\/2026\/04\/55226638675_cfc6c2ed70_k.jpg","type":"image\/jpeg"}],"author":"Bruna Greco","twitter_card":"summary_large_image","twitter_misc":{"Written by":"Bruna Greco","Est. reading time":"4 minutos"},"schema":{"@context":"https:\/\/schema.org","@graph":[{"@type":"Article","@id":"https:\/\/www.manaus.am.gov.br\/semed\/not\u00edcias\/destaque\/fase-final-concurso-nacional-receitas-alimentacao-escolar\/#article","isPartOf":{"@id":"https:\/\/www.manaus.am.gov.br\/semed\/not\u00edcias\/destaque\/fase-final-concurso-nacional-receitas-alimentacao-escolar\/"},"author":{"name":"Bruna Greco","@id":"https:\/\/www.manaus.am.gov.br\/semed\/#\/schema\/person\/05d223aea2bf115f9883a6ff3683d81b"},"headline":"Tr\u00eas unidades de ensino da Prefeitura de Manaus avan\u00e7am para fase final em concurso nacional de Melhores Receitas de Alimenta\u00e7\u00e3o Escolar","datePublished":"2026-04-30T21:29:42+00:00","dateModified":"2026-04-30T21:29:42+00:00","mainEntityOfPage":{"@id":"https:\/\/www.manaus.am.gov.br\/semed\/not\u00edcias\/destaque\/fase-final-concurso-nacional-receitas-alimentacao-escolar\/"},"wordCount":534,"publisher":{"@id":"https:\/\/www.manaus.am.gov.br\/semed\/#organization"},"image":{"@id":"https:\/\/www.manaus.am.gov.br\/semed\/not\u00edcias\/destaque\/fase-final-concurso-nacional-receitas-alimentacao-escolar\/#primaryimage"},"thumbnailUrl":"https:\/\/www.manaus.am.gov.br\/semed\/wp-content\/uploads\/sites\/3\/2026\/04\/55226638675_cfc6c2ed70_k.jpg","keywords":["concurso nacional","fase final","Melhores Receitas de Alimenta\u00e7\u00e3o Escolar","prefeitura de manaus","semed","Tr\u00eas unidades de ensino"],"articleSection":["Destaque"],"inLanguage":"pt-BR"},{"@type":"WebPage","@id":"https:\/\/www.manaus.am.gov.br\/semed\/not\u00edcias\/destaque\/fase-final-concurso-nacional-receitas-alimentacao-escolar\/","url":"https:\/\/www.manaus.am.gov.br\/semed\/not\u00edcias\/destaque\/fase-final-concurso-nacional-receitas-alimentacao-escolar\/","name":"Tr\u00eas unidades de ensino da Prefeitura de Manaus avan\u00e7am para fase final em concurso nacional de Melhores Receitas de Alimenta\u00e7\u00e3o Escolar","isPartOf":{"@id":"https:\/\/www.manaus.am.gov.br\/semed\/#website"},"primaryImageOfPage":{"@id":"https:\/\/www.manaus.am.gov.br\/semed\/not\u00edcias\/destaque\/fase-final-concurso-nacional-receitas-alimentacao-escolar\/#primaryimage"},"image":{"@id":"https:\/\/www.manaus.am.gov.br\/semed\/not\u00edcias\/destaque\/fase-final-concurso-nacional-receitas-alimentacao-escolar\/#primaryimage"},"thumbnailUrl":"https:\/\/www.manaus.am.gov.br\/semed\/wp-content\/uploads\/sites\/3\/2026\/04\/55226638675_cfc6c2ed70_k.jpg","datePublished":"2026-04-30T21:29:42+00:00","dateModified":"2026-04-30T21:29:42+00:00","description":"Tr\u00eas unidades de ensino da Prefeitura de Manaus avan\u00e7am para fase final em concurso nacional de Melhores Receitas de Alimenta\u00e7\u00e3o Escolar.","inLanguage":"pt-BR","potentialAction":[{"@type":"ReadAction","target":["https:\/\/www.manaus.am.gov.br\/semed\/not\u00edcias\/destaque\/fase-final-concurso-nacional-receitas-alimentacao-escolar\/"]}]},{"@type":"ImageObject","inLanguage":"pt-BR","@id":"https:\/\/www.manaus.am.gov.br\/semed\/not\u00edcias\/destaque\/fase-final-concurso-nacional-receitas-alimentacao-escolar\/#primaryimage","url":"https:\/\/www.manaus.am.gov.br\/semed\/wp-content\/uploads\/sites\/3\/2026\/04\/55226638675_cfc6c2ed70_k.jpg","contentUrl":"https:\/\/www.manaus.am.gov.br\/semed\/wp-content\/uploads\/sites\/3\/2026\/04\/55226638675_cfc6c2ed70_k.jpg","width":2048,"height":1365,"caption":"#paratodosverem - Representante de unidade de ensino da Semed classificada para a 3\u00aa terceira etapa do Concurso Melhores Receitas da Alimenta\u00e7\u00e3o Escolar"},{"@type":"WebSite","@id":"https:\/\/www.manaus.am.gov.br\/semed\/#website","url":"https:\/\/www.manaus.am.gov.br\/semed\/","name":"Secretaria Municipal de Educa\u00e7\u00e3o","description":"Secretaria Municipal de Educa\u00e7\u00e3o","publisher":{"@id":"https:\/\/www.manaus.am.gov.br\/semed\/#organization"},"alternateName":"SEMED","potentialAction":[{"@type":"SearchAction","target":{"@type":"EntryPoint","urlTemplate":"https:\/\/www.manaus.am.gov.br\/semed\/?s={search_term_string}"},"query-input":"required name=search_term_string"}],"inLanguage":"pt-BR"},{"@type":"Organization","@id":"https:\/\/www.manaus.am.gov.br\/semed\/#organization","name":"Secretaria de Educa\u00e7\u00e3o","alternateName":"SEMED","url":"https:\/\/www.manaus.am.gov.br\/semed\/","logo":{"@type":"ImageObject","inLanguage":"pt-BR","@id":"https:\/\/www.manaus.am.gov.br\/semed\/#\/schema\/logo\/image\/","url":"https:\/\/www.manaus.am.gov.br\/semed\/wp-content\/uploads\/sites\/3\/2022\/11\/favicon.png","contentUrl":"https:\/\/www.manaus.am.gov.br\/semed\/wp-content\/uploads\/sites\/3\/2022\/11\/favicon.png","width":300,"height":300,"caption":"Secretaria de Educa\u00e7\u00e3o"},"image":{"@id":"https:\/\/www.manaus.am.gov.br\/semed\/#\/schema\/logo\/image\/"}},{"@type":"Person","@id":"https:\/\/www.manaus.am.gov.br\/semed\/#\/schema\/person\/05d223aea2bf115f9883a6ff3683d81b","name":"Bruna Greco","image":{"@type":"ImageObject","inLanguage":"pt-BR","@id":"https:\/\/www.manaus.am.gov.br\/semed\/#\/schema\/person\/image\/","url":"https:\/\/secure.gravatar.com\/avatar\/9c877d1a6adc2a055330e5c09a8653ce?s=96&d=mm&r=g","contentUrl":"https:\/\/secure.gravatar.com\/avatar\/9c877d1a6adc2a055330e5c09a8653ce?s=96&d=mm&r=g","caption":"Bruna Greco"}}]}},"_links":{"self":[{"href":"https:\/\/www.manaus.am.gov.br\/semed\/wp-json\/wp\/v2\/posts\/11629"}],"collection":[{"href":"https:\/\/www.manaus.am.gov.br\/semed\/wp-json\/wp\/v2\/posts"}],"about":[{"href":"https:\/\/www.manaus.am.gov.br\/semed\/wp-json\/wp\/v2\/types\/post"}],"author":[{"embeddable":true,"href":"https:\/\/www.manaus.am.gov.br\/semed\/wp-json\/wp\/v2\/users\/39"}],"replies":[{"embeddable":true,"href":"https:\/\/www.manaus.am.gov.br\/semed\/wp-json\/wp\/v2\/comments?post=11629"}],"version-history":[{"count":1,"href":"https:\/\/www.manaus.am.gov.br\/semed\/wp-json\/wp\/v2\/posts\/11629\/revisions"}],"predecessor-version":[{"id":11632,"href":"https:\/\/www.manaus.am.gov.br\/semed\/wp-json\/wp\/v2\/posts\/11629\/revisions\/11632"}],"wp:featuredmedia":[{"embeddable":true,"href":"https:\/\/www.manaus.am.gov.br\/semed\/wp-json\/wp\/v2\/media\/11630"}],"wp:attachment":[{"href":"https:\/\/www.manaus.am.gov.br\/semed\/wp-json\/wp\/v2\/media?parent=11629"}],"wp:term":[{"taxonomy":"category","embeddable":true,"href":"https:\/\/www.manaus.am.gov.br\/semed\/wp-json\/wp\/v2\/categories?post=11629"},{"taxonomy":"post_tag","embeddable":true,"href":"https:\/\/www.manaus.am.gov.br\/semed\/wp-json\/wp\/v2\/tags?post=11629"}],"curies":[{"name":"wp","href":"https:\/\/api.w.org\/{rel}","templated":true}]}}