{"id":11626,"date":"2026-04-30T14:35:11","date_gmt":"2026-04-30T18:35:11","guid":{"rendered":"https:\/\/www.manaus.am.gov.br\/semed\/not\u00edcias\/sem-categoria\/prefeitura-semed-avaliacaoade\/"},"modified":"2026-04-30T14:35:12","modified_gmt":"2026-04-30T18:35:12","slug":"prefeitura-semed-avaliacaoade","status":"publish","type":"post","link":"https:\/\/www.manaus.am.gov.br\/semed\/not\u00edcias\/preparacao\/prefeitura-semed-avaliacaoade\/","title":{"rendered":"Mais de 164 mil estudantes da Prefeitura de Manaus realizam 1\u00aa Avalia\u00e7\u00e3o de Desempenho do Estudante de 2026"},"content":{"rendered":"\n<p>A Prefeitura de Manaus, por meio da Secretaria Municipal de Educa\u00e7\u00e3o (Semed), realizou, nesta quinta-feira, 30\/04, a 1\u00aa Avalia\u00e7\u00e3o de Desempenho do Estudante (ADE) de 2026. A aplica\u00e7\u00e3o envolveu mais de 164 mil estudantes do 2\u00ba ao 9\u00ba ano do ensino fundamental e da Educa\u00e7\u00e3o de Jovens e Adultos (EJA), em 371 escolas da rede municipal.&nbsp;<\/p>\n\n\n\n<p>A avalia\u00e7\u00e3o segue os moldes do Sistema Nacional de Avalia\u00e7\u00e3o da Educa\u00e7\u00e3o B\u00e1sica (Saeb), do Minist\u00e9rio da Educa\u00e7\u00e3o (MEC), e tem como objetivo preparar os estudantes para exames futuros, al\u00e9m de identificar pontos que necessitam de refor\u00e7o, permitindo a ado\u00e7\u00e3o de a\u00e7\u00f5es pedag\u00f3gicas mais assertivas nas unidades de ensino.&nbsp;<\/p>\n\n\n\n<p>Coordenada pela Divis\u00e3o de Avalia\u00e7\u00e3o e Monitoramento (DAM) da&nbsp;Semed, a ADE chega \u00e0 sua 13\u00aa edi\u00e7\u00e3o na rede municipal de ensino e \u00e9 aplicada duas vezes ao ano, com o objetivo de avaliar o desempenho dos alunos em L\u00edngua Portuguesa e Matem\u00e1tica. A prova \u00e9 composta por 22 quest\u00f5es, distribu\u00eddas entre as duas disciplinas.&nbsp;<\/p>\n\n\n\n<p>De acordo com o chefe da&nbsp;DAM, Leandro Anjos, a ADE segue todos os crit\u00e9rios t\u00e9cnicos de uma avalia\u00e7\u00e3o de larga escala, inclusive no que diz respeito \u00e0 an\u00e1lise dos resultados.&nbsp;<\/p>\n\n\n\n<p>\u201cA mesma tecnologia aplicada no Enem, que todos conhecem, tamb\u00e9m \u00e9 utilizada na ADE. Trata-se de uma avalia\u00e7\u00e3o j\u00e1 consolidada, com mais de 10 anos na rede, e que, ao longo desse per\u00edodo, vem evoluindo e se fortalecendo. Hoje, ela j\u00e1 est\u00e1 inserida no calend\u00e1rio escolar. No in\u00edcio do ano, quando as escolas recebem esse calend\u00e1rio, j\u00e1 sabem que o dia 30 de abril \u00e9 destinado \u00e0 ADE, assim como a segunda aplica\u00e7\u00e3o, que ocorre no dia 8 de outubro\u201d, enfatizou.&nbsp;<\/p>\n\n\n\n<p>Leandro acrescentou ainda que, com os resultados, os professores conseguem verificar o desempenho dos estudantes, identificar quais habilidades ainda n\u00e3o foram consolidadas e, a partir disso, desenvolver interven\u00e7\u00f5es pedag\u00f3gicas espec\u00edficas. Ou seja, com esse diagn\u00f3stico realizado no in\u00edcio do ano, as escolas t\u00eam o per\u00edodo de abril a outubro para trabalhar esse processo de apropria\u00e7\u00e3o do conhecimento e refor\u00e7o das aprendizagens\u201d, ressaltou.&nbsp;<\/p>\n\n\n\n<p>A professora do 4\u00ba ano, Gerusa&nbsp;Bernardes, da escola municipal&nbsp;Jarlece&nbsp;Zaranza, localizada no bairro Novo Aleixo, zona leste da capital, destacou como ocorre a prepara\u00e7\u00e3o dos alunos para a avalia\u00e7\u00e3o.&nbsp;<\/p>\n\n\n\n<p>\u201cNa pr\u00e1tica, j\u00e1 iniciamos a prepara\u00e7\u00e3o com foco no pr\u00f3ximo ano, quando os alunos estar\u00e3o no 5\u00ba ano. Seguimos uma sequ\u00eancia que une a proposta did\u00e1tica da&nbsp;Semed&nbsp;\u00e0 metodologia pr\u00f3pria da escola, desenvolvida h\u00e1 cerca de seis anos, revisando e priorizando os conte\u00fados mais cobrados. Tamb\u00e9m aplicamos simulados duas vezes por semana, n\u00e3o apenas para refor\u00e7ar o aprendizado, mas para orientar os estudantes no preenchimento correto do gabarito, onde muitos ainda t\u00eam dificuldade. Todo esse trabalho contribui para que eles tenham um bom desempenho nas avalia\u00e7\u00f5es\u201d, explicou a professora.&nbsp;<\/p>\n\n\n\n<p>O estudante do 4\u00ba ano, Jo\u00e3o Henrique, de 9 anos, tamb\u00e9m falou sobre sua prepara\u00e7\u00e3o e demonstrou confian\u00e7a no desempenho obtido.<\/p>\n\n\n\n<p>\u201cEu me preparei bastante e quero tirar notas boas. Estudei em casa portugu\u00eas, matem\u00e1tica e interpreta\u00e7\u00e3o de texto,&nbsp;e&nbsp;fiz atividades na escola com a professora. Essa prova foi muito importante para mim, porque consegui entender melhor as quest\u00f5es e me sentir mais seguro. Estou confiante de que fiz uma boa prova e espero ter um resultado positivo\u201d, concluiu o aluno.&nbsp;<\/p>\n\n\n\n<p>&#8212; &#8212; &#8212;<\/p>\n\n\n\n<p><strong>Texto<\/strong>&nbsp;&#8211;&nbsp;Jorgiane&nbsp;Castinares\/Semed&nbsp;<\/p>\n\n\n\n<p><strong>Fotos <\/strong>&#8211; Divulga\u00e7\u00e3o\/Semed&nbsp;<\/p>\n","protected":false},"excerpt":{"rendered":"","protected":false},"author":23,"featured_media":11627,"comment_status":"closed","ping_status":"closed","sticky":false,"template":"","format":"standard","meta":{"footnotes":""},"categories":[278],"tags":[1723,735,2926,15,52],"acf":[],"yoast_head":"<!-- This site is optimized with the Yoast SEO plugin v23.0 - https:\/\/yoast.com\/wordpress\/plugins\/seo\/ -->\n<title>Mais de 164 mil estudantes da Prefeitura de Manaus realizam 1\u00aa Avalia\u00e7\u00e3o de Desempenho do Estudante de 2026<\/title>\n<meta name=\"description\" content=\"A Prefeitura de Manaus, por meio da Secretaria Municipal de Educa\u00e7\u00e3o (Semed), realizou, nesta quinta-feira, 30\/04, a 1\u00aa Avalia\u00e7\u00e3o de Desempenho do Estudante (ADE) de 2026. A aplica\u00e7\u00e3o envolveu mais de 164 mil estudantes do 2\u00ba ao 9\u00ba ano do ensino fundamental e da Educa\u00e7\u00e3o de Jovens e Adultos (EJA), em 371 escolas da rede municipal.\" \/>\n<meta name=\"robots\" content=\"index, follow, max-snippet:-1, max-image-preview:large, max-video-preview:-1\" \/>\n<link rel=\"canonical\" href=\"https:\/\/www.manaus.am.gov.br\/semed\/not\u00edcias\/preparacao\/prefeitura-semed-avaliacaoade\/\" \/>\n<meta property=\"og:locale\" content=\"pt_BR\" \/>\n<meta property=\"og:type\" content=\"article\" \/>\n<meta property=\"og:title\" content=\"Mais de 164 mil estudantes da Prefeitura de Manaus realizam 1\u00aa Avalia\u00e7\u00e3o de Desempenho do Estudante de 2026\" \/>\n<meta property=\"og:description\" content=\"A Prefeitura de Manaus, por meio da Secretaria Municipal de Educa\u00e7\u00e3o (Semed), realizou, nesta quinta-feira, 30\/04, a 1\u00aa Avalia\u00e7\u00e3o de Desempenho do Estudante (ADE) de 2026. A aplica\u00e7\u00e3o envolveu mais de 164 mil estudantes do 2\u00ba ao 9\u00ba ano do ensino fundamental e da Educa\u00e7\u00e3o de Jovens e Adultos (EJA), em 371 escolas da rede municipal.\" \/>\n<meta property=\"og:url\" content=\"https:\/\/www.manaus.am.gov.br\/semed\/not\u00edcias\/preparacao\/prefeitura-semed-avaliacaoade\/\" \/>\n<meta property=\"og:site_name\" content=\"SEMED\" \/>\n<meta property=\"article:published_time\" content=\"2026-04-30T18:35:11+00:00\" \/>\n<meta property=\"article:modified_time\" content=\"2026-04-30T18:35:12+00:00\" \/>\n<meta property=\"og:image\" content=\"https:\/\/www.manaus.am.gov.br\/semed\/wp-content\/uploads\/sites\/3\/2026\/04\/WhatsApp-Image-2026-04-30-at-14.29.15.jpeg\" \/>\n\t<meta property=\"og:image:width\" content=\"1280\" \/>\n\t<meta property=\"og:image:height\" content=\"960\" \/>\n\t<meta property=\"og:image:type\" content=\"image\/jpeg\" \/>\n<meta name=\"author\" content=\"Adriana Costa\" \/>\n<meta name=\"twitter:card\" content=\"summary_large_image\" \/>\n<meta name=\"twitter:label1\" content=\"Written by\" \/>\n\t<meta name=\"twitter:data1\" content=\"Adriana Costa\" \/>\n\t<meta name=\"twitter:label2\" content=\"Est. reading time\" \/>\n\t<meta name=\"twitter:data2\" content=\"4 minutos\" \/>\n<script type=\"application\/ld+json\" class=\"yoast-schema-graph\">{\"@context\":\"https:\/\/schema.org\",\"@graph\":[{\"@type\":\"Article\",\"@id\":\"https:\/\/www.manaus.am.gov.br\/semed\/not\u00edcias\/preparacao\/prefeitura-semed-avaliacaoade\/#article\",\"isPartOf\":{\"@id\":\"https:\/\/www.manaus.am.gov.br\/semed\/not\u00edcias\/preparacao\/prefeitura-semed-avaliacaoade\/\"},\"author\":{\"name\":\"Adriana Costa\",\"@id\":\"https:\/\/www.manaus.am.gov.br\/semed\/#\/schema\/person\/4e49f4e267757a06ca072ec61b2b9968\"},\"headline\":\"Mais de 164 mil estudantes da Prefeitura de Manaus realizam 1\u00aa Avalia\u00e7\u00e3o de Desempenho do Estudante de 2026\",\"datePublished\":\"2026-04-30T18:35:11+00:00\",\"dateModified\":\"2026-04-30T18:35:12+00:00\",\"mainEntityOfPage\":{\"@id\":\"https:\/\/www.manaus.am.gov.br\/semed\/not\u00edcias\/preparacao\/prefeitura-semed-avaliacaoade\/\"},\"wordCount\":631,\"publisher\":{\"@id\":\"https:\/\/www.manaus.am.gov.br\/semed\/#organization\"},\"image\":{\"@id\":\"https:\/\/www.manaus.am.gov.br\/semed\/not\u00edcias\/preparacao\/prefeitura-semed-avaliacaoade\/#primaryimage\"},\"thumbnailUrl\":\"https:\/\/www.manaus.am.gov.br\/semed\/wp-content\/uploads\/sites\/3\/2026\/04\/WhatsApp-Image-2026-04-30-at-14.29.15.jpeg\",\"keywords\":[\"Avalia\u00e7\u00e3o de Desempenho do Estudante\",\"EJA\",\"fundamental\",\"prefeitura de manaus\",\"semed\"],\"articleSection\":[\"Prepara\u00e7\u00e3o\"],\"inLanguage\":\"pt-BR\"},{\"@type\":\"WebPage\",\"@id\":\"https:\/\/www.manaus.am.gov.br\/semed\/not\u00edcias\/preparacao\/prefeitura-semed-avaliacaoade\/\",\"url\":\"https:\/\/www.manaus.am.gov.br\/semed\/not\u00edcias\/preparacao\/prefeitura-semed-avaliacaoade\/\",\"name\":\"Mais de 164 mil estudantes da Prefeitura de Manaus realizam 1\u00aa Avalia\u00e7\u00e3o de Desempenho do Estudante de 2026\",\"isPartOf\":{\"@id\":\"https:\/\/www.manaus.am.gov.br\/semed\/#website\"},\"primaryImageOfPage\":{\"@id\":\"https:\/\/www.manaus.am.gov.br\/semed\/not\u00edcias\/preparacao\/prefeitura-semed-avaliacaoade\/#primaryimage\"},\"image\":{\"@id\":\"https:\/\/www.manaus.am.gov.br\/semed\/not\u00edcias\/preparacao\/prefeitura-semed-avaliacaoade\/#primaryimage\"},\"thumbnailUrl\":\"https:\/\/www.manaus.am.gov.br\/semed\/wp-content\/uploads\/sites\/3\/2026\/04\/WhatsApp-Image-2026-04-30-at-14.29.15.jpeg\",\"datePublished\":\"2026-04-30T18:35:11+00:00\",\"dateModified\":\"2026-04-30T18:35:12+00:00\",\"description\":\"A Prefeitura de Manaus, por meio da Secretaria Municipal de Educa\u00e7\u00e3o (Semed), realizou, nesta quinta-feira, 30\/04, a 1\u00aa Avalia\u00e7\u00e3o de Desempenho do Estudante (ADE) de 2026. A aplica\u00e7\u00e3o envolveu mais de 164 mil estudantes do 2\u00ba ao 9\u00ba ano do ensino fundamental e da Educa\u00e7\u00e3o de Jovens e Adultos (EJA), em 371 escolas da rede municipal.\",\"inLanguage\":\"pt-BR\",\"potentialAction\":[{\"@type\":\"ReadAction\",\"target\":[\"https:\/\/www.manaus.am.gov.br\/semed\/not\u00edcias\/preparacao\/prefeitura-semed-avaliacaoade\/\"]}]},{\"@type\":\"ImageObject\",\"inLanguage\":\"pt-BR\",\"@id\":\"https:\/\/www.manaus.am.gov.br\/semed\/not\u00edcias\/preparacao\/prefeitura-semed-avaliacaoade\/#primaryimage\",\"url\":\"https:\/\/www.manaus.am.gov.br\/semed\/wp-content\/uploads\/sites\/3\/2026\/04\/WhatsApp-Image-2026-04-30-at-14.29.15.jpeg\",\"contentUrl\":\"https:\/\/www.manaus.am.gov.br\/semed\/wp-content\/uploads\/sites\/3\/2026\/04\/WhatsApp-Image-2026-04-30-at-14.29.15.jpeg\",\"width\":1280,\"height\":960,\"caption\":\"#paratodosverem - Professora e alunos da rede municipal de ensino em sala de aula\"},{\"@type\":\"WebSite\",\"@id\":\"https:\/\/www.manaus.am.gov.br\/semed\/#website\",\"url\":\"https:\/\/www.manaus.am.gov.br\/semed\/\",\"name\":\"Secretaria Municipal de Educa\u00e7\u00e3o\",\"description\":\"Secretaria Municipal de Educa\u00e7\u00e3o\",\"publisher\":{\"@id\":\"https:\/\/www.manaus.am.gov.br\/semed\/#organization\"},\"alternateName\":\"SEMED\",\"potentialAction\":[{\"@type\":\"SearchAction\",\"target\":{\"@type\":\"EntryPoint\",\"urlTemplate\":\"https:\/\/www.manaus.am.gov.br\/semed\/?s={search_term_string}\"},\"query-input\":\"required name=search_term_string\"}],\"inLanguage\":\"pt-BR\"},{\"@type\":\"Organization\",\"@id\":\"https:\/\/www.manaus.am.gov.br\/semed\/#organization\",\"name\":\"Secretaria de Educa\u00e7\u00e3o\",\"alternateName\":\"SEMED\",\"url\":\"https:\/\/www.manaus.am.gov.br\/semed\/\",\"logo\":{\"@type\":\"ImageObject\",\"inLanguage\":\"pt-BR\",\"@id\":\"https:\/\/www.manaus.am.gov.br\/semed\/#\/schema\/logo\/image\/\",\"url\":\"https:\/\/www.manaus.am.gov.br\/semed\/wp-content\/uploads\/sites\/3\/2022\/11\/favicon.png\",\"contentUrl\":\"https:\/\/www.manaus.am.gov.br\/semed\/wp-content\/uploads\/sites\/3\/2022\/11\/favicon.png\",\"width\":300,\"height\":300,\"caption\":\"Secretaria de Educa\u00e7\u00e3o\"},\"image\":{\"@id\":\"https:\/\/www.manaus.am.gov.br\/semed\/#\/schema\/logo\/image\/\"}},{\"@type\":\"Person\",\"@id\":\"https:\/\/www.manaus.am.gov.br\/semed\/#\/schema\/person\/4e49f4e267757a06ca072ec61b2b9968\",\"name\":\"Adriana Costa\",\"image\":{\"@type\":\"ImageObject\",\"inLanguage\":\"pt-BR\",\"@id\":\"https:\/\/www.manaus.am.gov.br\/semed\/#\/schema\/person\/image\/\",\"url\":\"https:\/\/secure.gravatar.com\/avatar\/576258617ef7194f718179e766d57bd4?s=96&d=mm&r=g\",\"contentUrl\":\"https:\/\/secure.gravatar.com\/avatar\/576258617ef7194f718179e766d57bd4?s=96&d=mm&r=g\",\"caption\":\"Adriana Costa\"}}]}<\/script>\n<!-- \/ Yoast SEO plugin. -->","yoast_head_json":{"title":"Mais de 164 mil estudantes da Prefeitura de Manaus realizam 1\u00aa Avalia\u00e7\u00e3o de Desempenho do Estudante de 2026","description":"A Prefeitura de Manaus, por meio da Secretaria Municipal de Educa\u00e7\u00e3o (Semed), realizou, nesta quinta-feira, 30\/04, a 1\u00aa Avalia\u00e7\u00e3o de Desempenho do Estudante (ADE) de 2026. A aplica\u00e7\u00e3o envolveu mais de 164 mil estudantes do 2\u00ba ao 9\u00ba ano do ensino fundamental e da Educa\u00e7\u00e3o de Jovens e Adultos (EJA), em 371 escolas da rede municipal.","robots":{"index":"index","follow":"follow","max-snippet":"max-snippet:-1","max-image-preview":"max-image-preview:large","max-video-preview":"max-video-preview:-1"},"canonical":"https:\/\/www.manaus.am.gov.br\/semed\/not\u00edcias\/preparacao\/prefeitura-semed-avaliacaoade\/","og_locale":"pt_BR","og_type":"article","og_title":"Mais de 164 mil estudantes da Prefeitura de Manaus realizam 1\u00aa Avalia\u00e7\u00e3o de Desempenho do Estudante de 2026","og_description":"A Prefeitura de Manaus, por meio da Secretaria Municipal de Educa\u00e7\u00e3o (Semed), realizou, nesta quinta-feira, 30\/04, a 1\u00aa Avalia\u00e7\u00e3o de Desempenho do Estudante (ADE) de 2026. A aplica\u00e7\u00e3o envolveu mais de 164 mil estudantes do 2\u00ba ao 9\u00ba ano do ensino fundamental e da Educa\u00e7\u00e3o de Jovens e Adultos (EJA), em 371 escolas da rede municipal.","og_url":"https:\/\/www.manaus.am.gov.br\/semed\/not\u00edcias\/preparacao\/prefeitura-semed-avaliacaoade\/","og_site_name":"SEMED","article_published_time":"2026-04-30T18:35:11+00:00","article_modified_time":"2026-04-30T18:35:12+00:00","og_image":[{"width":1280,"height":960,"url":"https:\/\/www.manaus.am.gov.br\/semed\/wp-content\/uploads\/sites\/3\/2026\/04\/WhatsApp-Image-2026-04-30-at-14.29.15.jpeg","type":"image\/jpeg"}],"author":"Adriana Costa","twitter_card":"summary_large_image","twitter_misc":{"Written by":"Adriana Costa","Est. reading time":"4 minutos"},"schema":{"@context":"https:\/\/schema.org","@graph":[{"@type":"Article","@id":"https:\/\/www.manaus.am.gov.br\/semed\/not\u00edcias\/preparacao\/prefeitura-semed-avaliacaoade\/#article","isPartOf":{"@id":"https:\/\/www.manaus.am.gov.br\/semed\/not\u00edcias\/preparacao\/prefeitura-semed-avaliacaoade\/"},"author":{"name":"Adriana Costa","@id":"https:\/\/www.manaus.am.gov.br\/semed\/#\/schema\/person\/4e49f4e267757a06ca072ec61b2b9968"},"headline":"Mais de 164 mil estudantes da Prefeitura de Manaus realizam 1\u00aa Avalia\u00e7\u00e3o de Desempenho do Estudante de 2026","datePublished":"2026-04-30T18:35:11+00:00","dateModified":"2026-04-30T18:35:12+00:00","mainEntityOfPage":{"@id":"https:\/\/www.manaus.am.gov.br\/semed\/not\u00edcias\/preparacao\/prefeitura-semed-avaliacaoade\/"},"wordCount":631,"publisher":{"@id":"https:\/\/www.manaus.am.gov.br\/semed\/#organization"},"image":{"@id":"https:\/\/www.manaus.am.gov.br\/semed\/not\u00edcias\/preparacao\/prefeitura-semed-avaliacaoade\/#primaryimage"},"thumbnailUrl":"https:\/\/www.manaus.am.gov.br\/semed\/wp-content\/uploads\/sites\/3\/2026\/04\/WhatsApp-Image-2026-04-30-at-14.29.15.jpeg","keywords":["Avalia\u00e7\u00e3o de Desempenho do Estudante","EJA","fundamental","prefeitura de manaus","semed"],"articleSection":["Prepara\u00e7\u00e3o"],"inLanguage":"pt-BR"},{"@type":"WebPage","@id":"https:\/\/www.manaus.am.gov.br\/semed\/not\u00edcias\/preparacao\/prefeitura-semed-avaliacaoade\/","url":"https:\/\/www.manaus.am.gov.br\/semed\/not\u00edcias\/preparacao\/prefeitura-semed-avaliacaoade\/","name":"Mais de 164 mil estudantes da Prefeitura de Manaus realizam 1\u00aa Avalia\u00e7\u00e3o de Desempenho do Estudante de 2026","isPartOf":{"@id":"https:\/\/www.manaus.am.gov.br\/semed\/#website"},"primaryImageOfPage":{"@id":"https:\/\/www.manaus.am.gov.br\/semed\/not\u00edcias\/preparacao\/prefeitura-semed-avaliacaoade\/#primaryimage"},"image":{"@id":"https:\/\/www.manaus.am.gov.br\/semed\/not\u00edcias\/preparacao\/prefeitura-semed-avaliacaoade\/#primaryimage"},"thumbnailUrl":"https:\/\/www.manaus.am.gov.br\/semed\/wp-content\/uploads\/sites\/3\/2026\/04\/WhatsApp-Image-2026-04-30-at-14.29.15.jpeg","datePublished":"2026-04-30T18:35:11+00:00","dateModified":"2026-04-30T18:35:12+00:00","description":"A Prefeitura de Manaus, por meio da Secretaria Municipal de Educa\u00e7\u00e3o (Semed), realizou, nesta quinta-feira, 30\/04, a 1\u00aa Avalia\u00e7\u00e3o de Desempenho do Estudante (ADE) de 2026. A aplica\u00e7\u00e3o envolveu mais de 164 mil estudantes do 2\u00ba ao 9\u00ba ano do ensino fundamental e da Educa\u00e7\u00e3o de Jovens e Adultos (EJA), em 371 escolas da rede municipal.","inLanguage":"pt-BR","potentialAction":[{"@type":"ReadAction","target":["https:\/\/www.manaus.am.gov.br\/semed\/not\u00edcias\/preparacao\/prefeitura-semed-avaliacaoade\/"]}]},{"@type":"ImageObject","inLanguage":"pt-BR","@id":"https:\/\/www.manaus.am.gov.br\/semed\/not\u00edcias\/preparacao\/prefeitura-semed-avaliacaoade\/#primaryimage","url":"https:\/\/www.manaus.am.gov.br\/semed\/wp-content\/uploads\/sites\/3\/2026\/04\/WhatsApp-Image-2026-04-30-at-14.29.15.jpeg","contentUrl":"https:\/\/www.manaus.am.gov.br\/semed\/wp-content\/uploads\/sites\/3\/2026\/04\/WhatsApp-Image-2026-04-30-at-14.29.15.jpeg","width":1280,"height":960,"caption":"#paratodosverem - Professora e alunos da rede municipal de ensino em sala de aula"},{"@type":"WebSite","@id":"https:\/\/www.manaus.am.gov.br\/semed\/#website","url":"https:\/\/www.manaus.am.gov.br\/semed\/","name":"Secretaria Municipal de Educa\u00e7\u00e3o","description":"Secretaria Municipal de Educa\u00e7\u00e3o","publisher":{"@id":"https:\/\/www.manaus.am.gov.br\/semed\/#organization"},"alternateName":"SEMED","potentialAction":[{"@type":"SearchAction","target":{"@type":"EntryPoint","urlTemplate":"https:\/\/www.manaus.am.gov.br\/semed\/?s={search_term_string}"},"query-input":"required name=search_term_string"}],"inLanguage":"pt-BR"},{"@type":"Organization","@id":"https:\/\/www.manaus.am.gov.br\/semed\/#organization","name":"Secretaria de Educa\u00e7\u00e3o","alternateName":"SEMED","url":"https:\/\/www.manaus.am.gov.br\/semed\/","logo":{"@type":"ImageObject","inLanguage":"pt-BR","@id":"https:\/\/www.manaus.am.gov.br\/semed\/#\/schema\/logo\/image\/","url":"https:\/\/www.manaus.am.gov.br\/semed\/wp-content\/uploads\/sites\/3\/2022\/11\/favicon.png","contentUrl":"https:\/\/www.manaus.am.gov.br\/semed\/wp-content\/uploads\/sites\/3\/2022\/11\/favicon.png","width":300,"height":300,"caption":"Secretaria de Educa\u00e7\u00e3o"},"image":{"@id":"https:\/\/www.manaus.am.gov.br\/semed\/#\/schema\/logo\/image\/"}},{"@type":"Person","@id":"https:\/\/www.manaus.am.gov.br\/semed\/#\/schema\/person\/4e49f4e267757a06ca072ec61b2b9968","name":"Adriana Costa","image":{"@type":"ImageObject","inLanguage":"pt-BR","@id":"https:\/\/www.manaus.am.gov.br\/semed\/#\/schema\/person\/image\/","url":"https:\/\/secure.gravatar.com\/avatar\/576258617ef7194f718179e766d57bd4?s=96&d=mm&r=g","contentUrl":"https:\/\/secure.gravatar.com\/avatar\/576258617ef7194f718179e766d57bd4?s=96&d=mm&r=g","caption":"Adriana Costa"}}]}},"_links":{"self":[{"href":"https:\/\/www.manaus.am.gov.br\/semed\/wp-json\/wp\/v2\/posts\/11626"}],"collection":[{"href":"https:\/\/www.manaus.am.gov.br\/semed\/wp-json\/wp\/v2\/posts"}],"about":[{"href":"https:\/\/www.manaus.am.gov.br\/semed\/wp-json\/wp\/v2\/types\/post"}],"author":[{"embeddable":true,"href":"https:\/\/www.manaus.am.gov.br\/semed\/wp-json\/wp\/v2\/users\/23"}],"replies":[{"embeddable":true,"href":"https:\/\/www.manaus.am.gov.br\/semed\/wp-json\/wp\/v2\/comments?post=11626"}],"version-history":[{"count":0,"href":"https:\/\/www.manaus.am.gov.br\/semed\/wp-json\/wp\/v2\/posts\/11626\/revisions"}],"wp:featuredmedia":[{"embeddable":true,"href":"https:\/\/www.manaus.am.gov.br\/semed\/wp-json\/wp\/v2\/media\/11627"}],"wp:attachment":[{"href":"https:\/\/www.manaus.am.gov.br\/semed\/wp-json\/wp\/v2\/media?parent=11626"}],"wp:term":[{"taxonomy":"category","embeddable":true,"href":"https:\/\/www.manaus.am.gov.br\/semed\/wp-json\/wp\/v2\/categories?post=11626"},{"taxonomy":"post_tag","embeddable":true,"href":"https:\/\/www.manaus.am.gov.br\/semed\/wp-json\/wp\/v2\/tags?post=11626"}],"curies":[{"name":"wp","href":"https:\/\/api.w.org\/{rel}","templated":true}]}}