{"id":11623,"date":"2026-04-30T12:52:33","date_gmt":"2026-04-30T16:52:33","guid":{"rendered":"https:\/\/www.manaus.am.gov.br\/semed\/not\u00edcias\/sem-categoria\/prefeitura-semed-inscricoes-jiss\/"},"modified":"2026-04-30T12:52:35","modified_gmt":"2026-04-30T16:52:35","slug":"prefeitura-semed-inscricoes-jiss","status":"publish","type":"post","link":"https:\/\/www.manaus.am.gov.br\/semed\/not\u00edcias\/integracao\/prefeitura-semed-inscricoes-jiss\/","title":{"rendered":"Prefeitura de Manaus abre inscri\u00e7\u00f5es para novas modalidades dos jogos dos servidores da\u00a0Semed"},"content":{"rendered":"\n<p>A Prefeitura de Manaus, por meio da Secretaria Municipal de Educa\u00e7\u00e3o (Semed), iniciou, nesta quinta-feira, 30\/4, as inscri\u00e7\u00f5es para novas modalidades da 6\u00aa edi\u00e7\u00e3o dos Jogos de Integra\u00e7\u00e3o dos Servidores da&nbsp;Semed&nbsp;(Jiss). O procedimento \u00e9 realizado exclusivamente de forma on-line, pelo link&nbsp;<a href=\"https:\/\/sistemassemed.manaus.am.gov.br\/sijes\" target=\"_blank\" rel=\"noreferrer noopener\">https:\/\/sistemassemed.manaus.am.gov.br\/sijes<\/a>. As equipes interessadas t\u00eam at\u00e9 o dia 6 de maio para confirmar participa\u00e7\u00e3o.&nbsp;<\/p>\n\n\n\n<p>As competi\u00e7\u00f5es est\u00e3o previstas para come\u00e7ar na segunda quinzena de maio, com disputas nas modalidades de handebol, v\u00f4lei de praia 4&#215;4, basquete 3&#215;3, xadrez, domin\u00f3, badminton, t\u00eanis de mesa e nata\u00e7\u00e3o, nas categorias masculino e feminino, al\u00e9m das divis\u00f5es adulto, 40+, 50+ e aberta. O encerramento deve ocorrer na primeira quinzena de agosto.&nbsp;<\/p>\n\n\n\n<p>O coordenador do N\u00facleo de Qualidade de Vida e do&nbsp;Jiss, Mateus Matos, destacou que a programa\u00e7\u00e3o entra em uma nova fase e refor\u00e7ou a import\u00e2ncia de aten\u00e7\u00e3o aos prazos.&nbsp; \u201cEstamos iniciando um novo per\u00edodo de inscri\u00e7\u00f5es para mais modalidades. Na etapa anterior, tivemos mais de mil inscritos e a expectativa, agora, \u00e9 de alcan\u00e7ar entre tr\u00eas e quatro mil participantes. Convidamos todos os servidores interessados a participarem do&nbsp;Jiss. No site da&nbsp;Semed, \u00e9 poss\u00edvel acessar o link de inscri\u00e7\u00e3o, al\u00e9m dos boletins e regulamentos. Em caso de d\u00favidas, \u00e9 importante buscar as informa\u00e7\u00f5es para realizar a inscri\u00e7\u00e3o corretamente\u201d, explicou.&nbsp;<\/p>\n\n\n\n<p>Participante desde a primeira edi\u00e7\u00e3o, o Centro Integrado Municipal de Educa\u00e7\u00e3o (Cime)&nbsp;Prof\u00ba&nbsp;Dr. Jos\u00e9 Aldemir de Oliveira, localizado no bairro Jo\u00e3o Paulo, vai competir nas modalidades de handebol, basquete, v\u00f4lei de praia e badminton, no adulto feminino.&nbsp;<\/p>\n\n\n\n<p>Para a professora de educa\u00e7\u00e3o f\u00edsica, Vanessa de Freitas Ferreira, respons\u00e1vel pelas equipes, os jogos t\u00eam grande relev\u00e2ncia para os servidores.&nbsp;<\/p>\n\n\n\n<p>\u201cOs jogos s\u00e3o muito importantes, pois contribuem para a sa\u00fade mental e fortalecem os la\u00e7os sociais por meio da integra\u00e7\u00e3o entre as equipes. Al\u00e9m disso, ajudam no desenvolvimento da autoconfian\u00e7a. Sou apaixonada por esporte desde crian\u00e7a. Participo do&nbsp;Jiss&nbsp;desde a primeira edi\u00e7\u00e3o e represento a equipe Delicadas. Nosso principal objetivo \u00e9 incentivar as mulheres \u00e0 pr\u00e1tica esportiva e \u00e0 busca por mais qualidade de vida\u201d, afirmou.&nbsp;<\/p>\n\n\n\n<p>&#8212; &#8212; &#8212;<\/p>\n\n\n\n<p><strong>Texto<\/strong> &#8211; Paulo Rog\u00e9rio\/&nbsp;Semed&nbsp;<\/p>\n\n\n\n<p><strong>Foto<\/strong> &#8211; Eliton Santos\/&nbsp;Semed&nbsp;<\/p>\n\n\n\n<p><strong>Dispon\u00edveis em<\/strong> &#8211; <a href=\"https:\/\/flic.kr\/s\/aHBqjCAiiJ\">https:\/\/flic.kr\/s\/aHBqjCAiiJ<\/a><\/p>\n","protected":false},"excerpt":{"rendered":"","protected":false},"author":23,"featured_media":11624,"comment_status":"closed","ping_status":"closed","sticky":false,"template":"","format":"standard","meta":{"footnotes":""},"categories":[1238],"tags":[122,1240,2924,2925,15,52],"acf":[],"yoast_head":"<!-- This site is optimized with the Yoast SEO plugin v23.0 - https:\/\/yoast.com\/wordpress\/plugins\/seo\/ -->\n<title>Prefeitura de Manaus abre inscri\u00e7\u00f5es para novas modalidades dos jogos dos servidores da Semed<\/title>\n<meta name=\"description\" content=\"A Prefeitura de Manaus, por meio da Secretaria Municipal de Educa\u00e7\u00e3o (Semed), iniciou, nesta quinta-feira, 30\/4, as inscri\u00e7\u00f5es para novas modalidades da 6\u00aa edi\u00e7\u00e3o dos Jogos de Integra\u00e7\u00e3o dos Servidores da Semed (Jiss).\" \/>\n<meta name=\"robots\" content=\"index, follow, max-snippet:-1, max-image-preview:large, max-video-preview:-1\" \/>\n<link rel=\"canonical\" href=\"https:\/\/www.manaus.am.gov.br\/semed\/not\u00edcias\/integracao\/prefeitura-semed-inscricoes-jiss\/\" \/>\n<meta property=\"og:locale\" content=\"pt_BR\" \/>\n<meta property=\"og:type\" content=\"article\" \/>\n<meta property=\"og:title\" content=\"Prefeitura de Manaus abre inscri\u00e7\u00f5es para novas modalidades dos jogos dos servidores da Semed\" \/>\n<meta property=\"og:description\" content=\"A Prefeitura de Manaus, por meio da Secretaria Municipal de Educa\u00e7\u00e3o (Semed), iniciou, nesta quinta-feira, 30\/4, as inscri\u00e7\u00f5es para novas modalidades da 6\u00aa edi\u00e7\u00e3o dos Jogos de Integra\u00e7\u00e3o dos Servidores da Semed (Jiss).\" \/>\n<meta property=\"og:url\" content=\"https:\/\/www.manaus.am.gov.br\/semed\/not\u00edcias\/integracao\/prefeitura-semed-inscricoes-jiss\/\" \/>\n<meta property=\"og:site_name\" content=\"SEMED\" \/>\n<meta property=\"article:published_time\" content=\"2026-04-30T16:52:33+00:00\" \/>\n<meta property=\"article:modified_time\" content=\"2026-04-30T16:52:35+00:00\" \/>\n<meta property=\"og:image\" content=\"https:\/\/www.manaus.am.gov.br\/semed\/wp-content\/uploads\/sites\/3\/2026\/04\/54914448253_e9eb0c2598_c.jpg\" \/>\n\t<meta property=\"og:image:width\" content=\"799\" \/>\n\t<meta property=\"og:image:height\" content=\"533\" \/>\n\t<meta property=\"og:image:type\" content=\"image\/jpeg\" \/>\n<meta name=\"author\" content=\"Adriana Costa\" \/>\n<meta name=\"twitter:card\" content=\"summary_large_image\" \/>\n<meta name=\"twitter:label1\" content=\"Written by\" \/>\n\t<meta name=\"twitter:data1\" content=\"Adriana Costa\" \/>\n\t<meta name=\"twitter:label2\" content=\"Est. reading time\" \/>\n\t<meta name=\"twitter:data2\" content=\"3 minutos\" \/>\n<script type=\"application\/ld+json\" class=\"yoast-schema-graph\">{\"@context\":\"https:\/\/schema.org\",\"@graph\":[{\"@type\":\"Article\",\"@id\":\"https:\/\/www.manaus.am.gov.br\/semed\/not\u00edcias\/integracao\/prefeitura-semed-inscricoes-jiss\/#article\",\"isPartOf\":{\"@id\":\"https:\/\/www.manaus.am.gov.br\/semed\/not\u00edcias\/integracao\/prefeitura-semed-inscricoes-jiss\/\"},\"author\":{\"name\":\"Adriana Costa\",\"@id\":\"https:\/\/www.manaus.am.gov.br\/semed\/#\/schema\/person\/4e49f4e267757a06ca072ec61b2b9968\"},\"headline\":\"Prefeitura de Manaus abre inscri\u00e7\u00f5es para novas modalidades dos jogos dos servidores da\u00a0Semed\",\"datePublished\":\"2026-04-30T16:52:33+00:00\",\"dateModified\":\"2026-04-30T16:52:35+00:00\",\"mainEntityOfPage\":{\"@id\":\"https:\/\/www.manaus.am.gov.br\/semed\/not\u00edcias\/integracao\/prefeitura-semed-inscricoes-jiss\/\"},\"wordCount\":437,\"publisher\":{\"@id\":\"https:\/\/www.manaus.am.gov.br\/semed\/#organization\"},\"image\":{\"@id\":\"https:\/\/www.manaus.am.gov.br\/semed\/not\u00edcias\/integracao\/prefeitura-semed-inscricoes-jiss\/#primaryimage\"},\"thumbnailUrl\":\"https:\/\/www.manaus.am.gov.br\/semed\/wp-content\/uploads\/sites\/3\/2026\/04\/54914448253_e9eb0c2598_c.jpg\",\"keywords\":[\"inscri\u00e7\u00f5es\",\"jiss\",\"Jogos dos Servidores\",\"novas modalidades\",\"prefeitura de manaus\",\"semed\"],\"articleSection\":[\"Integra\u00e7\u00e3o\"],\"inLanguage\":\"pt-BR\"},{\"@type\":\"WebPage\",\"@id\":\"https:\/\/www.manaus.am.gov.br\/semed\/not\u00edcias\/integracao\/prefeitura-semed-inscricoes-jiss\/\",\"url\":\"https:\/\/www.manaus.am.gov.br\/semed\/not\u00edcias\/integracao\/prefeitura-semed-inscricoes-jiss\/\",\"name\":\"Prefeitura de Manaus abre inscri\u00e7\u00f5es para novas modalidades dos jogos dos servidores da Semed\",\"isPartOf\":{\"@id\":\"https:\/\/www.manaus.am.gov.br\/semed\/#website\"},\"primaryImageOfPage\":{\"@id\":\"https:\/\/www.manaus.am.gov.br\/semed\/not\u00edcias\/integracao\/prefeitura-semed-inscricoes-jiss\/#primaryimage\"},\"image\":{\"@id\":\"https:\/\/www.manaus.am.gov.br\/semed\/not\u00edcias\/integracao\/prefeitura-semed-inscricoes-jiss\/#primaryimage\"},\"thumbnailUrl\":\"https:\/\/www.manaus.am.gov.br\/semed\/wp-content\/uploads\/sites\/3\/2026\/04\/54914448253_e9eb0c2598_c.jpg\",\"datePublished\":\"2026-04-30T16:52:33+00:00\",\"dateModified\":\"2026-04-30T16:52:35+00:00\",\"description\":\"A Prefeitura de Manaus, por meio da Secretaria Municipal de Educa\u00e7\u00e3o (Semed), iniciou, nesta quinta-feira, 30\/4, as inscri\u00e7\u00f5es para novas modalidades da 6\u00aa edi\u00e7\u00e3o dos Jogos de Integra\u00e7\u00e3o dos Servidores da Semed (Jiss).\",\"inLanguage\":\"pt-BR\",\"potentialAction\":[{\"@type\":\"ReadAction\",\"target\":[\"https:\/\/www.manaus.am.gov.br\/semed\/not\u00edcias\/integracao\/prefeitura-semed-inscricoes-jiss\/\"]}]},{\"@type\":\"ImageObject\",\"inLanguage\":\"pt-BR\",\"@id\":\"https:\/\/www.manaus.am.gov.br\/semed\/not\u00edcias\/integracao\/prefeitura-semed-inscricoes-jiss\/#primaryimage\",\"url\":\"https:\/\/www.manaus.am.gov.br\/semed\/wp-content\/uploads\/sites\/3\/2026\/04\/54914448253_e9eb0c2598_c.jpg\",\"contentUrl\":\"https:\/\/www.manaus.am.gov.br\/semed\/wp-content\/uploads\/sites\/3\/2026\/04\/54914448253_e9eb0c2598_c.jpg\",\"width\":799,\"height\":533,\"caption\":\"#paratodosverem - Servidores em quadra de esportes durante jogos de integra\u00e7\u00e3o da Semed\"},{\"@type\":\"WebSite\",\"@id\":\"https:\/\/www.manaus.am.gov.br\/semed\/#website\",\"url\":\"https:\/\/www.manaus.am.gov.br\/semed\/\",\"name\":\"Secretaria Municipal de Educa\u00e7\u00e3o\",\"description\":\"Secretaria Municipal de Educa\u00e7\u00e3o\",\"publisher\":{\"@id\":\"https:\/\/www.manaus.am.gov.br\/semed\/#organization\"},\"alternateName\":\"SEMED\",\"potentialAction\":[{\"@type\":\"SearchAction\",\"target\":{\"@type\":\"EntryPoint\",\"urlTemplate\":\"https:\/\/www.manaus.am.gov.br\/semed\/?s={search_term_string}\"},\"query-input\":\"required name=search_term_string\"}],\"inLanguage\":\"pt-BR\"},{\"@type\":\"Organization\",\"@id\":\"https:\/\/www.manaus.am.gov.br\/semed\/#organization\",\"name\":\"Secretaria de Educa\u00e7\u00e3o\",\"alternateName\":\"SEMED\",\"url\":\"https:\/\/www.manaus.am.gov.br\/semed\/\",\"logo\":{\"@type\":\"ImageObject\",\"inLanguage\":\"pt-BR\",\"@id\":\"https:\/\/www.manaus.am.gov.br\/semed\/#\/schema\/logo\/image\/\",\"url\":\"https:\/\/www.manaus.am.gov.br\/semed\/wp-content\/uploads\/sites\/3\/2022\/11\/favicon.png\",\"contentUrl\":\"https:\/\/www.manaus.am.gov.br\/semed\/wp-content\/uploads\/sites\/3\/2022\/11\/favicon.png\",\"width\":300,\"height\":300,\"caption\":\"Secretaria de Educa\u00e7\u00e3o\"},\"image\":{\"@id\":\"https:\/\/www.manaus.am.gov.br\/semed\/#\/schema\/logo\/image\/\"}},{\"@type\":\"Person\",\"@id\":\"https:\/\/www.manaus.am.gov.br\/semed\/#\/schema\/person\/4e49f4e267757a06ca072ec61b2b9968\",\"name\":\"Adriana Costa\",\"image\":{\"@type\":\"ImageObject\",\"inLanguage\":\"pt-BR\",\"@id\":\"https:\/\/www.manaus.am.gov.br\/semed\/#\/schema\/person\/image\/\",\"url\":\"https:\/\/secure.gravatar.com\/avatar\/576258617ef7194f718179e766d57bd4?s=96&d=mm&r=g\",\"contentUrl\":\"https:\/\/secure.gravatar.com\/avatar\/576258617ef7194f718179e766d57bd4?s=96&d=mm&r=g\",\"caption\":\"Adriana Costa\"}}]}<\/script>\n<!-- \/ Yoast SEO plugin. -->","yoast_head_json":{"title":"Prefeitura de Manaus abre inscri\u00e7\u00f5es para novas modalidades dos jogos dos servidores da Semed","description":"A Prefeitura de Manaus, por meio da Secretaria Municipal de Educa\u00e7\u00e3o (Semed), iniciou, nesta quinta-feira, 30\/4, as inscri\u00e7\u00f5es para novas modalidades da 6\u00aa edi\u00e7\u00e3o dos Jogos de Integra\u00e7\u00e3o dos Servidores da Semed (Jiss).","robots":{"index":"index","follow":"follow","max-snippet":"max-snippet:-1","max-image-preview":"max-image-preview:large","max-video-preview":"max-video-preview:-1"},"canonical":"https:\/\/www.manaus.am.gov.br\/semed\/not\u00edcias\/integracao\/prefeitura-semed-inscricoes-jiss\/","og_locale":"pt_BR","og_type":"article","og_title":"Prefeitura de Manaus abre inscri\u00e7\u00f5es para novas modalidades dos jogos dos servidores da Semed","og_description":"A Prefeitura de Manaus, por meio da Secretaria Municipal de Educa\u00e7\u00e3o (Semed), iniciou, nesta quinta-feira, 30\/4, as inscri\u00e7\u00f5es para novas modalidades da 6\u00aa edi\u00e7\u00e3o dos Jogos de Integra\u00e7\u00e3o dos Servidores da Semed (Jiss).","og_url":"https:\/\/www.manaus.am.gov.br\/semed\/not\u00edcias\/integracao\/prefeitura-semed-inscricoes-jiss\/","og_site_name":"SEMED","article_published_time":"2026-04-30T16:52:33+00:00","article_modified_time":"2026-04-30T16:52:35+00:00","og_image":[{"width":799,"height":533,"url":"https:\/\/www.manaus.am.gov.br\/semed\/wp-content\/uploads\/sites\/3\/2026\/04\/54914448253_e9eb0c2598_c.jpg","type":"image\/jpeg"}],"author":"Adriana Costa","twitter_card":"summary_large_image","twitter_misc":{"Written by":"Adriana Costa","Est. reading time":"3 minutos"},"schema":{"@context":"https:\/\/schema.org","@graph":[{"@type":"Article","@id":"https:\/\/www.manaus.am.gov.br\/semed\/not\u00edcias\/integracao\/prefeitura-semed-inscricoes-jiss\/#article","isPartOf":{"@id":"https:\/\/www.manaus.am.gov.br\/semed\/not\u00edcias\/integracao\/prefeitura-semed-inscricoes-jiss\/"},"author":{"name":"Adriana Costa","@id":"https:\/\/www.manaus.am.gov.br\/semed\/#\/schema\/person\/4e49f4e267757a06ca072ec61b2b9968"},"headline":"Prefeitura de Manaus abre inscri\u00e7\u00f5es para novas modalidades dos jogos dos servidores da\u00a0Semed","datePublished":"2026-04-30T16:52:33+00:00","dateModified":"2026-04-30T16:52:35+00:00","mainEntityOfPage":{"@id":"https:\/\/www.manaus.am.gov.br\/semed\/not\u00edcias\/integracao\/prefeitura-semed-inscricoes-jiss\/"},"wordCount":437,"publisher":{"@id":"https:\/\/www.manaus.am.gov.br\/semed\/#organization"},"image":{"@id":"https:\/\/www.manaus.am.gov.br\/semed\/not\u00edcias\/integracao\/prefeitura-semed-inscricoes-jiss\/#primaryimage"},"thumbnailUrl":"https:\/\/www.manaus.am.gov.br\/semed\/wp-content\/uploads\/sites\/3\/2026\/04\/54914448253_e9eb0c2598_c.jpg","keywords":["inscri\u00e7\u00f5es","jiss","Jogos dos Servidores","novas modalidades","prefeitura de manaus","semed"],"articleSection":["Integra\u00e7\u00e3o"],"inLanguage":"pt-BR"},{"@type":"WebPage","@id":"https:\/\/www.manaus.am.gov.br\/semed\/not\u00edcias\/integracao\/prefeitura-semed-inscricoes-jiss\/","url":"https:\/\/www.manaus.am.gov.br\/semed\/not\u00edcias\/integracao\/prefeitura-semed-inscricoes-jiss\/","name":"Prefeitura de Manaus abre inscri\u00e7\u00f5es para novas modalidades dos jogos dos servidores da Semed","isPartOf":{"@id":"https:\/\/www.manaus.am.gov.br\/semed\/#website"},"primaryImageOfPage":{"@id":"https:\/\/www.manaus.am.gov.br\/semed\/not\u00edcias\/integracao\/prefeitura-semed-inscricoes-jiss\/#primaryimage"},"image":{"@id":"https:\/\/www.manaus.am.gov.br\/semed\/not\u00edcias\/integracao\/prefeitura-semed-inscricoes-jiss\/#primaryimage"},"thumbnailUrl":"https:\/\/www.manaus.am.gov.br\/semed\/wp-content\/uploads\/sites\/3\/2026\/04\/54914448253_e9eb0c2598_c.jpg","datePublished":"2026-04-30T16:52:33+00:00","dateModified":"2026-04-30T16:52:35+00:00","description":"A Prefeitura de Manaus, por meio da Secretaria Municipal de Educa\u00e7\u00e3o (Semed), iniciou, nesta quinta-feira, 30\/4, as inscri\u00e7\u00f5es para novas modalidades da 6\u00aa edi\u00e7\u00e3o dos Jogos de Integra\u00e7\u00e3o dos Servidores da Semed (Jiss).","inLanguage":"pt-BR","potentialAction":[{"@type":"ReadAction","target":["https:\/\/www.manaus.am.gov.br\/semed\/not\u00edcias\/integracao\/prefeitura-semed-inscricoes-jiss\/"]}]},{"@type":"ImageObject","inLanguage":"pt-BR","@id":"https:\/\/www.manaus.am.gov.br\/semed\/not\u00edcias\/integracao\/prefeitura-semed-inscricoes-jiss\/#primaryimage","url":"https:\/\/www.manaus.am.gov.br\/semed\/wp-content\/uploads\/sites\/3\/2026\/04\/54914448253_e9eb0c2598_c.jpg","contentUrl":"https:\/\/www.manaus.am.gov.br\/semed\/wp-content\/uploads\/sites\/3\/2026\/04\/54914448253_e9eb0c2598_c.jpg","width":799,"height":533,"caption":"#paratodosverem - Servidores em quadra de esportes durante jogos de integra\u00e7\u00e3o da Semed"},{"@type":"WebSite","@id":"https:\/\/www.manaus.am.gov.br\/semed\/#website","url":"https:\/\/www.manaus.am.gov.br\/semed\/","name":"Secretaria Municipal de Educa\u00e7\u00e3o","description":"Secretaria Municipal de Educa\u00e7\u00e3o","publisher":{"@id":"https:\/\/www.manaus.am.gov.br\/semed\/#organization"},"alternateName":"SEMED","potentialAction":[{"@type":"SearchAction","target":{"@type":"EntryPoint","urlTemplate":"https:\/\/www.manaus.am.gov.br\/semed\/?s={search_term_string}"},"query-input":"required name=search_term_string"}],"inLanguage":"pt-BR"},{"@type":"Organization","@id":"https:\/\/www.manaus.am.gov.br\/semed\/#organization","name":"Secretaria de Educa\u00e7\u00e3o","alternateName":"SEMED","url":"https:\/\/www.manaus.am.gov.br\/semed\/","logo":{"@type":"ImageObject","inLanguage":"pt-BR","@id":"https:\/\/www.manaus.am.gov.br\/semed\/#\/schema\/logo\/image\/","url":"https:\/\/www.manaus.am.gov.br\/semed\/wp-content\/uploads\/sites\/3\/2022\/11\/favicon.png","contentUrl":"https:\/\/www.manaus.am.gov.br\/semed\/wp-content\/uploads\/sites\/3\/2022\/11\/favicon.png","width":300,"height":300,"caption":"Secretaria de Educa\u00e7\u00e3o"},"image":{"@id":"https:\/\/www.manaus.am.gov.br\/semed\/#\/schema\/logo\/image\/"}},{"@type":"Person","@id":"https:\/\/www.manaus.am.gov.br\/semed\/#\/schema\/person\/4e49f4e267757a06ca072ec61b2b9968","name":"Adriana Costa","image":{"@type":"ImageObject","inLanguage":"pt-BR","@id":"https:\/\/www.manaus.am.gov.br\/semed\/#\/schema\/person\/image\/","url":"https:\/\/secure.gravatar.com\/avatar\/576258617ef7194f718179e766d57bd4?s=96&d=mm&r=g","contentUrl":"https:\/\/secure.gravatar.com\/avatar\/576258617ef7194f718179e766d57bd4?s=96&d=mm&r=g","caption":"Adriana Costa"}}]}},"_links":{"self":[{"href":"https:\/\/www.manaus.am.gov.br\/semed\/wp-json\/wp\/v2\/posts\/11623"}],"collection":[{"href":"https:\/\/www.manaus.am.gov.br\/semed\/wp-json\/wp\/v2\/posts"}],"about":[{"href":"https:\/\/www.manaus.am.gov.br\/semed\/wp-json\/wp\/v2\/types\/post"}],"author":[{"embeddable":true,"href":"https:\/\/www.manaus.am.gov.br\/semed\/wp-json\/wp\/v2\/users\/23"}],"replies":[{"embeddable":true,"href":"https:\/\/www.manaus.am.gov.br\/semed\/wp-json\/wp\/v2\/comments?post=11623"}],"version-history":[{"count":0,"href":"https:\/\/www.manaus.am.gov.br\/semed\/wp-json\/wp\/v2\/posts\/11623\/revisions"}],"wp:featuredmedia":[{"embeddable":true,"href":"https:\/\/www.manaus.am.gov.br\/semed\/wp-json\/wp\/v2\/media\/11624"}],"wp:attachment":[{"href":"https:\/\/www.manaus.am.gov.br\/semed\/wp-json\/wp\/v2\/media?parent=11623"}],"wp:term":[{"taxonomy":"category","embeddable":true,"href":"https:\/\/www.manaus.am.gov.br\/semed\/wp-json\/wp\/v2\/categories?post=11623"},{"taxonomy":"post_tag","embeddable":true,"href":"https:\/\/www.manaus.am.gov.br\/semed\/wp-json\/wp\/v2\/tags?post=11623"}],"curies":[{"name":"wp","href":"https:\/\/api.w.org\/{rel}","templated":true}]}}