{"id":11616,"date":"2026-04-29T15:11:37","date_gmt":"2026-04-29T19:11:37","guid":{"rendered":"https:\/\/www.manaus.am.gov.br\/semed\/not\u00edcias\/sem-categoria\/projeto-eleitor-do-futuro\/"},"modified":"2026-04-29T15:11:37","modified_gmt":"2026-04-29T19:11:37","slug":"projeto-eleitor-do-futuro","status":"publish","type":"post","link":"https:\/\/www.manaus.am.gov.br\/semed\/not\u00edcias\/parceria\/projeto-eleitor-do-futuro\/","title":{"rendered":"Estudantes da Prefeitura de Manaus participam do projeto \u2018Eleitor do Futuro\u2019 na sede do TRE-AM"},"content":{"rendered":"\n<p>Cerca de 60 alunos&nbsp;do 8\u00ba e 9\u00ba anos do ensino fundamental da escola municipal Helena Augusta Walcott, da Prefeitura de Manaus,&nbsp;participaram, nesta quarta-feira,&nbsp;29\/4, do projeto \u201cEleitor do Futuro\u201d, realizado na sede do Tribunal Regional Eleitoral do Amazonas (TRE-AM). A iniciativa, promovida pela&nbsp;Secretaria Municipal de Educa\u00e7\u00e3o (Semed), \u00e9 resultado de um acordo de coopera\u00e7\u00e3o t\u00e9cnica entre o TRE-AM e a Escola Judici\u00e1ria Eleitoral do Amazonas (EJE-AM).<\/p>\n\n\n\n<p>Durante a a\u00e7\u00e3o, estudantes com 16 anos ou mais tiveram a oportunidade de iniciar o processo de emiss\u00e3o do t\u00edtulo de eleitor.&nbsp;O acordo de coopera\u00e7\u00e3o t\u00e9cnica deve atender 35 unidades de ensino da rede de todas as zonas geogr\u00e1ficas da cidade, beneficiando&nbsp;1.750.<\/p>\n\n\n\n<p>O projeto \u201cEleitor do Futuro\u201d, meu primeiro voto, refor\u00e7a o compromisso de aproximar os jovens do processo democr\u00e1tico de forma din\u00e2mica, educativa e inspiradora.&nbsp;<\/p>\n\n\n\n<p>A programa\u00e7\u00e3o contou ainda com umtour pelos principais espa\u00e7os do TRE-AM, como o centro de mem\u00f3ria, a biblioteca institucional, a se\u00e7\u00e3o de voto&nbsp;informatizado, onde&nbsp;s\u00e3o armazenadas as urnas eletr\u00f4nicas,&nbsp;e o plen\u00e1rio da corte eleitoral, conectando hist\u00f3ria, tecnologia e cidadania em uma s\u00f3 experi\u00eancia.&nbsp;<\/p>\n\n\n\n<p>O coordenador do N\u00facleo de Parcerias Institucionais (Nupi) da&nbsp;Semed, Ricardo Sim\u00f5es, disse que foi a segunda unidade de ensino, que visitou o tribunal, mas que a parceria trar\u00e1 resultados significativos para os alunos finalistas, j\u00e1 preparando como cidad\u00e3os no processo eleitoral.&nbsp;<\/p>\n\n\n\n<p>\u201cEsta \u00e9 a segunda escola a participar da a\u00e7\u00e3o no TRE-AM, oportunizando que estudantes menores de 18 anos solicitassem o t\u00edtulo de eleitor e conhecessem de perto o funcionamento do tribunal, por meio de uma visita guiada. A parceria tem como objetivo aproximar os jovens do processo democr\u00e1tico, com o apoio da Escola Judici\u00e1ria Eleitoral, refor\u00e7ando a import\u00e2ncia de compreender o sistema eleitoral e as etapas que garantem a realiza\u00e7\u00e3o das elei\u00e7\u00f5es. Al\u00e9m da emiss\u00e3o do t\u00edtulo, o projeto inclui palestras, atividades interativas e a simula\u00e7\u00e3o de vota\u00e7\u00e3o, permitindo que os alunos tenham contato direto com a urna eletr\u00f4nica e vivenciem, na pr\u00e1tica, momentos essenciais do processo eleitoral\u201d, afirmou.&nbsp;<\/p>\n\n\n\n<p>Para a coordenadora da EJE-TRE, Marcela Anjos, o&nbsp;tribunal&nbsp;com a parceria realiza e ajuda no processo eleitoral com os&nbsp;estudantes&nbsp;no trabalho de conscientiza\u00e7\u00e3o, mas acima de tudo de saber como acontece todo o processo para que haja uma elei\u00e7\u00e3o em prol de todos.&nbsp;<\/p>\n\n\n\n<p>\u201cHoje recebemos a segunda escola dentro dessa parceria, que j\u00e1 apresenta resultados concretos. Al\u00e9m da visita institucional, os estudantes t\u00eam a oportunidade de sair daqui com o alistamento eleitoral realizado, j\u00e1 preparados para exercer a cidadania nas pr\u00f3ximas elei\u00e7\u00f5es. Durante a programa\u00e7\u00e3o, eles participaram de uma palestra educativa sobre cidadania, democracia e a import\u00e2ncia do voto, al\u00e9m de discuss\u00f5es sobre o consumo respons\u00e1vel de informa\u00e7\u00f5es, com foco no reconhecimento e combate \u00e0s fake&nbsp;news. A proposta \u00e9 que saiam daqui mais conscientes, capazes de distinguir o que \u00e9 verdadeiro do que \u00e9 falso e mais preparados para participar ativamente da vida democr\u00e1tica\u201d, explicou.&nbsp;<\/p>\n\n\n\n<p>Empolgada com a chance de ter acesso ao seu primeiro t\u00edtulo eleitoral, a&nbsp;estudante&nbsp;do 9\u00ba ano,&nbsp;Izabelle&nbsp;Pimentel Sula, de 16 anos, que estuda h\u00e1 quatro anos na escola, disse que \u00e9 um momento muito especial, proporcionado pela&nbsp;escola e&nbsp;pelo tribunal.&nbsp;<\/p>\n\n\n\n<p>\u201c\u00c9 uma mistura de nervosismo e empolga\u00e7\u00e3o, porque \u00e9 a primeira vez. Ao mesmo tempo, \u00e9 uma sensa\u00e7\u00e3o muito boa, j\u00e1 que muitos adolescentes da minha idade n\u00e3o t\u00eam essa oportunidade que a escola e\u00a0tribunal\u00a0est\u00e3o proporcionando agora. Vou poder fazer minha pr\u00f3pria escolha por meio do voto, e isso \u00e9 muito importante para mim. Minha m\u00e3e tamb\u00e9m achou a iniciativa excelente\u201d, concluiu.\u00a0<\/p>\n\n\n\n<figure class=\"wp-block-image size-large\"><img loading=\"lazy\" decoding=\"async\" width=\"1024\" height=\"576\" src=\"https:\/\/www.manaus.am.gov.br\/semed\/wp-content\/uploads\/sites\/3\/2026\/04\/Projeto-1-2-1024x576.jpeg\" alt=\"\" class=\"wp-image-11618\" srcset=\"https:\/\/www.manaus.am.gov.br\/semed\/wp-content\/uploads\/sites\/3\/2026\/04\/Projeto-1-2-1024x576.jpeg 1024w, https:\/\/www.manaus.am.gov.br\/semed\/wp-content\/uploads\/sites\/3\/2026\/04\/Projeto-1-2-300x169.jpeg 300w, https:\/\/www.manaus.am.gov.br\/semed\/wp-content\/uploads\/sites\/3\/2026\/04\/Projeto-1-2-768x432.jpeg 768w, https:\/\/www.manaus.am.gov.br\/semed\/wp-content\/uploads\/sites\/3\/2026\/04\/Projeto-1-2-1536x864.jpeg 1536w, https:\/\/www.manaus.am.gov.br\/semed\/wp-content\/uploads\/sites\/3\/2026\/04\/Projeto-1-2.jpeg 1600w\" sizes=\"(max-width: 1024px) 100vw, 1024px\" \/><figcaption class=\"wp-element-caption\">#paratodosverem &#8211; Visita institucional<\/figcaption><\/figure>\n\n\n\n<p>&#8212; &#8212; &#8212;<\/p>\n\n\n\n<p><strong>Texto&nbsp;<\/strong>&#8211; Paulo Rog\u00e9rio\/Semed&nbsp;<\/p>\n\n\n\n<p><strong>Fotos &#8211; <\/strong>Divulga\u00e7\u00e3o\/Semed&nbsp;<\/p>\n","protected":false},"excerpt":{"rendered":"","protected":false},"author":39,"featured_media":11617,"comment_status":"closed","ping_status":"closed","sticky":false,"template":"","format":"standard","meta":{"footnotes":""},"categories":[538],"tags":[2921,543,15,2922,2923,52],"acf":[],"yoast_head":"<!-- This site is optimized with the Yoast SEO plugin v23.0 - https:\/\/yoast.com\/wordpress\/plugins\/seo\/ -->\n<title>Estudantes participam do projeto \u2018Eleitor do Futuro\u2019 no TRE-AM<\/title>\n<meta name=\"description\" content=\"Estudantes da Prefeitura de Manaus, por meio da Semed, participam do projeto \u2018Eleitor do Futuro\u2019 na sede do TRE-AM.\" \/>\n<meta name=\"robots\" content=\"index, follow, max-snippet:-1, max-image-preview:large, max-video-preview:-1\" \/>\n<link rel=\"canonical\" href=\"https:\/\/www.manaus.am.gov.br\/semed\/not\u00edcias\/parceria\/projeto-eleitor-do-futuro\/\" \/>\n<meta property=\"og:locale\" content=\"pt_BR\" \/>\n<meta property=\"og:type\" content=\"article\" \/>\n<meta property=\"og:title\" content=\"Estudantes participam do projeto \u2018Eleitor do Futuro\u2019 no TRE-AM\" \/>\n<meta property=\"og:description\" content=\"Estudantes da Prefeitura de Manaus, por meio da Semed, participam do projeto \u2018Eleitor do Futuro\u2019 na sede do TRE-AM.\" \/>\n<meta property=\"og:url\" content=\"https:\/\/www.manaus.am.gov.br\/semed\/not\u00edcias\/parceria\/projeto-eleitor-do-futuro\/\" \/>\n<meta property=\"og:site_name\" content=\"SEMED\" \/>\n<meta property=\"article:published_time\" content=\"2026-04-29T19:11:37+00:00\" \/>\n<meta property=\"og:image\" content=\"https:\/\/www.manaus.am.gov.br\/semed\/wp-content\/uploads\/sites\/3\/2026\/04\/Projeto-7.jpeg\" \/>\n\t<meta property=\"og:image:width\" content=\"1600\" \/>\n\t<meta property=\"og:image:height\" content=\"900\" \/>\n\t<meta property=\"og:image:type\" content=\"image\/jpeg\" \/>\n<meta name=\"author\" content=\"Bruna Greco\" \/>\n<meta name=\"twitter:card\" content=\"summary_large_image\" \/>\n<meta name=\"twitter:label1\" content=\"Written by\" \/>\n\t<meta name=\"twitter:data1\" content=\"Bruna Greco\" \/>\n\t<meta name=\"twitter:label2\" content=\"Est. reading time\" \/>\n\t<meta name=\"twitter:data2\" content=\"4 minutos\" \/>\n<script type=\"application\/ld+json\" class=\"yoast-schema-graph\">{\"@context\":\"https:\/\/schema.org\",\"@graph\":[{\"@type\":\"Article\",\"@id\":\"https:\/\/www.manaus.am.gov.br\/semed\/not\u00edcias\/parceria\/projeto-eleitor-do-futuro\/#article\",\"isPartOf\":{\"@id\":\"https:\/\/www.manaus.am.gov.br\/semed\/not\u00edcias\/parceria\/projeto-eleitor-do-futuro\/\"},\"author\":{\"name\":\"Bruna Greco\",\"@id\":\"https:\/\/www.manaus.am.gov.br\/semed\/#\/schema\/person\/05d223aea2bf115f9883a6ff3683d81b\"},\"headline\":\"Estudantes da Prefeitura de Manaus participam do projeto \u2018Eleitor do Futuro\u2019 na sede do TRE-AM\",\"datePublished\":\"2026-04-29T19:11:37+00:00\",\"dateModified\":\"2026-04-29T19:11:37+00:00\",\"mainEntityOfPage\":{\"@id\":\"https:\/\/www.manaus.am.gov.br\/semed\/not\u00edcias\/parceria\/projeto-eleitor-do-futuro\/\"},\"wordCount\":694,\"publisher\":{\"@id\":\"https:\/\/www.manaus.am.gov.br\/semed\/#organization\"},\"image\":{\"@id\":\"https:\/\/www.manaus.am.gov.br\/semed\/not\u00edcias\/parceria\/projeto-eleitor-do-futuro\/#primaryimage\"},\"thumbnailUrl\":\"https:\/\/www.manaus.am.gov.br\/semed\/wp-content\/uploads\/sites\/3\/2026\/04\/Projeto-7.jpeg\",\"keywords\":[\"Estudantes da escola municipal Helena Augusta Walcott\",\"parceria\",\"prefeitura de manaus\",\"projeto Eleitor do Futuro\",\"sede do TRE-AM\",\"semed\"],\"articleSection\":[\"Parceria\"],\"inLanguage\":\"pt-BR\"},{\"@type\":\"WebPage\",\"@id\":\"https:\/\/www.manaus.am.gov.br\/semed\/not\u00edcias\/parceria\/projeto-eleitor-do-futuro\/\",\"url\":\"https:\/\/www.manaus.am.gov.br\/semed\/not\u00edcias\/parceria\/projeto-eleitor-do-futuro\/\",\"name\":\"Estudantes participam do projeto \u2018Eleitor do Futuro\u2019 no TRE-AM\",\"isPartOf\":{\"@id\":\"https:\/\/www.manaus.am.gov.br\/semed\/#website\"},\"primaryImageOfPage\":{\"@id\":\"https:\/\/www.manaus.am.gov.br\/semed\/not\u00edcias\/parceria\/projeto-eleitor-do-futuro\/#primaryimage\"},\"image\":{\"@id\":\"https:\/\/www.manaus.am.gov.br\/semed\/not\u00edcias\/parceria\/projeto-eleitor-do-futuro\/#primaryimage\"},\"thumbnailUrl\":\"https:\/\/www.manaus.am.gov.br\/semed\/wp-content\/uploads\/sites\/3\/2026\/04\/Projeto-7.jpeg\",\"datePublished\":\"2026-04-29T19:11:37+00:00\",\"dateModified\":\"2026-04-29T19:11:37+00:00\",\"description\":\"Estudantes da Prefeitura de Manaus, por meio da Semed, participam do projeto \u2018Eleitor do Futuro\u2019 na sede do TRE-AM.\",\"inLanguage\":\"pt-BR\",\"potentialAction\":[{\"@type\":\"ReadAction\",\"target\":[\"https:\/\/www.manaus.am.gov.br\/semed\/not\u00edcias\/parceria\/projeto-eleitor-do-futuro\/\"]}]},{\"@type\":\"ImageObject\",\"inLanguage\":\"pt-BR\",\"@id\":\"https:\/\/www.manaus.am.gov.br\/semed\/not\u00edcias\/parceria\/projeto-eleitor-do-futuro\/#primaryimage\",\"url\":\"https:\/\/www.manaus.am.gov.br\/semed\/wp-content\/uploads\/sites\/3\/2026\/04\/Projeto-7.jpeg\",\"contentUrl\":\"https:\/\/www.manaus.am.gov.br\/semed\/wp-content\/uploads\/sites\/3\/2026\/04\/Projeto-7.jpeg\",\"width\":1600,\"height\":900,\"caption\":\"#paratodosverem - Estudante da Semed realizando a emiss\u00e3o de T\u00edtulo de Eleitor na sede do TRE-AM durante o projeto \u201cEleitor do Futuro\u201d\"},{\"@type\":\"WebSite\",\"@id\":\"https:\/\/www.manaus.am.gov.br\/semed\/#website\",\"url\":\"https:\/\/www.manaus.am.gov.br\/semed\/\",\"name\":\"Secretaria Municipal de Educa\u00e7\u00e3o\",\"description\":\"Secretaria Municipal de Educa\u00e7\u00e3o\",\"publisher\":{\"@id\":\"https:\/\/www.manaus.am.gov.br\/semed\/#organization\"},\"alternateName\":\"SEMED\",\"potentialAction\":[{\"@type\":\"SearchAction\",\"target\":{\"@type\":\"EntryPoint\",\"urlTemplate\":\"https:\/\/www.manaus.am.gov.br\/semed\/?s={search_term_string}\"},\"query-input\":\"required name=search_term_string\"}],\"inLanguage\":\"pt-BR\"},{\"@type\":\"Organization\",\"@id\":\"https:\/\/www.manaus.am.gov.br\/semed\/#organization\",\"name\":\"Secretaria de Educa\u00e7\u00e3o\",\"alternateName\":\"SEMED\",\"url\":\"https:\/\/www.manaus.am.gov.br\/semed\/\",\"logo\":{\"@type\":\"ImageObject\",\"inLanguage\":\"pt-BR\",\"@id\":\"https:\/\/www.manaus.am.gov.br\/semed\/#\/schema\/logo\/image\/\",\"url\":\"https:\/\/www.manaus.am.gov.br\/semed\/wp-content\/uploads\/sites\/3\/2022\/11\/favicon.png\",\"contentUrl\":\"https:\/\/www.manaus.am.gov.br\/semed\/wp-content\/uploads\/sites\/3\/2022\/11\/favicon.png\",\"width\":300,\"height\":300,\"caption\":\"Secretaria de Educa\u00e7\u00e3o\"},\"image\":{\"@id\":\"https:\/\/www.manaus.am.gov.br\/semed\/#\/schema\/logo\/image\/\"}},{\"@type\":\"Person\",\"@id\":\"https:\/\/www.manaus.am.gov.br\/semed\/#\/schema\/person\/05d223aea2bf115f9883a6ff3683d81b\",\"name\":\"Bruna Greco\",\"image\":{\"@type\":\"ImageObject\",\"inLanguage\":\"pt-BR\",\"@id\":\"https:\/\/www.manaus.am.gov.br\/semed\/#\/schema\/person\/image\/\",\"url\":\"https:\/\/secure.gravatar.com\/avatar\/9c877d1a6adc2a055330e5c09a8653ce?s=96&d=mm&r=g\",\"contentUrl\":\"https:\/\/secure.gravatar.com\/avatar\/9c877d1a6adc2a055330e5c09a8653ce?s=96&d=mm&r=g\",\"caption\":\"Bruna Greco\"}}]}<\/script>\n<!-- \/ Yoast SEO plugin. -->","yoast_head_json":{"title":"Estudantes participam do projeto \u2018Eleitor do Futuro\u2019 no TRE-AM","description":"Estudantes da Prefeitura de Manaus, por meio da Semed, participam do projeto \u2018Eleitor do Futuro\u2019 na sede do TRE-AM.","robots":{"index":"index","follow":"follow","max-snippet":"max-snippet:-1","max-image-preview":"max-image-preview:large","max-video-preview":"max-video-preview:-1"},"canonical":"https:\/\/www.manaus.am.gov.br\/semed\/not\u00edcias\/parceria\/projeto-eleitor-do-futuro\/","og_locale":"pt_BR","og_type":"article","og_title":"Estudantes participam do projeto \u2018Eleitor do Futuro\u2019 no TRE-AM","og_description":"Estudantes da Prefeitura de Manaus, por meio da Semed, participam do projeto \u2018Eleitor do Futuro\u2019 na sede do TRE-AM.","og_url":"https:\/\/www.manaus.am.gov.br\/semed\/not\u00edcias\/parceria\/projeto-eleitor-do-futuro\/","og_site_name":"SEMED","article_published_time":"2026-04-29T19:11:37+00:00","og_image":[{"width":1600,"height":900,"url":"https:\/\/www.manaus.am.gov.br\/semed\/wp-content\/uploads\/sites\/3\/2026\/04\/Projeto-7.jpeg","type":"image\/jpeg"}],"author":"Bruna Greco","twitter_card":"summary_large_image","twitter_misc":{"Written by":"Bruna Greco","Est. reading time":"4 minutos"},"schema":{"@context":"https:\/\/schema.org","@graph":[{"@type":"Article","@id":"https:\/\/www.manaus.am.gov.br\/semed\/not\u00edcias\/parceria\/projeto-eleitor-do-futuro\/#article","isPartOf":{"@id":"https:\/\/www.manaus.am.gov.br\/semed\/not\u00edcias\/parceria\/projeto-eleitor-do-futuro\/"},"author":{"name":"Bruna Greco","@id":"https:\/\/www.manaus.am.gov.br\/semed\/#\/schema\/person\/05d223aea2bf115f9883a6ff3683d81b"},"headline":"Estudantes da Prefeitura de Manaus participam do projeto \u2018Eleitor do Futuro\u2019 na sede do TRE-AM","datePublished":"2026-04-29T19:11:37+00:00","dateModified":"2026-04-29T19:11:37+00:00","mainEntityOfPage":{"@id":"https:\/\/www.manaus.am.gov.br\/semed\/not\u00edcias\/parceria\/projeto-eleitor-do-futuro\/"},"wordCount":694,"publisher":{"@id":"https:\/\/www.manaus.am.gov.br\/semed\/#organization"},"image":{"@id":"https:\/\/www.manaus.am.gov.br\/semed\/not\u00edcias\/parceria\/projeto-eleitor-do-futuro\/#primaryimage"},"thumbnailUrl":"https:\/\/www.manaus.am.gov.br\/semed\/wp-content\/uploads\/sites\/3\/2026\/04\/Projeto-7.jpeg","keywords":["Estudantes da escola municipal Helena Augusta Walcott","parceria","prefeitura de manaus","projeto Eleitor do Futuro","sede do TRE-AM","semed"],"articleSection":["Parceria"],"inLanguage":"pt-BR"},{"@type":"WebPage","@id":"https:\/\/www.manaus.am.gov.br\/semed\/not\u00edcias\/parceria\/projeto-eleitor-do-futuro\/","url":"https:\/\/www.manaus.am.gov.br\/semed\/not\u00edcias\/parceria\/projeto-eleitor-do-futuro\/","name":"Estudantes participam do projeto \u2018Eleitor do Futuro\u2019 no TRE-AM","isPartOf":{"@id":"https:\/\/www.manaus.am.gov.br\/semed\/#website"},"primaryImageOfPage":{"@id":"https:\/\/www.manaus.am.gov.br\/semed\/not\u00edcias\/parceria\/projeto-eleitor-do-futuro\/#primaryimage"},"image":{"@id":"https:\/\/www.manaus.am.gov.br\/semed\/not\u00edcias\/parceria\/projeto-eleitor-do-futuro\/#primaryimage"},"thumbnailUrl":"https:\/\/www.manaus.am.gov.br\/semed\/wp-content\/uploads\/sites\/3\/2026\/04\/Projeto-7.jpeg","datePublished":"2026-04-29T19:11:37+00:00","dateModified":"2026-04-29T19:11:37+00:00","description":"Estudantes da Prefeitura de Manaus, por meio da Semed, participam do projeto \u2018Eleitor do Futuro\u2019 na sede do TRE-AM.","inLanguage":"pt-BR","potentialAction":[{"@type":"ReadAction","target":["https:\/\/www.manaus.am.gov.br\/semed\/not\u00edcias\/parceria\/projeto-eleitor-do-futuro\/"]}]},{"@type":"ImageObject","inLanguage":"pt-BR","@id":"https:\/\/www.manaus.am.gov.br\/semed\/not\u00edcias\/parceria\/projeto-eleitor-do-futuro\/#primaryimage","url":"https:\/\/www.manaus.am.gov.br\/semed\/wp-content\/uploads\/sites\/3\/2026\/04\/Projeto-7.jpeg","contentUrl":"https:\/\/www.manaus.am.gov.br\/semed\/wp-content\/uploads\/sites\/3\/2026\/04\/Projeto-7.jpeg","width":1600,"height":900,"caption":"#paratodosverem - Estudante da Semed realizando a emiss\u00e3o de T\u00edtulo de Eleitor na sede do TRE-AM durante o projeto \u201cEleitor do Futuro\u201d"},{"@type":"WebSite","@id":"https:\/\/www.manaus.am.gov.br\/semed\/#website","url":"https:\/\/www.manaus.am.gov.br\/semed\/","name":"Secretaria Municipal de Educa\u00e7\u00e3o","description":"Secretaria Municipal de Educa\u00e7\u00e3o","publisher":{"@id":"https:\/\/www.manaus.am.gov.br\/semed\/#organization"},"alternateName":"SEMED","potentialAction":[{"@type":"SearchAction","target":{"@type":"EntryPoint","urlTemplate":"https:\/\/www.manaus.am.gov.br\/semed\/?s={search_term_string}"},"query-input":"required name=search_term_string"}],"inLanguage":"pt-BR"},{"@type":"Organization","@id":"https:\/\/www.manaus.am.gov.br\/semed\/#organization","name":"Secretaria de Educa\u00e7\u00e3o","alternateName":"SEMED","url":"https:\/\/www.manaus.am.gov.br\/semed\/","logo":{"@type":"ImageObject","inLanguage":"pt-BR","@id":"https:\/\/www.manaus.am.gov.br\/semed\/#\/schema\/logo\/image\/","url":"https:\/\/www.manaus.am.gov.br\/semed\/wp-content\/uploads\/sites\/3\/2022\/11\/favicon.png","contentUrl":"https:\/\/www.manaus.am.gov.br\/semed\/wp-content\/uploads\/sites\/3\/2022\/11\/favicon.png","width":300,"height":300,"caption":"Secretaria de Educa\u00e7\u00e3o"},"image":{"@id":"https:\/\/www.manaus.am.gov.br\/semed\/#\/schema\/logo\/image\/"}},{"@type":"Person","@id":"https:\/\/www.manaus.am.gov.br\/semed\/#\/schema\/person\/05d223aea2bf115f9883a6ff3683d81b","name":"Bruna Greco","image":{"@type":"ImageObject","inLanguage":"pt-BR","@id":"https:\/\/www.manaus.am.gov.br\/semed\/#\/schema\/person\/image\/","url":"https:\/\/secure.gravatar.com\/avatar\/9c877d1a6adc2a055330e5c09a8653ce?s=96&d=mm&r=g","contentUrl":"https:\/\/secure.gravatar.com\/avatar\/9c877d1a6adc2a055330e5c09a8653ce?s=96&d=mm&r=g","caption":"Bruna Greco"}}]}},"_links":{"self":[{"href":"https:\/\/www.manaus.am.gov.br\/semed\/wp-json\/wp\/v2\/posts\/11616"}],"collection":[{"href":"https:\/\/www.manaus.am.gov.br\/semed\/wp-json\/wp\/v2\/posts"}],"about":[{"href":"https:\/\/www.manaus.am.gov.br\/semed\/wp-json\/wp\/v2\/types\/post"}],"author":[{"embeddable":true,"href":"https:\/\/www.manaus.am.gov.br\/semed\/wp-json\/wp\/v2\/users\/39"}],"replies":[{"embeddable":true,"href":"https:\/\/www.manaus.am.gov.br\/semed\/wp-json\/wp\/v2\/comments?post=11616"}],"version-history":[{"count":1,"href":"https:\/\/www.manaus.am.gov.br\/semed\/wp-json\/wp\/v2\/posts\/11616\/revisions"}],"predecessor-version":[{"id":11620,"href":"https:\/\/www.manaus.am.gov.br\/semed\/wp-json\/wp\/v2\/posts\/11616\/revisions\/11620"}],"wp:featuredmedia":[{"embeddable":true,"href":"https:\/\/www.manaus.am.gov.br\/semed\/wp-json\/wp\/v2\/media\/11617"}],"wp:attachment":[{"href":"https:\/\/www.manaus.am.gov.br\/semed\/wp-json\/wp\/v2\/media?parent=11616"}],"wp:term":[{"taxonomy":"category","embeddable":true,"href":"https:\/\/www.manaus.am.gov.br\/semed\/wp-json\/wp\/v2\/categories?post=11616"},{"taxonomy":"post_tag","embeddable":true,"href":"https:\/\/www.manaus.am.gov.br\/semed\/wp-json\/wp\/v2\/tags?post=11616"}],"curies":[{"name":"wp","href":"https:\/\/api.w.org\/{rel}","templated":true}]}}