{"id":11612,"date":"2026-04-29T12:40:51","date_gmt":"2026-04-29T16:40:51","guid":{"rendered":"https:\/\/www.manaus.am.gov.br\/semed\/not\u00edcias\/sem-categoria\/prefeitura-semed-programacao_educacaoespecial\/"},"modified":"2026-04-29T13:06:03","modified_gmt":"2026-04-29T17:06:03","slug":"prefeitura-semed-programacao-dia-mundial-de-conscientizacao-do-autismo","status":"publish","type":"post","link":"https:\/\/www.manaus.am.gov.br\/semed\/not\u00edcias\/programacao\/prefeitura-semed-programacao-dia-mundial-de-conscientizacao-do-autismo\/","title":{"rendered":"Prefeitura de Manaus promove atividades inclusivas em alus\u00e3o ao\u00a0\u2018Dia Mundial de Conscientiza\u00e7\u00e3o do Autismo\u2019"},"content":{"rendered":"\n<p>Para encerrar\u00a0o m\u00eas de conscientiza\u00e7\u00e3o sobre o autismo, a <a href=\"https:\/\/www.manaus.am.gov.br\/\">Prefeitura de Manaus<\/a>, por meio da <a href=\"https:\/\/www.instagram.com\/semedmanaus\/\">Secretaria Municipal de Educa\u00e7\u00e3o<\/a> (Semed), realizou, nesta quarta-feira, 29\/4, no Parque Cidade da Crian\u00e7a, bairro Aleixo, zona Centro-Sul da capital, uma programa\u00e7\u00e3o especial com atividades inclusivas e l\u00fadicas. A a\u00e7\u00e3o &#8220;Dia Mundial de Conscientiza\u00e7\u00e3o do Autismo&#8221; reuniu 848 estudantes da Escola Municipal de Educa\u00e7\u00e3o Especial (EMEE) Andr\u00e9 Vidal de Ara\u00fajo e dos\u00a0Centros\u00a0Municipais\u00a0de Educa\u00e7\u00e3o Especial (CMEE)\u00a0Yumi\u00a0Odani\u00a0e Delano Tadeu Pereira de Almeida.\u00a0<\/p>\n\n\n\n<p>A iniciativa, coordenada pela Ger\u00eancia de Educa\u00e7\u00e3o Especial (GEE), integrou as a\u00e7\u00f5es alusivas ao Dia Mundial de Conscientiza\u00e7\u00e3o do Autismo, celebrado em 2 de abril. O objetivo foi promover a conscientiza\u00e7\u00e3o sobre o Transtorno do Espectro Autista (TEA), incentivando o respeito \u00e0s diferen\u00e7as, a empatia e a valoriza\u00e7\u00e3o da diversidade entre estudantes, familiares e a comunidade escolar.&nbsp;<\/p>\n\n\n\n<p>A programa\u00e7\u00e3o, realizada nos turnos da manh\u00e3 e tarde, conta com circuito psicomotor, conduzido pela equipe do projeto \u201cReeducando para Incluir\u201d, al\u00e9m de roda de capoeira, conta\u00e7\u00e3o de hist\u00f3rias e passeio livre pelo parque. As atividades proporcionaram momentos de intera\u00e7\u00e3o, socializa\u00e7\u00e3o e aprendizado em um ambiente acolhedor.&nbsp;<\/p>\n\n\n\n<p>A gerente da GEE, Amanda&nbsp;Macanoni, destacou que atividades como essa s\u00e3o fundamentais para conscientizar a sociedade de que a inclus\u00e3o vai al\u00e9m do ambiente escolar e deve estar presente em todos os espa\u00e7os.&nbsp;&nbsp;<\/p>\n\n\n\n<p>\u201cEstamos reunidos em um momento festivo que celebra a inclus\u00e3o e refor\u00e7a a import\u00e2ncia de que ela n\u00e3o seja lembrada apenas em datas espec\u00edficas, mas vivenciada diariamente. A a\u00e7\u00e3o promove a integra\u00e7\u00e3o das fam\u00edlias e reafirma que a secretaria est\u00e1 ao lado delas, trabalhando para garantir que a inclus\u00e3o seja compreendida como um direito, e n\u00e3o um favor. Com mais de 17 mil estudantes na rede municipal, diversas atividades foram realizadas ao longo do m\u00eas de abril, e este momento representa a culmin\u00e2ncia dessas a\u00e7\u00f5es\u201d, ressaltou.&nbsp;<\/p>\n\n\n\n<p>O coordenador-geral do Parque Cidade da Crian\u00e7a, Thiago Nogueira, afirmou que a a\u00e7\u00e3o integrada tem como objetivo ampliar as possibilidades do espa\u00e7o e fortalecer a inclus\u00e3o. \u201cA iniciativa, em parceria com a educa\u00e7\u00e3o especial, busca ampliar os horizontes do parque, que \u00e9 um ambiente interativo e inclusivo, com diversos est\u00edmulos para as crian\u00e7as. Toda a rede pode aproveitar o espa\u00e7o, que hoje respira educa\u00e7\u00e3o e est\u00e1 preparado para receber crian\u00e7as de at\u00e9 12 anos, al\u00e9m de professores que desejam realizar atividades externas. O parque est\u00e1 aberto para acolher a todos\u201d, destacou.&nbsp;<\/p>\n\n\n\n<p>Jocicleide&nbsp;Castro, m\u00e3e de um aluno atendido na sala de recursos da EMEE Andr\u00e9 Vidal, destacou a felicidade em poder participar de atividades inclusivas com o filho. \u201cAcho muito importante, pois \u00e9 uma oportunidade de lazer e intera\u00e7\u00e3o, mesmo diante das dificuldades, j\u00e1 que, muitas vezes, as crian\u00e7as est\u00e3o em crise. Sempre que h\u00e1 esses eventos, fa\u00e7o quest\u00e3o de lev\u00e1-lo, porque sei o quanto \u00e9 essencial para o desenvolvimento dele, especialmente na conviv\u00eancia com outras crian\u00e7as, mesmo que ainda tenha resist\u00eancia\u201d, concluiu.&nbsp;<\/p>\n\n\n\n<p><br>&#8212; &#8212; &#8212;<\/p>\n\n\n\n<p><strong>Texto&nbsp;<\/strong>&#8211;&nbsp;Jorgiane&nbsp;Castinares\/&nbsp;Semed&nbsp;<\/p>\n\n\n\n<p><strong>Foto&nbsp;<\/strong>&#8211; Divulga\u00e7\u00e3o\/&nbsp;Semed&nbsp;<\/p>\n","protected":false},"excerpt":{"rendered":"","protected":false},"author":23,"featured_media":11613,"comment_status":"closed","ping_status":"closed","sticky":false,"template":"","format":"standard","meta":{"footnotes":""},"categories":[11],"tags":[2525,1594,192,860,15],"acf":[],"yoast_head":"<!-- This site is optimized with the Yoast SEO plugin v23.0 - https:\/\/yoast.com\/wordpress\/plugins\/seo\/ -->\n<title>Prefeitura de Manaus promove atividades inclusivas em alus\u00e3o ao \u2018Dia Mundial de Conscientiza\u00e7\u00e3o do Autismo\u2019<\/title>\n<meta name=\"description\" content=\"Para encerrar o m\u00eas de conscientiza\u00e7\u00e3o sobre o autismo, a Prefeitura de Manaus, por meio da Secretaria Municipal de Educa\u00e7\u00e3o (Semed), realizou, nesta quarta-feira, 29\/4, no Parque Cidade da Crian\u00e7a, bairro Aleixo, zona Centro-Sul da capital, uma programa\u00e7\u00e3o especial com atividades inclusivas e l\u00fadicas.\" \/>\n<meta name=\"robots\" content=\"index, follow, max-snippet:-1, max-image-preview:large, max-video-preview:-1\" \/>\n<link rel=\"canonical\" href=\"https:\/\/www.manaus.am.gov.br\/semed\/not\u00edcias\/programacao\/prefeitura-semed-programacao_educacaoespecial\/\" \/>\n<meta property=\"og:locale\" content=\"pt_BR\" \/>\n<meta property=\"og:type\" content=\"article\" \/>\n<meta property=\"og:title\" content=\"Prefeitura de Manaus promove atividades inclusivas em alus\u00e3o ao \u2018Dia Mundial de Conscientiza\u00e7\u00e3o do Autismo\u2019\" \/>\n<meta property=\"og:description\" content=\"Para encerrar o m\u00eas de conscientiza\u00e7\u00e3o sobre o autismo, a Prefeitura de Manaus, por meio da Secretaria Municipal de Educa\u00e7\u00e3o (Semed), realizou, nesta quarta-feira, 29\/4, no Parque Cidade da Crian\u00e7a, bairro Aleixo, zona Centro-Sul da capital, uma programa\u00e7\u00e3o especial com atividades inclusivas e l\u00fadicas.\" \/>\n<meta property=\"og:url\" content=\"https:\/\/www.manaus.am.gov.br\/semed\/not\u00edcias\/programacao\/prefeitura-semed-programacao_educacaoespecial\/\" \/>\n<meta property=\"og:site_name\" content=\"SEMED\" \/>\n<meta property=\"article:published_time\" content=\"2026-04-29T16:40:51+00:00\" \/>\n<meta property=\"article:modified_time\" content=\"2026-04-29T17:06:03+00:00\" \/>\n<meta property=\"og:image\" content=\"https:\/\/www.manaus.am.gov.br\/semed\/wp-content\/uploads\/sites\/3\/2026\/04\/WhatsApp-Image-2026-04-29-at-11.56.22-4.jpeg\" \/>\n\t<meta property=\"og:image:width\" content=\"1280\" \/>\n\t<meta property=\"og:image:height\" content=\"960\" \/>\n\t<meta property=\"og:image:type\" content=\"image\/jpeg\" \/>\n<meta name=\"author\" content=\"Adriana Costa\" \/>\n<meta name=\"twitter:card\" content=\"summary_large_image\" \/>\n<meta name=\"twitter:label1\" content=\"Written by\" \/>\n\t<meta name=\"twitter:data1\" content=\"Adriana Costa\" \/>\n\t<meta name=\"twitter:label2\" content=\"Est. reading time\" \/>\n\t<meta name=\"twitter:data2\" content=\"3 minutos\" \/>\n<script type=\"application\/ld+json\" class=\"yoast-schema-graph\">{\"@context\":\"https:\/\/schema.org\",\"@graph\":[{\"@type\":\"Article\",\"@id\":\"https:\/\/www.manaus.am.gov.br\/semed\/not\u00edcias\/programacao\/prefeitura-semed-programacao_educacaoespecial\/#article\",\"isPartOf\":{\"@id\":\"https:\/\/www.manaus.am.gov.br\/semed\/not\u00edcias\/programacao\/prefeitura-semed-programacao_educacaoespecial\/\"},\"author\":{\"name\":\"Adriana Costa\",\"@id\":\"https:\/\/www.manaus.am.gov.br\/semed\/#\/schema\/person\/4e49f4e267757a06ca072ec61b2b9968\"},\"headline\":\"Prefeitura de Manaus promove atividades inclusivas em alus\u00e3o ao\u00a0\u2018Dia Mundial de Conscientiza\u00e7\u00e3o do Autismo\u2019\",\"datePublished\":\"2026-04-29T16:40:51+00:00\",\"dateModified\":\"2026-04-29T17:06:03+00:00\",\"mainEntityOfPage\":{\"@id\":\"https:\/\/www.manaus.am.gov.br\/semed\/not\u00edcias\/programacao\/prefeitura-semed-programacao_educacaoespecial\/\"},\"wordCount\":580,\"publisher\":{\"@id\":\"https:\/\/www.manaus.am.gov.br\/semed\/#organization\"},\"image\":{\"@id\":\"https:\/\/www.manaus.am.gov.br\/semed\/not\u00edcias\/programacao\/prefeitura-semed-programacao_educacaoespecial\/#primaryimage\"},\"thumbnailUrl\":\"https:\/\/www.manaus.am.gov.br\/semed\/wp-content\/uploads\/sites\/3\/2026\/04\/WhatsApp-Image-2026-04-29-at-11.56.22-4.jpeg\",\"keywords\":[\"atividades l\u00fadicas\",\"autismo\",\"inclus\u00e3o\",\"parque cidade da crian\u00e7a\",\"prefeitura de manaus\"],\"articleSection\":[\"Programa\u00e7\u00e3o\"],\"inLanguage\":\"pt-BR\"},{\"@type\":\"WebPage\",\"@id\":\"https:\/\/www.manaus.am.gov.br\/semed\/not\u00edcias\/programacao\/prefeitura-semed-programacao_educacaoespecial\/\",\"url\":\"https:\/\/www.manaus.am.gov.br\/semed\/not\u00edcias\/programacao\/prefeitura-semed-programacao_educacaoespecial\/\",\"name\":\"Prefeitura de Manaus promove atividades inclusivas em alus\u00e3o ao \u2018Dia Mundial de Conscientiza\u00e7\u00e3o do Autismo\u2019\",\"isPartOf\":{\"@id\":\"https:\/\/www.manaus.am.gov.br\/semed\/#website\"},\"primaryImageOfPage\":{\"@id\":\"https:\/\/www.manaus.am.gov.br\/semed\/not\u00edcias\/programacao\/prefeitura-semed-programacao_educacaoespecial\/#primaryimage\"},\"image\":{\"@id\":\"https:\/\/www.manaus.am.gov.br\/semed\/not\u00edcias\/programacao\/prefeitura-semed-programacao_educacaoespecial\/#primaryimage\"},\"thumbnailUrl\":\"https:\/\/www.manaus.am.gov.br\/semed\/wp-content\/uploads\/sites\/3\/2026\/04\/WhatsApp-Image-2026-04-29-at-11.56.22-4.jpeg\",\"datePublished\":\"2026-04-29T16:40:51+00:00\",\"dateModified\":\"2026-04-29T17:06:03+00:00\",\"description\":\"Para encerrar o m\u00eas de conscientiza\u00e7\u00e3o sobre o autismo, a Prefeitura de Manaus, por meio da Secretaria Municipal de Educa\u00e7\u00e3o (Semed), realizou, nesta quarta-feira, 29\/4, no Parque Cidade da Crian\u00e7a, bairro Aleixo, zona Centro-Sul da capital, uma programa\u00e7\u00e3o especial com atividades inclusivas e l\u00fadicas.\",\"inLanguage\":\"pt-BR\",\"potentialAction\":[{\"@type\":\"ReadAction\",\"target\":[\"https:\/\/www.manaus.am.gov.br\/semed\/not\u00edcias\/programacao\/prefeitura-semed-programacao_educacaoespecial\/\"]}]},{\"@type\":\"ImageObject\",\"inLanguage\":\"pt-BR\",\"@id\":\"https:\/\/www.manaus.am.gov.br\/semed\/not\u00edcias\/programacao\/prefeitura-semed-programacao_educacaoespecial\/#primaryimage\",\"url\":\"https:\/\/www.manaus.am.gov.br\/semed\/wp-content\/uploads\/sites\/3\/2026\/04\/WhatsApp-Image-2026-04-29-at-11.56.22-4.jpeg\",\"contentUrl\":\"https:\/\/www.manaus.am.gov.br\/semed\/wp-content\/uploads\/sites\/3\/2026\/04\/WhatsApp-Image-2026-04-29-at-11.56.22-4.jpeg\",\"width\":1280,\"height\":960,\"caption\":\"#paratodosverem - Imagem mostra crian\u00e7a brincando em gangorra, no parque Cidade da Crian\u00e7a, acompanhada por adultos em programa\u00e7\u00e3o inclusiva e l\u00fadica\"},{\"@type\":\"WebSite\",\"@id\":\"https:\/\/www.manaus.am.gov.br\/semed\/#website\",\"url\":\"https:\/\/www.manaus.am.gov.br\/semed\/\",\"name\":\"Secretaria Municipal de Educa\u00e7\u00e3o\",\"description\":\"Secretaria Municipal de Educa\u00e7\u00e3o\",\"publisher\":{\"@id\":\"https:\/\/www.manaus.am.gov.br\/semed\/#organization\"},\"alternateName\":\"SEMED\",\"potentialAction\":[{\"@type\":\"SearchAction\",\"target\":{\"@type\":\"EntryPoint\",\"urlTemplate\":\"https:\/\/www.manaus.am.gov.br\/semed\/?s={search_term_string}\"},\"query-input\":\"required name=search_term_string\"}],\"inLanguage\":\"pt-BR\"},{\"@type\":\"Organization\",\"@id\":\"https:\/\/www.manaus.am.gov.br\/semed\/#organization\",\"name\":\"Secretaria de Educa\u00e7\u00e3o\",\"alternateName\":\"SEMED\",\"url\":\"https:\/\/www.manaus.am.gov.br\/semed\/\",\"logo\":{\"@type\":\"ImageObject\",\"inLanguage\":\"pt-BR\",\"@id\":\"https:\/\/www.manaus.am.gov.br\/semed\/#\/schema\/logo\/image\/\",\"url\":\"https:\/\/www.manaus.am.gov.br\/semed\/wp-content\/uploads\/sites\/3\/2022\/11\/favicon.png\",\"contentUrl\":\"https:\/\/www.manaus.am.gov.br\/semed\/wp-content\/uploads\/sites\/3\/2022\/11\/favicon.png\",\"width\":300,\"height\":300,\"caption\":\"Secretaria de Educa\u00e7\u00e3o\"},\"image\":{\"@id\":\"https:\/\/www.manaus.am.gov.br\/semed\/#\/schema\/logo\/image\/\"}},{\"@type\":\"Person\",\"@id\":\"https:\/\/www.manaus.am.gov.br\/semed\/#\/schema\/person\/4e49f4e267757a06ca072ec61b2b9968\",\"name\":\"Adriana Costa\",\"image\":{\"@type\":\"ImageObject\",\"inLanguage\":\"pt-BR\",\"@id\":\"https:\/\/www.manaus.am.gov.br\/semed\/#\/schema\/person\/image\/\",\"url\":\"https:\/\/secure.gravatar.com\/avatar\/576258617ef7194f718179e766d57bd4?s=96&d=mm&r=g\",\"contentUrl\":\"https:\/\/secure.gravatar.com\/avatar\/576258617ef7194f718179e766d57bd4?s=96&d=mm&r=g\",\"caption\":\"Adriana Costa\"}}]}<\/script>\n<!-- \/ Yoast SEO plugin. -->","yoast_head_json":{"title":"Prefeitura de Manaus promove atividades inclusivas em alus\u00e3o ao \u2018Dia Mundial de Conscientiza\u00e7\u00e3o do Autismo\u2019","description":"Para encerrar o m\u00eas de conscientiza\u00e7\u00e3o sobre o autismo, a Prefeitura de Manaus, por meio da Secretaria Municipal de Educa\u00e7\u00e3o (Semed), realizou, nesta quarta-feira, 29\/4, no Parque Cidade da Crian\u00e7a, bairro Aleixo, zona Centro-Sul da capital, uma programa\u00e7\u00e3o especial com atividades inclusivas e l\u00fadicas.","robots":{"index":"index","follow":"follow","max-snippet":"max-snippet:-1","max-image-preview":"max-image-preview:large","max-video-preview":"max-video-preview:-1"},"canonical":"https:\/\/www.manaus.am.gov.br\/semed\/not\u00edcias\/programacao\/prefeitura-semed-programacao_educacaoespecial\/","og_locale":"pt_BR","og_type":"article","og_title":"Prefeitura de Manaus promove atividades inclusivas em alus\u00e3o ao \u2018Dia Mundial de Conscientiza\u00e7\u00e3o do Autismo\u2019","og_description":"Para encerrar o m\u00eas de conscientiza\u00e7\u00e3o sobre o autismo, a Prefeitura de Manaus, por meio da Secretaria Municipal de Educa\u00e7\u00e3o (Semed), realizou, nesta quarta-feira, 29\/4, no Parque Cidade da Crian\u00e7a, bairro Aleixo, zona Centro-Sul da capital, uma programa\u00e7\u00e3o especial com atividades inclusivas e l\u00fadicas.","og_url":"https:\/\/www.manaus.am.gov.br\/semed\/not\u00edcias\/programacao\/prefeitura-semed-programacao_educacaoespecial\/","og_site_name":"SEMED","article_published_time":"2026-04-29T16:40:51+00:00","article_modified_time":"2026-04-29T17:06:03+00:00","og_image":[{"width":1280,"height":960,"url":"https:\/\/www.manaus.am.gov.br\/semed\/wp-content\/uploads\/sites\/3\/2026\/04\/WhatsApp-Image-2026-04-29-at-11.56.22-4.jpeg","type":"image\/jpeg"}],"author":"Adriana Costa","twitter_card":"summary_large_image","twitter_misc":{"Written by":"Adriana Costa","Est. reading time":"3 minutos"},"schema":{"@context":"https:\/\/schema.org","@graph":[{"@type":"Article","@id":"https:\/\/www.manaus.am.gov.br\/semed\/not\u00edcias\/programacao\/prefeitura-semed-programacao_educacaoespecial\/#article","isPartOf":{"@id":"https:\/\/www.manaus.am.gov.br\/semed\/not\u00edcias\/programacao\/prefeitura-semed-programacao_educacaoespecial\/"},"author":{"name":"Adriana Costa","@id":"https:\/\/www.manaus.am.gov.br\/semed\/#\/schema\/person\/4e49f4e267757a06ca072ec61b2b9968"},"headline":"Prefeitura de Manaus promove atividades inclusivas em alus\u00e3o ao\u00a0\u2018Dia Mundial de Conscientiza\u00e7\u00e3o do Autismo\u2019","datePublished":"2026-04-29T16:40:51+00:00","dateModified":"2026-04-29T17:06:03+00:00","mainEntityOfPage":{"@id":"https:\/\/www.manaus.am.gov.br\/semed\/not\u00edcias\/programacao\/prefeitura-semed-programacao_educacaoespecial\/"},"wordCount":580,"publisher":{"@id":"https:\/\/www.manaus.am.gov.br\/semed\/#organization"},"image":{"@id":"https:\/\/www.manaus.am.gov.br\/semed\/not\u00edcias\/programacao\/prefeitura-semed-programacao_educacaoespecial\/#primaryimage"},"thumbnailUrl":"https:\/\/www.manaus.am.gov.br\/semed\/wp-content\/uploads\/sites\/3\/2026\/04\/WhatsApp-Image-2026-04-29-at-11.56.22-4.jpeg","keywords":["atividades l\u00fadicas","autismo","inclus\u00e3o","parque cidade da crian\u00e7a","prefeitura de manaus"],"articleSection":["Programa\u00e7\u00e3o"],"inLanguage":"pt-BR"},{"@type":"WebPage","@id":"https:\/\/www.manaus.am.gov.br\/semed\/not\u00edcias\/programacao\/prefeitura-semed-programacao_educacaoespecial\/","url":"https:\/\/www.manaus.am.gov.br\/semed\/not\u00edcias\/programacao\/prefeitura-semed-programacao_educacaoespecial\/","name":"Prefeitura de Manaus promove atividades inclusivas em alus\u00e3o ao \u2018Dia Mundial de Conscientiza\u00e7\u00e3o do Autismo\u2019","isPartOf":{"@id":"https:\/\/www.manaus.am.gov.br\/semed\/#website"},"primaryImageOfPage":{"@id":"https:\/\/www.manaus.am.gov.br\/semed\/not\u00edcias\/programacao\/prefeitura-semed-programacao_educacaoespecial\/#primaryimage"},"image":{"@id":"https:\/\/www.manaus.am.gov.br\/semed\/not\u00edcias\/programacao\/prefeitura-semed-programacao_educacaoespecial\/#primaryimage"},"thumbnailUrl":"https:\/\/www.manaus.am.gov.br\/semed\/wp-content\/uploads\/sites\/3\/2026\/04\/WhatsApp-Image-2026-04-29-at-11.56.22-4.jpeg","datePublished":"2026-04-29T16:40:51+00:00","dateModified":"2026-04-29T17:06:03+00:00","description":"Para encerrar o m\u00eas de conscientiza\u00e7\u00e3o sobre o autismo, a Prefeitura de Manaus, por meio da Secretaria Municipal de Educa\u00e7\u00e3o (Semed), realizou, nesta quarta-feira, 29\/4, no Parque Cidade da Crian\u00e7a, bairro Aleixo, zona Centro-Sul da capital, uma programa\u00e7\u00e3o especial com atividades inclusivas e l\u00fadicas.","inLanguage":"pt-BR","potentialAction":[{"@type":"ReadAction","target":["https:\/\/www.manaus.am.gov.br\/semed\/not\u00edcias\/programacao\/prefeitura-semed-programacao_educacaoespecial\/"]}]},{"@type":"ImageObject","inLanguage":"pt-BR","@id":"https:\/\/www.manaus.am.gov.br\/semed\/not\u00edcias\/programacao\/prefeitura-semed-programacao_educacaoespecial\/#primaryimage","url":"https:\/\/www.manaus.am.gov.br\/semed\/wp-content\/uploads\/sites\/3\/2026\/04\/WhatsApp-Image-2026-04-29-at-11.56.22-4.jpeg","contentUrl":"https:\/\/www.manaus.am.gov.br\/semed\/wp-content\/uploads\/sites\/3\/2026\/04\/WhatsApp-Image-2026-04-29-at-11.56.22-4.jpeg","width":1280,"height":960,"caption":"#paratodosverem - Imagem mostra crian\u00e7a brincando em gangorra, no parque Cidade da Crian\u00e7a, acompanhada por adultos em programa\u00e7\u00e3o inclusiva e l\u00fadica"},{"@type":"WebSite","@id":"https:\/\/www.manaus.am.gov.br\/semed\/#website","url":"https:\/\/www.manaus.am.gov.br\/semed\/","name":"Secretaria Municipal de Educa\u00e7\u00e3o","description":"Secretaria Municipal de Educa\u00e7\u00e3o","publisher":{"@id":"https:\/\/www.manaus.am.gov.br\/semed\/#organization"},"alternateName":"SEMED","potentialAction":[{"@type":"SearchAction","target":{"@type":"EntryPoint","urlTemplate":"https:\/\/www.manaus.am.gov.br\/semed\/?s={search_term_string}"},"query-input":"required name=search_term_string"}],"inLanguage":"pt-BR"},{"@type":"Organization","@id":"https:\/\/www.manaus.am.gov.br\/semed\/#organization","name":"Secretaria de Educa\u00e7\u00e3o","alternateName":"SEMED","url":"https:\/\/www.manaus.am.gov.br\/semed\/","logo":{"@type":"ImageObject","inLanguage":"pt-BR","@id":"https:\/\/www.manaus.am.gov.br\/semed\/#\/schema\/logo\/image\/","url":"https:\/\/www.manaus.am.gov.br\/semed\/wp-content\/uploads\/sites\/3\/2022\/11\/favicon.png","contentUrl":"https:\/\/www.manaus.am.gov.br\/semed\/wp-content\/uploads\/sites\/3\/2022\/11\/favicon.png","width":300,"height":300,"caption":"Secretaria de Educa\u00e7\u00e3o"},"image":{"@id":"https:\/\/www.manaus.am.gov.br\/semed\/#\/schema\/logo\/image\/"}},{"@type":"Person","@id":"https:\/\/www.manaus.am.gov.br\/semed\/#\/schema\/person\/4e49f4e267757a06ca072ec61b2b9968","name":"Adriana Costa","image":{"@type":"ImageObject","inLanguage":"pt-BR","@id":"https:\/\/www.manaus.am.gov.br\/semed\/#\/schema\/person\/image\/","url":"https:\/\/secure.gravatar.com\/avatar\/576258617ef7194f718179e766d57bd4?s=96&d=mm&r=g","contentUrl":"https:\/\/secure.gravatar.com\/avatar\/576258617ef7194f718179e766d57bd4?s=96&d=mm&r=g","caption":"Adriana Costa"}}]}},"_links":{"self":[{"href":"https:\/\/www.manaus.am.gov.br\/semed\/wp-json\/wp\/v2\/posts\/11612"}],"collection":[{"href":"https:\/\/www.manaus.am.gov.br\/semed\/wp-json\/wp\/v2\/posts"}],"about":[{"href":"https:\/\/www.manaus.am.gov.br\/semed\/wp-json\/wp\/v2\/types\/post"}],"author":[{"embeddable":true,"href":"https:\/\/www.manaus.am.gov.br\/semed\/wp-json\/wp\/v2\/users\/23"}],"replies":[{"embeddable":true,"href":"https:\/\/www.manaus.am.gov.br\/semed\/wp-json\/wp\/v2\/comments?post=11612"}],"version-history":[{"count":1,"href":"https:\/\/www.manaus.am.gov.br\/semed\/wp-json\/wp\/v2\/posts\/11612\/revisions"}],"predecessor-version":[{"id":11614,"href":"https:\/\/www.manaus.am.gov.br\/semed\/wp-json\/wp\/v2\/posts\/11612\/revisions\/11614"}],"wp:featuredmedia":[{"embeddable":true,"href":"https:\/\/www.manaus.am.gov.br\/semed\/wp-json\/wp\/v2\/media\/11613"}],"wp:attachment":[{"href":"https:\/\/www.manaus.am.gov.br\/semed\/wp-json\/wp\/v2\/media?parent=11612"}],"wp:term":[{"taxonomy":"category","embeddable":true,"href":"https:\/\/www.manaus.am.gov.br\/semed\/wp-json\/wp\/v2\/categories?post=11612"},{"taxonomy":"post_tag","embeddable":true,"href":"https:\/\/www.manaus.am.gov.br\/semed\/wp-json\/wp\/v2\/tags?post=11612"}],"curies":[{"name":"wp","href":"https:\/\/api.w.org\/{rel}","templated":true}]}}