{"id":11158,"date":"2026-03-13T18:43:37","date_gmt":"2026-03-13T22:43:37","guid":{"rendered":"https:\/\/www.manaus.am.gov.br\/semed\/not\u00edcias\/sem-categoria\/novos-servidores-educacao\/"},"modified":"2026-03-13T18:43:37","modified_gmt":"2026-03-13T22:43:37","slug":"novos-servidores-educacao","status":"publish","type":"post","link":"https:\/\/www.manaus.am.gov.br\/semed\/not\u00edcias\/educacao\/novos-servidores-educacao\/","title":{"rendered":"David Almeida d\u00e1 boas-vindas a mil novos servidores da educa\u00e7\u00e3o e refor\u00e7a avan\u00e7o hist\u00f3rico da rede municipal de Manaus"},"content":{"rendered":"\n<p>O prefeito de Manaus, David Almeida, deu as boas-vindas, nesta sexta-feira, 13\/3, aos mil novos servidores aprovados no concurso p\u00fablico da Secretaria Municipal de Educa\u00e7\u00e3o (Semed), em cerim\u00f4nia realizada no audit\u00f3rio da pasta, localizado na avenida Macei\u00f3, zona Centro-Sul da capital. Dividido em dois momentos, pela manh\u00e3 e \u00e0 tarde, o evento marcou oficialmente a entrada dos profissionais na rede municipal de ensino e simbolizou mais um avan\u00e7o da atual gest\u00e3o no fortalecimento da educa\u00e7\u00e3o p\u00fablica da cidade.<\/p>\n\n\n\n<p>Ao lado do secret\u00e1rio municipal de Educa\u00e7\u00e3o, J\u00fanior Mar, e de integrantes da equipe t\u00e9cnica da secretaria, o prefeito destacou que a convoca\u00e7\u00e3o dos mil aprovados ocorre em um momento em que a educa\u00e7\u00e3o de Manaus registra os melhores resultados de sua hist\u00f3ria recente. Nos \u00faltimos indicadores nacionais, a capital amazonense saiu do 13\u00ba para o 5\u00ba lugar entre as capitais brasileiras em desempenho na educa\u00e7\u00e3o b\u00e1sica.<\/p>\n\n\n<div class=\"wp-block-image\">\n<figure class=\"aligncenter size-large\"><img loading=\"lazy\" decoding=\"async\" width=\"1024\" height=\"682\" src=\"https:\/\/www.manaus.am.gov.br\/semed\/wp-content\/uploads\/sites\/3\/2026\/03\/Prefeito-Boas-Vindas-Concurso-1-1024x682.jpeg\" alt=\"\" class=\"wp-image-11161\" srcset=\"https:\/\/www.manaus.am.gov.br\/semed\/wp-content\/uploads\/sites\/3\/2026\/03\/Prefeito-Boas-Vindas-Concurso-1-1024x682.jpeg 1024w, https:\/\/www.manaus.am.gov.br\/semed\/wp-content\/uploads\/sites\/3\/2026\/03\/Prefeito-Boas-Vindas-Concurso-1-300x200.jpeg 300w, https:\/\/www.manaus.am.gov.br\/semed\/wp-content\/uploads\/sites\/3\/2026\/03\/Prefeito-Boas-Vindas-Concurso-1-768x512.jpeg 768w, https:\/\/www.manaus.am.gov.br\/semed\/wp-content\/uploads\/sites\/3\/2026\/03\/Prefeito-Boas-Vindas-Concurso-1.jpeg 1280w\" sizes=\"(max-width: 1024px) 100vw, 1024px\" \/><figcaption class=\"wp-element-caption\">#paratodosverem &#8211; o prefeito David Almeida deu as boas-vindas aos novos servidores da Semed<\/figcaption><\/figure><\/div>\n\n\n<p>\u201cHoje, voc\u00eas passam a integrar a equipe de educa\u00e7\u00e3o mais exitosa da hist\u00f3ria de Manaus. N\u00f3s fizemos um pacto para mudar a realidade da nossa rede municipal e os resultados est\u00e3o a\u00ed. Manaus avan\u00e7ou de forma consistente nos indicadores educacionais, porque houve planejamento, investimento e valoriza\u00e7\u00e3o dos profissionais\u201d, afirmou David Almeida.<\/p>\n\n\n\n<p>O concurso da Semed 2025 ofertou mil vagas imediatas, o maior n\u00famero j\u00e1 aberto em um certame da secretaria, al\u00e9m de cadastro reserva. A nomea\u00e7\u00e3o dos aprovados foi oficializada nesta semana e a cerim\u00f4nia desta sexta-feira marcou o in\u00edcio das etapas formais de posse, entrega de documenta\u00e7\u00e3o e encaminhamento dos novos servidores \u00e0s unidades da rede municipal.<\/p>\n\n\n\n<p>Durante a programa\u00e7\u00e3o, os novos profissionais participaram de um ato simb\u00f3lico de compromisso com a educa\u00e7\u00e3o p\u00fablica de Manaus, reafirmando o dever de atuar com \u00e9tica, responsabilidade e dedica\u00e7\u00e3o ao desenvolvimento dos estudantes. Representantes dos aprovados tamb\u00e9m falaram em nome dos novos servidores, destacando o sentimento de conquista ap\u00f3s o esfor\u00e7o dedicado \u00e0 prepara\u00e7\u00e3o para o concurso.<\/p>\n\n\n\n<p>Em seu pronunciamento, o prefeito ressaltou que a realiza\u00e7\u00e3o do concurso integra um planejamento de reestrutura\u00e7\u00e3o da rede municipal de ensino, que tamb\u00e9m incluiu a regulariza\u00e7\u00e3o de progress\u00f5es funcionais e a valoriza\u00e7\u00e3o de profissionais que aguardavam h\u00e1 anos por avan\u00e7os na carreira.<\/p>\n\n\n\n<p>\u201cN\u00f3s encontramos professores esperando progress\u00e3o h\u00e1 mais de dez anos para poder se aposentar com dignidade. Corrigimos esse passivo, garantimos direitos hist\u00f3ricos da categoria e planejamos esse concurso para renovar a rede com profissionais qualificados. Voc\u00eas est\u00e3o aqui porque demonstraram m\u00e9rito, capacidade e conhecimento\u201d, declarou.<\/p>\n\n\n\n<p>Desde 2021, a Prefeitura de Manaus vem ampliando investimentos na estrutura f\u00edsica e pedag\u00f3gica da rede municipal. Nesse per\u00edodo, 392 unidades escolares foram constru\u00eddas, reformadas ou ampliadas, al\u00e9m da expans\u00e3o das vagas em creche e da amplia\u00e7\u00e3o do ensino em tempo integral.<\/p>\n\n\n\n<p>Al\u00e9m da infraestrutura, a gest\u00e3o tamb\u00e9m promoveu medidas voltadas \u00e0 valoriza\u00e7\u00e3o dos profissionais da educa\u00e7\u00e3o, como o pagamento de datas-bases, inclusive passivos de gest\u00f5es anteriores, a realiza\u00e7\u00e3o da maior progress\u00e3o funcional da hist\u00f3ria da rede municipal e o pagamento do rateio do Fundeb.<\/p>\n\n\n\n<p>Durante coletiva de imprensa ap\u00f3s a cerim\u00f4nia, David Almeida afirmou que os avan\u00e7os alcan\u00e7ados pela educa\u00e7\u00e3o municipal s\u00e3o resultado de uma pol\u00edtica p\u00fablica planejada e executada com foco em resultados.<\/p>\n\n\n\n<p>\u201cNingu\u00e9m criou mais vagas em creches, ningu\u00e9m criou mais vagas em escola de tempo integral e nenhum prefeito convocou tantos servidores aprovados em concursos p\u00fablicos quanto a nossa gest\u00e3o. Isso \u00e9 resultado de planejamento, investimento e de uma equipe comprometida com a educa\u00e7\u00e3o de Manaus\u201d, destacou.<\/p>\n\n\n\n<p>O prefeito tamb\u00e9m informou que, al\u00e9m das mil vagas convocadas agora, candidatos aprovados no cadastro reserva poder\u00e3o ser chamados gradativamente, de acordo com a necessidade da rede municipal.<\/p>\n\n\n\n<p>\u201cEstamos convocando todas as mil vagas previstas no concurso e os nomes do cadastro reserva poder\u00e3o ser chamados posteriormente, conforme a demanda da rede\u201d, explicou.<\/p>\n\n\n<div class=\"wp-block-image\">\n<figure class=\"aligncenter size-large\"><img loading=\"lazy\" decoding=\"async\" width=\"1024\" height=\"682\" src=\"https:\/\/www.manaus.am.gov.br\/semed\/wp-content\/uploads\/sites\/3\/2026\/03\/Prefeito-Boas-Vindas-Concurso-5-1024x682.jpeg\" alt=\"\" class=\"wp-image-11159\" srcset=\"https:\/\/www.manaus.am.gov.br\/semed\/wp-content\/uploads\/sites\/3\/2026\/03\/Prefeito-Boas-Vindas-Concurso-5-1024x682.jpeg 1024w, https:\/\/www.manaus.am.gov.br\/semed\/wp-content\/uploads\/sites\/3\/2026\/03\/Prefeito-Boas-Vindas-Concurso-5-300x200.jpeg 300w, https:\/\/www.manaus.am.gov.br\/semed\/wp-content\/uploads\/sites\/3\/2026\/03\/Prefeito-Boas-Vindas-Concurso-5-768x512.jpeg 768w, https:\/\/www.manaus.am.gov.br\/semed\/wp-content\/uploads\/sites\/3\/2026\/03\/Prefeito-Boas-Vindas-Concurso-5.jpeg 1280w\" sizes=\"(max-width: 1024px) 100vw, 1024px\" \/><figcaption class=\"wp-element-caption\">#paratodosverem &#8211; prefeito David Almeida mostra o decreto de nomea\u00e7\u00e3o dos novos servidores da educa\u00e7\u00e3o<\/figcaption><\/figure><\/div>\n\n\n<p>O secret\u00e1rio municipal de Educa\u00e7\u00e3o, J\u00fanior Mar, ressaltou que a chegada dos novos profissionais fortalece uma rede que hoje se destaca nacionalmente pelo crescimento nos indicadores educacionais.<\/p>\n\n\n\n<p>\u201cManaus hoje \u00e9 refer\u00eancia nacional em crescimento da qualidade da educa\u00e7\u00e3o entre as capitais brasileiras. Esse resultado \u00e9 fruto de uma gest\u00e3o que aproxima o planejamento da escola, investe em forma\u00e7\u00e3o, em refor\u00e7o pedag\u00f3gico e valoriza os profissionais. Cada servidor que chega agora vem para fortalecer ainda mais esse trabalho\u201d, afirmou.<\/p>\n\n\n\n<p>Ao encerrar a cerim\u00f4nia, David Almeida refor\u00e7ou o papel transformador da educa\u00e7\u00e3o e pediu aos novos servidores que exer\u00e7am a profiss\u00e3o com compromisso social e dedica\u00e7\u00e3o aos estudantes da rede municipal.<\/p>\n\n\n\n<p>\u201cQuando entrarem em sala de aula, tratem cada aluno como se fosse um filho de voc\u00eas. A educa\u00e7\u00e3o \u00e9 a maior ferramenta de transforma\u00e7\u00e3o de vidas e \u00e9 por meio dela que n\u00f3s vamos continuar mudando a hist\u00f3ria de Manaus\u201d, concluiu.<\/p>\n\n\n\n<p>Com a chegada dos novos concursados, a Prefeitura de Manaus amplia a capacidade de atendimento da rede municipal de ensino, que atualmente atende mais de 250 mil alunos, e consolida uma pol\u00edtica p\u00fablica que reposicionou a educa\u00e7\u00e3o da capital entre os melhores resultados do pa\u00eds.<\/p>\n\n\n\n<p>&#8212; &#8212; &#8212;<\/p>\n\n\n\n<p><strong>Texto<\/strong> \u2013 Emanuelle Baires \/ Semcom-Prefeito e Erica Marinho \/ Semed<\/p>\n\n\n\n<p><strong>Fotos<\/strong> \u2013 Cl\u00f3vis Miranda \/ Semcom-Prefeito<\/p>\n\n\n\n<p><strong>Dispon\u00edveis em &#8211;<\/strong> <a href=\"https:\/\/www.flickr.com\/gp\/prefeiturademanaus\/16jhnxu349\">https:\/\/www.flickr.com\/gp\/prefeiturademanaus\/16jhnxu349<\/a><\/p>\n","protected":false},"excerpt":{"rendered":"","protected":false},"author":61,"featured_media":11160,"comment_status":"closed","ping_status":"closed","sticky":false,"template":"","format":"standard","meta":{"footnotes":""},"categories":[8],"tags":[2259,126,2824,15,52],"acf":[],"yoast_head":"<!-- This site is optimized with the Yoast SEO plugin v23.0 - https:\/\/yoast.com\/wordpress\/plugins\/seo\/ -->\n<title>David Almeida d\u00e1 boas-vindas a mil novos servidores da educa\u00e7\u00e3o e refor\u00e7a avan\u00e7o hist\u00f3rico da rede municipal de Manaus<\/title>\n<meta name=\"description\" content=\"O prefeito de Manaus, David Almeida, deu as boas-vindas, nesta sexta-feira, 13\/3, aos novos servidores aprovados no concurso p\u00fablico da Semed\" \/>\n<meta name=\"robots\" content=\"index, follow, max-snippet:-1, max-image-preview:large, max-video-preview:-1\" \/>\n<link rel=\"canonical\" href=\"https:\/\/www.manaus.am.gov.br\/semed\/not\u00edcias\/educacao\/novos-servidores-educacao\/\" \/>\n<meta property=\"og:locale\" content=\"pt_BR\" \/>\n<meta property=\"og:type\" content=\"article\" \/>\n<meta property=\"og:title\" content=\"David Almeida d\u00e1 boas-vindas a mil novos servidores da educa\u00e7\u00e3o e refor\u00e7a avan\u00e7o hist\u00f3rico da rede municipal de Manaus\" \/>\n<meta property=\"og:description\" content=\"O prefeito de Manaus, David Almeida, deu as boas-vindas, nesta sexta-feira, 13\/3, aos novos servidores aprovados no concurso p\u00fablico da Semed\" \/>\n<meta property=\"og:url\" content=\"https:\/\/www.manaus.am.gov.br\/semed\/not\u00edcias\/educacao\/novos-servidores-educacao\/\" \/>\n<meta property=\"og:site_name\" content=\"SEMED\" \/>\n<meta property=\"article:published_time\" content=\"2026-03-13T22:43:37+00:00\" \/>\n<meta property=\"og:image\" content=\"https:\/\/www.manaus.am.gov.br\/semed\/wp-content\/uploads\/sites\/3\/2026\/03\/Prefeito-Boas-Vindas-Concurso-2.jpeg\" \/>\n\t<meta property=\"og:image:width\" content=\"1280\" \/>\n\t<meta property=\"og:image:height\" content=\"853\" \/>\n\t<meta property=\"og:image:type\" content=\"image\/jpeg\" \/>\n<meta name=\"author\" content=\"smonteiro\" \/>\n<meta name=\"twitter:card\" content=\"summary_large_image\" \/>\n<meta name=\"twitter:label1\" content=\"Written by\" \/>\n\t<meta name=\"twitter:data1\" content=\"smonteiro\" \/>\n\t<meta name=\"twitter:label2\" content=\"Est. reading time\" \/>\n\t<meta name=\"twitter:data2\" content=\"6 minutos\" \/>\n<script type=\"application\/ld+json\" class=\"yoast-schema-graph\">{\"@context\":\"https:\/\/schema.org\",\"@graph\":[{\"@type\":\"Article\",\"@id\":\"https:\/\/www.manaus.am.gov.br\/semed\/not\u00edcias\/educacao\/novos-servidores-educacao\/#article\",\"isPartOf\":{\"@id\":\"https:\/\/www.manaus.am.gov.br\/semed\/not\u00edcias\/educacao\/novos-servidores-educacao\/\"},\"author\":{\"name\":\"smonteiro\",\"@id\":\"https:\/\/www.manaus.am.gov.br\/semed\/#\/schema\/person\/ab4dcf766a54dff74e8d267f5c591961\"},\"headline\":\"David Almeida d\u00e1 boas-vindas a mil novos servidores da educa\u00e7\u00e3o e refor\u00e7a avan\u00e7o hist\u00f3rico da rede municipal de Manaus\",\"datePublished\":\"2026-03-13T22:43:37+00:00\",\"dateModified\":\"2026-03-13T22:43:37+00:00\",\"mainEntityOfPage\":{\"@id\":\"https:\/\/www.manaus.am.gov.br\/semed\/not\u00edcias\/educacao\/novos-servidores-educacao\/\"},\"wordCount\":981,\"publisher\":{\"@id\":\"https:\/\/www.manaus.am.gov.br\/semed\/#organization\"},\"image\":{\"@id\":\"https:\/\/www.manaus.am.gov.br\/semed\/not\u00edcias\/educacao\/novos-servidores-educacao\/#primaryimage\"},\"thumbnailUrl\":\"https:\/\/www.manaus.am.gov.br\/semed\/wp-content\/uploads\/sites\/3\/2026\/03\/Prefeito-Boas-Vindas-Concurso-2.jpeg\",\"keywords\":[\"boas-vindas\",\"David Almeida\",\"novos servidores da educa\u00e7\u00e3o\",\"prefeitura de manaus\",\"semed\"],\"articleSection\":[\"Educa\u00e7\u00e3o\"],\"inLanguage\":\"pt-BR\"},{\"@type\":\"WebPage\",\"@id\":\"https:\/\/www.manaus.am.gov.br\/semed\/not\u00edcias\/educacao\/novos-servidores-educacao\/\",\"url\":\"https:\/\/www.manaus.am.gov.br\/semed\/not\u00edcias\/educacao\/novos-servidores-educacao\/\",\"name\":\"David Almeida d\u00e1 boas-vindas a mil novos servidores da educa\u00e7\u00e3o e refor\u00e7a avan\u00e7o hist\u00f3rico da rede municipal de Manaus\",\"isPartOf\":{\"@id\":\"https:\/\/www.manaus.am.gov.br\/semed\/#website\"},\"primaryImageOfPage\":{\"@id\":\"https:\/\/www.manaus.am.gov.br\/semed\/not\u00edcias\/educacao\/novos-servidores-educacao\/#primaryimage\"},\"image\":{\"@id\":\"https:\/\/www.manaus.am.gov.br\/semed\/not\u00edcias\/educacao\/novos-servidores-educacao\/#primaryimage\"},\"thumbnailUrl\":\"https:\/\/www.manaus.am.gov.br\/semed\/wp-content\/uploads\/sites\/3\/2026\/03\/Prefeito-Boas-Vindas-Concurso-2.jpeg\",\"datePublished\":\"2026-03-13T22:43:37+00:00\",\"dateModified\":\"2026-03-13T22:43:37+00:00\",\"description\":\"O prefeito de Manaus, David Almeida, deu as boas-vindas, nesta sexta-feira, 13\/3, aos novos servidores aprovados no concurso p\u00fablico da Semed\",\"inLanguage\":\"pt-BR\",\"potentialAction\":[{\"@type\":\"ReadAction\",\"target\":[\"https:\/\/www.manaus.am.gov.br\/semed\/not\u00edcias\/educacao\/novos-servidores-educacao\/\"]}]},{\"@type\":\"ImageObject\",\"inLanguage\":\"pt-BR\",\"@id\":\"https:\/\/www.manaus.am.gov.br\/semed\/not\u00edcias\/educacao\/novos-servidores-educacao\/#primaryimage\",\"url\":\"https:\/\/www.manaus.am.gov.br\/semed\/wp-content\/uploads\/sites\/3\/2026\/03\/Prefeito-Boas-Vindas-Concurso-2.jpeg\",\"contentUrl\":\"https:\/\/www.manaus.am.gov.br\/semed\/wp-content\/uploads\/sites\/3\/2026\/03\/Prefeito-Boas-Vindas-Concurso-2.jpeg\",\"width\":1280,\"height\":853,\"caption\":\"#paratodosverem - os novos servidores da Semed lotaram o audit\u00f3rio da Secretaria\"},{\"@type\":\"WebSite\",\"@id\":\"https:\/\/www.manaus.am.gov.br\/semed\/#website\",\"url\":\"https:\/\/www.manaus.am.gov.br\/semed\/\",\"name\":\"Secretaria Municipal de Educa\u00e7\u00e3o\",\"description\":\"Secretaria Municipal de Educa\u00e7\u00e3o\",\"publisher\":{\"@id\":\"https:\/\/www.manaus.am.gov.br\/semed\/#organization\"},\"alternateName\":\"SEMED\",\"potentialAction\":[{\"@type\":\"SearchAction\",\"target\":{\"@type\":\"EntryPoint\",\"urlTemplate\":\"https:\/\/www.manaus.am.gov.br\/semed\/?s={search_term_string}\"},\"query-input\":\"required name=search_term_string\"}],\"inLanguage\":\"pt-BR\"},{\"@type\":\"Organization\",\"@id\":\"https:\/\/www.manaus.am.gov.br\/semed\/#organization\",\"name\":\"Secretaria de Educa\u00e7\u00e3o\",\"alternateName\":\"SEMED\",\"url\":\"https:\/\/www.manaus.am.gov.br\/semed\/\",\"logo\":{\"@type\":\"ImageObject\",\"inLanguage\":\"pt-BR\",\"@id\":\"https:\/\/www.manaus.am.gov.br\/semed\/#\/schema\/logo\/image\/\",\"url\":\"https:\/\/www.manaus.am.gov.br\/semed\/wp-content\/uploads\/sites\/3\/2022\/11\/favicon.png\",\"contentUrl\":\"https:\/\/www.manaus.am.gov.br\/semed\/wp-content\/uploads\/sites\/3\/2022\/11\/favicon.png\",\"width\":300,\"height\":300,\"caption\":\"Secretaria de Educa\u00e7\u00e3o\"},\"image\":{\"@id\":\"https:\/\/www.manaus.am.gov.br\/semed\/#\/schema\/logo\/image\/\"}},{\"@type\":\"Person\",\"@id\":\"https:\/\/www.manaus.am.gov.br\/semed\/#\/schema\/person\/ab4dcf766a54dff74e8d267f5c591961\",\"name\":\"smonteiro\",\"image\":{\"@type\":\"ImageObject\",\"inLanguage\":\"pt-BR\",\"@id\":\"https:\/\/www.manaus.am.gov.br\/semed\/#\/schema\/person\/image\/\",\"url\":\"https:\/\/secure.gravatar.com\/avatar\/21c8776ef61d9272c73322052e042d77?s=96&d=mm&r=g\",\"contentUrl\":\"https:\/\/secure.gravatar.com\/avatar\/21c8776ef61d9272c73322052e042d77?s=96&d=mm&r=g\",\"caption\":\"smonteiro\"}}]}<\/script>\n<!-- \/ Yoast SEO plugin. -->","yoast_head_json":{"title":"David Almeida d\u00e1 boas-vindas a mil novos servidores da educa\u00e7\u00e3o e refor\u00e7a avan\u00e7o hist\u00f3rico da rede municipal de Manaus","description":"O prefeito de Manaus, David Almeida, deu as boas-vindas, nesta sexta-feira, 13\/3, aos novos servidores aprovados no concurso p\u00fablico da Semed","robots":{"index":"index","follow":"follow","max-snippet":"max-snippet:-1","max-image-preview":"max-image-preview:large","max-video-preview":"max-video-preview:-1"},"canonical":"https:\/\/www.manaus.am.gov.br\/semed\/not\u00edcias\/educacao\/novos-servidores-educacao\/","og_locale":"pt_BR","og_type":"article","og_title":"David Almeida d\u00e1 boas-vindas a mil novos servidores da educa\u00e7\u00e3o e refor\u00e7a avan\u00e7o hist\u00f3rico da rede municipal de Manaus","og_description":"O prefeito de Manaus, David Almeida, deu as boas-vindas, nesta sexta-feira, 13\/3, aos novos servidores aprovados no concurso p\u00fablico da Semed","og_url":"https:\/\/www.manaus.am.gov.br\/semed\/not\u00edcias\/educacao\/novos-servidores-educacao\/","og_site_name":"SEMED","article_published_time":"2026-03-13T22:43:37+00:00","og_image":[{"width":1280,"height":853,"url":"https:\/\/www.manaus.am.gov.br\/semed\/wp-content\/uploads\/sites\/3\/2026\/03\/Prefeito-Boas-Vindas-Concurso-2.jpeg","type":"image\/jpeg"}],"author":"smonteiro","twitter_card":"summary_large_image","twitter_misc":{"Written by":"smonteiro","Est. reading time":"6 minutos"},"schema":{"@context":"https:\/\/schema.org","@graph":[{"@type":"Article","@id":"https:\/\/www.manaus.am.gov.br\/semed\/not\u00edcias\/educacao\/novos-servidores-educacao\/#article","isPartOf":{"@id":"https:\/\/www.manaus.am.gov.br\/semed\/not\u00edcias\/educacao\/novos-servidores-educacao\/"},"author":{"name":"smonteiro","@id":"https:\/\/www.manaus.am.gov.br\/semed\/#\/schema\/person\/ab4dcf766a54dff74e8d267f5c591961"},"headline":"David Almeida d\u00e1 boas-vindas a mil novos servidores da educa\u00e7\u00e3o e refor\u00e7a avan\u00e7o hist\u00f3rico da rede municipal de Manaus","datePublished":"2026-03-13T22:43:37+00:00","dateModified":"2026-03-13T22:43:37+00:00","mainEntityOfPage":{"@id":"https:\/\/www.manaus.am.gov.br\/semed\/not\u00edcias\/educacao\/novos-servidores-educacao\/"},"wordCount":981,"publisher":{"@id":"https:\/\/www.manaus.am.gov.br\/semed\/#organization"},"image":{"@id":"https:\/\/www.manaus.am.gov.br\/semed\/not\u00edcias\/educacao\/novos-servidores-educacao\/#primaryimage"},"thumbnailUrl":"https:\/\/www.manaus.am.gov.br\/semed\/wp-content\/uploads\/sites\/3\/2026\/03\/Prefeito-Boas-Vindas-Concurso-2.jpeg","keywords":["boas-vindas","David Almeida","novos servidores da educa\u00e7\u00e3o","prefeitura de manaus","semed"],"articleSection":["Educa\u00e7\u00e3o"],"inLanguage":"pt-BR"},{"@type":"WebPage","@id":"https:\/\/www.manaus.am.gov.br\/semed\/not\u00edcias\/educacao\/novos-servidores-educacao\/","url":"https:\/\/www.manaus.am.gov.br\/semed\/not\u00edcias\/educacao\/novos-servidores-educacao\/","name":"David Almeida d\u00e1 boas-vindas a mil novos servidores da educa\u00e7\u00e3o e refor\u00e7a avan\u00e7o hist\u00f3rico da rede municipal de Manaus","isPartOf":{"@id":"https:\/\/www.manaus.am.gov.br\/semed\/#website"},"primaryImageOfPage":{"@id":"https:\/\/www.manaus.am.gov.br\/semed\/not\u00edcias\/educacao\/novos-servidores-educacao\/#primaryimage"},"image":{"@id":"https:\/\/www.manaus.am.gov.br\/semed\/not\u00edcias\/educacao\/novos-servidores-educacao\/#primaryimage"},"thumbnailUrl":"https:\/\/www.manaus.am.gov.br\/semed\/wp-content\/uploads\/sites\/3\/2026\/03\/Prefeito-Boas-Vindas-Concurso-2.jpeg","datePublished":"2026-03-13T22:43:37+00:00","dateModified":"2026-03-13T22:43:37+00:00","description":"O prefeito de Manaus, David Almeida, deu as boas-vindas, nesta sexta-feira, 13\/3, aos novos servidores aprovados no concurso p\u00fablico da Semed","inLanguage":"pt-BR","potentialAction":[{"@type":"ReadAction","target":["https:\/\/www.manaus.am.gov.br\/semed\/not\u00edcias\/educacao\/novos-servidores-educacao\/"]}]},{"@type":"ImageObject","inLanguage":"pt-BR","@id":"https:\/\/www.manaus.am.gov.br\/semed\/not\u00edcias\/educacao\/novos-servidores-educacao\/#primaryimage","url":"https:\/\/www.manaus.am.gov.br\/semed\/wp-content\/uploads\/sites\/3\/2026\/03\/Prefeito-Boas-Vindas-Concurso-2.jpeg","contentUrl":"https:\/\/www.manaus.am.gov.br\/semed\/wp-content\/uploads\/sites\/3\/2026\/03\/Prefeito-Boas-Vindas-Concurso-2.jpeg","width":1280,"height":853,"caption":"#paratodosverem - os novos servidores da Semed lotaram o audit\u00f3rio da Secretaria"},{"@type":"WebSite","@id":"https:\/\/www.manaus.am.gov.br\/semed\/#website","url":"https:\/\/www.manaus.am.gov.br\/semed\/","name":"Secretaria Municipal de Educa\u00e7\u00e3o","description":"Secretaria Municipal de Educa\u00e7\u00e3o","publisher":{"@id":"https:\/\/www.manaus.am.gov.br\/semed\/#organization"},"alternateName":"SEMED","potentialAction":[{"@type":"SearchAction","target":{"@type":"EntryPoint","urlTemplate":"https:\/\/www.manaus.am.gov.br\/semed\/?s={search_term_string}"},"query-input":"required name=search_term_string"}],"inLanguage":"pt-BR"},{"@type":"Organization","@id":"https:\/\/www.manaus.am.gov.br\/semed\/#organization","name":"Secretaria de Educa\u00e7\u00e3o","alternateName":"SEMED","url":"https:\/\/www.manaus.am.gov.br\/semed\/","logo":{"@type":"ImageObject","inLanguage":"pt-BR","@id":"https:\/\/www.manaus.am.gov.br\/semed\/#\/schema\/logo\/image\/","url":"https:\/\/www.manaus.am.gov.br\/semed\/wp-content\/uploads\/sites\/3\/2022\/11\/favicon.png","contentUrl":"https:\/\/www.manaus.am.gov.br\/semed\/wp-content\/uploads\/sites\/3\/2022\/11\/favicon.png","width":300,"height":300,"caption":"Secretaria de Educa\u00e7\u00e3o"},"image":{"@id":"https:\/\/www.manaus.am.gov.br\/semed\/#\/schema\/logo\/image\/"}},{"@type":"Person","@id":"https:\/\/www.manaus.am.gov.br\/semed\/#\/schema\/person\/ab4dcf766a54dff74e8d267f5c591961","name":"smonteiro","image":{"@type":"ImageObject","inLanguage":"pt-BR","@id":"https:\/\/www.manaus.am.gov.br\/semed\/#\/schema\/person\/image\/","url":"https:\/\/secure.gravatar.com\/avatar\/21c8776ef61d9272c73322052e042d77?s=96&d=mm&r=g","contentUrl":"https:\/\/secure.gravatar.com\/avatar\/21c8776ef61d9272c73322052e042d77?s=96&d=mm&r=g","caption":"smonteiro"}}]}},"_links":{"self":[{"href":"https:\/\/www.manaus.am.gov.br\/semed\/wp-json\/wp\/v2\/posts\/11158"}],"collection":[{"href":"https:\/\/www.manaus.am.gov.br\/semed\/wp-json\/wp\/v2\/posts"}],"about":[{"href":"https:\/\/www.manaus.am.gov.br\/semed\/wp-json\/wp\/v2\/types\/post"}],"author":[{"embeddable":true,"href":"https:\/\/www.manaus.am.gov.br\/semed\/wp-json\/wp\/v2\/users\/61"}],"replies":[{"embeddable":true,"href":"https:\/\/www.manaus.am.gov.br\/semed\/wp-json\/wp\/v2\/comments?post=11158"}],"version-history":[{"count":1,"href":"https:\/\/www.manaus.am.gov.br\/semed\/wp-json\/wp\/v2\/posts\/11158\/revisions"}],"predecessor-version":[{"id":11162,"href":"https:\/\/www.manaus.am.gov.br\/semed\/wp-json\/wp\/v2\/posts\/11158\/revisions\/11162"}],"wp:featuredmedia":[{"embeddable":true,"href":"https:\/\/www.manaus.am.gov.br\/semed\/wp-json\/wp\/v2\/media\/11160"}],"wp:attachment":[{"href":"https:\/\/www.manaus.am.gov.br\/semed\/wp-json\/wp\/v2\/media?parent=11158"}],"wp:term":[{"taxonomy":"category","embeddable":true,"href":"https:\/\/www.manaus.am.gov.br\/semed\/wp-json\/wp\/v2\/categories?post=11158"},{"taxonomy":"post_tag","embeddable":true,"href":"https:\/\/www.manaus.am.gov.br\/semed\/wp-json\/wp\/v2\/tags?post=11158"}],"curies":[{"name":"wp","href":"https:\/\/api.w.org\/{rel}","templated":true}]}}