{"id":11149,"date":"2026-03-13T14:15:30","date_gmt":"2026-03-13T18:15:30","guid":{"rendered":"https:\/\/www.manaus.am.gov.br\/semed\/not\u00edcias\/sem-categoria\/campanha-marco-laranja-escolas\/"},"modified":"2026-03-13T14:29:09","modified_gmt":"2026-03-13T18:29:09","slug":"campanha-marco-laranja-escolas","status":"publish","type":"post","link":"https:\/\/www.manaus.am.gov.br\/semed\/not\u00edcias\/orientacao\/campanha-marco-laranja-escolas\/","title":{"rendered":"Prefeitura de Manaus lan\u00e7a campanha \u2018Mar\u00e7o\u00a0Laranja\u2019 de preven\u00e7\u00e3o e combate ao bullying escolar"},"content":{"rendered":"\n<p>A <a href=\"https:\/\/www.manaus.am.gov.br\/\">Prefeitura de Manaus<\/a>, por meio da <a href=\"https:\/\/www.instagram.com\/semedmanaus\/\">Secretaria Municipal de Educa\u00e7\u00e3o<\/a> (Semed), realizou, nesta sexta-feira, 13\/3,\u00a0a abertura da campanha municipal de &#8220;Preven\u00e7\u00e3o e Combate ao Bullying Escolar:\u00a0Mar\u00e7o\u00a0Laranja 2026&#8221;. O evento acontece na escola municipal L\u00edrio do Vale, localizada na zona Oeste da cidade, e marca o in\u00edcio de uma s\u00e9rie de a\u00e7\u00f5es educativas voltadas \u00e0 promo\u00e7\u00e3o de um ambiente escolar seguro e respeitoso.\u00a0<\/p>\n\n\n\n<p>A campanha faz parte das estrat\u00e9gias da&nbsp;Semed&nbsp;para prevenir todas as formas de viol\u00eancia contra crian\u00e7as e adolescentes no ambiente escolar. Neste ano, a iniciativa tem como foco ampliar o debate sobre bullying e cyberbullying, fortalecendo a\u00e7\u00f5es educativas e informativas que sensibilizem estudantes, professores, pais e respons\u00e1veis sobre a import\u00e2ncia da preven\u00e7\u00e3o e do respeito nas rela\u00e7\u00f5es.&nbsp;<\/p>\n\n\n\n<p>O trabalho envolve estudantes, professores e toda a comunidade escolar, com o objetivo de evitar situa\u00e7\u00f5es de viol\u00eancia f\u00edsica, verbal ou psicol\u00f3gica. A iniciativa busca fortalecer um ambiente de respeito e conviv\u00eancia saud\u00e1vel, garantindo condi\u00e7\u00f5es para o desenvolvimento integral das crian\u00e7as, explicou o diretor do Departamento de Apoio \u00e0 Gest\u00e3o Escolar (Dage), Luiz Oliveira.&nbsp;<\/p>\n\n\n\n<p>\u201cN\u00f3s realizamos a\u00e7\u00f5es de orienta\u00e7\u00e3o com os estudantes e com toda a comunidade escolar, para evitar situa\u00e7\u00f5es que possam gerar danos futuros. N\u00e3o se trata apenas de viol\u00eancia f\u00edsica, mas tamb\u00e9m de viol\u00eancia verbal e psicol\u00f3gica, que hoje impactam muito o ambiente escolar. Por isso, a&nbsp;Semed&nbsp;mant\u00e9m esse trabalho de forma cont\u00ednua, dentro do processo educacional, para garantir o desenvolvimento integral das nossas crian\u00e7as\u201d, completa Luiz.&nbsp;<\/p>\n\n\n\n<p>Institu\u00eddo no calend\u00e1rio oficial de Manaus pela Lei n\u00ba 2.104, de 6 de abril de 2016, o &#8220;Mar\u00e7o&nbsp;Laranja&#8221; \u00e9 dedicado \u00e0 conscientiza\u00e7\u00e3o e ao enfrentamento do bullying escolar. A campanha tamb\u00e9m dialoga com a Lei n\u00ba 14.811, de 12 de janeiro de 2024, que estabelece medidas de prote\u00e7\u00e3o \u00e0s crian\u00e7as e adolescentes contra a viol\u00eancia em ambientes educacionais e crimes virtuais.&nbsp;<\/p>\n\n\n\n<p>Durante todo o m\u00eas de mar\u00e7o, as unidades da rede municipal de ensino ir\u00e3o desenvolver atividades pedag\u00f3gicas, rodas de conversa, campanhas educativas e a\u00e7\u00f5es reflexivas com estudantes, professores e fam\u00edlias. A proposta \u00e9 promover o di\u00e1logo, fortalecer v\u00ednculos e incentivar atitudes baseadas no respeito, na empatia e na conviv\u00eancia saud\u00e1vel.&nbsp;<\/p>\n\n\n\n<p>O gestor da unidade, Hip\u00f3lito Lessa da Cunha, explica que a iniciativa ganhou mais for\u00e7a neste ano com o apoio da Semed, da Divis\u00e3o Distrital Zonal (DDZ) e de \u00f3rg\u00e3os de seguran\u00e7a e assist\u00eancia social.&nbsp;<\/p>\n\n\n\n<p>\u201cA expectativa \u00e9 muito grande, porque n\u00f3s sempre realizamos esse evento na escola, mas agora contamos com o apoio da&nbsp;Semed&nbsp;e com a representa\u00e7\u00e3o da DDZ. Isso d\u00e1 mais formalidade e amplia a dimens\u00e3o da campanha. Inclusive, em outras ocasi\u00f5es, ap\u00f3s palestras como essa, j\u00e1 conseguimos identificar casos que precisavam de aten\u00e7\u00e3o. Por isso, esse trabalho de preven\u00e7\u00e3o \u00e9 muito importante\u201d, acrescenta o gestor.&nbsp;<\/p>\n\n\n\n<p>Para os pais, as a\u00e7\u00f5es educativas tamb\u00e9m ajudam a orientar as crian\u00e7as sobre os riscos do ambiente digital. A m\u00e3e da estudante Maria Manuela, do 5\u00ba ano, Graciano Lib\u00f3rio, afirma que o di\u00e1logo na escola complementa a orienta\u00e7\u00e3o dada em casa, principalmente diante do uso frequente de celulares e telas pelos alunos.&nbsp;<\/p>\n\n\n\n<p>\u201cEu me sinto mais tranquila, porque hoje&nbsp;as crian\u00e7as&nbsp;passam muito tempo nas telas e no celular. L\u00e1 em casa eu sempre monitoro o uso&nbsp;do celular&nbsp;da minha filha, mas quando a escola tamb\u00e9m fala sobre esses cuidados, a mensagem ganha mais for\u00e7a. \u00c0s vezes, quando \u00e9 s\u00f3 a m\u00e3e falando,&nbsp;elas n\u00e3o d\u00e3o tanta aten\u00e7\u00e3o. Na escola, elas&nbsp;aprendem que existem muitos riscos por tr\u00e1s das telas, e essas campanhas ajudam muito na preven\u00e7\u00e3o\u201d, completa a m\u00e3e.&nbsp;&nbsp;<\/p>\n\n\n\n<p>O estudante do 5\u00ba ano, Fabr\u00edcio Gomes de Souza, explica que o bullying pode aparecer em diferentes situa\u00e7\u00f5es do cotidiano escolar e at\u00e9 no ambiente virtual. Segundo ele, atitudes aparentemente simples, como empurrar um colega, ignor\u00e1-lo em atividades em grupo ou usar apelidos ofensivos, podem causar tristeza e exclus\u00e3o. O aluno destaca que essas pr\u00e1ticas machucam e precisam ser combatidas dentro e fora da escola.<\/p>\n\n\n\n<p>\u201cO bullying n\u00e3o \u00e9 algo legal. \u00c0s vezes a pessoa est\u00e1 andando e algu\u00e9m coloca o p\u00e9 para ela cair, ou ent\u00e3o, quando vai fazer um trabalho em grupo, acaba sendo ignorada e exclu\u00edda. Tamb\u00e9m acontece quando colocam apelidos ofensivos ou ficam sendo t\u00f3xicos, at\u00e9 em jogos. Isso machuca e faz a pessoa se sentir mal. Por isso, o bullying \u00e9 uma coisa s\u00e9ria e n\u00e3o deve acontecer\u201d, finaliza o estudante.&nbsp;<\/p>\n\n\n\n<p>A campanha \u00e9 coordenada pela Ger\u00eancia de Atividades Complementares e Programas Especiais (Gacpe), que atua em parceria com as escolas da rede municipal para ampliar as estrat\u00e9gias de preven\u00e7\u00e3o e prote\u00e7\u00e3o aos estudantes.<\/p>\n\n\n\n<figure class=\"wp-block-image size-large\"><img loading=\"lazy\" decoding=\"async\" width=\"768\" height=\"1024\" src=\"https:\/\/www.manaus.am.gov.br\/semed\/wp-content\/uploads\/sites\/3\/2026\/03\/WhatsApp-Image-2026-03-13-at-10.54.37-768x1024.jpeg\" alt=\"\" class=\"wp-image-11151\" srcset=\"https:\/\/www.manaus.am.gov.br\/semed\/wp-content\/uploads\/sites\/3\/2026\/03\/WhatsApp-Image-2026-03-13-at-10.54.37-768x1024.jpeg 768w, https:\/\/www.manaus.am.gov.br\/semed\/wp-content\/uploads\/sites\/3\/2026\/03\/WhatsApp-Image-2026-03-13-at-10.54.37-225x300.jpeg 225w, https:\/\/www.manaus.am.gov.br\/semed\/wp-content\/uploads\/sites\/3\/2026\/03\/WhatsApp-Image-2026-03-13-at-10.54.37.jpeg 960w\" sizes=\"(max-width: 768px) 100vw, 768px\" \/><figcaption class=\"wp-element-caption\">#paratodosverem &#8211; A\u00e7\u00e3o educativa<\/figcaption><\/figure>\n\n\n\n<p>&#8212; &#8212; &#8212;<\/p>\n\n\n\n<p><strong>Texto&nbsp;<\/strong>&#8211; Alexandre Abreu\/Semed&nbsp;<\/p>\n\n\n\n<p><strong>Fotos<\/strong>&nbsp;&#8211; Divulga\u00e7\u00e3o\/Semed&nbsp;<\/p>\n","protected":false},"excerpt":{"rendered":"","protected":false},"author":39,"featured_media":11150,"comment_status":"closed","ping_status":"closed","sticky":false,"template":"","format":"standard","meta":{"footnotes":""},"categories":[90],"tags":[2822,15,2823,52],"acf":[],"yoast_head":"<!-- This site is optimized with the Yoast SEO plugin v23.0 - https:\/\/yoast.com\/wordpress\/plugins\/seo\/ -->\n<title>Prefeitura lan\u00e7a campanha \u2018Mar\u00e7o Laranja\u2019 nas escolas<\/title>\n<meta name=\"description\" content=\"Prefeitura de Manaus, por meio da Semed, lan\u00e7a campanha \u2018Mar\u00e7o Laranja\u2019 de preven\u00e7\u00e3o e combate ao bullying escolar.\" \/>\n<meta name=\"robots\" content=\"index, follow, max-snippet:-1, max-image-preview:large, max-video-preview:-1\" \/>\n<link rel=\"canonical\" href=\"https:\/\/www.manaus.am.gov.br\/semed\/not\u00edcias\/orientacao\/campanha-marco-laranja-escolas\/\" \/>\n<meta property=\"og:locale\" content=\"pt_BR\" \/>\n<meta property=\"og:type\" content=\"article\" \/>\n<meta property=\"og:title\" content=\"Prefeitura lan\u00e7a campanha \u2018Mar\u00e7o Laranja\u2019 nas escolas\" \/>\n<meta property=\"og:description\" content=\"Prefeitura de Manaus, por meio da Semed, lan\u00e7a campanha \u2018Mar\u00e7o Laranja\u2019 de preven\u00e7\u00e3o e combate ao bullying escolar.\" \/>\n<meta property=\"og:url\" content=\"https:\/\/www.manaus.am.gov.br\/semed\/not\u00edcias\/orientacao\/campanha-marco-laranja-escolas\/\" \/>\n<meta property=\"og:site_name\" content=\"SEMED\" \/>\n<meta property=\"article:published_time\" content=\"2026-03-13T18:15:30+00:00\" \/>\n<meta property=\"article:modified_time\" content=\"2026-03-13T18:29:09+00:00\" \/>\n<meta property=\"og:image\" content=\"https:\/\/www.manaus.am.gov.br\/semed\/wp-content\/uploads\/sites\/3\/2026\/03\/WhatsApp-Image-2026-03-13-at-10.54.35.jpeg\" \/>\n\t<meta property=\"og:image:width\" content=\"1280\" \/>\n\t<meta property=\"og:image:height\" content=\"960\" \/>\n\t<meta property=\"og:image:type\" content=\"image\/jpeg\" \/>\n<meta name=\"author\" content=\"Bruna Greco\" \/>\n<meta name=\"twitter:card\" content=\"summary_large_image\" \/>\n<meta name=\"twitter:label1\" content=\"Written by\" \/>\n\t<meta name=\"twitter:data1\" content=\"Bruna Greco\" \/>\n\t<meta name=\"twitter:label2\" content=\"Est. reading time\" \/>\n\t<meta name=\"twitter:data2\" content=\"5 minutos\" \/>\n<script type=\"application\/ld+json\" class=\"yoast-schema-graph\">{\"@context\":\"https:\/\/schema.org\",\"@graph\":[{\"@type\":\"Article\",\"@id\":\"https:\/\/www.manaus.am.gov.br\/semed\/not\u00edcias\/orientacao\/campanha-marco-laranja-escolas\/#article\",\"isPartOf\":{\"@id\":\"https:\/\/www.manaus.am.gov.br\/semed\/not\u00edcias\/orientacao\/campanha-marco-laranja-escolas\/\"},\"author\":{\"name\":\"Bruna Greco\",\"@id\":\"https:\/\/www.manaus.am.gov.br\/semed\/#\/schema\/person\/05d223aea2bf115f9883a6ff3683d81b\"},\"headline\":\"Prefeitura de Manaus lan\u00e7a campanha \u2018Mar\u00e7o\u00a0Laranja\u2019 de preven\u00e7\u00e3o e combate ao bullying escolar\",\"datePublished\":\"2026-03-13T18:15:30+00:00\",\"dateModified\":\"2026-03-13T18:29:09+00:00\",\"mainEntityOfPage\":{\"@id\":\"https:\/\/www.manaus.am.gov.br\/semed\/not\u00edcias\/orientacao\/campanha-marco-laranja-escolas\/\"},\"wordCount\":902,\"publisher\":{\"@id\":\"https:\/\/www.manaus.am.gov.br\/semed\/#organization\"},\"image\":{\"@id\":\"https:\/\/www.manaus.am.gov.br\/semed\/not\u00edcias\/orientacao\/campanha-marco-laranja-escolas\/#primaryimage\"},\"thumbnailUrl\":\"https:\/\/www.manaus.am.gov.br\/semed\/wp-content\/uploads\/sites\/3\/2026\/03\/WhatsApp-Image-2026-03-13-at-10.54.35.jpeg\",\"keywords\":[\"campanha Mar\u00e7o Laranja\",\"prefeitura de manaus\",\"preven\u00e7\u00e3o e combate ao bullying escolar\",\"semed\"],\"articleSection\":[\"Orienta\u00e7\u00e3o\"],\"inLanguage\":\"pt-BR\"},{\"@type\":\"WebPage\",\"@id\":\"https:\/\/www.manaus.am.gov.br\/semed\/not\u00edcias\/orientacao\/campanha-marco-laranja-escolas\/\",\"url\":\"https:\/\/www.manaus.am.gov.br\/semed\/not\u00edcias\/orientacao\/campanha-marco-laranja-escolas\/\",\"name\":\"Prefeitura lan\u00e7a campanha \u2018Mar\u00e7o Laranja\u2019 nas escolas\",\"isPartOf\":{\"@id\":\"https:\/\/www.manaus.am.gov.br\/semed\/#website\"},\"primaryImageOfPage\":{\"@id\":\"https:\/\/www.manaus.am.gov.br\/semed\/not\u00edcias\/orientacao\/campanha-marco-laranja-escolas\/#primaryimage\"},\"image\":{\"@id\":\"https:\/\/www.manaus.am.gov.br\/semed\/not\u00edcias\/orientacao\/campanha-marco-laranja-escolas\/#primaryimage\"},\"thumbnailUrl\":\"https:\/\/www.manaus.am.gov.br\/semed\/wp-content\/uploads\/sites\/3\/2026\/03\/WhatsApp-Image-2026-03-13-at-10.54.35.jpeg\",\"datePublished\":\"2026-03-13T18:15:30+00:00\",\"dateModified\":\"2026-03-13T18:29:09+00:00\",\"description\":\"Prefeitura de Manaus, por meio da Semed, lan\u00e7a campanha \u2018Mar\u00e7o Laranja\u2019 de preven\u00e7\u00e3o e combate ao bullying escolar.\",\"inLanguage\":\"pt-BR\",\"potentialAction\":[{\"@type\":\"ReadAction\",\"target\":[\"https:\/\/www.manaus.am.gov.br\/semed\/not\u00edcias\/orientacao\/campanha-marco-laranja-escolas\/\"]}]},{\"@type\":\"ImageObject\",\"inLanguage\":\"pt-BR\",\"@id\":\"https:\/\/www.manaus.am.gov.br\/semed\/not\u00edcias\/orientacao\/campanha-marco-laranja-escolas\/#primaryimage\",\"url\":\"https:\/\/www.manaus.am.gov.br\/semed\/wp-content\/uploads\/sites\/3\/2026\/03\/WhatsApp-Image-2026-03-13-at-10.54.35.jpeg\",\"contentUrl\":\"https:\/\/www.manaus.am.gov.br\/semed\/wp-content\/uploads\/sites\/3\/2026\/03\/WhatsApp-Image-2026-03-13-at-10.54.35.jpeg\",\"width\":1280,\"height\":960,\"caption\":\"#paratodosverem - Equipe da Semed e comunidade escolar participando do lan\u00e7amento da campanha \\\"Mar\u00e7o L\u00edlas\\\" nas escolas\"},{\"@type\":\"WebSite\",\"@id\":\"https:\/\/www.manaus.am.gov.br\/semed\/#website\",\"url\":\"https:\/\/www.manaus.am.gov.br\/semed\/\",\"name\":\"Secretaria Municipal de Educa\u00e7\u00e3o\",\"description\":\"Secretaria Municipal de Educa\u00e7\u00e3o\",\"publisher\":{\"@id\":\"https:\/\/www.manaus.am.gov.br\/semed\/#organization\"},\"alternateName\":\"SEMED\",\"potentialAction\":[{\"@type\":\"SearchAction\",\"target\":{\"@type\":\"EntryPoint\",\"urlTemplate\":\"https:\/\/www.manaus.am.gov.br\/semed\/?s={search_term_string}\"},\"query-input\":\"required name=search_term_string\"}],\"inLanguage\":\"pt-BR\"},{\"@type\":\"Organization\",\"@id\":\"https:\/\/www.manaus.am.gov.br\/semed\/#organization\",\"name\":\"Secretaria de Educa\u00e7\u00e3o\",\"alternateName\":\"SEMED\",\"url\":\"https:\/\/www.manaus.am.gov.br\/semed\/\",\"logo\":{\"@type\":\"ImageObject\",\"inLanguage\":\"pt-BR\",\"@id\":\"https:\/\/www.manaus.am.gov.br\/semed\/#\/schema\/logo\/image\/\",\"url\":\"https:\/\/www.manaus.am.gov.br\/semed\/wp-content\/uploads\/sites\/3\/2022\/11\/favicon.png\",\"contentUrl\":\"https:\/\/www.manaus.am.gov.br\/semed\/wp-content\/uploads\/sites\/3\/2022\/11\/favicon.png\",\"width\":300,\"height\":300,\"caption\":\"Secretaria de Educa\u00e7\u00e3o\"},\"image\":{\"@id\":\"https:\/\/www.manaus.am.gov.br\/semed\/#\/schema\/logo\/image\/\"}},{\"@type\":\"Person\",\"@id\":\"https:\/\/www.manaus.am.gov.br\/semed\/#\/schema\/person\/05d223aea2bf115f9883a6ff3683d81b\",\"name\":\"Bruna Greco\",\"image\":{\"@type\":\"ImageObject\",\"inLanguage\":\"pt-BR\",\"@id\":\"https:\/\/www.manaus.am.gov.br\/semed\/#\/schema\/person\/image\/\",\"url\":\"https:\/\/secure.gravatar.com\/avatar\/9c877d1a6adc2a055330e5c09a8653ce?s=96&d=mm&r=g\",\"contentUrl\":\"https:\/\/secure.gravatar.com\/avatar\/9c877d1a6adc2a055330e5c09a8653ce?s=96&d=mm&r=g\",\"caption\":\"Bruna Greco\"}}]}<\/script>\n<!-- \/ Yoast SEO plugin. -->","yoast_head_json":{"title":"Prefeitura lan\u00e7a campanha \u2018Mar\u00e7o Laranja\u2019 nas escolas","description":"Prefeitura de Manaus, por meio da Semed, lan\u00e7a campanha \u2018Mar\u00e7o Laranja\u2019 de preven\u00e7\u00e3o e combate ao bullying escolar.","robots":{"index":"index","follow":"follow","max-snippet":"max-snippet:-1","max-image-preview":"max-image-preview:large","max-video-preview":"max-video-preview:-1"},"canonical":"https:\/\/www.manaus.am.gov.br\/semed\/not\u00edcias\/orientacao\/campanha-marco-laranja-escolas\/","og_locale":"pt_BR","og_type":"article","og_title":"Prefeitura lan\u00e7a campanha \u2018Mar\u00e7o Laranja\u2019 nas escolas","og_description":"Prefeitura de Manaus, por meio da Semed, lan\u00e7a campanha \u2018Mar\u00e7o Laranja\u2019 de preven\u00e7\u00e3o e combate ao bullying escolar.","og_url":"https:\/\/www.manaus.am.gov.br\/semed\/not\u00edcias\/orientacao\/campanha-marco-laranja-escolas\/","og_site_name":"SEMED","article_published_time":"2026-03-13T18:15:30+00:00","article_modified_time":"2026-03-13T18:29:09+00:00","og_image":[{"width":1280,"height":960,"url":"https:\/\/www.manaus.am.gov.br\/semed\/wp-content\/uploads\/sites\/3\/2026\/03\/WhatsApp-Image-2026-03-13-at-10.54.35.jpeg","type":"image\/jpeg"}],"author":"Bruna Greco","twitter_card":"summary_large_image","twitter_misc":{"Written by":"Bruna Greco","Est. reading time":"5 minutos"},"schema":{"@context":"https:\/\/schema.org","@graph":[{"@type":"Article","@id":"https:\/\/www.manaus.am.gov.br\/semed\/not\u00edcias\/orientacao\/campanha-marco-laranja-escolas\/#article","isPartOf":{"@id":"https:\/\/www.manaus.am.gov.br\/semed\/not\u00edcias\/orientacao\/campanha-marco-laranja-escolas\/"},"author":{"name":"Bruna Greco","@id":"https:\/\/www.manaus.am.gov.br\/semed\/#\/schema\/person\/05d223aea2bf115f9883a6ff3683d81b"},"headline":"Prefeitura de Manaus lan\u00e7a campanha \u2018Mar\u00e7o\u00a0Laranja\u2019 de preven\u00e7\u00e3o e combate ao bullying escolar","datePublished":"2026-03-13T18:15:30+00:00","dateModified":"2026-03-13T18:29:09+00:00","mainEntityOfPage":{"@id":"https:\/\/www.manaus.am.gov.br\/semed\/not\u00edcias\/orientacao\/campanha-marco-laranja-escolas\/"},"wordCount":902,"publisher":{"@id":"https:\/\/www.manaus.am.gov.br\/semed\/#organization"},"image":{"@id":"https:\/\/www.manaus.am.gov.br\/semed\/not\u00edcias\/orientacao\/campanha-marco-laranja-escolas\/#primaryimage"},"thumbnailUrl":"https:\/\/www.manaus.am.gov.br\/semed\/wp-content\/uploads\/sites\/3\/2026\/03\/WhatsApp-Image-2026-03-13-at-10.54.35.jpeg","keywords":["campanha Mar\u00e7o Laranja","prefeitura de manaus","preven\u00e7\u00e3o e combate ao bullying escolar","semed"],"articleSection":["Orienta\u00e7\u00e3o"],"inLanguage":"pt-BR"},{"@type":"WebPage","@id":"https:\/\/www.manaus.am.gov.br\/semed\/not\u00edcias\/orientacao\/campanha-marco-laranja-escolas\/","url":"https:\/\/www.manaus.am.gov.br\/semed\/not\u00edcias\/orientacao\/campanha-marco-laranja-escolas\/","name":"Prefeitura lan\u00e7a campanha \u2018Mar\u00e7o Laranja\u2019 nas escolas","isPartOf":{"@id":"https:\/\/www.manaus.am.gov.br\/semed\/#website"},"primaryImageOfPage":{"@id":"https:\/\/www.manaus.am.gov.br\/semed\/not\u00edcias\/orientacao\/campanha-marco-laranja-escolas\/#primaryimage"},"image":{"@id":"https:\/\/www.manaus.am.gov.br\/semed\/not\u00edcias\/orientacao\/campanha-marco-laranja-escolas\/#primaryimage"},"thumbnailUrl":"https:\/\/www.manaus.am.gov.br\/semed\/wp-content\/uploads\/sites\/3\/2026\/03\/WhatsApp-Image-2026-03-13-at-10.54.35.jpeg","datePublished":"2026-03-13T18:15:30+00:00","dateModified":"2026-03-13T18:29:09+00:00","description":"Prefeitura de Manaus, por meio da Semed, lan\u00e7a campanha \u2018Mar\u00e7o Laranja\u2019 de preven\u00e7\u00e3o e combate ao bullying escolar.","inLanguage":"pt-BR","potentialAction":[{"@type":"ReadAction","target":["https:\/\/www.manaus.am.gov.br\/semed\/not\u00edcias\/orientacao\/campanha-marco-laranja-escolas\/"]}]},{"@type":"ImageObject","inLanguage":"pt-BR","@id":"https:\/\/www.manaus.am.gov.br\/semed\/not\u00edcias\/orientacao\/campanha-marco-laranja-escolas\/#primaryimage","url":"https:\/\/www.manaus.am.gov.br\/semed\/wp-content\/uploads\/sites\/3\/2026\/03\/WhatsApp-Image-2026-03-13-at-10.54.35.jpeg","contentUrl":"https:\/\/www.manaus.am.gov.br\/semed\/wp-content\/uploads\/sites\/3\/2026\/03\/WhatsApp-Image-2026-03-13-at-10.54.35.jpeg","width":1280,"height":960,"caption":"#paratodosverem - Equipe da Semed e comunidade escolar participando do lan\u00e7amento da campanha \"Mar\u00e7o L\u00edlas\" nas escolas"},{"@type":"WebSite","@id":"https:\/\/www.manaus.am.gov.br\/semed\/#website","url":"https:\/\/www.manaus.am.gov.br\/semed\/","name":"Secretaria Municipal de Educa\u00e7\u00e3o","description":"Secretaria Municipal de Educa\u00e7\u00e3o","publisher":{"@id":"https:\/\/www.manaus.am.gov.br\/semed\/#organization"},"alternateName":"SEMED","potentialAction":[{"@type":"SearchAction","target":{"@type":"EntryPoint","urlTemplate":"https:\/\/www.manaus.am.gov.br\/semed\/?s={search_term_string}"},"query-input":"required name=search_term_string"}],"inLanguage":"pt-BR"},{"@type":"Organization","@id":"https:\/\/www.manaus.am.gov.br\/semed\/#organization","name":"Secretaria de Educa\u00e7\u00e3o","alternateName":"SEMED","url":"https:\/\/www.manaus.am.gov.br\/semed\/","logo":{"@type":"ImageObject","inLanguage":"pt-BR","@id":"https:\/\/www.manaus.am.gov.br\/semed\/#\/schema\/logo\/image\/","url":"https:\/\/www.manaus.am.gov.br\/semed\/wp-content\/uploads\/sites\/3\/2022\/11\/favicon.png","contentUrl":"https:\/\/www.manaus.am.gov.br\/semed\/wp-content\/uploads\/sites\/3\/2022\/11\/favicon.png","width":300,"height":300,"caption":"Secretaria de Educa\u00e7\u00e3o"},"image":{"@id":"https:\/\/www.manaus.am.gov.br\/semed\/#\/schema\/logo\/image\/"}},{"@type":"Person","@id":"https:\/\/www.manaus.am.gov.br\/semed\/#\/schema\/person\/05d223aea2bf115f9883a6ff3683d81b","name":"Bruna Greco","image":{"@type":"ImageObject","inLanguage":"pt-BR","@id":"https:\/\/www.manaus.am.gov.br\/semed\/#\/schema\/person\/image\/","url":"https:\/\/secure.gravatar.com\/avatar\/9c877d1a6adc2a055330e5c09a8653ce?s=96&d=mm&r=g","contentUrl":"https:\/\/secure.gravatar.com\/avatar\/9c877d1a6adc2a055330e5c09a8653ce?s=96&d=mm&r=g","caption":"Bruna Greco"}}]}},"_links":{"self":[{"href":"https:\/\/www.manaus.am.gov.br\/semed\/wp-json\/wp\/v2\/posts\/11149"}],"collection":[{"href":"https:\/\/www.manaus.am.gov.br\/semed\/wp-json\/wp\/v2\/posts"}],"about":[{"href":"https:\/\/www.manaus.am.gov.br\/semed\/wp-json\/wp\/v2\/types\/post"}],"author":[{"embeddable":true,"href":"https:\/\/www.manaus.am.gov.br\/semed\/wp-json\/wp\/v2\/users\/39"}],"replies":[{"embeddable":true,"href":"https:\/\/www.manaus.am.gov.br\/semed\/wp-json\/wp\/v2\/comments?post=11149"}],"version-history":[{"count":5,"href":"https:\/\/www.manaus.am.gov.br\/semed\/wp-json\/wp\/v2\/posts\/11149\/revisions"}],"predecessor-version":[{"id":11156,"href":"https:\/\/www.manaus.am.gov.br\/semed\/wp-json\/wp\/v2\/posts\/11149\/revisions\/11156"}],"wp:featuredmedia":[{"embeddable":true,"href":"https:\/\/www.manaus.am.gov.br\/semed\/wp-json\/wp\/v2\/media\/11150"}],"wp:attachment":[{"href":"https:\/\/www.manaus.am.gov.br\/semed\/wp-json\/wp\/v2\/media?parent=11149"}],"wp:term":[{"taxonomy":"category","embeddable":true,"href":"https:\/\/www.manaus.am.gov.br\/semed\/wp-json\/wp\/v2\/categories?post=11149"},{"taxonomy":"post_tag","embeddable":true,"href":"https:\/\/www.manaus.am.gov.br\/semed\/wp-json\/wp\/v2\/tags?post=11149"}],"curies":[{"name":"wp","href":"https:\/\/api.w.org\/{rel}","templated":true}]}}