{"id":11125,"date":"2026-03-12T18:02:02","date_gmt":"2026-03-12T22:02:02","guid":{"rendered":"https:\/\/www.manaus.am.gov.br\/semed\/not\u00edcias\/sem-categoria\/festival-olimpico-infantil\/"},"modified":"2026-03-13T11:03:29","modified_gmt":"2026-03-13T15:03:29","slug":"festival-olimpico-infantil","status":"publish","type":"post","link":"https:\/\/www.manaus.am.gov.br\/semed\/not\u00edcias\/educacao\/festival-olimpico-infantil\/","title":{"rendered":"Festival Ol\u00edmpico da Educa\u00e7\u00e3o Infantil da Prefeitura de Manaus envolve mais de 30 mil crian\u00e7as da rede municipal"},"content":{"rendered":"\n<p>Com o tema \u201cO mundo da bola que encanta as inf\u00e2ncias\u201d, a<a href=\"https:\/\/www.instagram.com\/prefeiturademanaus\/\"> Prefeitura de Manaus<\/a>, por meio da Secretaria Municipal de Educa\u00e7\u00e3o<a href=\"https:\/\/www.manaus.am.gov.br\/\"> (Semed),<\/a> realizou nesta quinta-feira, 12\/3, a abertura do 11\u00ba Festival Ol\u00edmpico da Educa\u00e7\u00e3o Infantil. A cerim\u00f4nia aconteceu no Centro Integrado Municipal de Educa\u00e7\u00e3o (Cime) L\u00facia Melo Ferreira Almeida, localizado na rua Rita Teles, no bairro Novo Aleixo, zona Leste da cidade, e reuniu crian\u00e7as, professores, assessores e familiares.<\/p>\n\n\n\n<p>O titular da Semed, J\u00fanior Mar, explicou que a iniciativa leva atividades inspiradas no esporte para o universo infantil, estimulando a intera\u00e7\u00e3o, o desenvolvimento da motricidade e a aprendizagem de forma l\u00fadica.<\/p>\n\n\n\n<p>\u201cSomos encantados pela primeira inf\u00e2ncia. A gest\u00e3o do prefeito David Almeida e do vice-prefeito Renato J\u00fanior tem como prioridade valorizar a crian\u00e7a desde a base. O Festival Ol\u00edmpico da Educa\u00e7\u00e3o Infantil traz o universo do esporte para que elas aprendam brincando, desenvolvam habilidades de motricidade, convivam, aprendam regras e se divirtam\u201d, destacou o secret\u00e1rio.<\/p>\n\n\n<div class=\"wp-block-image\">\n<figure class=\"aligncenter size-large\"><img loading=\"lazy\" decoding=\"async\" width=\"1024\" height=\"683\" src=\"https:\/\/www.manaus.am.gov.br\/semed\/wp-content\/uploads\/sites\/3\/2026\/03\/Semed-Festival-Olimpico-Infantil-2-1024x683.jpg\" alt=\"\" class=\"wp-image-11128\" srcset=\"https:\/\/www.manaus.am.gov.br\/semed\/wp-content\/uploads\/sites\/3\/2026\/03\/Semed-Festival-Olimpico-Infantil-2-1024x683.jpg 1024w, https:\/\/www.manaus.am.gov.br\/semed\/wp-content\/uploads\/sites\/3\/2026\/03\/Semed-Festival-Olimpico-Infantil-2-300x200.jpg 300w, https:\/\/www.manaus.am.gov.br\/semed\/wp-content\/uploads\/sites\/3\/2026\/03\/Semed-Festival-Olimpico-Infantil-2-768x512.jpg 768w, https:\/\/www.manaus.am.gov.br\/semed\/wp-content\/uploads\/sites\/3\/2026\/03\/Semed-Festival-Olimpico-Infantil-2-1536x1024.jpg 1536w, https:\/\/www.manaus.am.gov.br\/semed\/wp-content\/uploads\/sites\/3\/2026\/03\/Semed-Festival-Olimpico-Infantil-2.jpg 2047w\" sizes=\"(max-width: 1024px) 100vw, 1024px\" \/><figcaption class=\"wp-element-caption\">#paratodosverem &#8211; o titular da Semed, J\u00fanior Mar, na abertura do Festival<\/figcaption><\/figure><\/div>\n\n\n<p>O tema escolhido reconhece a bola como um importante recurso l\u00fadico, cultural e educativo no cotidiano das crian\u00e7as. A proposta do festival \u00e9 ampliar e valorizar experi\u00eancias corporais diversificadas que envolvem imagina\u00e7\u00e3o, intera\u00e7\u00e3o, coopera\u00e7\u00e3o e descoberta.<\/p>\n\n\n\n<p>Ao todo, o evento mobiliza mais de 30 mil crian\u00e7as de 1 a 5 anos, matriculadas em creches e Centros Municipais de Educa\u00e7\u00e3o Infantil (CMEIs) da rede municipal. As atividades ser\u00e3o desenvolvidas at\u00e9 o dia 24 de junho, com pr\u00e1ticas l\u00fadicas que simulam modalidades como futebol, v\u00f4lei, esgrima, escalada e arco e flecha, todas adaptadas para o universo infantil.<\/p>\n\n\n\n<p>Para o idealizador do festival, o professor Alexandre Romano, a proposta tamb\u00e9m busca aproximar as crian\u00e7as do esp\u00edrito esportivo e trabalha algo muito importante para a educa\u00e7\u00e3o municipal, que faz com que as crian\u00e7as aprendam brincando.<\/p>\n\n\n\n<p>\u201cFicamos muito felizes em poder unir o esp\u00edrito do olimpismo com o clima de Copa do Mundo. A bola, muitas vezes, \u00e9 o primeiro brinquedo que a crian\u00e7a recebe, seja menino ou menina. Quem nunca chutou uma bola, uma lata ou at\u00e9 um bal\u00e3o? O mundo da bola encanta as crian\u00e7as e, quando falamos de Copa do Mundo, isso tamb\u00e9m remete ao Brasil e \u00e0s nossas crian\u00e7as. Por isso, \u00e9 muito gratificante ver toda essa alegria e envolvimento delas\u201d, afirmou.<\/p>\n\n\n<div class=\"wp-block-image\">\n<figure class=\"aligncenter size-large\"><img loading=\"lazy\" decoding=\"async\" width=\"1024\" height=\"683\" src=\"https:\/\/www.manaus.am.gov.br\/semed\/wp-content\/uploads\/sites\/3\/2026\/03\/Semed-Festival-Olimpico-Infantil-1-1024x683.jpg\" alt=\"\" class=\"wp-image-11129\" srcset=\"https:\/\/www.manaus.am.gov.br\/semed\/wp-content\/uploads\/sites\/3\/2026\/03\/Semed-Festival-Olimpico-Infantil-1-1024x683.jpg 1024w, https:\/\/www.manaus.am.gov.br\/semed\/wp-content\/uploads\/sites\/3\/2026\/03\/Semed-Festival-Olimpico-Infantil-1-300x200.jpg 300w, https:\/\/www.manaus.am.gov.br\/semed\/wp-content\/uploads\/sites\/3\/2026\/03\/Semed-Festival-Olimpico-Infantil-1-768x512.jpg 768w, https:\/\/www.manaus.am.gov.br\/semed\/wp-content\/uploads\/sites\/3\/2026\/03\/Semed-Festival-Olimpico-Infantil-1-1536x1024.jpg 1536w, https:\/\/www.manaus.am.gov.br\/semed\/wp-content\/uploads\/sites\/3\/2026\/03\/Semed-Festival-Olimpico-Infantil-1.jpg 2047w\" sizes=\"(max-width: 1024px) 100vw, 1024px\" \/><figcaption class=\"wp-element-caption\">#paratodosverem &#8211; detalhe da abertura do Festival<\/figcaption><\/figure><\/div>\n\n\n<p>A programa\u00e7\u00e3o tamb\u00e9m contou com a participa\u00e7\u00e3o das fam\u00edlias, que acompanharam de perto as atividades e destacaram a import\u00e2ncia de iniciativas que incentivem o desenvolvimento infantil por meio do esporte e da conviv\u00eancia. Zilton Rubens, pai da crian\u00e7a, Pedro Rog\u00e9rio Rubens, do Centro Integrado Municipal de Educa\u00e7\u00e3o (Cime) Viviane Estrela, at\u00e9 tirou um dia de folga para acompanhar seu filho.<\/p>\n\n\n\n<p>\u201c\u00c9 uma experi\u00eancia maravilhosa. Ver as crian\u00e7as participando e sendo incentivadas \u00e9 exatamente o que a gente precisa. Tirei o dia para estar com ele hoje e acompanhar tudo. Est\u00e1 sendo muito especial e muito bacana mesmo\u201d.<\/p>\n\n\n\n<p>&#8212; &#8212; &#8212;<\/p>\n\n\n\n<p><strong>Texto<\/strong> \u2013 Alexandre Abreu e \u00c9rica Marinho \/ Semed<\/p>\n\n\n\n<p><strong>Foto<\/strong> \u2013 M\u00e1rio Oliveira \/ Semed<\/p>\n\n\n\n<p><strong>Dispon\u00edveis em<\/strong> &#8211; <a href=\"https:\/\/www.flickr.com\/gp\/prefeiturademanaus\/404qh3DAY2\">https:\/\/www.flickr.com\/gp\/prefeiturademanaus\/404qh3DAY2<\/a><\/p>\n","protected":false},"excerpt":{"rendered":"","protected":false},"author":61,"featured_media":11126,"comment_status":"closed","ping_status":"closed","sticky":false,"template":"","format":"standard","meta":{"footnotes":""},"categories":[8],"tags":[1012,15,52],"acf":[],"yoast_head":"<!-- This site is optimized with the Yoast SEO plugin v23.0 - https:\/\/yoast.com\/wordpress\/plugins\/seo\/ -->\n<title>Festival Ol\u00edmpico da Educa\u00e7\u00e3o Infantil da Prefeitura de Manaus envolve mais de 30 mil crian\u00e7as da rede municipal<\/title>\n<meta name=\"description\" content=\"Com o tema \u201cO mundo da bola que encanta as inf\u00e2ncias\u201d, a Prefeitura de Manaus, por meio da Secretaria Municipal de Educa\u00e7\u00e3o (Semed), realizou nesta quinta-feira, 12\/3, a abertura do 11\u00ba Festival Ol\u00edmpico da Educa\u00e7\u00e3o Infantil.\" \/>\n<meta name=\"robots\" content=\"index, follow, max-snippet:-1, max-image-preview:large, max-video-preview:-1\" \/>\n<link rel=\"canonical\" href=\"https:\/\/www.manaus.am.gov.br\/semed\/not\u00edcias\/educacao\/festival-olimpico-infantil\/\" \/>\n<meta property=\"og:locale\" content=\"pt_BR\" \/>\n<meta property=\"og:type\" content=\"article\" \/>\n<meta property=\"og:title\" content=\"Festival Ol\u00edmpico da Educa\u00e7\u00e3o Infantil da Prefeitura de Manaus envolve mais de 30 mil crian\u00e7as da rede municipal\" \/>\n<meta property=\"og:description\" content=\"Com o tema \u201cO mundo da bola que encanta as inf\u00e2ncias\u201d, a Prefeitura de Manaus, por meio da Secretaria Municipal de Educa\u00e7\u00e3o (Semed), realizou nesta quinta-feira, 12\/3, a abertura do 11\u00ba Festival Ol\u00edmpico da Educa\u00e7\u00e3o Infantil.\" \/>\n<meta property=\"og:url\" content=\"https:\/\/www.manaus.am.gov.br\/semed\/not\u00edcias\/educacao\/festival-olimpico-infantil\/\" \/>\n<meta property=\"og:site_name\" content=\"SEMED\" \/>\n<meta property=\"article:published_time\" content=\"2026-03-12T22:02:02+00:00\" \/>\n<meta property=\"article:modified_time\" content=\"2026-03-13T15:03:29+00:00\" \/>\n<meta property=\"og:image\" content=\"https:\/\/www.manaus.am.gov.br\/semed\/wp-content\/uploads\/sites\/3\/2026\/03\/Semed-Festival-Olimpico-Infantil-3.jpg\" \/>\n\t<meta property=\"og:image:width\" content=\"2047\" \/>\n\t<meta property=\"og:image:height\" content=\"1365\" \/>\n\t<meta property=\"og:image:type\" content=\"image\/jpeg\" \/>\n<meta name=\"author\" content=\"smonteiro\" \/>\n<meta name=\"twitter:card\" content=\"summary_large_image\" \/>\n<meta name=\"twitter:label1\" content=\"Written by\" \/>\n\t<meta name=\"twitter:data1\" content=\"smonteiro\" \/>\n\t<meta name=\"twitter:label2\" content=\"Est. reading time\" \/>\n\t<meta name=\"twitter:data2\" content=\"4 minutos\" \/>\n<script type=\"application\/ld+json\" class=\"yoast-schema-graph\">{\"@context\":\"https:\/\/schema.org\",\"@graph\":[{\"@type\":\"Article\",\"@id\":\"https:\/\/www.manaus.am.gov.br\/semed\/not\u00edcias\/educacao\/festival-olimpico-infantil\/#article\",\"isPartOf\":{\"@id\":\"https:\/\/www.manaus.am.gov.br\/semed\/not\u00edcias\/educacao\/festival-olimpico-infantil\/\"},\"author\":{\"name\":\"smonteiro\",\"@id\":\"https:\/\/www.manaus.am.gov.br\/semed\/#\/schema\/person\/ab4dcf766a54dff74e8d267f5c591961\"},\"headline\":\"Festival Ol\u00edmpico da Educa\u00e7\u00e3o Infantil da Prefeitura de Manaus envolve mais de 30 mil crian\u00e7as da rede municipal\",\"datePublished\":\"2026-03-12T22:02:02+00:00\",\"dateModified\":\"2026-03-13T15:03:29+00:00\",\"mainEntityOfPage\":{\"@id\":\"https:\/\/www.manaus.am.gov.br\/semed\/not\u00edcias\/educacao\/festival-olimpico-infantil\/\"},\"wordCount\":572,\"publisher\":{\"@id\":\"https:\/\/www.manaus.am.gov.br\/semed\/#organization\"},\"image\":{\"@id\":\"https:\/\/www.manaus.am.gov.br\/semed\/not\u00edcias\/educacao\/festival-olimpico-infantil\/#primaryimage\"},\"thumbnailUrl\":\"https:\/\/www.manaus.am.gov.br\/semed\/wp-content\/uploads\/sites\/3\/2026\/03\/Semed-Festival-Olimpico-Infantil-3.jpg\",\"keywords\":[\"Festival ol\u00edmpico da Educa\u00e7\u00e3o Infantil\",\"prefeitura de manaus\",\"semed\"],\"articleSection\":[\"Educa\u00e7\u00e3o\"],\"inLanguage\":\"pt-BR\"},{\"@type\":\"WebPage\",\"@id\":\"https:\/\/www.manaus.am.gov.br\/semed\/not\u00edcias\/educacao\/festival-olimpico-infantil\/\",\"url\":\"https:\/\/www.manaus.am.gov.br\/semed\/not\u00edcias\/educacao\/festival-olimpico-infantil\/\",\"name\":\"Festival Ol\u00edmpico da Educa\u00e7\u00e3o Infantil da Prefeitura de Manaus envolve mais de 30 mil crian\u00e7as da rede municipal\",\"isPartOf\":{\"@id\":\"https:\/\/www.manaus.am.gov.br\/semed\/#website\"},\"primaryImageOfPage\":{\"@id\":\"https:\/\/www.manaus.am.gov.br\/semed\/not\u00edcias\/educacao\/festival-olimpico-infantil\/#primaryimage\"},\"image\":{\"@id\":\"https:\/\/www.manaus.am.gov.br\/semed\/not\u00edcias\/educacao\/festival-olimpico-infantil\/#primaryimage\"},\"thumbnailUrl\":\"https:\/\/www.manaus.am.gov.br\/semed\/wp-content\/uploads\/sites\/3\/2026\/03\/Semed-Festival-Olimpico-Infantil-3.jpg\",\"datePublished\":\"2026-03-12T22:02:02+00:00\",\"dateModified\":\"2026-03-13T15:03:29+00:00\",\"description\":\"Com o tema \u201cO mundo da bola que encanta as inf\u00e2ncias\u201d, a Prefeitura de Manaus, por meio da Secretaria Municipal de Educa\u00e7\u00e3o (Semed), realizou nesta quinta-feira, 12\/3, a abertura do 11\u00ba Festival Ol\u00edmpico da Educa\u00e7\u00e3o Infantil.\",\"inLanguage\":\"pt-BR\",\"potentialAction\":[{\"@type\":\"ReadAction\",\"target\":[\"https:\/\/www.manaus.am.gov.br\/semed\/not\u00edcias\/educacao\/festival-olimpico-infantil\/\"]}]},{\"@type\":\"ImageObject\",\"inLanguage\":\"pt-BR\",\"@id\":\"https:\/\/www.manaus.am.gov.br\/semed\/not\u00edcias\/educacao\/festival-olimpico-infantil\/#primaryimage\",\"url\":\"https:\/\/www.manaus.am.gov.br\/semed\/wp-content\/uploads\/sites\/3\/2026\/03\/Semed-Festival-Olimpico-Infantil-3.jpg\",\"contentUrl\":\"https:\/\/www.manaus.am.gov.br\/semed\/wp-content\/uploads\/sites\/3\/2026\/03\/Semed-Festival-Olimpico-Infantil-3.jpg\",\"width\":2047,\"height\":1365,\"caption\":\"#paratodosverem - crian\u00e7as da Educa\u00e7\u00e3o Infantil da Prefeitura na abertura do Festival\"},{\"@type\":\"WebSite\",\"@id\":\"https:\/\/www.manaus.am.gov.br\/semed\/#website\",\"url\":\"https:\/\/www.manaus.am.gov.br\/semed\/\",\"name\":\"Secretaria Municipal de Educa\u00e7\u00e3o\",\"description\":\"Secretaria Municipal de Educa\u00e7\u00e3o\",\"publisher\":{\"@id\":\"https:\/\/www.manaus.am.gov.br\/semed\/#organization\"},\"alternateName\":\"SEMED\",\"potentialAction\":[{\"@type\":\"SearchAction\",\"target\":{\"@type\":\"EntryPoint\",\"urlTemplate\":\"https:\/\/www.manaus.am.gov.br\/semed\/?s={search_term_string}\"},\"query-input\":\"required name=search_term_string\"}],\"inLanguage\":\"pt-BR\"},{\"@type\":\"Organization\",\"@id\":\"https:\/\/www.manaus.am.gov.br\/semed\/#organization\",\"name\":\"Secretaria de Educa\u00e7\u00e3o\",\"alternateName\":\"SEMED\",\"url\":\"https:\/\/www.manaus.am.gov.br\/semed\/\",\"logo\":{\"@type\":\"ImageObject\",\"inLanguage\":\"pt-BR\",\"@id\":\"https:\/\/www.manaus.am.gov.br\/semed\/#\/schema\/logo\/image\/\",\"url\":\"https:\/\/www.manaus.am.gov.br\/semed\/wp-content\/uploads\/sites\/3\/2022\/11\/favicon.png\",\"contentUrl\":\"https:\/\/www.manaus.am.gov.br\/semed\/wp-content\/uploads\/sites\/3\/2022\/11\/favicon.png\",\"width\":300,\"height\":300,\"caption\":\"Secretaria de Educa\u00e7\u00e3o\"},\"image\":{\"@id\":\"https:\/\/www.manaus.am.gov.br\/semed\/#\/schema\/logo\/image\/\"}},{\"@type\":\"Person\",\"@id\":\"https:\/\/www.manaus.am.gov.br\/semed\/#\/schema\/person\/ab4dcf766a54dff74e8d267f5c591961\",\"name\":\"smonteiro\",\"image\":{\"@type\":\"ImageObject\",\"inLanguage\":\"pt-BR\",\"@id\":\"https:\/\/www.manaus.am.gov.br\/semed\/#\/schema\/person\/image\/\",\"url\":\"https:\/\/secure.gravatar.com\/avatar\/21c8776ef61d9272c73322052e042d77?s=96&d=mm&r=g\",\"contentUrl\":\"https:\/\/secure.gravatar.com\/avatar\/21c8776ef61d9272c73322052e042d77?s=96&d=mm&r=g\",\"caption\":\"smonteiro\"}}]}<\/script>\n<!-- \/ Yoast SEO plugin. -->","yoast_head_json":{"title":"Festival Ol\u00edmpico da Educa\u00e7\u00e3o Infantil da Prefeitura de Manaus envolve mais de 30 mil crian\u00e7as da rede municipal","description":"Com o tema \u201cO mundo da bola que encanta as inf\u00e2ncias\u201d, a Prefeitura de Manaus, por meio da Secretaria Municipal de Educa\u00e7\u00e3o (Semed), realizou nesta quinta-feira, 12\/3, a abertura do 11\u00ba Festival Ol\u00edmpico da Educa\u00e7\u00e3o Infantil.","robots":{"index":"index","follow":"follow","max-snippet":"max-snippet:-1","max-image-preview":"max-image-preview:large","max-video-preview":"max-video-preview:-1"},"canonical":"https:\/\/www.manaus.am.gov.br\/semed\/not\u00edcias\/educacao\/festival-olimpico-infantil\/","og_locale":"pt_BR","og_type":"article","og_title":"Festival Ol\u00edmpico da Educa\u00e7\u00e3o Infantil da Prefeitura de Manaus envolve mais de 30 mil crian\u00e7as da rede municipal","og_description":"Com o tema \u201cO mundo da bola que encanta as inf\u00e2ncias\u201d, a Prefeitura de Manaus, por meio da Secretaria Municipal de Educa\u00e7\u00e3o (Semed), realizou nesta quinta-feira, 12\/3, a abertura do 11\u00ba Festival Ol\u00edmpico da Educa\u00e7\u00e3o Infantil.","og_url":"https:\/\/www.manaus.am.gov.br\/semed\/not\u00edcias\/educacao\/festival-olimpico-infantil\/","og_site_name":"SEMED","article_published_time":"2026-03-12T22:02:02+00:00","article_modified_time":"2026-03-13T15:03:29+00:00","og_image":[{"width":2047,"height":1365,"url":"https:\/\/www.manaus.am.gov.br\/semed\/wp-content\/uploads\/sites\/3\/2026\/03\/Semed-Festival-Olimpico-Infantil-3.jpg","type":"image\/jpeg"}],"author":"smonteiro","twitter_card":"summary_large_image","twitter_misc":{"Written by":"smonteiro","Est. reading time":"4 minutos"},"schema":{"@context":"https:\/\/schema.org","@graph":[{"@type":"Article","@id":"https:\/\/www.manaus.am.gov.br\/semed\/not\u00edcias\/educacao\/festival-olimpico-infantil\/#article","isPartOf":{"@id":"https:\/\/www.manaus.am.gov.br\/semed\/not\u00edcias\/educacao\/festival-olimpico-infantil\/"},"author":{"name":"smonteiro","@id":"https:\/\/www.manaus.am.gov.br\/semed\/#\/schema\/person\/ab4dcf766a54dff74e8d267f5c591961"},"headline":"Festival Ol\u00edmpico da Educa\u00e7\u00e3o Infantil da Prefeitura de Manaus envolve mais de 30 mil crian\u00e7as da rede municipal","datePublished":"2026-03-12T22:02:02+00:00","dateModified":"2026-03-13T15:03:29+00:00","mainEntityOfPage":{"@id":"https:\/\/www.manaus.am.gov.br\/semed\/not\u00edcias\/educacao\/festival-olimpico-infantil\/"},"wordCount":572,"publisher":{"@id":"https:\/\/www.manaus.am.gov.br\/semed\/#organization"},"image":{"@id":"https:\/\/www.manaus.am.gov.br\/semed\/not\u00edcias\/educacao\/festival-olimpico-infantil\/#primaryimage"},"thumbnailUrl":"https:\/\/www.manaus.am.gov.br\/semed\/wp-content\/uploads\/sites\/3\/2026\/03\/Semed-Festival-Olimpico-Infantil-3.jpg","keywords":["Festival ol\u00edmpico da Educa\u00e7\u00e3o Infantil","prefeitura de manaus","semed"],"articleSection":["Educa\u00e7\u00e3o"],"inLanguage":"pt-BR"},{"@type":"WebPage","@id":"https:\/\/www.manaus.am.gov.br\/semed\/not\u00edcias\/educacao\/festival-olimpico-infantil\/","url":"https:\/\/www.manaus.am.gov.br\/semed\/not\u00edcias\/educacao\/festival-olimpico-infantil\/","name":"Festival Ol\u00edmpico da Educa\u00e7\u00e3o Infantil da Prefeitura de Manaus envolve mais de 30 mil crian\u00e7as da rede municipal","isPartOf":{"@id":"https:\/\/www.manaus.am.gov.br\/semed\/#website"},"primaryImageOfPage":{"@id":"https:\/\/www.manaus.am.gov.br\/semed\/not\u00edcias\/educacao\/festival-olimpico-infantil\/#primaryimage"},"image":{"@id":"https:\/\/www.manaus.am.gov.br\/semed\/not\u00edcias\/educacao\/festival-olimpico-infantil\/#primaryimage"},"thumbnailUrl":"https:\/\/www.manaus.am.gov.br\/semed\/wp-content\/uploads\/sites\/3\/2026\/03\/Semed-Festival-Olimpico-Infantil-3.jpg","datePublished":"2026-03-12T22:02:02+00:00","dateModified":"2026-03-13T15:03:29+00:00","description":"Com o tema \u201cO mundo da bola que encanta as inf\u00e2ncias\u201d, a Prefeitura de Manaus, por meio da Secretaria Municipal de Educa\u00e7\u00e3o (Semed), realizou nesta quinta-feira, 12\/3, a abertura do 11\u00ba Festival Ol\u00edmpico da Educa\u00e7\u00e3o Infantil.","inLanguage":"pt-BR","potentialAction":[{"@type":"ReadAction","target":["https:\/\/www.manaus.am.gov.br\/semed\/not\u00edcias\/educacao\/festival-olimpico-infantil\/"]}]},{"@type":"ImageObject","inLanguage":"pt-BR","@id":"https:\/\/www.manaus.am.gov.br\/semed\/not\u00edcias\/educacao\/festival-olimpico-infantil\/#primaryimage","url":"https:\/\/www.manaus.am.gov.br\/semed\/wp-content\/uploads\/sites\/3\/2026\/03\/Semed-Festival-Olimpico-Infantil-3.jpg","contentUrl":"https:\/\/www.manaus.am.gov.br\/semed\/wp-content\/uploads\/sites\/3\/2026\/03\/Semed-Festival-Olimpico-Infantil-3.jpg","width":2047,"height":1365,"caption":"#paratodosverem - crian\u00e7as da Educa\u00e7\u00e3o Infantil da Prefeitura na abertura do Festival"},{"@type":"WebSite","@id":"https:\/\/www.manaus.am.gov.br\/semed\/#website","url":"https:\/\/www.manaus.am.gov.br\/semed\/","name":"Secretaria Municipal de Educa\u00e7\u00e3o","description":"Secretaria Municipal de Educa\u00e7\u00e3o","publisher":{"@id":"https:\/\/www.manaus.am.gov.br\/semed\/#organization"},"alternateName":"SEMED","potentialAction":[{"@type":"SearchAction","target":{"@type":"EntryPoint","urlTemplate":"https:\/\/www.manaus.am.gov.br\/semed\/?s={search_term_string}"},"query-input":"required name=search_term_string"}],"inLanguage":"pt-BR"},{"@type":"Organization","@id":"https:\/\/www.manaus.am.gov.br\/semed\/#organization","name":"Secretaria de Educa\u00e7\u00e3o","alternateName":"SEMED","url":"https:\/\/www.manaus.am.gov.br\/semed\/","logo":{"@type":"ImageObject","inLanguage":"pt-BR","@id":"https:\/\/www.manaus.am.gov.br\/semed\/#\/schema\/logo\/image\/","url":"https:\/\/www.manaus.am.gov.br\/semed\/wp-content\/uploads\/sites\/3\/2022\/11\/favicon.png","contentUrl":"https:\/\/www.manaus.am.gov.br\/semed\/wp-content\/uploads\/sites\/3\/2022\/11\/favicon.png","width":300,"height":300,"caption":"Secretaria de Educa\u00e7\u00e3o"},"image":{"@id":"https:\/\/www.manaus.am.gov.br\/semed\/#\/schema\/logo\/image\/"}},{"@type":"Person","@id":"https:\/\/www.manaus.am.gov.br\/semed\/#\/schema\/person\/ab4dcf766a54dff74e8d267f5c591961","name":"smonteiro","image":{"@type":"ImageObject","inLanguage":"pt-BR","@id":"https:\/\/www.manaus.am.gov.br\/semed\/#\/schema\/person\/image\/","url":"https:\/\/secure.gravatar.com\/avatar\/21c8776ef61d9272c73322052e042d77?s=96&d=mm&r=g","contentUrl":"https:\/\/secure.gravatar.com\/avatar\/21c8776ef61d9272c73322052e042d77?s=96&d=mm&r=g","caption":"smonteiro"}}]}},"_links":{"self":[{"href":"https:\/\/www.manaus.am.gov.br\/semed\/wp-json\/wp\/v2\/posts\/11125"}],"collection":[{"href":"https:\/\/www.manaus.am.gov.br\/semed\/wp-json\/wp\/v2\/posts"}],"about":[{"href":"https:\/\/www.manaus.am.gov.br\/semed\/wp-json\/wp\/v2\/types\/post"}],"author":[{"embeddable":true,"href":"https:\/\/www.manaus.am.gov.br\/semed\/wp-json\/wp\/v2\/users\/61"}],"replies":[{"embeddable":true,"href":"https:\/\/www.manaus.am.gov.br\/semed\/wp-json\/wp\/v2\/comments?post=11125"}],"version-history":[{"count":4,"href":"https:\/\/www.manaus.am.gov.br\/semed\/wp-json\/wp\/v2\/posts\/11125\/revisions"}],"predecessor-version":[{"id":11146,"href":"https:\/\/www.manaus.am.gov.br\/semed\/wp-json\/wp\/v2\/posts\/11125\/revisions\/11146"}],"wp:featuredmedia":[{"embeddable":true,"href":"https:\/\/www.manaus.am.gov.br\/semed\/wp-json\/wp\/v2\/media\/11126"}],"wp:attachment":[{"href":"https:\/\/www.manaus.am.gov.br\/semed\/wp-json\/wp\/v2\/media?parent=11125"}],"wp:term":[{"taxonomy":"category","embeddable":true,"href":"https:\/\/www.manaus.am.gov.br\/semed\/wp-json\/wp\/v2\/categories?post=11125"},{"taxonomy":"post_tag","embeddable":true,"href":"https:\/\/www.manaus.am.gov.br\/semed\/wp-json\/wp\/v2\/tags?post=11125"}],"curies":[{"name":"wp","href":"https:\/\/api.w.org\/{rel}","templated":true}]}}