{"id":11118,"date":"2026-03-12T14:46:05","date_gmt":"2026-03-12T18:46:05","guid":{"rendered":"https:\/\/www.manaus.am.gov.br\/semed\/not\u00edcias\/sem-categoria\/diretor-vence-etapa-estadual-premio-educador-transformador\/"},"modified":"2026-03-12T14:47:33","modified_gmt":"2026-03-12T18:47:33","slug":"diretor-vence-etapa-estadual-premio-educador-transformador","status":"publish","type":"post","link":"https:\/\/www.manaus.am.gov.br\/semed\/not\u00edcias\/reconhecimento\/diretor-vence-etapa-estadual-premio-educador-transformador\/","title":{"rendered":"Diretor de escola da Prefeitura de Manaus\u00a0vence etapa estadual do Pr\u00eamio Educador Transformador com projeto de escuta e inclus\u00e3o na EJA"},"content":{"rendered":"\n<p>O diretor do Centro Municipal de Educa\u00e7\u00e3o de Jovens e Adultos (Cemeja) Professor Samuel Benchimol, da Prefeitura de Manaus, Rodrigo Barbosa&nbsp;Fro\u00e9s, venceu a etapa estadual do Pr\u00eamio \u201cEducador Transformador\u201d com o projeto \u201cC\u00edrculos de Saberes: Protagonismo, Escuta e Inclus\u00e3o na EJA\u201d, iniciativa que fortalece a perman\u00eancia dos estudantes por meio da escuta ativa, do di\u00e1logo e do incentivo ao protagonismo estudantil. A premia\u00e7\u00e3o ocorreu na sede do Servi\u00e7o Brasileiro de Apoio \u00e0s Micro e Pequenas Empresas (Sebrae), localizada na avenida Leonardo Malcher, no Centro, zona Sul da capital.&nbsp;<\/p>\n\n\n\n<p>A premia\u00e7\u00e3o \u00e9 organizada pelo Sebrae em parceria com o Instituto&nbsp;Significare&nbsp;e a&nbsp;Bett&nbsp;Brasil, e tem como objetivo reconhecer, valorizar e incentivar pr\u00e1ticas educacionais inovadoras que gerem impacto social e contribuam para a transforma\u00e7\u00e3o da realidade escolar.&nbsp;<\/p>\n\n\n\n<p>O projeto vencedor se destaca por fortalecer a perman\u00eancia dos estudantes na Educa\u00e7\u00e3o de Jovens e Adultos (EJA),&nbsp;promovendo inclus\u00e3o, pertencimento e melhoria no processo de ensino-aprendizagem.&nbsp;<\/p>\n\n\n\n<p>O diretor&nbsp;Rodrigo&nbsp;Fro\u00e9s&nbsp;ressaltou a import\u00e2ncia da iniciativa para reduzir a evas\u00e3o escolar na modalidade e informou que o projeto representar\u00e1 o Amazonas em um evento nacional, em S\u00e3o Paulo.&nbsp;<\/p>\n\n\n\n<p>\u201cO projeto busca ouvir os alunos para compreender seus anseios e as dificuldades que enfrentam para chegar \u00e0 escola, com o objetivo de reduzir a evas\u00e3o. Esse acolhimento fortalece o sentimento de pertencimento e contribui para que permane\u00e7am no&nbsp;Cemeja. O projeto ser\u00e1 apresentado no dia 6 de maio, durante a&nbsp;Bett&nbsp;Brasil, maior encontro de educadores do pa\u00eds\u201d, declarou.&nbsp;<\/p>\n\n\n\n<p>A gerente de Atendimento e Relacionamento do Sebrae Amazonas,&nbsp;Riellen&nbsp;Lage, enfatizou a satisfa\u00e7\u00e3o pelas conquistas alcan\u00e7adas em parceria com os professores da&nbsp;Secretaria Municipal de Educa\u00e7\u00e3o (Semed), por meio das a\u00e7\u00f5es de educa\u00e7\u00e3o empreendedora.&nbsp;<\/p>\n\n\n\n<p>\u201cHoje \u00e9 um dia de muita alegria pelas conquistas constru\u00eddas junto aos professores municipais, que t\u00eam papel fundamental na promo\u00e7\u00e3o da educa\u00e7\u00e3o empreendedora desde os primeiros anos escolares. Eles s\u00e3o essenciais para que essa jornada comece cedo, incentivando crian\u00e7as e jovens a&nbsp;desenvolverem&nbsp;ideias e projetos capazes de transformar realidades. Esta celebra\u00e7\u00e3o \u00e9 resultado de um trabalho coletivo, e para n\u00f3s \u00e9 uma honra contribuir com essa trajet\u00f3ria ao lado dos educadores\u201d, afirmou.&nbsp;<\/p>\n\n\n\n<p><strong>Sobre o Pr\u00eamio Educador Transformador<\/strong>&nbsp;<\/p>\n\n\n\n<p>O Pr\u00eamio Educador Transformador \u00e9 uma iniciativa nacional realizada pelo Sebrae, em parceria com o Instituto\u00a0Significare\u00a0e a\u00a0Bett\u00a0Brasil, que reconhece pr\u00e1ticas inovadoras desenvolvidas por professores e gestores educacionais em todo o pa\u00eds. Em sua terceira edi\u00e7\u00e3o, a premia\u00e7\u00e3o consolidou uma jornada estruturada de desenvolvimento, com aplica\u00e7\u00e3o de intelig\u00eancia artificial e metodologias inovadoras voltadas \u00e0 solu\u00e7\u00e3o de desafios reais da educa\u00e7\u00e3o.<\/p>\n\n\n\n<figure class=\"wp-block-image size-large\"><img loading=\"lazy\" decoding=\"async\" width=\"1024\" height=\"768\" src=\"https:\/\/www.manaus.am.gov.br\/semed\/wp-content\/uploads\/sites\/3\/2026\/03\/Reconhecimento-2-1024x768.jpeg\" alt=\"\" class=\"wp-image-11122\" srcset=\"https:\/\/www.manaus.am.gov.br\/semed\/wp-content\/uploads\/sites\/3\/2026\/03\/Reconhecimento-2-1024x768.jpeg 1024w, https:\/\/www.manaus.am.gov.br\/semed\/wp-content\/uploads\/sites\/3\/2026\/03\/Reconhecimento-2-300x225.jpeg 300w, https:\/\/www.manaus.am.gov.br\/semed\/wp-content\/uploads\/sites\/3\/2026\/03\/Reconhecimento-2-768x576.jpeg 768w, https:\/\/www.manaus.am.gov.br\/semed\/wp-content\/uploads\/sites\/3\/2026\/03\/Reconhecimento-2-1536x1152.jpeg 1536w, https:\/\/www.manaus.am.gov.br\/semed\/wp-content\/uploads\/sites\/3\/2026\/03\/Reconhecimento-2.jpeg 1600w\" sizes=\"(max-width: 1024px) 100vw, 1024px\" \/><figcaption class=\"wp-element-caption\">#paratodosverem &#8211; Premia\u00e7\u00e3o<\/figcaption><\/figure>\n\n\n\n<p>&#8212; &#8212; &#8212;&nbsp;<\/p>\n\n\n\n<p><strong>Texto<\/strong>&nbsp;&#8211;&nbsp;Jorgiane&nbsp;Castinares\/Semed&nbsp;<\/p>\n\n\n\n<p><strong>Fotos<\/strong> &#8211; Divulga\u00e7\u00e3o\/Semed&nbsp;<\/p>\n","protected":false},"excerpt":{"rendered":"","protected":false},"author":39,"featured_media":11119,"comment_status":"closed","ping_status":"closed","sticky":false,"template":"","format":"standard","meta":{"footnotes":""},"categories":[258],"tags":[2818,2299,2819,2820],"acf":[],"yoast_head":"<!-- This site is optimized with the Yoast SEO plugin v23.0 - https:\/\/yoast.com\/wordpress\/plugins\/seo\/ -->\n<title>Diretor da prefeitura vence Pr\u00eamio Educador Transformador<\/title>\n<meta name=\"description\" content=\"Diretor de escola da Prefeitura de Manaus vence etapa estadual do Pr\u00eamio Educador Transformador com projeto de escuta e inclus\u00e3o na EJA.\" \/>\n<meta name=\"robots\" content=\"index, follow, max-snippet:-1, max-image-preview:large, max-video-preview:-1\" \/>\n<link rel=\"canonical\" href=\"https:\/\/www.manaus.am.gov.br\/semed\/not\u00edcias\/reconhecimento\/diretor-vence-etapa-estadual-premio-educador-transformador\/\" \/>\n<meta property=\"og:locale\" content=\"pt_BR\" \/>\n<meta property=\"og:type\" content=\"article\" \/>\n<meta property=\"og:title\" content=\"Diretor da prefeitura vence Pr\u00eamio Educador Transformador\" \/>\n<meta property=\"og:description\" content=\"Diretor de escola da Prefeitura de Manaus vence etapa estadual do Pr\u00eamio Educador Transformador com projeto de escuta e inclus\u00e3o na EJA.\" \/>\n<meta property=\"og:url\" content=\"https:\/\/www.manaus.am.gov.br\/semed\/not\u00edcias\/reconhecimento\/diretor-vence-etapa-estadual-premio-educador-transformador\/\" \/>\n<meta property=\"og:site_name\" content=\"SEMED\" \/>\n<meta property=\"article:published_time\" content=\"2026-03-12T18:46:05+00:00\" \/>\n<meta property=\"article:modified_time\" content=\"2026-03-12T18:47:33+00:00\" \/>\n<meta property=\"og:image\" content=\"https:\/\/www.manaus.am.gov.br\/semed\/wp-content\/uploads\/sites\/3\/2026\/03\/WhatsApp-Image-2026-03-12-at-12.26.17.jpeg\" \/>\n\t<meta property=\"og:image:width\" content=\"1600\" \/>\n\t<meta property=\"og:image:height\" content=\"1200\" \/>\n\t<meta property=\"og:image:type\" content=\"image\/jpeg\" \/>\n<meta name=\"author\" content=\"Bruna Greco\" \/>\n<meta name=\"twitter:card\" content=\"summary_large_image\" \/>\n<meta name=\"twitter:label1\" content=\"Written by\" \/>\n\t<meta name=\"twitter:data1\" content=\"Bruna Greco\" \/>\n\t<meta name=\"twitter:label2\" content=\"Est. reading time\" \/>\n\t<meta name=\"twitter:data2\" content=\"3 minutos\" \/>\n<script type=\"application\/ld+json\" class=\"yoast-schema-graph\">{\"@context\":\"https:\/\/schema.org\",\"@graph\":[{\"@type\":\"Article\",\"@id\":\"https:\/\/www.manaus.am.gov.br\/semed\/not\u00edcias\/reconhecimento\/diretor-vence-etapa-estadual-premio-educador-transformador\/#article\",\"isPartOf\":{\"@id\":\"https:\/\/www.manaus.am.gov.br\/semed\/not\u00edcias\/reconhecimento\/diretor-vence-etapa-estadual-premio-educador-transformador\/\"},\"author\":{\"name\":\"Bruna Greco\",\"@id\":\"https:\/\/www.manaus.am.gov.br\/semed\/#\/schema\/person\/05d223aea2bf115f9883a6ff3683d81b\"},\"headline\":\"Diretor de escola da Prefeitura de Manaus\u00a0vence etapa estadual do Pr\u00eamio Educador Transformador com projeto de escuta e inclus\u00e3o na EJA\",\"datePublished\":\"2026-03-12T18:46:05+00:00\",\"dateModified\":\"2026-03-12T18:47:33+00:00\",\"mainEntityOfPage\":{\"@id\":\"https:\/\/www.manaus.am.gov.br\/semed\/not\u00edcias\/reconhecimento\/diretor-vence-etapa-estadual-premio-educador-transformador\/\"},\"wordCount\":532,\"publisher\":{\"@id\":\"https:\/\/www.manaus.am.gov.br\/semed\/#organization\"},\"image\":{\"@id\":\"https:\/\/www.manaus.am.gov.br\/semed\/not\u00edcias\/reconhecimento\/diretor-vence-etapa-estadual-premio-educador-transformador\/#primaryimage\"},\"thumbnailUrl\":\"https:\/\/www.manaus.am.gov.br\/semed\/wp-content\/uploads\/sites\/3\/2026\/03\/WhatsApp-Image-2026-03-12-at-12.26.17.jpeg\",\"keywords\":[\"Diretor Rodrigo Barbosa Fro\u00e9s\",\"etapa estadual\",\"Pr\u00eamio Educador Transformador\",\"projeto de escuta e inclus\u00e3o na EJA\"],\"articleSection\":[\"Reconhecimento\"],\"inLanguage\":\"pt-BR\"},{\"@type\":\"WebPage\",\"@id\":\"https:\/\/www.manaus.am.gov.br\/semed\/not\u00edcias\/reconhecimento\/diretor-vence-etapa-estadual-premio-educador-transformador\/\",\"url\":\"https:\/\/www.manaus.am.gov.br\/semed\/not\u00edcias\/reconhecimento\/diretor-vence-etapa-estadual-premio-educador-transformador\/\",\"name\":\"Diretor da prefeitura vence Pr\u00eamio Educador Transformador\",\"isPartOf\":{\"@id\":\"https:\/\/www.manaus.am.gov.br\/semed\/#website\"},\"primaryImageOfPage\":{\"@id\":\"https:\/\/www.manaus.am.gov.br\/semed\/not\u00edcias\/reconhecimento\/diretor-vence-etapa-estadual-premio-educador-transformador\/#primaryimage\"},\"image\":{\"@id\":\"https:\/\/www.manaus.am.gov.br\/semed\/not\u00edcias\/reconhecimento\/diretor-vence-etapa-estadual-premio-educador-transformador\/#primaryimage\"},\"thumbnailUrl\":\"https:\/\/www.manaus.am.gov.br\/semed\/wp-content\/uploads\/sites\/3\/2026\/03\/WhatsApp-Image-2026-03-12-at-12.26.17.jpeg\",\"datePublished\":\"2026-03-12T18:46:05+00:00\",\"dateModified\":\"2026-03-12T18:47:33+00:00\",\"description\":\"Diretor de escola da Prefeitura de Manaus vence etapa estadual do Pr\u00eamio Educador Transformador com projeto de escuta e inclus\u00e3o na EJA.\",\"inLanguage\":\"pt-BR\",\"potentialAction\":[{\"@type\":\"ReadAction\",\"target\":[\"https:\/\/www.manaus.am.gov.br\/semed\/not\u00edcias\/reconhecimento\/diretor-vence-etapa-estadual-premio-educador-transformador\/\"]}]},{\"@type\":\"ImageObject\",\"inLanguage\":\"pt-BR\",\"@id\":\"https:\/\/www.manaus.am.gov.br\/semed\/not\u00edcias\/reconhecimento\/diretor-vence-etapa-estadual-premio-educador-transformador\/#primaryimage\",\"url\":\"https:\/\/www.manaus.am.gov.br\/semed\/wp-content\/uploads\/sites\/3\/2026\/03\/WhatsApp-Image-2026-03-12-at-12.26.17.jpeg\",\"contentUrl\":\"https:\/\/www.manaus.am.gov.br\/semed\/wp-content\/uploads\/sites\/3\/2026\/03\/WhatsApp-Image-2026-03-12-at-12.26.17.jpeg\",\"width\":1600,\"height\":1200,\"caption\":\"#paratodosverem - Diretor do Cemeja Professor Samuel Benchimol, Rodrigo Barbosa Fro\u00e9s, com trof\u00e9u da etapa estadual do Pr\u00eamio \u201cEducador Transformador\u201d do Sebrae\"},{\"@type\":\"WebSite\",\"@id\":\"https:\/\/www.manaus.am.gov.br\/semed\/#website\",\"url\":\"https:\/\/www.manaus.am.gov.br\/semed\/\",\"name\":\"Secretaria Municipal de Educa\u00e7\u00e3o\",\"description\":\"Secretaria Municipal de Educa\u00e7\u00e3o\",\"publisher\":{\"@id\":\"https:\/\/www.manaus.am.gov.br\/semed\/#organization\"},\"alternateName\":\"SEMED\",\"potentialAction\":[{\"@type\":\"SearchAction\",\"target\":{\"@type\":\"EntryPoint\",\"urlTemplate\":\"https:\/\/www.manaus.am.gov.br\/semed\/?s={search_term_string}\"},\"query-input\":\"required name=search_term_string\"}],\"inLanguage\":\"pt-BR\"},{\"@type\":\"Organization\",\"@id\":\"https:\/\/www.manaus.am.gov.br\/semed\/#organization\",\"name\":\"Secretaria de Educa\u00e7\u00e3o\",\"alternateName\":\"SEMED\",\"url\":\"https:\/\/www.manaus.am.gov.br\/semed\/\",\"logo\":{\"@type\":\"ImageObject\",\"inLanguage\":\"pt-BR\",\"@id\":\"https:\/\/www.manaus.am.gov.br\/semed\/#\/schema\/logo\/image\/\",\"url\":\"https:\/\/www.manaus.am.gov.br\/semed\/wp-content\/uploads\/sites\/3\/2022\/11\/favicon.png\",\"contentUrl\":\"https:\/\/www.manaus.am.gov.br\/semed\/wp-content\/uploads\/sites\/3\/2022\/11\/favicon.png\",\"width\":300,\"height\":300,\"caption\":\"Secretaria de Educa\u00e7\u00e3o\"},\"image\":{\"@id\":\"https:\/\/www.manaus.am.gov.br\/semed\/#\/schema\/logo\/image\/\"}},{\"@type\":\"Person\",\"@id\":\"https:\/\/www.manaus.am.gov.br\/semed\/#\/schema\/person\/05d223aea2bf115f9883a6ff3683d81b\",\"name\":\"Bruna Greco\",\"image\":{\"@type\":\"ImageObject\",\"inLanguage\":\"pt-BR\",\"@id\":\"https:\/\/www.manaus.am.gov.br\/semed\/#\/schema\/person\/image\/\",\"url\":\"https:\/\/secure.gravatar.com\/avatar\/9c877d1a6adc2a055330e5c09a8653ce?s=96&d=mm&r=g\",\"contentUrl\":\"https:\/\/secure.gravatar.com\/avatar\/9c877d1a6adc2a055330e5c09a8653ce?s=96&d=mm&r=g\",\"caption\":\"Bruna Greco\"}}]}<\/script>\n<!-- \/ Yoast SEO plugin. -->","yoast_head_json":{"title":"Diretor da prefeitura vence Pr\u00eamio Educador Transformador","description":"Diretor de escola da Prefeitura de Manaus vence etapa estadual do Pr\u00eamio Educador Transformador com projeto de escuta e inclus\u00e3o na EJA.","robots":{"index":"index","follow":"follow","max-snippet":"max-snippet:-1","max-image-preview":"max-image-preview:large","max-video-preview":"max-video-preview:-1"},"canonical":"https:\/\/www.manaus.am.gov.br\/semed\/not\u00edcias\/reconhecimento\/diretor-vence-etapa-estadual-premio-educador-transformador\/","og_locale":"pt_BR","og_type":"article","og_title":"Diretor da prefeitura vence Pr\u00eamio Educador Transformador","og_description":"Diretor de escola da Prefeitura de Manaus vence etapa estadual do Pr\u00eamio Educador Transformador com projeto de escuta e inclus\u00e3o na EJA.","og_url":"https:\/\/www.manaus.am.gov.br\/semed\/not\u00edcias\/reconhecimento\/diretor-vence-etapa-estadual-premio-educador-transformador\/","og_site_name":"SEMED","article_published_time":"2026-03-12T18:46:05+00:00","article_modified_time":"2026-03-12T18:47:33+00:00","og_image":[{"width":1600,"height":1200,"url":"https:\/\/www.manaus.am.gov.br\/semed\/wp-content\/uploads\/sites\/3\/2026\/03\/WhatsApp-Image-2026-03-12-at-12.26.17.jpeg","type":"image\/jpeg"}],"author":"Bruna Greco","twitter_card":"summary_large_image","twitter_misc":{"Written by":"Bruna Greco","Est. reading time":"3 minutos"},"schema":{"@context":"https:\/\/schema.org","@graph":[{"@type":"Article","@id":"https:\/\/www.manaus.am.gov.br\/semed\/not\u00edcias\/reconhecimento\/diretor-vence-etapa-estadual-premio-educador-transformador\/#article","isPartOf":{"@id":"https:\/\/www.manaus.am.gov.br\/semed\/not\u00edcias\/reconhecimento\/diretor-vence-etapa-estadual-premio-educador-transformador\/"},"author":{"name":"Bruna Greco","@id":"https:\/\/www.manaus.am.gov.br\/semed\/#\/schema\/person\/05d223aea2bf115f9883a6ff3683d81b"},"headline":"Diretor de escola da Prefeitura de Manaus\u00a0vence etapa estadual do Pr\u00eamio Educador Transformador com projeto de escuta e inclus\u00e3o na EJA","datePublished":"2026-03-12T18:46:05+00:00","dateModified":"2026-03-12T18:47:33+00:00","mainEntityOfPage":{"@id":"https:\/\/www.manaus.am.gov.br\/semed\/not\u00edcias\/reconhecimento\/diretor-vence-etapa-estadual-premio-educador-transformador\/"},"wordCount":532,"publisher":{"@id":"https:\/\/www.manaus.am.gov.br\/semed\/#organization"},"image":{"@id":"https:\/\/www.manaus.am.gov.br\/semed\/not\u00edcias\/reconhecimento\/diretor-vence-etapa-estadual-premio-educador-transformador\/#primaryimage"},"thumbnailUrl":"https:\/\/www.manaus.am.gov.br\/semed\/wp-content\/uploads\/sites\/3\/2026\/03\/WhatsApp-Image-2026-03-12-at-12.26.17.jpeg","keywords":["Diretor Rodrigo Barbosa Fro\u00e9s","etapa estadual","Pr\u00eamio Educador Transformador","projeto de escuta e inclus\u00e3o na EJA"],"articleSection":["Reconhecimento"],"inLanguage":"pt-BR"},{"@type":"WebPage","@id":"https:\/\/www.manaus.am.gov.br\/semed\/not\u00edcias\/reconhecimento\/diretor-vence-etapa-estadual-premio-educador-transformador\/","url":"https:\/\/www.manaus.am.gov.br\/semed\/not\u00edcias\/reconhecimento\/diretor-vence-etapa-estadual-premio-educador-transformador\/","name":"Diretor da prefeitura vence Pr\u00eamio Educador Transformador","isPartOf":{"@id":"https:\/\/www.manaus.am.gov.br\/semed\/#website"},"primaryImageOfPage":{"@id":"https:\/\/www.manaus.am.gov.br\/semed\/not\u00edcias\/reconhecimento\/diretor-vence-etapa-estadual-premio-educador-transformador\/#primaryimage"},"image":{"@id":"https:\/\/www.manaus.am.gov.br\/semed\/not\u00edcias\/reconhecimento\/diretor-vence-etapa-estadual-premio-educador-transformador\/#primaryimage"},"thumbnailUrl":"https:\/\/www.manaus.am.gov.br\/semed\/wp-content\/uploads\/sites\/3\/2026\/03\/WhatsApp-Image-2026-03-12-at-12.26.17.jpeg","datePublished":"2026-03-12T18:46:05+00:00","dateModified":"2026-03-12T18:47:33+00:00","description":"Diretor de escola da Prefeitura de Manaus vence etapa estadual do Pr\u00eamio Educador Transformador com projeto de escuta e inclus\u00e3o na EJA.","inLanguage":"pt-BR","potentialAction":[{"@type":"ReadAction","target":["https:\/\/www.manaus.am.gov.br\/semed\/not\u00edcias\/reconhecimento\/diretor-vence-etapa-estadual-premio-educador-transformador\/"]}]},{"@type":"ImageObject","inLanguage":"pt-BR","@id":"https:\/\/www.manaus.am.gov.br\/semed\/not\u00edcias\/reconhecimento\/diretor-vence-etapa-estadual-premio-educador-transformador\/#primaryimage","url":"https:\/\/www.manaus.am.gov.br\/semed\/wp-content\/uploads\/sites\/3\/2026\/03\/WhatsApp-Image-2026-03-12-at-12.26.17.jpeg","contentUrl":"https:\/\/www.manaus.am.gov.br\/semed\/wp-content\/uploads\/sites\/3\/2026\/03\/WhatsApp-Image-2026-03-12-at-12.26.17.jpeg","width":1600,"height":1200,"caption":"#paratodosverem - Diretor do Cemeja Professor Samuel Benchimol, Rodrigo Barbosa Fro\u00e9s, com trof\u00e9u da etapa estadual do Pr\u00eamio \u201cEducador Transformador\u201d do Sebrae"},{"@type":"WebSite","@id":"https:\/\/www.manaus.am.gov.br\/semed\/#website","url":"https:\/\/www.manaus.am.gov.br\/semed\/","name":"Secretaria Municipal de Educa\u00e7\u00e3o","description":"Secretaria Municipal de Educa\u00e7\u00e3o","publisher":{"@id":"https:\/\/www.manaus.am.gov.br\/semed\/#organization"},"alternateName":"SEMED","potentialAction":[{"@type":"SearchAction","target":{"@type":"EntryPoint","urlTemplate":"https:\/\/www.manaus.am.gov.br\/semed\/?s={search_term_string}"},"query-input":"required name=search_term_string"}],"inLanguage":"pt-BR"},{"@type":"Organization","@id":"https:\/\/www.manaus.am.gov.br\/semed\/#organization","name":"Secretaria de Educa\u00e7\u00e3o","alternateName":"SEMED","url":"https:\/\/www.manaus.am.gov.br\/semed\/","logo":{"@type":"ImageObject","inLanguage":"pt-BR","@id":"https:\/\/www.manaus.am.gov.br\/semed\/#\/schema\/logo\/image\/","url":"https:\/\/www.manaus.am.gov.br\/semed\/wp-content\/uploads\/sites\/3\/2022\/11\/favicon.png","contentUrl":"https:\/\/www.manaus.am.gov.br\/semed\/wp-content\/uploads\/sites\/3\/2022\/11\/favicon.png","width":300,"height":300,"caption":"Secretaria de Educa\u00e7\u00e3o"},"image":{"@id":"https:\/\/www.manaus.am.gov.br\/semed\/#\/schema\/logo\/image\/"}},{"@type":"Person","@id":"https:\/\/www.manaus.am.gov.br\/semed\/#\/schema\/person\/05d223aea2bf115f9883a6ff3683d81b","name":"Bruna Greco","image":{"@type":"ImageObject","inLanguage":"pt-BR","@id":"https:\/\/www.manaus.am.gov.br\/semed\/#\/schema\/person\/image\/","url":"https:\/\/secure.gravatar.com\/avatar\/9c877d1a6adc2a055330e5c09a8653ce?s=96&d=mm&r=g","contentUrl":"https:\/\/secure.gravatar.com\/avatar\/9c877d1a6adc2a055330e5c09a8653ce?s=96&d=mm&r=g","caption":"Bruna Greco"}}]}},"_links":{"self":[{"href":"https:\/\/www.manaus.am.gov.br\/semed\/wp-json\/wp\/v2\/posts\/11118"}],"collection":[{"href":"https:\/\/www.manaus.am.gov.br\/semed\/wp-json\/wp\/v2\/posts"}],"about":[{"href":"https:\/\/www.manaus.am.gov.br\/semed\/wp-json\/wp\/v2\/types\/post"}],"author":[{"embeddable":true,"href":"https:\/\/www.manaus.am.gov.br\/semed\/wp-json\/wp\/v2\/users\/39"}],"replies":[{"embeddable":true,"href":"https:\/\/www.manaus.am.gov.br\/semed\/wp-json\/wp\/v2\/comments?post=11118"}],"version-history":[{"count":2,"href":"https:\/\/www.manaus.am.gov.br\/semed\/wp-json\/wp\/v2\/posts\/11118\/revisions"}],"predecessor-version":[{"id":11123,"href":"https:\/\/www.manaus.am.gov.br\/semed\/wp-json\/wp\/v2\/posts\/11118\/revisions\/11123"}],"wp:featuredmedia":[{"embeddable":true,"href":"https:\/\/www.manaus.am.gov.br\/semed\/wp-json\/wp\/v2\/media\/11119"}],"wp:attachment":[{"href":"https:\/\/www.manaus.am.gov.br\/semed\/wp-json\/wp\/v2\/media?parent=11118"}],"wp:term":[{"taxonomy":"category","embeddable":true,"href":"https:\/\/www.manaus.am.gov.br\/semed\/wp-json\/wp\/v2\/categories?post=11118"},{"taxonomy":"post_tag","embeddable":true,"href":"https:\/\/www.manaus.am.gov.br\/semed\/wp-json\/wp\/v2\/tags?post=11118"}],"curies":[{"name":"wp","href":"https:\/\/api.w.org\/{rel}","templated":true}]}}