{"id":11098,"date":"2026-03-11T17:09:03","date_gmt":"2026-03-11T21:09:03","guid":{"rendered":"https:\/\/www.manaus.am.gov.br\/semed\/not\u00edcias\/sem-categoria\/edital-feira-revista\/"},"modified":"2026-03-12T11:18:07","modified_gmt":"2026-03-12T15:18:07","slug":"edital-feira-revista","status":"publish","type":"post","link":"https:\/\/www.manaus.am.gov.br\/semed\/not\u00edcias\/educacao\/edital-feira-revista\/","title":{"rendered":"Prefeitura lan\u00e7a edital da 14\u00aa Feira de Ci\u00eancias e apresenta a 4\u00aa edi\u00e7\u00e3o da revista \u201cCi\u00eancias em Rede\u201d"},"content":{"rendered":"\n<p>A<a href=\"https:\/\/www.instagram.com\/prefeiturademanaus\/\"> Prefeitura de Manaus, <\/a>por meio da Secretaria Municipal de Educa\u00e7\u00e3o<a href=\"https:\/\/www.manaus.am.gov.br\/\"> (Semed<\/a>), realizou na tarde desta quarta-feira, 11\/3, o lan\u00e7amento oficial do edital da XIV Feira de Ci\u00eancias, Tecnologia e Educa\u00e7\u00e3o Ambiental da rede municipal de ensino, al\u00e9m da apresenta\u00e7\u00e3o da 4\u00aa edi\u00e7\u00e3o da revista \u201cCi\u00eancias em Rede\u201d. A edi\u00e7\u00e3o de 2026 da feira deve envolver aproximadamente 250 unidades de ensino e ter\u00e1 como tema \u201cDa mem\u00f3ria \u00e0 inova\u00e7\u00e3o: o protagonismo feminino na conex\u00e3o entre a tradi\u00e7\u00e3o e a ci\u00eancia\u201d. O evento aconteceu no audit\u00f3rio da Semed, localizado no bairro Parque 10 de Novembro, zona Centro-Sul da capital.<\/p>\n\n\n\n<p>O evento reuniu professores e gestores escolares das unidades de ensino envolvidas na a\u00e7\u00e3o. Na abertura, o secret\u00e1rio municipal de Educa\u00e7\u00e3o, Junior Mar, falou sobre o tema da feira e destacou a import\u00e2ncia de dar visibilidade ao papel da mulher no incentivo \u00e0 pesquisa cient\u00edfica na rede municipal de ensino em 2026.<\/p>\n\n\n<div class=\"wp-block-image\">\n<figure class=\"aligncenter size-large\"><img loading=\"lazy\" decoding=\"async\" width=\"1024\" height=\"683\" src=\"https:\/\/www.manaus.am.gov.br\/semed\/wp-content\/uploads\/sites\/3\/2026\/03\/Semed-Lancamento-revista-1-1024x683.jpg\" alt=\"\" class=\"wp-image-11101\" srcset=\"https:\/\/www.manaus.am.gov.br\/semed\/wp-content\/uploads\/sites\/3\/2026\/03\/Semed-Lancamento-revista-1-1024x683.jpg 1024w, https:\/\/www.manaus.am.gov.br\/semed\/wp-content\/uploads\/sites\/3\/2026\/03\/Semed-Lancamento-revista-1-300x200.jpg 300w, https:\/\/www.manaus.am.gov.br\/semed\/wp-content\/uploads\/sites\/3\/2026\/03\/Semed-Lancamento-revista-1-768x512.jpg 768w, https:\/\/www.manaus.am.gov.br\/semed\/wp-content\/uploads\/sites\/3\/2026\/03\/Semed-Lancamento-revista-1-1536x1024.jpg 1536w, https:\/\/www.manaus.am.gov.br\/semed\/wp-content\/uploads\/sites\/3\/2026\/03\/Semed-Lancamento-revista-1.jpg 2048w\" sizes=\"(max-width: 1024px) 100vw, 1024px\" \/><figcaption class=\"wp-element-caption\">#paratodosverem &#8211; secret\u00e1rio J\u00fanior Mar no lan\u00e7amento do edital e da revista<\/figcaption><\/figure><\/div>\n\n\n<p>\u201cEste tema \u00e9 maravilhoso, porque trabalha o protagonismo feminino, coloca a mulher em destaque no campo da pesquisa e valoriza o talento feminino na \u00e1rea da ci\u00eancia. Podem ter certeza de que este tema foi escolhido com muito carinho pelas mulheres. Esperamos que este ano tenhamos muitas pesquisas interessantes e inovadoras, assim como tivemos no ano passado\u201d, disse Junior Mar.<\/p>\n\n\n\n<p>Sobre o edital, o coordenador-geral das Feiras de Ci\u00eancias da Semed, Rosivaldo Moreira, ressaltou que o documento re\u00fane informa\u00e7\u00f5es importantes para garantir o bom andamento do processo e orientar as escolas participantes.<\/p>\n\n\n\n<p>\u201cNeste edital, h\u00e1 informa\u00e7\u00f5es pertinentes para as escolas que pretendem participar da Feira de Ci\u00eancias. O documento traz o cronograma com o per\u00edodo de inscri\u00e7\u00e3o, at\u00e9 que m\u00eas as escolas podem realizar suas feiras internas, onde devem se inscrever, al\u00e9m do per\u00edodo de realiza\u00e7\u00e3o das Feiras das Divis\u00f5es Distritais Zonais (DDZs), at\u00e9 chegar \u00e0 Expocreati, que ser\u00e1 realizada em dezembro. Por isso, \u00e9 importante ficar atento e ler o edital com aten\u00e7\u00e3o para n\u00e3o perder prazos e conhecer todos os pontos importantes\u201d, explicou.<\/p>\n\n\n\n<p>A Feira de Ci\u00eancias da Semed envolve diversas categorias educacionais, entre elas creche, educa\u00e7\u00e3o infantil, educa\u00e7\u00e3o de jovens e adultos (EJA), educa\u00e7\u00e3o ind\u00edgena, educa\u00e7\u00e3o especial, al\u00e9m da participa\u00e7\u00e3o do Gr\u00eamio Estudantil.<\/p>\n\n\n\n<p>Uma das unidades que j\u00e1 confirmou participa\u00e7\u00e3o na edi\u00e7\u00e3o de 2026 \u00e9 a Escola Municipal Serafina Cinque, localizada no bairro Tarum\u00e3. A professora Dayanne Silva, que est\u00e1 \u00e0 frente das atividades de pesquisa na escola, afirmou ter se identificado com o tema da feira e j\u00e1 iniciou o planejamento de atividades com os alunos.<\/p>\n\n\n<div class=\"wp-block-image\">\n<figure class=\"aligncenter size-large\"><img loading=\"lazy\" decoding=\"async\" width=\"1024\" height=\"683\" src=\"https:\/\/www.manaus.am.gov.br\/semed\/wp-content\/uploads\/sites\/3\/2026\/03\/Semed-Lancamento-revista-2-1024x683.jpg\" alt=\"\" class=\"wp-image-11100\" srcset=\"https:\/\/www.manaus.am.gov.br\/semed\/wp-content\/uploads\/sites\/3\/2026\/03\/Semed-Lancamento-revista-2-1024x683.jpg 1024w, https:\/\/www.manaus.am.gov.br\/semed\/wp-content\/uploads\/sites\/3\/2026\/03\/Semed-Lancamento-revista-2-300x200.jpg 300w, https:\/\/www.manaus.am.gov.br\/semed\/wp-content\/uploads\/sites\/3\/2026\/03\/Semed-Lancamento-revista-2-768x512.jpg 768w, https:\/\/www.manaus.am.gov.br\/semed\/wp-content\/uploads\/sites\/3\/2026\/03\/Semed-Lancamento-revista-2-1536x1024.jpg 1536w, https:\/\/www.manaus.am.gov.br\/semed\/wp-content\/uploads\/sites\/3\/2026\/03\/Semed-Lancamento-revista-2.jpg 2048w\" sizes=\"(max-width: 1024px) 100vw, 1024px\" \/><figcaption class=\"wp-element-caption\">#paratodosverem &#8211; detalhe do p\u00fablico presente no lan\u00e7amento da revista<\/figcaption><\/figure><\/div>\n\n\n<p>\u201cEu fiquei completamente apaixonada pelo tema deste ano. Inclusive j\u00e1 estou me organizando com os alunos do 3\u00ba e do 5\u00ba ano para desenvolvermos algo voltado para a l\u00edngua inglesa em 2026, dedicado \u00e0 tem\u00e1tica proposta para este ano\u201d, destacou Dayanne.<\/p>\n\n\n\n<p>O 4\u00ba volume da revista \u201cCi\u00eancias em Rede\u201d, \u00e9 uma publica\u00e7\u00e3o voltada \u00e0 populariza\u00e7\u00e3o cient\u00edfica, que re\u00fane e divulga pesquisas, experi\u00eancias pedag\u00f3gicas e projetos desenvolvidos por professores e estudantes da rede municipal de ensino de Manaus.<\/p>\n\n\n\n<p>Na ocasi\u00e3o, tamb\u00e9m foram lan\u00e7ados os Anais da Feira de Ci\u00eancias de 2025, documento que registra os trabalhos e as contribui\u00e7\u00f5es apresentadas na edi\u00e7\u00e3o anterior do evento, al\u00e9m da divulga\u00e7\u00e3o do site que leva o nome da revista \u201cCi\u00eancias em Rede\u201d, criado para ampliar o acesso e a visibilidade das produ\u00e7\u00f5es cient\u00edficas desenvolvidas nas escolas da rede.<\/p>\n\n\n\n<p>&#8212; &#8212; &#8212;<\/p>\n\n\n\n<p><strong>Texto<\/strong> &#8211; Emerson Santos \/ Semed<\/p>\n\n\n\n<p><strong>Fotos<\/strong> &#8211; Ulisson Santos \/ Semed<\/p>\n","protected":false},"excerpt":{"rendered":"","protected":false},"author":61,"featured_media":11099,"comment_status":"closed","ping_status":"closed","sticky":false,"template":"","format":"standard","meta":{"footnotes":""},"categories":[8],"tags":[15,2817,52],"acf":[],"yoast_head":"<!-- This site is optimized with the Yoast SEO plugin v23.0 - https:\/\/yoast.com\/wordpress\/plugins\/seo\/ -->\n<title>Prefeitura lan\u00e7a edital da 14\u00aa Feira de Ci\u00eancias e apresenta a 4\u00aa edi\u00e7\u00e3o da revista \u201cCi\u00eancias em Rede\u201d<\/title>\n<meta name=\"description\" content=\"A Prefeitura de Manaus, por meio da Secretaria Municipal de Educa\u00e7\u00e3o (Semed), realizou na tarde desta quarta-feira, 11\/3, o lan\u00e7amento oficial do edital da XIV Feira de Ci\u00eancias, Tecnologia e Educa\u00e7\u00e3o Ambiental da rede municipal de ensino, al\u00e9m da apresenta\u00e7\u00e3o da 4\u00aa edi\u00e7\u00e3o da revista \u201cCi\u00eancias em Rede\u201d.\" \/>\n<meta name=\"robots\" content=\"index, follow, max-snippet:-1, max-image-preview:large, max-video-preview:-1\" \/>\n<link rel=\"canonical\" href=\"https:\/\/www.manaus.am.gov.br\/semed\/not\u00edcias\/educacao\/edital-feira-revista\/\" \/>\n<meta property=\"og:locale\" content=\"pt_BR\" \/>\n<meta property=\"og:type\" content=\"article\" \/>\n<meta property=\"og:title\" content=\"Prefeitura lan\u00e7a edital da 14\u00aa Feira de Ci\u00eancias e apresenta a 4\u00aa edi\u00e7\u00e3o da revista \u201cCi\u00eancias em Rede\u201d\" \/>\n<meta property=\"og:description\" content=\"A Prefeitura de Manaus, por meio da Secretaria Municipal de Educa\u00e7\u00e3o (Semed), realizou na tarde desta quarta-feira, 11\/3, o lan\u00e7amento oficial do edital da XIV Feira de Ci\u00eancias, Tecnologia e Educa\u00e7\u00e3o Ambiental da rede municipal de ensino, al\u00e9m da apresenta\u00e7\u00e3o da 4\u00aa edi\u00e7\u00e3o da revista \u201cCi\u00eancias em Rede\u201d.\" \/>\n<meta property=\"og:url\" content=\"https:\/\/www.manaus.am.gov.br\/semed\/not\u00edcias\/educacao\/edital-feira-revista\/\" \/>\n<meta property=\"og:site_name\" content=\"SEMED\" \/>\n<meta property=\"article:published_time\" content=\"2026-03-11T21:09:03+00:00\" \/>\n<meta property=\"article:modified_time\" content=\"2026-03-12T15:18:07+00:00\" \/>\n<meta property=\"og:image\" content=\"https:\/\/www.manaus.am.gov.br\/semed\/wp-content\/uploads\/sites\/3\/2026\/03\/Semed-Lancamento-revista-3.jpg\" \/>\n\t<meta property=\"og:image:width\" content=\"2048\" \/>\n\t<meta property=\"og:image:height\" content=\"1365\" \/>\n\t<meta property=\"og:image:type\" content=\"image\/jpeg\" \/>\n<meta name=\"author\" content=\"smonteiro\" \/>\n<meta name=\"twitter:card\" content=\"summary_large_image\" \/>\n<meta name=\"twitter:label1\" content=\"Written by\" \/>\n\t<meta name=\"twitter:data1\" content=\"smonteiro\" \/>\n\t<meta name=\"twitter:label2\" content=\"Est. reading time\" \/>\n\t<meta name=\"twitter:data2\" content=\"4 minutos\" \/>\n<script type=\"application\/ld+json\" class=\"yoast-schema-graph\">{\"@context\":\"https:\/\/schema.org\",\"@graph\":[{\"@type\":\"Article\",\"@id\":\"https:\/\/www.manaus.am.gov.br\/semed\/not\u00edcias\/educacao\/edital-feira-revista\/#article\",\"isPartOf\":{\"@id\":\"https:\/\/www.manaus.am.gov.br\/semed\/not\u00edcias\/educacao\/edital-feira-revista\/\"},\"author\":{\"name\":\"smonteiro\",\"@id\":\"https:\/\/www.manaus.am.gov.br\/semed\/#\/schema\/person\/ab4dcf766a54dff74e8d267f5c591961\"},\"headline\":\"Prefeitura lan\u00e7a edital da 14\u00aa Feira de Ci\u00eancias e apresenta a 4\u00aa edi\u00e7\u00e3o da revista \u201cCi\u00eancias em Rede\u201d\",\"datePublished\":\"2026-03-11T21:09:03+00:00\",\"dateModified\":\"2026-03-12T15:18:07+00:00\",\"mainEntityOfPage\":{\"@id\":\"https:\/\/www.manaus.am.gov.br\/semed\/not\u00edcias\/educacao\/edital-feira-revista\/\"},\"wordCount\":648,\"publisher\":{\"@id\":\"https:\/\/www.manaus.am.gov.br\/semed\/#organization\"},\"image\":{\"@id\":\"https:\/\/www.manaus.am.gov.br\/semed\/not\u00edcias\/educacao\/edital-feira-revista\/#primaryimage\"},\"thumbnailUrl\":\"https:\/\/www.manaus.am.gov.br\/semed\/wp-content\/uploads\/sites\/3\/2026\/03\/Semed-Lancamento-revista-3.jpg\",\"keywords\":[\"prefeitura de manaus\",\"revista \u201cCi\u00eancias em Rede\u201d\",\"semed\"],\"articleSection\":[\"Educa\u00e7\u00e3o\"],\"inLanguage\":\"pt-BR\"},{\"@type\":\"WebPage\",\"@id\":\"https:\/\/www.manaus.am.gov.br\/semed\/not\u00edcias\/educacao\/edital-feira-revista\/\",\"url\":\"https:\/\/www.manaus.am.gov.br\/semed\/not\u00edcias\/educacao\/edital-feira-revista\/\",\"name\":\"Prefeitura lan\u00e7a edital da 14\u00aa Feira de Ci\u00eancias e apresenta a 4\u00aa edi\u00e7\u00e3o da revista \u201cCi\u00eancias em Rede\u201d\",\"isPartOf\":{\"@id\":\"https:\/\/www.manaus.am.gov.br\/semed\/#website\"},\"primaryImageOfPage\":{\"@id\":\"https:\/\/www.manaus.am.gov.br\/semed\/not\u00edcias\/educacao\/edital-feira-revista\/#primaryimage\"},\"image\":{\"@id\":\"https:\/\/www.manaus.am.gov.br\/semed\/not\u00edcias\/educacao\/edital-feira-revista\/#primaryimage\"},\"thumbnailUrl\":\"https:\/\/www.manaus.am.gov.br\/semed\/wp-content\/uploads\/sites\/3\/2026\/03\/Semed-Lancamento-revista-3.jpg\",\"datePublished\":\"2026-03-11T21:09:03+00:00\",\"dateModified\":\"2026-03-12T15:18:07+00:00\",\"description\":\"A Prefeitura de Manaus, por meio da Secretaria Municipal de Educa\u00e7\u00e3o (Semed), realizou na tarde desta quarta-feira, 11\/3, o lan\u00e7amento oficial do edital da XIV Feira de Ci\u00eancias, Tecnologia e Educa\u00e7\u00e3o Ambiental da rede municipal de ensino, al\u00e9m da apresenta\u00e7\u00e3o da 4\u00aa edi\u00e7\u00e3o da revista \u201cCi\u00eancias em Rede\u201d.\",\"inLanguage\":\"pt-BR\",\"potentialAction\":[{\"@type\":\"ReadAction\",\"target\":[\"https:\/\/www.manaus.am.gov.br\/semed\/not\u00edcias\/educacao\/edital-feira-revista\/\"]}]},{\"@type\":\"ImageObject\",\"inLanguage\":\"pt-BR\",\"@id\":\"https:\/\/www.manaus.am.gov.br\/semed\/not\u00edcias\/educacao\/edital-feira-revista\/#primaryimage\",\"url\":\"https:\/\/www.manaus.am.gov.br\/semed\/wp-content\/uploads\/sites\/3\/2026\/03\/Semed-Lancamento-revista-3.jpg\",\"contentUrl\":\"https:\/\/www.manaus.am.gov.br\/semed\/wp-content\/uploads\/sites\/3\/2026\/03\/Semed-Lancamento-revista-3.jpg\",\"width\":2048,\"height\":1365,\"caption\":\"#paratodosverem - detalhe do lan\u00e7amento da revista\"},{\"@type\":\"WebSite\",\"@id\":\"https:\/\/www.manaus.am.gov.br\/semed\/#website\",\"url\":\"https:\/\/www.manaus.am.gov.br\/semed\/\",\"name\":\"Secretaria Municipal de Educa\u00e7\u00e3o\",\"description\":\"Secretaria Municipal de Educa\u00e7\u00e3o\",\"publisher\":{\"@id\":\"https:\/\/www.manaus.am.gov.br\/semed\/#organization\"},\"alternateName\":\"SEMED\",\"potentialAction\":[{\"@type\":\"SearchAction\",\"target\":{\"@type\":\"EntryPoint\",\"urlTemplate\":\"https:\/\/www.manaus.am.gov.br\/semed\/?s={search_term_string}\"},\"query-input\":\"required name=search_term_string\"}],\"inLanguage\":\"pt-BR\"},{\"@type\":\"Organization\",\"@id\":\"https:\/\/www.manaus.am.gov.br\/semed\/#organization\",\"name\":\"Secretaria de Educa\u00e7\u00e3o\",\"alternateName\":\"SEMED\",\"url\":\"https:\/\/www.manaus.am.gov.br\/semed\/\",\"logo\":{\"@type\":\"ImageObject\",\"inLanguage\":\"pt-BR\",\"@id\":\"https:\/\/www.manaus.am.gov.br\/semed\/#\/schema\/logo\/image\/\",\"url\":\"https:\/\/www.manaus.am.gov.br\/semed\/wp-content\/uploads\/sites\/3\/2022\/11\/favicon.png\",\"contentUrl\":\"https:\/\/www.manaus.am.gov.br\/semed\/wp-content\/uploads\/sites\/3\/2022\/11\/favicon.png\",\"width\":300,\"height\":300,\"caption\":\"Secretaria de Educa\u00e7\u00e3o\"},\"image\":{\"@id\":\"https:\/\/www.manaus.am.gov.br\/semed\/#\/schema\/logo\/image\/\"}},{\"@type\":\"Person\",\"@id\":\"https:\/\/www.manaus.am.gov.br\/semed\/#\/schema\/person\/ab4dcf766a54dff74e8d267f5c591961\",\"name\":\"smonteiro\",\"image\":{\"@type\":\"ImageObject\",\"inLanguage\":\"pt-BR\",\"@id\":\"https:\/\/www.manaus.am.gov.br\/semed\/#\/schema\/person\/image\/\",\"url\":\"https:\/\/secure.gravatar.com\/avatar\/21c8776ef61d9272c73322052e042d77?s=96&d=mm&r=g\",\"contentUrl\":\"https:\/\/secure.gravatar.com\/avatar\/21c8776ef61d9272c73322052e042d77?s=96&d=mm&r=g\",\"caption\":\"smonteiro\"}}]}<\/script>\n<!-- \/ Yoast SEO plugin. -->","yoast_head_json":{"title":"Prefeitura lan\u00e7a edital da 14\u00aa Feira de Ci\u00eancias e apresenta a 4\u00aa edi\u00e7\u00e3o da revista \u201cCi\u00eancias em Rede\u201d","description":"A Prefeitura de Manaus, por meio da Secretaria Municipal de Educa\u00e7\u00e3o (Semed), realizou na tarde desta quarta-feira, 11\/3, o lan\u00e7amento oficial do edital da XIV Feira de Ci\u00eancias, Tecnologia e Educa\u00e7\u00e3o Ambiental da rede municipal de ensino, al\u00e9m da apresenta\u00e7\u00e3o da 4\u00aa edi\u00e7\u00e3o da revista \u201cCi\u00eancias em Rede\u201d.","robots":{"index":"index","follow":"follow","max-snippet":"max-snippet:-1","max-image-preview":"max-image-preview:large","max-video-preview":"max-video-preview:-1"},"canonical":"https:\/\/www.manaus.am.gov.br\/semed\/not\u00edcias\/educacao\/edital-feira-revista\/","og_locale":"pt_BR","og_type":"article","og_title":"Prefeitura lan\u00e7a edital da 14\u00aa Feira de Ci\u00eancias e apresenta a 4\u00aa edi\u00e7\u00e3o da revista \u201cCi\u00eancias em Rede\u201d","og_description":"A Prefeitura de Manaus, por meio da Secretaria Municipal de Educa\u00e7\u00e3o (Semed), realizou na tarde desta quarta-feira, 11\/3, o lan\u00e7amento oficial do edital da XIV Feira de Ci\u00eancias, Tecnologia e Educa\u00e7\u00e3o Ambiental da rede municipal de ensino, al\u00e9m da apresenta\u00e7\u00e3o da 4\u00aa edi\u00e7\u00e3o da revista \u201cCi\u00eancias em Rede\u201d.","og_url":"https:\/\/www.manaus.am.gov.br\/semed\/not\u00edcias\/educacao\/edital-feira-revista\/","og_site_name":"SEMED","article_published_time":"2026-03-11T21:09:03+00:00","article_modified_time":"2026-03-12T15:18:07+00:00","og_image":[{"width":2048,"height":1365,"url":"https:\/\/www.manaus.am.gov.br\/semed\/wp-content\/uploads\/sites\/3\/2026\/03\/Semed-Lancamento-revista-3.jpg","type":"image\/jpeg"}],"author":"smonteiro","twitter_card":"summary_large_image","twitter_misc":{"Written by":"smonteiro","Est. reading time":"4 minutos"},"schema":{"@context":"https:\/\/schema.org","@graph":[{"@type":"Article","@id":"https:\/\/www.manaus.am.gov.br\/semed\/not\u00edcias\/educacao\/edital-feira-revista\/#article","isPartOf":{"@id":"https:\/\/www.manaus.am.gov.br\/semed\/not\u00edcias\/educacao\/edital-feira-revista\/"},"author":{"name":"smonteiro","@id":"https:\/\/www.manaus.am.gov.br\/semed\/#\/schema\/person\/ab4dcf766a54dff74e8d267f5c591961"},"headline":"Prefeitura lan\u00e7a edital da 14\u00aa Feira de Ci\u00eancias e apresenta a 4\u00aa edi\u00e7\u00e3o da revista \u201cCi\u00eancias em Rede\u201d","datePublished":"2026-03-11T21:09:03+00:00","dateModified":"2026-03-12T15:18:07+00:00","mainEntityOfPage":{"@id":"https:\/\/www.manaus.am.gov.br\/semed\/not\u00edcias\/educacao\/edital-feira-revista\/"},"wordCount":648,"publisher":{"@id":"https:\/\/www.manaus.am.gov.br\/semed\/#organization"},"image":{"@id":"https:\/\/www.manaus.am.gov.br\/semed\/not\u00edcias\/educacao\/edital-feira-revista\/#primaryimage"},"thumbnailUrl":"https:\/\/www.manaus.am.gov.br\/semed\/wp-content\/uploads\/sites\/3\/2026\/03\/Semed-Lancamento-revista-3.jpg","keywords":["prefeitura de manaus","revista \u201cCi\u00eancias em Rede\u201d","semed"],"articleSection":["Educa\u00e7\u00e3o"],"inLanguage":"pt-BR"},{"@type":"WebPage","@id":"https:\/\/www.manaus.am.gov.br\/semed\/not\u00edcias\/educacao\/edital-feira-revista\/","url":"https:\/\/www.manaus.am.gov.br\/semed\/not\u00edcias\/educacao\/edital-feira-revista\/","name":"Prefeitura lan\u00e7a edital da 14\u00aa Feira de Ci\u00eancias e apresenta a 4\u00aa edi\u00e7\u00e3o da revista \u201cCi\u00eancias em Rede\u201d","isPartOf":{"@id":"https:\/\/www.manaus.am.gov.br\/semed\/#website"},"primaryImageOfPage":{"@id":"https:\/\/www.manaus.am.gov.br\/semed\/not\u00edcias\/educacao\/edital-feira-revista\/#primaryimage"},"image":{"@id":"https:\/\/www.manaus.am.gov.br\/semed\/not\u00edcias\/educacao\/edital-feira-revista\/#primaryimage"},"thumbnailUrl":"https:\/\/www.manaus.am.gov.br\/semed\/wp-content\/uploads\/sites\/3\/2026\/03\/Semed-Lancamento-revista-3.jpg","datePublished":"2026-03-11T21:09:03+00:00","dateModified":"2026-03-12T15:18:07+00:00","description":"A Prefeitura de Manaus, por meio da Secretaria Municipal de Educa\u00e7\u00e3o (Semed), realizou na tarde desta quarta-feira, 11\/3, o lan\u00e7amento oficial do edital da XIV Feira de Ci\u00eancias, Tecnologia e Educa\u00e7\u00e3o Ambiental da rede municipal de ensino, al\u00e9m da apresenta\u00e7\u00e3o da 4\u00aa edi\u00e7\u00e3o da revista \u201cCi\u00eancias em Rede\u201d.","inLanguage":"pt-BR","potentialAction":[{"@type":"ReadAction","target":["https:\/\/www.manaus.am.gov.br\/semed\/not\u00edcias\/educacao\/edital-feira-revista\/"]}]},{"@type":"ImageObject","inLanguage":"pt-BR","@id":"https:\/\/www.manaus.am.gov.br\/semed\/not\u00edcias\/educacao\/edital-feira-revista\/#primaryimage","url":"https:\/\/www.manaus.am.gov.br\/semed\/wp-content\/uploads\/sites\/3\/2026\/03\/Semed-Lancamento-revista-3.jpg","contentUrl":"https:\/\/www.manaus.am.gov.br\/semed\/wp-content\/uploads\/sites\/3\/2026\/03\/Semed-Lancamento-revista-3.jpg","width":2048,"height":1365,"caption":"#paratodosverem - detalhe do lan\u00e7amento da revista"},{"@type":"WebSite","@id":"https:\/\/www.manaus.am.gov.br\/semed\/#website","url":"https:\/\/www.manaus.am.gov.br\/semed\/","name":"Secretaria Municipal de Educa\u00e7\u00e3o","description":"Secretaria Municipal de Educa\u00e7\u00e3o","publisher":{"@id":"https:\/\/www.manaus.am.gov.br\/semed\/#organization"},"alternateName":"SEMED","potentialAction":[{"@type":"SearchAction","target":{"@type":"EntryPoint","urlTemplate":"https:\/\/www.manaus.am.gov.br\/semed\/?s={search_term_string}"},"query-input":"required name=search_term_string"}],"inLanguage":"pt-BR"},{"@type":"Organization","@id":"https:\/\/www.manaus.am.gov.br\/semed\/#organization","name":"Secretaria de Educa\u00e7\u00e3o","alternateName":"SEMED","url":"https:\/\/www.manaus.am.gov.br\/semed\/","logo":{"@type":"ImageObject","inLanguage":"pt-BR","@id":"https:\/\/www.manaus.am.gov.br\/semed\/#\/schema\/logo\/image\/","url":"https:\/\/www.manaus.am.gov.br\/semed\/wp-content\/uploads\/sites\/3\/2022\/11\/favicon.png","contentUrl":"https:\/\/www.manaus.am.gov.br\/semed\/wp-content\/uploads\/sites\/3\/2022\/11\/favicon.png","width":300,"height":300,"caption":"Secretaria de Educa\u00e7\u00e3o"},"image":{"@id":"https:\/\/www.manaus.am.gov.br\/semed\/#\/schema\/logo\/image\/"}},{"@type":"Person","@id":"https:\/\/www.manaus.am.gov.br\/semed\/#\/schema\/person\/ab4dcf766a54dff74e8d267f5c591961","name":"smonteiro","image":{"@type":"ImageObject","inLanguage":"pt-BR","@id":"https:\/\/www.manaus.am.gov.br\/semed\/#\/schema\/person\/image\/","url":"https:\/\/secure.gravatar.com\/avatar\/21c8776ef61d9272c73322052e042d77?s=96&d=mm&r=g","contentUrl":"https:\/\/secure.gravatar.com\/avatar\/21c8776ef61d9272c73322052e042d77?s=96&d=mm&r=g","caption":"smonteiro"}}]}},"_links":{"self":[{"href":"https:\/\/www.manaus.am.gov.br\/semed\/wp-json\/wp\/v2\/posts\/11098"}],"collection":[{"href":"https:\/\/www.manaus.am.gov.br\/semed\/wp-json\/wp\/v2\/posts"}],"about":[{"href":"https:\/\/www.manaus.am.gov.br\/semed\/wp-json\/wp\/v2\/types\/post"}],"author":[{"embeddable":true,"href":"https:\/\/www.manaus.am.gov.br\/semed\/wp-json\/wp\/v2\/users\/61"}],"replies":[{"embeddable":true,"href":"https:\/\/www.manaus.am.gov.br\/semed\/wp-json\/wp\/v2\/comments?post=11098"}],"version-history":[{"count":3,"href":"https:\/\/www.manaus.am.gov.br\/semed\/wp-json\/wp\/v2\/posts\/11098\/revisions"}],"predecessor-version":[{"id":11107,"href":"https:\/\/www.manaus.am.gov.br\/semed\/wp-json\/wp\/v2\/posts\/11098\/revisions\/11107"}],"wp:featuredmedia":[{"embeddable":true,"href":"https:\/\/www.manaus.am.gov.br\/semed\/wp-json\/wp\/v2\/media\/11099"}],"wp:attachment":[{"href":"https:\/\/www.manaus.am.gov.br\/semed\/wp-json\/wp\/v2\/media?parent=11098"}],"wp:term":[{"taxonomy":"category","embeddable":true,"href":"https:\/\/www.manaus.am.gov.br\/semed\/wp-json\/wp\/v2\/categories?post=11098"},{"taxonomy":"post_tag","embeddable":true,"href":"https:\/\/www.manaus.am.gov.br\/semed\/wp-json\/wp\/v2\/tags?post=11098"}],"curies":[{"name":"wp","href":"https:\/\/api.w.org\/{rel}","templated":true}]}}