{"id":11096,"date":"2026-03-11T16:50:32","date_gmt":"2026-03-11T20:50:32","guid":{"rendered":"https:\/\/www.manaus.am.gov.br\/semed\/not\u00edcias\/sem-categoria\/entrega-escolas-revitalizadas\/"},"modified":"2026-03-12T11:16:42","modified_gmt":"2026-03-12T15:16:42","slug":"entrega-escolas-revitalizadas","status":"publish","type":"post","link":"https:\/\/www.manaus.am.gov.br\/semed\/not\u00edcias\/educacao\/entrega-escolas-revitalizadas\/","title":{"rendered":"Prefeitura de Manaus entrega mais duas escolas revitalizadas na zona rural rodovi\u00e1ria"},"content":{"rendered":"\n<p>A<a href=\"https:\/\/www.instagram.com\/prefeiturademanaus\/\"> Prefeitura de Manaus, <\/a>por meio da Secretaria Municipal de Educa\u00e7\u00e3o<a href=\"https:\/\/www.manaus.am.gov.br\/\"> (Semed<\/a>), reinaugurou, nesta quarta-feira, 11\/3, as escolas municipais Arthur Virg\u00edlio Filho e Manoel Adriano, localizadas na zona rural rodovi\u00e1ria da capital. As reinaugura\u00e7\u00f5es refor\u00e7am o compromisso da gest\u00e3o municipal com a melhoria da infraestrutura escolar e a amplia\u00e7\u00e3o do atendimento na zona rural de Manaus.<\/p>\n\n\n\n<p>A escola municipal Arthur Virg\u00edlio Filho, situada na BR-174, ramal do Cl\u00e1udio Mesquita, quilometro 15, foi reorganizada e ampliada. A unidade agora conta com seis salas de aula, Centro de Tecnologia Educacional (CTE), sala de recursos, secretaria, salas administrativa, pedag\u00f3gica e dos professores, cozinha, refeit\u00f3rio, dep\u00f3sitos, banheiros, incluindo adaptado para Pessoas com Defici\u00eancia (PcD), al\u00e9m de po\u00e7o perfurado, \u00e1rea de recrea\u00e7\u00e3o e estacionamento. A escola atende 154 estudantes da Educa\u00e7\u00e3o Infantil e do Ensino Fundamental.&nbsp;<\/p>\n\n\n\n<p>J\u00e1 a escola municipal Manoel Adriano, localizada na AM-010, ramal S\u00e3o Francisco, km 42, comunidade S\u00e3o Sebasti\u00e3o, foi totalmente revitalizada e passou a funcionar integralmente em alvenaria. A unidade disp\u00f5e de cinco salas de aula, Centro de Tecnologia Educacional (CTE), sala de recursos, quadra, \u00e1rea recreativa, rampas de acessibilidade, banheiros adaptados para PcD e demais espa\u00e7os administrativos e de apoio. A escola atende 111 alunos da Educa\u00e7\u00e3o Infantil e do Ensino Fundamental1 (1\u00ba ao 5\u00ba) e 2 (6\u00ba ao 9\u00ba).&nbsp;<\/p>\n\n\n\n<p>O secret\u00e1rio municipal de Educa\u00e7\u00e3o, J\u00fanior Mar, destacou que mais de 390 escolas j\u00e1 foram reformadas na gest\u00e3o do prefeito David Almeida, sendo mais de 15 entregas somente neste ano. Segundo ele, o munic\u00edpio tem levado o mesmo padr\u00e3o de qualidade da zona urbana para a zona rural e praticamente zerou o n\u00famero de escolas de madeira na regi\u00e3o.<\/p>\n\n\n\n<p>\u201cNa semana passada, entregamos duas escolas novas no Rio Negro e outras nas zonas Leste e Norte de Manaus. E hoje estamos entregando mais duas unidades na zona rodovi\u00e1ria da cidade. Estamos levando o mesmo padr\u00e3o de qualidade da zona urbana para a zona rural de Manaus. Quando assumimos, havia cerca de 20 escolas de madeira na zona rural, e j\u00e1 estamos praticamente zerando esse quadro. Hoje temos o 5\u00ba melhor IDEB do pa\u00eds, resultado de investimento em educa\u00e7\u00e3o e de uma gest\u00e3o eficiente. O prefeito nos permite trabalhar, e seguimos acelerando para alcan\u00e7ar esses resultados\u201d, disse o gestor.&nbsp;<\/p>\n\n\n\n<p>A gestora da escola Arthur Virg\u00edlio, Jocelilda da Silva, comemorou a entrega da nova estrutura. \u201cHoje temos uma escola ampla, que triplicou o quantitativo de vagas. \u00c9 um benef\u00edcio muito grande para a comunidade, n\u00e3o tenho palavras para agradecer esse grande feito\u201d, afirmou.<\/p>\n\n\n\n<p>M\u00e3e de dois alunos da escola Manoel Adriano, Milena Ferreira ressaltou as melhorias ap\u00f3s a reforma. \u201cAgora as salas t\u00eam ar-condicionado e oferecem mais conforto para as crian\u00e7as aprenderem, acredito que ainda vai melhorar mais\u201d, concluiu Milena.<\/p>\n\n\n\n<p>&#8212; &#8212; &#8212;<\/p>\n\n\n\n<p><strong>Texto<\/strong> &#8211; Jorgiane Castinares \/ Semed<\/p>\n\n\n\n<p><strong>Fotos<\/strong> \u2013 Ant\u00f4nio Pereira \/ Semcom<\/p>\n\n\n\n<p><strong>Dispon\u00edveis em<\/strong> &#8211; <a href=\"https:\/\/flic.kr\/s\/aHBqjCMLCR\">https:\/\/flic.kr\/s\/aHBqjCMLCR<\/a><\/p>\n","protected":false},"excerpt":{"rendered":"","protected":false},"author":61,"featured_media":11097,"comment_status":"closed","ping_status":"closed","sticky":false,"template":"","format":"standard","meta":{"footnotes":""},"categories":[8],"tags":[31,1708,15,52],"acf":[],"yoast_head":"<!-- This site is optimized with the Yoast SEO plugin v23.0 - https:\/\/yoast.com\/wordpress\/plugins\/seo\/ -->\n<title>Prefeitura de Manaus entrega mais duas escolas revitalizadas na zona rural rodovi\u00e1ria<\/title>\n<meta name=\"description\" content=\"A Prefeitura de Manaus, por meio da Secretaria Municipal de Educa\u00e7\u00e3o (Semed), reinaugurou, nesta quarta-feira, 11\/3, as escolas municipais Arthur Virg\u00edlio Filho e Manoel Adriano, localizadas na zona rural rodovi\u00e1ria da capital.\" \/>\n<meta name=\"robots\" content=\"index, follow, max-snippet:-1, max-image-preview:large, max-video-preview:-1\" \/>\n<link rel=\"canonical\" href=\"https:\/\/www.manaus.am.gov.br\/semed\/not\u00edcias\/educacao\/entrega-escolas-revitalizadas\/\" \/>\n<meta property=\"og:locale\" content=\"pt_BR\" \/>\n<meta property=\"og:type\" content=\"article\" \/>\n<meta property=\"og:title\" content=\"Prefeitura de Manaus entrega mais duas escolas revitalizadas na zona rural rodovi\u00e1ria\" \/>\n<meta property=\"og:description\" content=\"A Prefeitura de Manaus, por meio da Secretaria Municipal de Educa\u00e7\u00e3o (Semed), reinaugurou, nesta quarta-feira, 11\/3, as escolas municipais Arthur Virg\u00edlio Filho e Manoel Adriano, localizadas na zona rural rodovi\u00e1ria da capital.\" \/>\n<meta property=\"og:url\" content=\"https:\/\/www.manaus.am.gov.br\/semed\/not\u00edcias\/educacao\/entrega-escolas-revitalizadas\/\" \/>\n<meta property=\"og:site_name\" content=\"SEMED\" \/>\n<meta property=\"article:published_time\" content=\"2026-03-11T20:50:32+00:00\" \/>\n<meta property=\"article:modified_time\" content=\"2026-03-12T15:16:42+00:00\" \/>\n<meta property=\"og:image\" content=\"https:\/\/www.manaus.am.gov.br\/semed\/wp-content\/uploads\/sites\/3\/2026\/03\/Semed-Escolas-1.jpg\" \/>\n\t<meta property=\"og:image:width\" content=\"2047\" \/>\n\t<meta property=\"og:image:height\" content=\"1365\" \/>\n\t<meta property=\"og:image:type\" content=\"image\/jpeg\" \/>\n<meta name=\"author\" content=\"smonteiro\" \/>\n<meta name=\"twitter:card\" content=\"summary_large_image\" \/>\n<meta name=\"twitter:label1\" content=\"Written by\" \/>\n\t<meta name=\"twitter:data1\" content=\"smonteiro\" \/>\n\t<meta name=\"twitter:label2\" content=\"Est. reading time\" \/>\n\t<meta name=\"twitter:data2\" content=\"3 minutos\" \/>\n<script type=\"application\/ld+json\" class=\"yoast-schema-graph\">{\"@context\":\"https:\/\/schema.org\",\"@graph\":[{\"@type\":\"Article\",\"@id\":\"https:\/\/www.manaus.am.gov.br\/semed\/not\u00edcias\/educacao\/entrega-escolas-revitalizadas\/#article\",\"isPartOf\":{\"@id\":\"https:\/\/www.manaus.am.gov.br\/semed\/not\u00edcias\/educacao\/entrega-escolas-revitalizadas\/\"},\"author\":{\"name\":\"smonteiro\",\"@id\":\"https:\/\/www.manaus.am.gov.br\/semed\/#\/schema\/person\/ab4dcf766a54dff74e8d267f5c591961\"},\"headline\":\"Prefeitura de Manaus entrega mais duas escolas revitalizadas na zona rural rodovi\u00e1ria\",\"datePublished\":\"2026-03-11T20:50:32+00:00\",\"dateModified\":\"2026-03-12T15:16:42+00:00\",\"mainEntityOfPage\":{\"@id\":\"https:\/\/www.manaus.am.gov.br\/semed\/not\u00edcias\/educacao\/entrega-escolas-revitalizadas\/\"},\"wordCount\":516,\"publisher\":{\"@id\":\"https:\/\/www.manaus.am.gov.br\/semed\/#organization\"},\"image\":{\"@id\":\"https:\/\/www.manaus.am.gov.br\/semed\/not\u00edcias\/educacao\/entrega-escolas-revitalizadas\/#primaryimage\"},\"thumbnailUrl\":\"https:\/\/www.manaus.am.gov.br\/semed\/wp-content\/uploads\/sites\/3\/2026\/03\/Semed-Escolas-1.jpg\",\"keywords\":[\"escolas\",\"infraestrutura\",\"prefeitura de manaus\",\"semed\"],\"articleSection\":[\"Educa\u00e7\u00e3o\"],\"inLanguage\":\"pt-BR\"},{\"@type\":\"WebPage\",\"@id\":\"https:\/\/www.manaus.am.gov.br\/semed\/not\u00edcias\/educacao\/entrega-escolas-revitalizadas\/\",\"url\":\"https:\/\/www.manaus.am.gov.br\/semed\/not\u00edcias\/educacao\/entrega-escolas-revitalizadas\/\",\"name\":\"Prefeitura de Manaus entrega mais duas escolas revitalizadas na zona rural rodovi\u00e1ria\",\"isPartOf\":{\"@id\":\"https:\/\/www.manaus.am.gov.br\/semed\/#website\"},\"primaryImageOfPage\":{\"@id\":\"https:\/\/www.manaus.am.gov.br\/semed\/not\u00edcias\/educacao\/entrega-escolas-revitalizadas\/#primaryimage\"},\"image\":{\"@id\":\"https:\/\/www.manaus.am.gov.br\/semed\/not\u00edcias\/educacao\/entrega-escolas-revitalizadas\/#primaryimage\"},\"thumbnailUrl\":\"https:\/\/www.manaus.am.gov.br\/semed\/wp-content\/uploads\/sites\/3\/2026\/03\/Semed-Escolas-1.jpg\",\"datePublished\":\"2026-03-11T20:50:32+00:00\",\"dateModified\":\"2026-03-12T15:16:42+00:00\",\"description\":\"A Prefeitura de Manaus, por meio da Secretaria Municipal de Educa\u00e7\u00e3o (Semed), reinaugurou, nesta quarta-feira, 11\/3, as escolas municipais Arthur Virg\u00edlio Filho e Manoel Adriano, localizadas na zona rural rodovi\u00e1ria da capital.\",\"inLanguage\":\"pt-BR\",\"potentialAction\":[{\"@type\":\"ReadAction\",\"target\":[\"https:\/\/www.manaus.am.gov.br\/semed\/not\u00edcias\/educacao\/entrega-escolas-revitalizadas\/\"]}]},{\"@type\":\"ImageObject\",\"inLanguage\":\"pt-BR\",\"@id\":\"https:\/\/www.manaus.am.gov.br\/semed\/not\u00edcias\/educacao\/entrega-escolas-revitalizadas\/#primaryimage\",\"url\":\"https:\/\/www.manaus.am.gov.br\/semed\/wp-content\/uploads\/sites\/3\/2026\/03\/Semed-Escolas-1.jpg\",\"contentUrl\":\"https:\/\/www.manaus.am.gov.br\/semed\/wp-content\/uploads\/sites\/3\/2026\/03\/Semed-Escolas-1.jpg\",\"width\":2047,\"height\":1365,\"caption\":\"#paratodosverem - fachada de uma das escolas entregues hoje\"},{\"@type\":\"WebSite\",\"@id\":\"https:\/\/www.manaus.am.gov.br\/semed\/#website\",\"url\":\"https:\/\/www.manaus.am.gov.br\/semed\/\",\"name\":\"Secretaria Municipal de Educa\u00e7\u00e3o\",\"description\":\"Secretaria Municipal de Educa\u00e7\u00e3o\",\"publisher\":{\"@id\":\"https:\/\/www.manaus.am.gov.br\/semed\/#organization\"},\"alternateName\":\"SEMED\",\"potentialAction\":[{\"@type\":\"SearchAction\",\"target\":{\"@type\":\"EntryPoint\",\"urlTemplate\":\"https:\/\/www.manaus.am.gov.br\/semed\/?s={search_term_string}\"},\"query-input\":\"required name=search_term_string\"}],\"inLanguage\":\"pt-BR\"},{\"@type\":\"Organization\",\"@id\":\"https:\/\/www.manaus.am.gov.br\/semed\/#organization\",\"name\":\"Secretaria de Educa\u00e7\u00e3o\",\"alternateName\":\"SEMED\",\"url\":\"https:\/\/www.manaus.am.gov.br\/semed\/\",\"logo\":{\"@type\":\"ImageObject\",\"inLanguage\":\"pt-BR\",\"@id\":\"https:\/\/www.manaus.am.gov.br\/semed\/#\/schema\/logo\/image\/\",\"url\":\"https:\/\/www.manaus.am.gov.br\/semed\/wp-content\/uploads\/sites\/3\/2022\/11\/favicon.png\",\"contentUrl\":\"https:\/\/www.manaus.am.gov.br\/semed\/wp-content\/uploads\/sites\/3\/2022\/11\/favicon.png\",\"width\":300,\"height\":300,\"caption\":\"Secretaria de Educa\u00e7\u00e3o\"},\"image\":{\"@id\":\"https:\/\/www.manaus.am.gov.br\/semed\/#\/schema\/logo\/image\/\"}},{\"@type\":\"Person\",\"@id\":\"https:\/\/www.manaus.am.gov.br\/semed\/#\/schema\/person\/ab4dcf766a54dff74e8d267f5c591961\",\"name\":\"smonteiro\",\"image\":{\"@type\":\"ImageObject\",\"inLanguage\":\"pt-BR\",\"@id\":\"https:\/\/www.manaus.am.gov.br\/semed\/#\/schema\/person\/image\/\",\"url\":\"https:\/\/secure.gravatar.com\/avatar\/21c8776ef61d9272c73322052e042d77?s=96&d=mm&r=g\",\"contentUrl\":\"https:\/\/secure.gravatar.com\/avatar\/21c8776ef61d9272c73322052e042d77?s=96&d=mm&r=g\",\"caption\":\"smonteiro\"}}]}<\/script>\n<!-- \/ Yoast SEO plugin. -->","yoast_head_json":{"title":"Prefeitura de Manaus entrega mais duas escolas revitalizadas na zona rural rodovi\u00e1ria","description":"A Prefeitura de Manaus, por meio da Secretaria Municipal de Educa\u00e7\u00e3o (Semed), reinaugurou, nesta quarta-feira, 11\/3, as escolas municipais Arthur Virg\u00edlio Filho e Manoel Adriano, localizadas na zona rural rodovi\u00e1ria da capital.","robots":{"index":"index","follow":"follow","max-snippet":"max-snippet:-1","max-image-preview":"max-image-preview:large","max-video-preview":"max-video-preview:-1"},"canonical":"https:\/\/www.manaus.am.gov.br\/semed\/not\u00edcias\/educacao\/entrega-escolas-revitalizadas\/","og_locale":"pt_BR","og_type":"article","og_title":"Prefeitura de Manaus entrega mais duas escolas revitalizadas na zona rural rodovi\u00e1ria","og_description":"A Prefeitura de Manaus, por meio da Secretaria Municipal de Educa\u00e7\u00e3o (Semed), reinaugurou, nesta quarta-feira, 11\/3, as escolas municipais Arthur Virg\u00edlio Filho e Manoel Adriano, localizadas na zona rural rodovi\u00e1ria da capital.","og_url":"https:\/\/www.manaus.am.gov.br\/semed\/not\u00edcias\/educacao\/entrega-escolas-revitalizadas\/","og_site_name":"SEMED","article_published_time":"2026-03-11T20:50:32+00:00","article_modified_time":"2026-03-12T15:16:42+00:00","og_image":[{"width":2047,"height":1365,"url":"https:\/\/www.manaus.am.gov.br\/semed\/wp-content\/uploads\/sites\/3\/2026\/03\/Semed-Escolas-1.jpg","type":"image\/jpeg"}],"author":"smonteiro","twitter_card":"summary_large_image","twitter_misc":{"Written by":"smonteiro","Est. reading time":"3 minutos"},"schema":{"@context":"https:\/\/schema.org","@graph":[{"@type":"Article","@id":"https:\/\/www.manaus.am.gov.br\/semed\/not\u00edcias\/educacao\/entrega-escolas-revitalizadas\/#article","isPartOf":{"@id":"https:\/\/www.manaus.am.gov.br\/semed\/not\u00edcias\/educacao\/entrega-escolas-revitalizadas\/"},"author":{"name":"smonteiro","@id":"https:\/\/www.manaus.am.gov.br\/semed\/#\/schema\/person\/ab4dcf766a54dff74e8d267f5c591961"},"headline":"Prefeitura de Manaus entrega mais duas escolas revitalizadas na zona rural rodovi\u00e1ria","datePublished":"2026-03-11T20:50:32+00:00","dateModified":"2026-03-12T15:16:42+00:00","mainEntityOfPage":{"@id":"https:\/\/www.manaus.am.gov.br\/semed\/not\u00edcias\/educacao\/entrega-escolas-revitalizadas\/"},"wordCount":516,"publisher":{"@id":"https:\/\/www.manaus.am.gov.br\/semed\/#organization"},"image":{"@id":"https:\/\/www.manaus.am.gov.br\/semed\/not\u00edcias\/educacao\/entrega-escolas-revitalizadas\/#primaryimage"},"thumbnailUrl":"https:\/\/www.manaus.am.gov.br\/semed\/wp-content\/uploads\/sites\/3\/2026\/03\/Semed-Escolas-1.jpg","keywords":["escolas","infraestrutura","prefeitura de manaus","semed"],"articleSection":["Educa\u00e7\u00e3o"],"inLanguage":"pt-BR"},{"@type":"WebPage","@id":"https:\/\/www.manaus.am.gov.br\/semed\/not\u00edcias\/educacao\/entrega-escolas-revitalizadas\/","url":"https:\/\/www.manaus.am.gov.br\/semed\/not\u00edcias\/educacao\/entrega-escolas-revitalizadas\/","name":"Prefeitura de Manaus entrega mais duas escolas revitalizadas na zona rural rodovi\u00e1ria","isPartOf":{"@id":"https:\/\/www.manaus.am.gov.br\/semed\/#website"},"primaryImageOfPage":{"@id":"https:\/\/www.manaus.am.gov.br\/semed\/not\u00edcias\/educacao\/entrega-escolas-revitalizadas\/#primaryimage"},"image":{"@id":"https:\/\/www.manaus.am.gov.br\/semed\/not\u00edcias\/educacao\/entrega-escolas-revitalizadas\/#primaryimage"},"thumbnailUrl":"https:\/\/www.manaus.am.gov.br\/semed\/wp-content\/uploads\/sites\/3\/2026\/03\/Semed-Escolas-1.jpg","datePublished":"2026-03-11T20:50:32+00:00","dateModified":"2026-03-12T15:16:42+00:00","description":"A Prefeitura de Manaus, por meio da Secretaria Municipal de Educa\u00e7\u00e3o (Semed), reinaugurou, nesta quarta-feira, 11\/3, as escolas municipais Arthur Virg\u00edlio Filho e Manoel Adriano, localizadas na zona rural rodovi\u00e1ria da capital.","inLanguage":"pt-BR","potentialAction":[{"@type":"ReadAction","target":["https:\/\/www.manaus.am.gov.br\/semed\/not\u00edcias\/educacao\/entrega-escolas-revitalizadas\/"]}]},{"@type":"ImageObject","inLanguage":"pt-BR","@id":"https:\/\/www.manaus.am.gov.br\/semed\/not\u00edcias\/educacao\/entrega-escolas-revitalizadas\/#primaryimage","url":"https:\/\/www.manaus.am.gov.br\/semed\/wp-content\/uploads\/sites\/3\/2026\/03\/Semed-Escolas-1.jpg","contentUrl":"https:\/\/www.manaus.am.gov.br\/semed\/wp-content\/uploads\/sites\/3\/2026\/03\/Semed-Escolas-1.jpg","width":2047,"height":1365,"caption":"#paratodosverem - fachada de uma das escolas entregues hoje"},{"@type":"WebSite","@id":"https:\/\/www.manaus.am.gov.br\/semed\/#website","url":"https:\/\/www.manaus.am.gov.br\/semed\/","name":"Secretaria Municipal de Educa\u00e7\u00e3o","description":"Secretaria Municipal de Educa\u00e7\u00e3o","publisher":{"@id":"https:\/\/www.manaus.am.gov.br\/semed\/#organization"},"alternateName":"SEMED","potentialAction":[{"@type":"SearchAction","target":{"@type":"EntryPoint","urlTemplate":"https:\/\/www.manaus.am.gov.br\/semed\/?s={search_term_string}"},"query-input":"required name=search_term_string"}],"inLanguage":"pt-BR"},{"@type":"Organization","@id":"https:\/\/www.manaus.am.gov.br\/semed\/#organization","name":"Secretaria de Educa\u00e7\u00e3o","alternateName":"SEMED","url":"https:\/\/www.manaus.am.gov.br\/semed\/","logo":{"@type":"ImageObject","inLanguage":"pt-BR","@id":"https:\/\/www.manaus.am.gov.br\/semed\/#\/schema\/logo\/image\/","url":"https:\/\/www.manaus.am.gov.br\/semed\/wp-content\/uploads\/sites\/3\/2022\/11\/favicon.png","contentUrl":"https:\/\/www.manaus.am.gov.br\/semed\/wp-content\/uploads\/sites\/3\/2022\/11\/favicon.png","width":300,"height":300,"caption":"Secretaria de Educa\u00e7\u00e3o"},"image":{"@id":"https:\/\/www.manaus.am.gov.br\/semed\/#\/schema\/logo\/image\/"}},{"@type":"Person","@id":"https:\/\/www.manaus.am.gov.br\/semed\/#\/schema\/person\/ab4dcf766a54dff74e8d267f5c591961","name":"smonteiro","image":{"@type":"ImageObject","inLanguage":"pt-BR","@id":"https:\/\/www.manaus.am.gov.br\/semed\/#\/schema\/person\/image\/","url":"https:\/\/secure.gravatar.com\/avatar\/21c8776ef61d9272c73322052e042d77?s=96&d=mm&r=g","contentUrl":"https:\/\/secure.gravatar.com\/avatar\/21c8776ef61d9272c73322052e042d77?s=96&d=mm&r=g","caption":"smonteiro"}}]}},"_links":{"self":[{"href":"https:\/\/www.manaus.am.gov.br\/semed\/wp-json\/wp\/v2\/posts\/11096"}],"collection":[{"href":"https:\/\/www.manaus.am.gov.br\/semed\/wp-json\/wp\/v2\/posts"}],"about":[{"href":"https:\/\/www.manaus.am.gov.br\/semed\/wp-json\/wp\/v2\/types\/post"}],"author":[{"embeddable":true,"href":"https:\/\/www.manaus.am.gov.br\/semed\/wp-json\/wp\/v2\/users\/61"}],"replies":[{"embeddable":true,"href":"https:\/\/www.manaus.am.gov.br\/semed\/wp-json\/wp\/v2\/comments?post=11096"}],"version-history":[{"count":1,"href":"https:\/\/www.manaus.am.gov.br\/semed\/wp-json\/wp\/v2\/posts\/11096\/revisions"}],"predecessor-version":[{"id":11105,"href":"https:\/\/www.manaus.am.gov.br\/semed\/wp-json\/wp\/v2\/posts\/11096\/revisions\/11105"}],"wp:featuredmedia":[{"embeddable":true,"href":"https:\/\/www.manaus.am.gov.br\/semed\/wp-json\/wp\/v2\/media\/11097"}],"wp:attachment":[{"href":"https:\/\/www.manaus.am.gov.br\/semed\/wp-json\/wp\/v2\/media?parent=11096"}],"wp:term":[{"taxonomy":"category","embeddable":true,"href":"https:\/\/www.manaus.am.gov.br\/semed\/wp-json\/wp\/v2\/categories?post=11096"},{"taxonomy":"post_tag","embeddable":true,"href":"https:\/\/www.manaus.am.gov.br\/semed\/wp-json\/wp\/v2\/tags?post=11096"}],"curies":[{"name":"wp","href":"https:\/\/api.w.org\/{rel}","templated":true}]}}