{"id":11091,"date":"2026-03-11T10:45:29","date_gmt":"2026-03-11T14:45:29","guid":{"rendered":"https:\/\/www.manaus.am.gov.br\/semed\/not\u00edcias\/sem-categoria\/prefeitura-semed-formacao-diretores\/"},"modified":"2026-03-11T12:00:45","modified_gmt":"2026-03-11T16:00:45","slug":"prefeitura-semed-formacao-diretores","status":"publish","type":"post","link":"https:\/\/www.manaus.am.gov.br\/semed\/not\u00edcias\/educacao\/prefeitura-semed-formacao-diretores\/","title":{"rendered":"Prefeitura\u00a0conclui forma\u00e7\u00e3o para diretores escolares e certifica novos gestores da rede p\u00fablica de ensino"},"content":{"rendered":"\n<p>A <a href=\"https:\/\/www.instagram.com\/prefeiturademanaus\/\">Prefeitura de Manaus<\/a>, por meio da Secretaria Municipal de Educa\u00e7\u00e3o<a href=\"https:\/\/www.manaus.am.gov.br\/\"> (Semed)<\/a>, concluiu, nessa ter\u00e7a-feira, 10\/3, a trilha formativa do Processo Seletivo Interno (PSI) para diretores escolares 2025,\u00a0que\u00a0certificou\u00a0novos gestores da rede municipal de ensino. A forma\u00e7\u00e3o representa a segunda turma de profissionais preparados pela secretaria dentro do processo seletivo, refor\u00e7ando o compromisso da gest\u00e3o municipal com a qualifica\u00e7\u00e3o da lideran\u00e7a escolar. A cerim\u00f4nia de diploma\u00e7\u00e3o aconteceu no Centro de Conven\u00e7\u00f5es Vasco Vasques, localizado na avenida Constantino Nery, bairro Flores.\u00a0<\/p>\n\n\n\n<p>Realizada entre os meses de agosto e dezembro de 2025, a trilha ocorreu na modalidade 100% on-line, por meio da plataforma Plural Plus, e foi conduzida pela Divis\u00e3o de Desenvolvimento Profissional do Magist\u00e9rio (DDPM). Ao todo, 706 servidores participaram da etapa formativa e 404 conclu\u00edram com \u00eaxito, atendendo aos crit\u00e9rios estabelecidos no edital, o que representa uma taxa de aprova\u00e7\u00e3o de 57,2%.&nbsp;<\/p>\n\n\n\n<p>O secret\u00e1rio municipal de Educa\u00e7\u00e3o, J\u00fanior Mar, destacou que o investimento em qualifica\u00e7\u00e3o \u00e9 uma das prioridades da atual gest\u00e3o. Segundo ele, a a\u00e7\u00e3o segue as diretrizes do prefeito David Almeida e do vice-prefeito Renato J\u00fanior de valoriza\u00e7\u00e3o da educa\u00e7\u00e3o p\u00fablica.&nbsp;<\/p>\n\n\n\n<p>\u201cEsse momento representa mais um avan\u00e7o no fortalecimento da nossa rede municipal de ensino. A forma\u00e7\u00e3o de diretores \u00e9 essencial para garantir uma gest\u00e3o escolar cada vez mais preparada e comprometida com a aprendizagem dos nossos estudantes. Esse trabalho faz parte da pol\u00edtica de valoriza\u00e7\u00e3o da educa\u00e7\u00e3o que&nbsp;a atual gest\u00e3o tem colocado como prioridade em Manaus\u201d, acrescentou o secret\u00e1rio.&nbsp;<\/p>\n\n\n\n<p>A forma\u00e7\u00e3o foi estruturada em dez m\u00f3dulos voltados ao desenvolvimento de compet\u00eancias t\u00e9cnicas, administrativas e pedag\u00f3gicas necess\u00e1rias \u00e0 fun\u00e7\u00e3o de diretor escolar. Entre os conte\u00fados trabalhados estiveram gest\u00e3o de pessoas, uso de resultados avaliativos para tomada de decis\u00e3o pedag\u00f3gica, administra\u00e7\u00e3o de recursos financeiros, gest\u00e3o inclusiva e organiza\u00e7\u00e3o administrativa das unidades de ensino.&nbsp;<\/p>\n\n\n\n<p>A trilha foi constru\u00edda de forma integrada com diferentes setores estrat\u00e9gicos da secretaria, garantindo que os conte\u00fados refletissem as rotinas, normas e procedimentos da rede municipal de ensino. Para receber a certifica\u00e7\u00e3o, os participantes precisaram cumprir crit\u00e9rios como participa\u00e7\u00e3o m\u00ednima nas atividades, m\u00e9dia m\u00ednima nas avalia\u00e7\u00f5es e cumprimento dos prazos estabelecidos ao longo dos quatro meses de forma\u00e7\u00e3o.&nbsp;<\/p>\n\n\n\n<p>Para o professor Giovanne de Souza Costa, que atua na&nbsp;Semed&nbsp;desde 2012, a certifica\u00e7\u00e3o \u00e9 de grande import\u00e2ncia, pois abre a possibilidade de o docente atuar no campo da gest\u00e3o e vai al\u00e9m de uma simples qualifica\u00e7\u00e3o, ao promover conhecimentos essenciais para quem deseja assumir fun\u00e7\u00f5es de lideran\u00e7a escolar.&nbsp;<\/p>\n\n\n\n<p>\u201cPosso citar como exemplo o cuidado com a manipula\u00e7\u00e3o dos alimentos da merenda escolar. No curso, h\u00e1 um m\u00f3dulo que explica, passo a passo, os cuidados que um gestor deve ter para manter a qualidade da alimenta\u00e7\u00e3o dos estudantes. Para mim, foram muitas informa\u00e7\u00f5es importantes que v\u00e3o ajudar caso surja a oportunidade de assumir uma gest\u00e3o, permitindo estar mais preparado e seguro para tomar as decis\u00f5es corretas\u201d, acrescentou Giovanne.&nbsp;<\/p>\n\n\n\n<p>A professora Nise Sampaio Maia, da escola municipal Arte e Cultura, efetiva na rede municipal desde 2022, destacou que o momento representa orgulho e realiza\u00e7\u00e3o ap\u00f3s meses de dedica\u00e7\u00e3o.&nbsp;\u201cA busca por uma gest\u00e3o p\u00fablica de excel\u00eancia ganha um novo cap\u00edtulo. Ap\u00f3s meses de dedica\u00e7\u00e3o, superando m\u00f3dulos e atividades desafiadoras, o sentimento agora \u00e9 de dever cumprido. A cerim\u00f4nia de certifica\u00e7\u00e3o marca o reconhecimento de todo o esfor\u00e7o investido. Com novos conhecimentos na bagagem, agora, o foco \u00e9 aplic\u00e1-los na pr\u00e1tica para contribuir com a transforma\u00e7\u00e3o da realidade das nossas unidades de ensino\u201d, finalizou a professora.&nbsp;<\/p>\n\n\n\n<p><br>&#8212; &#8212; &#8212;<\/p>\n\n\n\n<p><strong>Texto<\/strong> &#8211; Alexandre Abreu\/&nbsp;Semed&nbsp;<\/p>\n\n\n\n<p><strong>Foto<\/strong> &#8211; M\u00e1rio Oliveira\/&nbsp;Semed&nbsp;<\/p>\n","protected":false},"excerpt":{"rendered":"","protected":false},"author":23,"featured_media":11092,"comment_status":"closed","ping_status":"closed","sticky":false,"template":"","format":"standard","meta":{"footnotes":""},"categories":[8],"tags":[2816,1027,15,705,52,1960],"acf":[],"yoast_head":"<!-- This site is optimized with the Yoast SEO plugin v23.0 - https:\/\/yoast.com\/wordpress\/plugins\/seo\/ -->\n<title>Prefeitura conclui forma\u00e7\u00e3o para diretores escolares e certifica novos gestores da rede p\u00fablica de ensino<\/title>\n<meta name=\"description\" content=\"A Prefeitura de Manaus, por meio da Secretaria Municipal de Educa\u00e7\u00e3o (Semed), concluiu, nessa ter\u00e7a-feira, 10\/3, a trilha formativa do Processo Seletivo Interno (PSI) para diretores escolares 2025, que certificou novos gestores da rede municipal de ensino.\" \/>\n<meta name=\"robots\" content=\"index, follow, max-snippet:-1, max-image-preview:large, max-video-preview:-1\" \/>\n<link rel=\"canonical\" href=\"https:\/\/www.manaus.am.gov.br\/semed\/not\u00edcias\/educacao\/prefeitura-semed-formacao-diretores\/\" \/>\n<meta property=\"og:locale\" content=\"pt_BR\" \/>\n<meta property=\"og:type\" content=\"article\" \/>\n<meta property=\"og:title\" content=\"Prefeitura conclui forma\u00e7\u00e3o para diretores escolares e certifica novos gestores da rede p\u00fablica de ensino\" \/>\n<meta property=\"og:description\" content=\"A Prefeitura de Manaus, por meio da Secretaria Municipal de Educa\u00e7\u00e3o (Semed), concluiu, nessa ter\u00e7a-feira, 10\/3, a trilha formativa do Processo Seletivo Interno (PSI) para diretores escolares 2025, que certificou novos gestores da rede municipal de ensino.\" \/>\n<meta property=\"og:url\" content=\"https:\/\/www.manaus.am.gov.br\/semed\/not\u00edcias\/educacao\/prefeitura-semed-formacao-diretores\/\" \/>\n<meta property=\"og:site_name\" content=\"SEMED\" \/>\n<meta property=\"article:published_time\" content=\"2026-03-11T14:45:29+00:00\" \/>\n<meta property=\"article:modified_time\" content=\"2026-03-11T16:00:45+00:00\" \/>\n<meta property=\"og:image\" content=\"https:\/\/www.manaus.am.gov.br\/semed\/wp-content\/uploads\/sites\/3\/2026\/03\/55141070841_a04f078302_c.jpg\" \/>\n\t<meta property=\"og:image:width\" content=\"799\" \/>\n\t<meta property=\"og:image:height\" content=\"533\" \/>\n\t<meta property=\"og:image:type\" content=\"image\/jpeg\" \/>\n<meta name=\"author\" content=\"Adriana Costa\" \/>\n<meta name=\"twitter:card\" content=\"summary_large_image\" \/>\n<meta name=\"twitter:label1\" content=\"Written by\" \/>\n\t<meta name=\"twitter:data1\" content=\"Adriana Costa\" \/>\n\t<meta name=\"twitter:label2\" content=\"Est. reading time\" \/>\n\t<meta name=\"twitter:data2\" content=\"4 minutos\" \/>\n<script type=\"application\/ld+json\" class=\"yoast-schema-graph\">{\"@context\":\"https:\/\/schema.org\",\"@graph\":[{\"@type\":\"Article\",\"@id\":\"https:\/\/www.manaus.am.gov.br\/semed\/not\u00edcias\/educacao\/prefeitura-semed-formacao-diretores\/#article\",\"isPartOf\":{\"@id\":\"https:\/\/www.manaus.am.gov.br\/semed\/not\u00edcias\/educacao\/prefeitura-semed-formacao-diretores\/\"},\"author\":{\"name\":\"Adriana Costa\",\"@id\":\"https:\/\/www.manaus.am.gov.br\/semed\/#\/schema\/person\/4e49f4e267757a06ca072ec61b2b9968\"},\"headline\":\"Prefeitura\u00a0conclui forma\u00e7\u00e3o para diretores escolares e certifica novos gestores da rede p\u00fablica de ensino\",\"datePublished\":\"2026-03-11T14:45:29+00:00\",\"dateModified\":\"2026-03-11T16:00:45+00:00\",\"mainEntityOfPage\":{\"@id\":\"https:\/\/www.manaus.am.gov.br\/semed\/not\u00edcias\/educacao\/prefeitura-semed-formacao-diretores\/\"},\"wordCount\":690,\"publisher\":{\"@id\":\"https:\/\/www.manaus.am.gov.br\/semed\/#organization\"},\"image\":{\"@id\":\"https:\/\/www.manaus.am.gov.br\/semed\/not\u00edcias\/educacao\/prefeitura-semed-formacao-diretores\/#primaryimage\"},\"thumbnailUrl\":\"https:\/\/www.manaus.am.gov.br\/semed\/wp-content\/uploads\/sites\/3\/2026\/03\/55141070841_a04f078302_c.jpg\",\"keywords\":[\"diretores\",\"forma\u00e7\u00e3o\",\"prefeitura de manaus\",\"qualifica\u00e7\u00e3o\",\"semed\",\"Trilha Formativa\"],\"articleSection\":[\"Educa\u00e7\u00e3o\"],\"inLanguage\":\"pt-BR\"},{\"@type\":\"WebPage\",\"@id\":\"https:\/\/www.manaus.am.gov.br\/semed\/not\u00edcias\/educacao\/prefeitura-semed-formacao-diretores\/\",\"url\":\"https:\/\/www.manaus.am.gov.br\/semed\/not\u00edcias\/educacao\/prefeitura-semed-formacao-diretores\/\",\"name\":\"Prefeitura conclui forma\u00e7\u00e3o para diretores escolares e certifica novos gestores da rede p\u00fablica de ensino\",\"isPartOf\":{\"@id\":\"https:\/\/www.manaus.am.gov.br\/semed\/#website\"},\"primaryImageOfPage\":{\"@id\":\"https:\/\/www.manaus.am.gov.br\/semed\/not\u00edcias\/educacao\/prefeitura-semed-formacao-diretores\/#primaryimage\"},\"image\":{\"@id\":\"https:\/\/www.manaus.am.gov.br\/semed\/not\u00edcias\/educacao\/prefeitura-semed-formacao-diretores\/#primaryimage\"},\"thumbnailUrl\":\"https:\/\/www.manaus.am.gov.br\/semed\/wp-content\/uploads\/sites\/3\/2026\/03\/55141070841_a04f078302_c.jpg\",\"datePublished\":\"2026-03-11T14:45:29+00:00\",\"dateModified\":\"2026-03-11T16:00:45+00:00\",\"description\":\"A Prefeitura de Manaus, por meio da Secretaria Municipal de Educa\u00e7\u00e3o (Semed), concluiu, nessa ter\u00e7a-feira, 10\/3, a trilha formativa do Processo Seletivo Interno (PSI) para diretores escolares 2025, que certificou novos gestores da rede municipal de ensino.\",\"inLanguage\":\"pt-BR\",\"potentialAction\":[{\"@type\":\"ReadAction\",\"target\":[\"https:\/\/www.manaus.am.gov.br\/semed\/not\u00edcias\/educacao\/prefeitura-semed-formacao-diretores\/\"]}]},{\"@type\":\"ImageObject\",\"inLanguage\":\"pt-BR\",\"@id\":\"https:\/\/www.manaus.am.gov.br\/semed\/not\u00edcias\/educacao\/prefeitura-semed-formacao-diretores\/#primaryimage\",\"url\":\"https:\/\/www.manaus.am.gov.br\/semed\/wp-content\/uploads\/sites\/3\/2026\/03\/55141070841_a04f078302_c.jpg\",\"contentUrl\":\"https:\/\/www.manaus.am.gov.br\/semed\/wp-content\/uploads\/sites\/3\/2026\/03\/55141070841_a04f078302_c.jpg\",\"width\":799,\"height\":533,\"caption\":\"#paratodosverem - Secret\u00e1rio J\u00fanior Mar conversa com profissionais qualificados em lideran\u00e7a escolar\"},{\"@type\":\"WebSite\",\"@id\":\"https:\/\/www.manaus.am.gov.br\/semed\/#website\",\"url\":\"https:\/\/www.manaus.am.gov.br\/semed\/\",\"name\":\"Secretaria Municipal de Educa\u00e7\u00e3o\",\"description\":\"Secretaria Municipal de Educa\u00e7\u00e3o\",\"publisher\":{\"@id\":\"https:\/\/www.manaus.am.gov.br\/semed\/#organization\"},\"alternateName\":\"SEMED\",\"potentialAction\":[{\"@type\":\"SearchAction\",\"target\":{\"@type\":\"EntryPoint\",\"urlTemplate\":\"https:\/\/www.manaus.am.gov.br\/semed\/?s={search_term_string}\"},\"query-input\":\"required name=search_term_string\"}],\"inLanguage\":\"pt-BR\"},{\"@type\":\"Organization\",\"@id\":\"https:\/\/www.manaus.am.gov.br\/semed\/#organization\",\"name\":\"Secretaria de Educa\u00e7\u00e3o\",\"alternateName\":\"SEMED\",\"url\":\"https:\/\/www.manaus.am.gov.br\/semed\/\",\"logo\":{\"@type\":\"ImageObject\",\"inLanguage\":\"pt-BR\",\"@id\":\"https:\/\/www.manaus.am.gov.br\/semed\/#\/schema\/logo\/image\/\",\"url\":\"https:\/\/www.manaus.am.gov.br\/semed\/wp-content\/uploads\/sites\/3\/2022\/11\/favicon.png\",\"contentUrl\":\"https:\/\/www.manaus.am.gov.br\/semed\/wp-content\/uploads\/sites\/3\/2022\/11\/favicon.png\",\"width\":300,\"height\":300,\"caption\":\"Secretaria de Educa\u00e7\u00e3o\"},\"image\":{\"@id\":\"https:\/\/www.manaus.am.gov.br\/semed\/#\/schema\/logo\/image\/\"}},{\"@type\":\"Person\",\"@id\":\"https:\/\/www.manaus.am.gov.br\/semed\/#\/schema\/person\/4e49f4e267757a06ca072ec61b2b9968\",\"name\":\"Adriana Costa\",\"image\":{\"@type\":\"ImageObject\",\"inLanguage\":\"pt-BR\",\"@id\":\"https:\/\/www.manaus.am.gov.br\/semed\/#\/schema\/person\/image\/\",\"url\":\"https:\/\/secure.gravatar.com\/avatar\/576258617ef7194f718179e766d57bd4?s=96&d=mm&r=g\",\"contentUrl\":\"https:\/\/secure.gravatar.com\/avatar\/576258617ef7194f718179e766d57bd4?s=96&d=mm&r=g\",\"caption\":\"Adriana Costa\"}}]}<\/script>\n<!-- \/ Yoast SEO plugin. -->","yoast_head_json":{"title":"Prefeitura conclui forma\u00e7\u00e3o para diretores escolares e certifica novos gestores da rede p\u00fablica de ensino","description":"A Prefeitura de Manaus, por meio da Secretaria Municipal de Educa\u00e7\u00e3o (Semed), concluiu, nessa ter\u00e7a-feira, 10\/3, a trilha formativa do Processo Seletivo Interno (PSI) para diretores escolares 2025, que certificou novos gestores da rede municipal de ensino.","robots":{"index":"index","follow":"follow","max-snippet":"max-snippet:-1","max-image-preview":"max-image-preview:large","max-video-preview":"max-video-preview:-1"},"canonical":"https:\/\/www.manaus.am.gov.br\/semed\/not\u00edcias\/educacao\/prefeitura-semed-formacao-diretores\/","og_locale":"pt_BR","og_type":"article","og_title":"Prefeitura conclui forma\u00e7\u00e3o para diretores escolares e certifica novos gestores da rede p\u00fablica de ensino","og_description":"A Prefeitura de Manaus, por meio da Secretaria Municipal de Educa\u00e7\u00e3o (Semed), concluiu, nessa ter\u00e7a-feira, 10\/3, a trilha formativa do Processo Seletivo Interno (PSI) para diretores escolares 2025, que certificou novos gestores da rede municipal de ensino.","og_url":"https:\/\/www.manaus.am.gov.br\/semed\/not\u00edcias\/educacao\/prefeitura-semed-formacao-diretores\/","og_site_name":"SEMED","article_published_time":"2026-03-11T14:45:29+00:00","article_modified_time":"2026-03-11T16:00:45+00:00","og_image":[{"width":799,"height":533,"url":"https:\/\/www.manaus.am.gov.br\/semed\/wp-content\/uploads\/sites\/3\/2026\/03\/55141070841_a04f078302_c.jpg","type":"image\/jpeg"}],"author":"Adriana Costa","twitter_card":"summary_large_image","twitter_misc":{"Written by":"Adriana Costa","Est. reading time":"4 minutos"},"schema":{"@context":"https:\/\/schema.org","@graph":[{"@type":"Article","@id":"https:\/\/www.manaus.am.gov.br\/semed\/not\u00edcias\/educacao\/prefeitura-semed-formacao-diretores\/#article","isPartOf":{"@id":"https:\/\/www.manaus.am.gov.br\/semed\/not\u00edcias\/educacao\/prefeitura-semed-formacao-diretores\/"},"author":{"name":"Adriana Costa","@id":"https:\/\/www.manaus.am.gov.br\/semed\/#\/schema\/person\/4e49f4e267757a06ca072ec61b2b9968"},"headline":"Prefeitura\u00a0conclui forma\u00e7\u00e3o para diretores escolares e certifica novos gestores da rede p\u00fablica de ensino","datePublished":"2026-03-11T14:45:29+00:00","dateModified":"2026-03-11T16:00:45+00:00","mainEntityOfPage":{"@id":"https:\/\/www.manaus.am.gov.br\/semed\/not\u00edcias\/educacao\/prefeitura-semed-formacao-diretores\/"},"wordCount":690,"publisher":{"@id":"https:\/\/www.manaus.am.gov.br\/semed\/#organization"},"image":{"@id":"https:\/\/www.manaus.am.gov.br\/semed\/not\u00edcias\/educacao\/prefeitura-semed-formacao-diretores\/#primaryimage"},"thumbnailUrl":"https:\/\/www.manaus.am.gov.br\/semed\/wp-content\/uploads\/sites\/3\/2026\/03\/55141070841_a04f078302_c.jpg","keywords":["diretores","forma\u00e7\u00e3o","prefeitura de manaus","qualifica\u00e7\u00e3o","semed","Trilha Formativa"],"articleSection":["Educa\u00e7\u00e3o"],"inLanguage":"pt-BR"},{"@type":"WebPage","@id":"https:\/\/www.manaus.am.gov.br\/semed\/not\u00edcias\/educacao\/prefeitura-semed-formacao-diretores\/","url":"https:\/\/www.manaus.am.gov.br\/semed\/not\u00edcias\/educacao\/prefeitura-semed-formacao-diretores\/","name":"Prefeitura conclui forma\u00e7\u00e3o para diretores escolares e certifica novos gestores da rede p\u00fablica de ensino","isPartOf":{"@id":"https:\/\/www.manaus.am.gov.br\/semed\/#website"},"primaryImageOfPage":{"@id":"https:\/\/www.manaus.am.gov.br\/semed\/not\u00edcias\/educacao\/prefeitura-semed-formacao-diretores\/#primaryimage"},"image":{"@id":"https:\/\/www.manaus.am.gov.br\/semed\/not\u00edcias\/educacao\/prefeitura-semed-formacao-diretores\/#primaryimage"},"thumbnailUrl":"https:\/\/www.manaus.am.gov.br\/semed\/wp-content\/uploads\/sites\/3\/2026\/03\/55141070841_a04f078302_c.jpg","datePublished":"2026-03-11T14:45:29+00:00","dateModified":"2026-03-11T16:00:45+00:00","description":"A Prefeitura de Manaus, por meio da Secretaria Municipal de Educa\u00e7\u00e3o (Semed), concluiu, nessa ter\u00e7a-feira, 10\/3, a trilha formativa do Processo Seletivo Interno (PSI) para diretores escolares 2025, que certificou novos gestores da rede municipal de ensino.","inLanguage":"pt-BR","potentialAction":[{"@type":"ReadAction","target":["https:\/\/www.manaus.am.gov.br\/semed\/not\u00edcias\/educacao\/prefeitura-semed-formacao-diretores\/"]}]},{"@type":"ImageObject","inLanguage":"pt-BR","@id":"https:\/\/www.manaus.am.gov.br\/semed\/not\u00edcias\/educacao\/prefeitura-semed-formacao-diretores\/#primaryimage","url":"https:\/\/www.manaus.am.gov.br\/semed\/wp-content\/uploads\/sites\/3\/2026\/03\/55141070841_a04f078302_c.jpg","contentUrl":"https:\/\/www.manaus.am.gov.br\/semed\/wp-content\/uploads\/sites\/3\/2026\/03\/55141070841_a04f078302_c.jpg","width":799,"height":533,"caption":"#paratodosverem - Secret\u00e1rio J\u00fanior Mar conversa com profissionais qualificados em lideran\u00e7a escolar"},{"@type":"WebSite","@id":"https:\/\/www.manaus.am.gov.br\/semed\/#website","url":"https:\/\/www.manaus.am.gov.br\/semed\/","name":"Secretaria Municipal de Educa\u00e7\u00e3o","description":"Secretaria Municipal de Educa\u00e7\u00e3o","publisher":{"@id":"https:\/\/www.manaus.am.gov.br\/semed\/#organization"},"alternateName":"SEMED","potentialAction":[{"@type":"SearchAction","target":{"@type":"EntryPoint","urlTemplate":"https:\/\/www.manaus.am.gov.br\/semed\/?s={search_term_string}"},"query-input":"required name=search_term_string"}],"inLanguage":"pt-BR"},{"@type":"Organization","@id":"https:\/\/www.manaus.am.gov.br\/semed\/#organization","name":"Secretaria de Educa\u00e7\u00e3o","alternateName":"SEMED","url":"https:\/\/www.manaus.am.gov.br\/semed\/","logo":{"@type":"ImageObject","inLanguage":"pt-BR","@id":"https:\/\/www.manaus.am.gov.br\/semed\/#\/schema\/logo\/image\/","url":"https:\/\/www.manaus.am.gov.br\/semed\/wp-content\/uploads\/sites\/3\/2022\/11\/favicon.png","contentUrl":"https:\/\/www.manaus.am.gov.br\/semed\/wp-content\/uploads\/sites\/3\/2022\/11\/favicon.png","width":300,"height":300,"caption":"Secretaria de Educa\u00e7\u00e3o"},"image":{"@id":"https:\/\/www.manaus.am.gov.br\/semed\/#\/schema\/logo\/image\/"}},{"@type":"Person","@id":"https:\/\/www.manaus.am.gov.br\/semed\/#\/schema\/person\/4e49f4e267757a06ca072ec61b2b9968","name":"Adriana Costa","image":{"@type":"ImageObject","inLanguage":"pt-BR","@id":"https:\/\/www.manaus.am.gov.br\/semed\/#\/schema\/person\/image\/","url":"https:\/\/secure.gravatar.com\/avatar\/576258617ef7194f718179e766d57bd4?s=96&d=mm&r=g","contentUrl":"https:\/\/secure.gravatar.com\/avatar\/576258617ef7194f718179e766d57bd4?s=96&d=mm&r=g","caption":"Adriana Costa"}}]}},"_links":{"self":[{"href":"https:\/\/www.manaus.am.gov.br\/semed\/wp-json\/wp\/v2\/posts\/11091"}],"collection":[{"href":"https:\/\/www.manaus.am.gov.br\/semed\/wp-json\/wp\/v2\/posts"}],"about":[{"href":"https:\/\/www.manaus.am.gov.br\/semed\/wp-json\/wp\/v2\/types\/post"}],"author":[{"embeddable":true,"href":"https:\/\/www.manaus.am.gov.br\/semed\/wp-json\/wp\/v2\/users\/23"}],"replies":[{"embeddable":true,"href":"https:\/\/www.manaus.am.gov.br\/semed\/wp-json\/wp\/v2\/comments?post=11091"}],"version-history":[{"count":1,"href":"https:\/\/www.manaus.am.gov.br\/semed\/wp-json\/wp\/v2\/posts\/11091\/revisions"}],"predecessor-version":[{"id":11094,"href":"https:\/\/www.manaus.am.gov.br\/semed\/wp-json\/wp\/v2\/posts\/11091\/revisions\/11094"}],"wp:featuredmedia":[{"embeddable":true,"href":"https:\/\/www.manaus.am.gov.br\/semed\/wp-json\/wp\/v2\/media\/11092"}],"wp:attachment":[{"href":"https:\/\/www.manaus.am.gov.br\/semed\/wp-json\/wp\/v2\/media?parent=11091"}],"wp:term":[{"taxonomy":"category","embeddable":true,"href":"https:\/\/www.manaus.am.gov.br\/semed\/wp-json\/wp\/v2\/categories?post=11091"},{"taxonomy":"post_tag","embeddable":true,"href":"https:\/\/www.manaus.am.gov.br\/semed\/wp-json\/wp\/v2\/tags?post=11091"}],"curies":[{"name":"wp","href":"https:\/\/api.w.org\/{rel}","templated":true}]}}