{"id":11089,"date":"2026-03-10T17:22:46","date_gmt":"2026-03-10T21:22:46","guid":{"rendered":"https:\/\/www.manaus.am.gov.br\/semed\/not\u00edcias\/sem-categoria\/educadores-formacao-programas\/"},"modified":"2026-03-11T12:46:44","modified_gmt":"2026-03-11T16:46:44","slug":"educadores-programas-de-correcao-de-fluxo","status":"publish","type":"post","link":"https:\/\/www.manaus.am.gov.br\/semed\/not\u00edcias\/educacao\/educadores-programas-de-correcao-de-fluxo\/","title":{"rendered":"Educadores da Prefeitura de Manaus participam de forma\u00e7\u00e3o dos programas de \u2018Corre\u00e7\u00e3o de Fluxo\u2019"},"content":{"rendered":"\n<p>A <a href=\"https:\/\/www.manaus.am.gov.br\/\">Prefeitura de Manaus<\/a> deu continuidade, na tarde desta ter\u00e7a-feira, 10\/3, \u00e0 forma\u00e7\u00e3o dos programas de corre\u00e7\u00e3o de fluxo \u201cAcelera\u201d e \u201cSe Liga\u201d, que reuniu mais de 130 educadores da <a href=\"https:\/\/www.instagram.com\/semedmanaus\/\">Secretaria Municipal de Educa\u00e7\u00e3o<\/a> (Semed). A atividade aconteceu na Escola do Legislativo da Assembleia Legislativa do Estado do Amazonas (ALE-AM), na avenida M\u00e1rio Ypiranga, zona Centro-Sul e segue at\u00e9 quinta-feira, 12\/3.<\/p>\n\n\n\n<p>Os projetos pedag\u00f3gicos s\u00e3o desenvolvidos em parceria com o Instituto Ayrton Senna (IAS) h\u00e1 mais de dez anos na rede municipal de ensino e t\u00eam como objetivo fortalecer as estrat\u00e9gias de aprendizagem voltadas para estudantes em distor\u00e7\u00e3o idade\/s\u00e9rie.<\/p>\n\n\n\n<p>De acordo com a coordenadora dos programas de corre\u00e7\u00e3o de fluxo da Semed, Denise da Costa, a forma\u00e7\u00e3o tem como foco apresentar aos professores as metodologias utilizadas nos programas, garantindo que as estrat\u00e9gias sejam aplicadas de forma eficiente em sala de aula.<\/p>\n\n\n<div class=\"wp-block-image\">\n<figure class=\"aligncenter size-full\"><img decoding=\"async\" src=\"https:\/\/www.manaus.am.gov.br\/wp-content\/uploads\/2026\/03\/Semed-2.jpg\" alt=\"\" class=\"wp-image-289192\" \/><figcaption class=\"wp-element-caption\">#paratodosverem &#8211; educadores concentrados durante a forma\u00e7\u00e3o<\/figcaption><\/figure><\/div>\n\n\n<p>\u201cO objetivo da forma\u00e7\u00e3o \u00e9 proporcionar aos professores a apropria\u00e7\u00e3o da metodologia dos programas, para que possam trabalhar com alunos que est\u00e3o em distor\u00e7\u00e3o idade\/s\u00e9rie. Durante a capacita\u00e7\u00e3o, eles aprendem sobre a rotina e a parte metodol\u00f3gica dos programas, al\u00e9m de como atuar com esse p\u00fablico para que os estudantes sejam alfabetizados, no caso do \u2018Se Liga\u2019, ou acelerados em at\u00e9 dois ou tr\u00eas anos escolares, no caso do \u2018Acelera\u201d, explicou Denise.<\/p>\n\n\n\n<p>A pol\u00edtica de corre\u00e7\u00e3o de fluxo existe na rede municipal desde 2015. Os programas \u201cSe Liga\u201d e \u201cAcelera\u201d s\u00e3o estrat\u00e9gias voltadas \u00e0 acelera\u00e7\u00e3o da aprendizagem de alunos com distor\u00e7\u00e3o idade\/s\u00e9rie, oferecendo refor\u00e7o pedag\u00f3gico intensivo e acompanhamento espec\u00edfico.<\/p>\n\n\n\n<p>No programa \u201cAcelera\u201d, o estudante pode avan\u00e7ar at\u00e9 tr\u00eas anos escolares por meio da metodologia aplicada. J\u00e1 no \u201cSe Liga\u201d, o foco \u00e9 a alfabetiza\u00e7\u00e3o e a promo\u00e7\u00e3o do aluno ao final do ano letivo, com base em estrat\u00e9gias pedag\u00f3gicas estruturadas.<\/p>\n\n\n\n<p>Segundo o gerente de Canais do Instituto Ayrton Senna, respons\u00e1vel pela implementa\u00e7\u00e3o das solu\u00e7\u00f5es educacionais do instituto, Marcos Drummond, a parceria com a Semed Manaus tem apresentado resultados importantes ao longo dos anos.<\/p>\n\n\n\n<p>\u201cEste trabalho desenvolvido com a Secretaria Municipal de Educa\u00e7\u00e3o, h\u00e1 mais de dez anos, tem sido muito produtivo e hist\u00f3rico. Com isso, conseguimos alcan\u00e7ar resultados positivos na corre\u00e7\u00e3o de fluxo e nos \u00edndices de alfabetiza\u00e7\u00e3o, que melhoraram ao longo dos anos com as estrat\u00e9gias implementadas. Temos uma expectativa muito positiva para 2026, com a possibilidade de ampliar essa parceria e desenvolver novas iniciativas voltadas ao desenvolvimento integral dos estudantes\u201d, destacou.<\/p>\n\n\n\n<p>Entre as iniciativas previstas est\u00e3o os programas \u201cF\u00f3rmula da Vit\u00f3ria\u201d e \u201cDi\u00e1logos Socioemocionais\u201d, que ser\u00e3o direcionados a estudantes do ensino fundamental 2, 6\u00ba ao 9\u00ba ano.<\/p>\n\n\n\n<p>A forma\u00e7\u00e3o re\u00fane professores de unidades de ensino de todas as zonas da cidade. Um dos participantes \u00e9 o professor Francisco das Chagas, que atua do 1\u00ba ao 5\u00ba ano e tamb\u00e9m no programa \u201cAcelera\u201d na Escola Municipal S\u00e3o Luiz, localizada no bairro Col\u00f4nia Ant\u00f4nio Aleixo. O educador participa da iniciativa h\u00e1 sete anos.<\/p>\n\n\n\n<p>Para ele, o programa de corre\u00e7\u00e3o de fluxo representa uma oportunidade de avan\u00e7o acad\u00eamico e de valoriza\u00e7\u00e3o dos estudantes.<\/p>\n\n\n<div class=\"wp-block-image\">\n<figure class=\"aligncenter size-full\"><img decoding=\"async\" src=\"https:\/\/www.manaus.am.gov.br\/wp-content\/uploads\/2026\/03\/Semed-3.jpg\" alt=\"\" class=\"wp-image-289191\" \/><figcaption class=\"wp-element-caption\">#paratodosverem &#8211; a forma\u00e7\u00e3o acontece em parceria com o Instituto Ayrton Senna<\/figcaption><\/figure><\/div>\n\n\n<p>\u201cEu considero o programa de corre\u00e7\u00e3o de fluxo sensacional, porque ele oferece aos alunos a oportunidade de avan\u00e7arem nos estudos, reverem sua aprendizagem e consolidarem conhecimentos b\u00e1sicos, mas fundamentais para a vida acad\u00eamica. Na minha vis\u00e3o, ele tamb\u00e9m contribui para a dignidade das nossas crian\u00e7as, ajudando a formar cidad\u00e3os mais preparados para a vida\u201d, afirmou o professor.<\/p>\n\n\n\n<p>&#8212; &#8212; &#8212;<\/p>\n\n\n\n<p><strong>Texto<\/strong> \u2013 Emerson Santos \/ Semed<\/p>\n\n\n\n<p><strong>Fotos<\/strong> \u2013 Divulga\u00e7\u00e3o \/ Semed<\/p>\n","protected":false},"excerpt":{"rendered":"","protected":false},"author":61,"featured_media":11090,"comment_status":"closed","ping_status":"closed","sticky":false,"template":"","format":"standard","meta":{"footnotes":""},"categories":[8],"tags":[160,932,1027,15,52],"acf":[],"yoast_head":"<!-- This site is optimized with the Yoast SEO plugin v23.0 - https:\/\/yoast.com\/wordpress\/plugins\/seo\/ -->\n<title>Educadores da Prefeitura de Manaus participam de forma\u00e7\u00e3o dos programas de \u2018Corre\u00e7\u00e3o de Fluxo\u2019<\/title>\n<meta name=\"description\" content=\"A Prefeitura de Manaus deu continuidade, na tarde desta ter\u00e7a-feira, 10\/3, \u00e0 forma\u00e7\u00e3o dos programas de corre\u00e7\u00e3o de fluxo \u201cAcelera\u201d e \u201cSe Liga\u201d.\" \/>\n<meta name=\"robots\" content=\"index, follow, max-snippet:-1, max-image-preview:large, max-video-preview:-1\" \/>\n<link rel=\"canonical\" href=\"https:\/\/www.manaus.am.gov.br\/semed\/not\u00edcias\/educacao\/educadores-formacao-programas\/\" \/>\n<meta property=\"og:locale\" content=\"pt_BR\" \/>\n<meta property=\"og:type\" content=\"article\" \/>\n<meta property=\"og:title\" content=\"Educadores da Prefeitura de Manaus participam de forma\u00e7\u00e3o dos programas de \u2018Corre\u00e7\u00e3o de Fluxo\u2019\" \/>\n<meta property=\"og:description\" content=\"A Prefeitura de Manaus deu continuidade, na tarde desta ter\u00e7a-feira, 10\/3, \u00e0 forma\u00e7\u00e3o dos programas de corre\u00e7\u00e3o de fluxo \u201cAcelera\u201d e \u201cSe Liga\u201d.\" \/>\n<meta property=\"og:url\" content=\"https:\/\/www.manaus.am.gov.br\/semed\/not\u00edcias\/educacao\/educadores-formacao-programas\/\" \/>\n<meta property=\"og:site_name\" content=\"SEMED\" \/>\n<meta property=\"article:published_time\" content=\"2026-03-10T21:22:46+00:00\" \/>\n<meta property=\"article:modified_time\" content=\"2026-03-11T16:46:44+00:00\" \/>\n<meta property=\"og:image\" content=\"https:\/\/www.manaus.am.gov.br\/semed\/wp-content\/uploads\/sites\/3\/2026\/03\/Semed-Fluxos.jpg\" \/>\n\t<meta property=\"og:image:width\" content=\"1380\" \/>\n\t<meta property=\"og:image:height\" content=\"811\" \/>\n\t<meta property=\"og:image:type\" content=\"image\/jpeg\" \/>\n<meta name=\"author\" content=\"smonteiro\" \/>\n<meta name=\"twitter:card\" content=\"summary_large_image\" \/>\n<meta name=\"twitter:label1\" content=\"Written by\" \/>\n\t<meta name=\"twitter:data1\" content=\"smonteiro\" \/>\n\t<meta name=\"twitter:label2\" content=\"Est. reading time\" \/>\n\t<meta name=\"twitter:data2\" content=\"4 minutos\" \/>\n<script type=\"application\/ld+json\" class=\"yoast-schema-graph\">{\"@context\":\"https:\/\/schema.org\",\"@graph\":[{\"@type\":\"Article\",\"@id\":\"https:\/\/www.manaus.am.gov.br\/semed\/not\u00edcias\/educacao\/educadores-formacao-programas\/#article\",\"isPartOf\":{\"@id\":\"https:\/\/www.manaus.am.gov.br\/semed\/not\u00edcias\/educacao\/educadores-formacao-programas\/\"},\"author\":{\"name\":\"smonteiro\",\"@id\":\"https:\/\/www.manaus.am.gov.br\/semed\/#\/schema\/person\/ab4dcf766a54dff74e8d267f5c591961\"},\"headline\":\"Educadores da Prefeitura de Manaus participam de forma\u00e7\u00e3o dos programas de \u2018Corre\u00e7\u00e3o de Fluxo\u2019\",\"datePublished\":\"2026-03-10T21:22:46+00:00\",\"dateModified\":\"2026-03-11T16:46:44+00:00\",\"mainEntityOfPage\":{\"@id\":\"https:\/\/www.manaus.am.gov.br\/semed\/not\u00edcias\/educacao\/educadores-formacao-programas\/\"},\"wordCount\":658,\"publisher\":{\"@id\":\"https:\/\/www.manaus.am.gov.br\/semed\/#organization\"},\"image\":{\"@id\":\"https:\/\/www.manaus.am.gov.br\/semed\/not\u00edcias\/educacao\/educadores-formacao-programas\/#primaryimage\"},\"thumbnailUrl\":\"https:\/\/www.manaus.am.gov.br\/semed\/wp-content\/uploads\/sites\/3\/2026\/03\/Semed-Fluxos.jpg\",\"keywords\":[\"capacita\u00e7\u00e3o\",\"corre\u00e7\u00e3o de fluxo\",\"forma\u00e7\u00e3o\",\"prefeitura de manaus\",\"semed\"],\"articleSection\":[\"Educa\u00e7\u00e3o\"],\"inLanguage\":\"pt-BR\"},{\"@type\":\"WebPage\",\"@id\":\"https:\/\/www.manaus.am.gov.br\/semed\/not\u00edcias\/educacao\/educadores-formacao-programas\/\",\"url\":\"https:\/\/www.manaus.am.gov.br\/semed\/not\u00edcias\/educacao\/educadores-formacao-programas\/\",\"name\":\"Educadores da Prefeitura de Manaus participam de forma\u00e7\u00e3o dos programas de \u2018Corre\u00e7\u00e3o de Fluxo\u2019\",\"isPartOf\":{\"@id\":\"https:\/\/www.manaus.am.gov.br\/semed\/#website\"},\"primaryImageOfPage\":{\"@id\":\"https:\/\/www.manaus.am.gov.br\/semed\/not\u00edcias\/educacao\/educadores-formacao-programas\/#primaryimage\"},\"image\":{\"@id\":\"https:\/\/www.manaus.am.gov.br\/semed\/not\u00edcias\/educacao\/educadores-formacao-programas\/#primaryimage\"},\"thumbnailUrl\":\"https:\/\/www.manaus.am.gov.br\/semed\/wp-content\/uploads\/sites\/3\/2026\/03\/Semed-Fluxos.jpg\",\"datePublished\":\"2026-03-10T21:22:46+00:00\",\"dateModified\":\"2026-03-11T16:46:44+00:00\",\"description\":\"A Prefeitura de Manaus deu continuidade, na tarde desta ter\u00e7a-feira, 10\/3, \u00e0 forma\u00e7\u00e3o dos programas de corre\u00e7\u00e3o de fluxo \u201cAcelera\u201d e \u201cSe Liga\u201d.\",\"inLanguage\":\"pt-BR\",\"potentialAction\":[{\"@type\":\"ReadAction\",\"target\":[\"https:\/\/www.manaus.am.gov.br\/semed\/not\u00edcias\/educacao\/educadores-formacao-programas\/\"]}]},{\"@type\":\"ImageObject\",\"inLanguage\":\"pt-BR\",\"@id\":\"https:\/\/www.manaus.am.gov.br\/semed\/not\u00edcias\/educacao\/educadores-formacao-programas\/#primaryimage\",\"url\":\"https:\/\/www.manaus.am.gov.br\/semed\/wp-content\/uploads\/sites\/3\/2026\/03\/Semed-Fluxos.jpg\",\"contentUrl\":\"https:\/\/www.manaus.am.gov.br\/semed\/wp-content\/uploads\/sites\/3\/2026\/03\/Semed-Fluxos.jpg\",\"width\":1380,\"height\":811,\"caption\":\"#paratodosverem - educadores participando da forma\u00e7\u00e3o\"},{\"@type\":\"WebSite\",\"@id\":\"https:\/\/www.manaus.am.gov.br\/semed\/#website\",\"url\":\"https:\/\/www.manaus.am.gov.br\/semed\/\",\"name\":\"Secretaria Municipal de Educa\u00e7\u00e3o\",\"description\":\"Secretaria Municipal de Educa\u00e7\u00e3o\",\"publisher\":{\"@id\":\"https:\/\/www.manaus.am.gov.br\/semed\/#organization\"},\"alternateName\":\"SEMED\",\"potentialAction\":[{\"@type\":\"SearchAction\",\"target\":{\"@type\":\"EntryPoint\",\"urlTemplate\":\"https:\/\/www.manaus.am.gov.br\/semed\/?s={search_term_string}\"},\"query-input\":\"required name=search_term_string\"}],\"inLanguage\":\"pt-BR\"},{\"@type\":\"Organization\",\"@id\":\"https:\/\/www.manaus.am.gov.br\/semed\/#organization\",\"name\":\"Secretaria de Educa\u00e7\u00e3o\",\"alternateName\":\"SEMED\",\"url\":\"https:\/\/www.manaus.am.gov.br\/semed\/\",\"logo\":{\"@type\":\"ImageObject\",\"inLanguage\":\"pt-BR\",\"@id\":\"https:\/\/www.manaus.am.gov.br\/semed\/#\/schema\/logo\/image\/\",\"url\":\"https:\/\/www.manaus.am.gov.br\/semed\/wp-content\/uploads\/sites\/3\/2022\/11\/favicon.png\",\"contentUrl\":\"https:\/\/www.manaus.am.gov.br\/semed\/wp-content\/uploads\/sites\/3\/2022\/11\/favicon.png\",\"width\":300,\"height\":300,\"caption\":\"Secretaria de Educa\u00e7\u00e3o\"},\"image\":{\"@id\":\"https:\/\/www.manaus.am.gov.br\/semed\/#\/schema\/logo\/image\/\"}},{\"@type\":\"Person\",\"@id\":\"https:\/\/www.manaus.am.gov.br\/semed\/#\/schema\/person\/ab4dcf766a54dff74e8d267f5c591961\",\"name\":\"smonteiro\",\"image\":{\"@type\":\"ImageObject\",\"inLanguage\":\"pt-BR\",\"@id\":\"https:\/\/www.manaus.am.gov.br\/semed\/#\/schema\/person\/image\/\",\"url\":\"https:\/\/secure.gravatar.com\/avatar\/21c8776ef61d9272c73322052e042d77?s=96&d=mm&r=g\",\"contentUrl\":\"https:\/\/secure.gravatar.com\/avatar\/21c8776ef61d9272c73322052e042d77?s=96&d=mm&r=g\",\"caption\":\"smonteiro\"}}]}<\/script>\n<!-- \/ Yoast SEO plugin. -->","yoast_head_json":{"title":"Educadores da Prefeitura de Manaus participam de forma\u00e7\u00e3o dos programas de \u2018Corre\u00e7\u00e3o de Fluxo\u2019","description":"A Prefeitura de Manaus deu continuidade, na tarde desta ter\u00e7a-feira, 10\/3, \u00e0 forma\u00e7\u00e3o dos programas de corre\u00e7\u00e3o de fluxo \u201cAcelera\u201d e \u201cSe Liga\u201d.","robots":{"index":"index","follow":"follow","max-snippet":"max-snippet:-1","max-image-preview":"max-image-preview:large","max-video-preview":"max-video-preview:-1"},"canonical":"https:\/\/www.manaus.am.gov.br\/semed\/not\u00edcias\/educacao\/educadores-formacao-programas\/","og_locale":"pt_BR","og_type":"article","og_title":"Educadores da Prefeitura de Manaus participam de forma\u00e7\u00e3o dos programas de \u2018Corre\u00e7\u00e3o de Fluxo\u2019","og_description":"A Prefeitura de Manaus deu continuidade, na tarde desta ter\u00e7a-feira, 10\/3, \u00e0 forma\u00e7\u00e3o dos programas de corre\u00e7\u00e3o de fluxo \u201cAcelera\u201d e \u201cSe Liga\u201d.","og_url":"https:\/\/www.manaus.am.gov.br\/semed\/not\u00edcias\/educacao\/educadores-formacao-programas\/","og_site_name":"SEMED","article_published_time":"2026-03-10T21:22:46+00:00","article_modified_time":"2026-03-11T16:46:44+00:00","og_image":[{"width":1380,"height":811,"url":"https:\/\/www.manaus.am.gov.br\/semed\/wp-content\/uploads\/sites\/3\/2026\/03\/Semed-Fluxos.jpg","type":"image\/jpeg"}],"author":"smonteiro","twitter_card":"summary_large_image","twitter_misc":{"Written by":"smonteiro","Est. reading time":"4 minutos"},"schema":{"@context":"https:\/\/schema.org","@graph":[{"@type":"Article","@id":"https:\/\/www.manaus.am.gov.br\/semed\/not\u00edcias\/educacao\/educadores-formacao-programas\/#article","isPartOf":{"@id":"https:\/\/www.manaus.am.gov.br\/semed\/not\u00edcias\/educacao\/educadores-formacao-programas\/"},"author":{"name":"smonteiro","@id":"https:\/\/www.manaus.am.gov.br\/semed\/#\/schema\/person\/ab4dcf766a54dff74e8d267f5c591961"},"headline":"Educadores da Prefeitura de Manaus participam de forma\u00e7\u00e3o dos programas de \u2018Corre\u00e7\u00e3o de Fluxo\u2019","datePublished":"2026-03-10T21:22:46+00:00","dateModified":"2026-03-11T16:46:44+00:00","mainEntityOfPage":{"@id":"https:\/\/www.manaus.am.gov.br\/semed\/not\u00edcias\/educacao\/educadores-formacao-programas\/"},"wordCount":658,"publisher":{"@id":"https:\/\/www.manaus.am.gov.br\/semed\/#organization"},"image":{"@id":"https:\/\/www.manaus.am.gov.br\/semed\/not\u00edcias\/educacao\/educadores-formacao-programas\/#primaryimage"},"thumbnailUrl":"https:\/\/www.manaus.am.gov.br\/semed\/wp-content\/uploads\/sites\/3\/2026\/03\/Semed-Fluxos.jpg","keywords":["capacita\u00e7\u00e3o","corre\u00e7\u00e3o de fluxo","forma\u00e7\u00e3o","prefeitura de manaus","semed"],"articleSection":["Educa\u00e7\u00e3o"],"inLanguage":"pt-BR"},{"@type":"WebPage","@id":"https:\/\/www.manaus.am.gov.br\/semed\/not\u00edcias\/educacao\/educadores-formacao-programas\/","url":"https:\/\/www.manaus.am.gov.br\/semed\/not\u00edcias\/educacao\/educadores-formacao-programas\/","name":"Educadores da Prefeitura de Manaus participam de forma\u00e7\u00e3o dos programas de \u2018Corre\u00e7\u00e3o de Fluxo\u2019","isPartOf":{"@id":"https:\/\/www.manaus.am.gov.br\/semed\/#website"},"primaryImageOfPage":{"@id":"https:\/\/www.manaus.am.gov.br\/semed\/not\u00edcias\/educacao\/educadores-formacao-programas\/#primaryimage"},"image":{"@id":"https:\/\/www.manaus.am.gov.br\/semed\/not\u00edcias\/educacao\/educadores-formacao-programas\/#primaryimage"},"thumbnailUrl":"https:\/\/www.manaus.am.gov.br\/semed\/wp-content\/uploads\/sites\/3\/2026\/03\/Semed-Fluxos.jpg","datePublished":"2026-03-10T21:22:46+00:00","dateModified":"2026-03-11T16:46:44+00:00","description":"A Prefeitura de Manaus deu continuidade, na tarde desta ter\u00e7a-feira, 10\/3, \u00e0 forma\u00e7\u00e3o dos programas de corre\u00e7\u00e3o de fluxo \u201cAcelera\u201d e \u201cSe Liga\u201d.","inLanguage":"pt-BR","potentialAction":[{"@type":"ReadAction","target":["https:\/\/www.manaus.am.gov.br\/semed\/not\u00edcias\/educacao\/educadores-formacao-programas\/"]}]},{"@type":"ImageObject","inLanguage":"pt-BR","@id":"https:\/\/www.manaus.am.gov.br\/semed\/not\u00edcias\/educacao\/educadores-formacao-programas\/#primaryimage","url":"https:\/\/www.manaus.am.gov.br\/semed\/wp-content\/uploads\/sites\/3\/2026\/03\/Semed-Fluxos.jpg","contentUrl":"https:\/\/www.manaus.am.gov.br\/semed\/wp-content\/uploads\/sites\/3\/2026\/03\/Semed-Fluxos.jpg","width":1380,"height":811,"caption":"#paratodosverem - educadores participando da forma\u00e7\u00e3o"},{"@type":"WebSite","@id":"https:\/\/www.manaus.am.gov.br\/semed\/#website","url":"https:\/\/www.manaus.am.gov.br\/semed\/","name":"Secretaria Municipal de Educa\u00e7\u00e3o","description":"Secretaria Municipal de Educa\u00e7\u00e3o","publisher":{"@id":"https:\/\/www.manaus.am.gov.br\/semed\/#organization"},"alternateName":"SEMED","potentialAction":[{"@type":"SearchAction","target":{"@type":"EntryPoint","urlTemplate":"https:\/\/www.manaus.am.gov.br\/semed\/?s={search_term_string}"},"query-input":"required name=search_term_string"}],"inLanguage":"pt-BR"},{"@type":"Organization","@id":"https:\/\/www.manaus.am.gov.br\/semed\/#organization","name":"Secretaria de Educa\u00e7\u00e3o","alternateName":"SEMED","url":"https:\/\/www.manaus.am.gov.br\/semed\/","logo":{"@type":"ImageObject","inLanguage":"pt-BR","@id":"https:\/\/www.manaus.am.gov.br\/semed\/#\/schema\/logo\/image\/","url":"https:\/\/www.manaus.am.gov.br\/semed\/wp-content\/uploads\/sites\/3\/2022\/11\/favicon.png","contentUrl":"https:\/\/www.manaus.am.gov.br\/semed\/wp-content\/uploads\/sites\/3\/2022\/11\/favicon.png","width":300,"height":300,"caption":"Secretaria de Educa\u00e7\u00e3o"},"image":{"@id":"https:\/\/www.manaus.am.gov.br\/semed\/#\/schema\/logo\/image\/"}},{"@type":"Person","@id":"https:\/\/www.manaus.am.gov.br\/semed\/#\/schema\/person\/ab4dcf766a54dff74e8d267f5c591961","name":"smonteiro","image":{"@type":"ImageObject","inLanguage":"pt-BR","@id":"https:\/\/www.manaus.am.gov.br\/semed\/#\/schema\/person\/image\/","url":"https:\/\/secure.gravatar.com\/avatar\/21c8776ef61d9272c73322052e042d77?s=96&d=mm&r=g","contentUrl":"https:\/\/secure.gravatar.com\/avatar\/21c8776ef61d9272c73322052e042d77?s=96&d=mm&r=g","caption":"smonteiro"}}]}},"_links":{"self":[{"href":"https:\/\/www.manaus.am.gov.br\/semed\/wp-json\/wp\/v2\/posts\/11089"}],"collection":[{"href":"https:\/\/www.manaus.am.gov.br\/semed\/wp-json\/wp\/v2\/posts"}],"about":[{"href":"https:\/\/www.manaus.am.gov.br\/semed\/wp-json\/wp\/v2\/types\/post"}],"author":[{"embeddable":true,"href":"https:\/\/www.manaus.am.gov.br\/semed\/wp-json\/wp\/v2\/users\/61"}],"replies":[{"embeddable":true,"href":"https:\/\/www.manaus.am.gov.br\/semed\/wp-json\/wp\/v2\/comments?post=11089"}],"version-history":[{"count":1,"href":"https:\/\/www.manaus.am.gov.br\/semed\/wp-json\/wp\/v2\/posts\/11089\/revisions"}],"predecessor-version":[{"id":11095,"href":"https:\/\/www.manaus.am.gov.br\/semed\/wp-json\/wp\/v2\/posts\/11089\/revisions\/11095"}],"wp:featuredmedia":[{"embeddable":true,"href":"https:\/\/www.manaus.am.gov.br\/semed\/wp-json\/wp\/v2\/media\/11090"}],"wp:attachment":[{"href":"https:\/\/www.manaus.am.gov.br\/semed\/wp-json\/wp\/v2\/media?parent=11089"}],"wp:term":[{"taxonomy":"category","embeddable":true,"href":"https:\/\/www.manaus.am.gov.br\/semed\/wp-json\/wp\/v2\/categories?post=11089"},{"taxonomy":"post_tag","embeddable":true,"href":"https:\/\/www.manaus.am.gov.br\/semed\/wp-json\/wp\/v2\/tags?post=11089"}],"curies":[{"name":"wp","href":"https:\/\/api.w.org\/{rel}","templated":true}]}}