{"id":11041,"date":"2026-03-09T11:48:23","date_gmt":"2026-03-09T15:48:23","guid":{"rendered":"https:\/\/www.manaus.am.gov.br\/semed\/not\u00edcias\/sem-categoria\/prefeitura-semed-formacao-correcaofluxo\/"},"modified":"2026-03-09T13:08:24","modified_gmt":"2026-03-09T17:08:24","slug":"prefeitura-semed-formacao-combate-ao-atraso-escolar","status":"publish","type":"post","link":"https:\/\/www.manaus.am.gov.br\/semed\/not\u00edcias\/educacao\/prefeitura-semed-formacao-combate-ao-atraso-escolar\/","title":{"rendered":"Prefeitura de Manaus inicia forma\u00e7\u00e3o para professores e refor\u00e7a combate ao atraso escolar"},"content":{"rendered":"\n<p>Com foco na promo\u00e7\u00e3o da equidade educacional e no fortalecimento das pol\u00edticas p\u00fablicas voltadas \u00e0 recomposi\u00e7\u00e3o das aprendizagens, a <a href=\"https:\/\/www.manaus.am.gov.br\/\">Prefeitura de Manaus<\/a>, por meio da <a href=\"https:\/\/www.instagram.com\/semedmanaus\/\">Secretaria Municipal de Educa\u00e7\u00e3o<\/a> (Semed), realizou, nesta segunda-feira, 9\/3, o refor\u00e7o no combate ao atraso escolar com a abertura da forma\u00e7\u00e3o dos programas de corre\u00e7\u00e3o de fluxo no audit\u00f3rio da pasta, localizado na\u00a0avenida\u00a0Macei\u00f3, Parque 10 de Novembro, zona Centro-Sul da cidade. Os projetos s\u00e3o desenvolvidos em parceria com o Instituto Ayrton Senna (IAS) h\u00e1 mais de\u00a0dez anos\u00a0na rede municipal de ensino.\u00a0\u00a0<\/p>\n\n\n\n<p>Anualmente, a&nbsp;Semed&nbsp;realiza, em parceria com o Instituto Ayrton Senna, a Abertura Oficial da Forma\u00e7\u00e3o dos Programas de Corre\u00e7\u00e3o de Fluxo. Neste ano, o evento contemplar\u00e1 tamb\u00e9m o lan\u00e7amento da solu\u00e7\u00e3o educacional F\u00f3rmula da Vit\u00f3ria, voltada aos estudantes que ingressaram no 6\u00ba ano do ensino fundamental apresentando defasagens b\u00e1sicas em l\u00edngua portuguesa.&nbsp;<\/p>\n\n\n\n<p>O secret\u00e1rio municipal de Educa\u00e7\u00e3o, J\u00fanior Mar,&nbsp;destacou que a parceria com o IAS tem contribu\u00eddo para reduzir a distor\u00e7\u00e3o idade-s\u00e9rie na rede municipal de ensino. Ele explicou que programas como \u201cAcelera\u201d, \u201cSe Liga\u201d e \u201cF\u00f3rmula da Vit\u00f3ria\u201d ajudam estudantes que estavam com atraso escolar a recuperar a aprendizagem e avan\u00e7ar nos estudos. Segundo ele, os resultados j\u00e1 demonstram avan\u00e7os importantes ao longo dos anos de coopera\u00e7\u00e3o.&nbsp;&nbsp;<\/p>\n\n\n\n<p>\u201cSa\u00edmos de um \u00edndice de mais de 24% de estudantes fora da idade adequada para a s\u00e9rie e, hoje, j\u00e1 reduzimos para cerca de 9%. Esse avan\u00e7o mostra o compromisso da gest\u00e3o do prefeito David Almeida e do vice-prefeito Renato J\u00fanior com a educa\u00e7\u00e3o. Nosso objetivo \u00e9 continuar avan\u00e7ando e garantir equidade e aprendizagem para todos os estudantes da rede\u201d, acrescentou o secret\u00e1rio.&nbsp;<\/p>\n\n\n\n<p>Nesses dez anos de parceria, foram atendidos mais de 36 mil estudantes, resultando em uma expressiva redu\u00e7\u00e3o da distor\u00e7\u00e3o idade-s\u00e9rie, de 26,5% para 8,5%.&nbsp;<\/p>\n\n\n\n<p>O vice-presidente do Instituto Ayrton Senna, Ewerton&nbsp;Fulini, destacou que a parceria com a Semed j\u00e1 dura 12 anos e tem garantido continuidade \u00e0s pol\u00edticas educacionais voltadas \u00e0 aprendizagem. Segundo ele, diferentemente de outros locais onde programas s\u00e3o interrompidos com mudan\u00e7as de gest\u00e3o, em Manaus, o trabalho tem sido mantido, garantindo resultados aos estudantes.&nbsp;&nbsp;<\/p>\n\n\n\n<p>\u201cManaus \u00e9 uma cidade que a gente acompanha com muito carinho, porque existe continuidade no trabalho educacional. Aqui, vemos o comprometimento de gestores e educadores com a educa\u00e7\u00e3o. Toda crian\u00e7a nasce com potencial, mas esse potencial precisa ser desenvolvido. \u00c9 por meio da educa\u00e7\u00e3o que conseguimos garantir oportunidades e transformar o futuro dessas crian\u00e7as\u201d, ressaltou.<\/p>\n\n\n\n<p>A professora,&nbsp;Andrea&nbsp;Xaude, que atua h\u00e1 dez anos no programa de corre\u00e7\u00e3o de fluxo na escola municipal Joaquim da Silva Pinto, destacou que acompanhar o avan\u00e7o desses estudantes e o empenho das fam\u00edlias foi uma experi\u00eancia marcante em sua trajet\u00f3ria profissional. Segundo Andrea, o trabalho realizado nas turmas demonstra que \u00e9 poss\u00edvel recuperar a aprendizagem e fortalecer a confian\u00e7a dos alunos.&nbsp;&nbsp;<\/p>\n\n\n\n<p>\u201cQuando comecei a trabalhar no programa, encontrei crian\u00e7as que realmente queriam aprender a ler e a escrever. Ver o esfor\u00e7o delas e o apoio das fam\u00edlias foi muito gratificante para mim como professora. O Instituto Ayrton Senna oferece todo o suporte necess\u00e1rio, com materiais, recursos e forma\u00e7\u00f5es constantes. Isso nos ajuda a desenvolver um trabalho de qualidade com os alunos. Conseguir acelerar um estudante dois ou tr\u00eas anos \u00e9 uma grande satisfa\u00e7\u00e3o para qualquer educador\u201d, completa&nbsp;a educadora.&nbsp;<\/p>\n\n\n\n<p>O estudante&nbsp;Samuel Freire, 12, \u00e9 uma das evid\u00eancias do sucesso da parceria. Em 2025, ele estudou no programa e conseguiu avan\u00e7ar, para agora estar no 6\u00ba, regularizado. Ele afirmou que participar dos programas \u201cSe Liga\u201d e \u201cAcelera\u201d foi uma experi\u00eancia marcante em sua trajet\u00f3ria escolar. Segundo ele, o programa contribuiu para fortalecer a confian\u00e7a nos estudos. O aluno ainda revelou que tem sonhos para o futuro ligados \u00e0 escrita e \u00e0 produ\u00e7\u00e3o de livros.&nbsp;<\/p>\n\n\n\n<p>\u201cParticipar do \u2018Se Liga\u2019 e do \u2018Acelera\u2019 foi muito importante para mim. Eu tenho at\u00e9 saudade desse tempo, porque foi uma experi\u00eancia que marcou a minha vida. L\u00e1 eu percebi que muitos alunos estavam tendo a mesma oportunidade que eu tive. Isso me deixou muito feliz. No futuro, quero ser escritor e j\u00e1 estou desenvolvendo um livro com temas importantes da sociedade\u201d, finalizou o&nbsp;futuro escritor.&nbsp;<\/p>\n\n\n\n<p>&#8212; &#8212; &#8212;<\/p>\n\n\n\n<p><strong>Texto<\/strong> &#8211; Alexandre Abreu\/&nbsp;Semed&nbsp;<\/p>\n\n\n\n<p><strong>Fotos<\/strong> &#8211; M\u00e1rio Oliveira\/&nbsp;Semed&nbsp;<\/p>\n","protected":false},"excerpt":{"rendered":"","protected":false},"author":23,"featured_media":11042,"comment_status":"closed","ping_status":"closed","sticky":false,"template":"","format":"standard","meta":{"footnotes":""},"categories":[8],"tags":[932,1027,2016,15,52],"acf":[],"yoast_head":"<!-- This site is optimized with the Yoast SEO plugin v23.0 - https:\/\/yoast.com\/wordpress\/plugins\/seo\/ -->\n<title>Prefeitura de Manaus inicia forma\u00e7\u00e3o para professores e refor\u00e7a combate ao atraso escolar<\/title>\n<meta name=\"description\" content=\"Com foco na promo\u00e7\u00e3o da equidade educacional e no fortalecimento das pol\u00edticas p\u00fablicas voltadas \u00e0 recomposi\u00e7\u00e3o das aprendizagens, a Prefeitura de Manaus, por meio da Secretaria Municipal de Educa\u00e7\u00e3o (Semed), realizou, nesta segunda-feira, 9\/3, a abertura da forma\u00e7\u00e3o dos programas de corre\u00e7\u00e3o de fluxo no audit\u00f3rio da pasta\" \/>\n<meta name=\"robots\" content=\"index, follow, max-snippet:-1, max-image-preview:large, max-video-preview:-1\" \/>\n<link rel=\"canonical\" href=\"https:\/\/www.manaus.am.gov.br\/semed\/not\u00edcias\/educacao\/prefeitura-semed-formacao-correcaofluxo\/\" \/>\n<meta property=\"og:locale\" content=\"pt_BR\" \/>\n<meta property=\"og:type\" content=\"article\" \/>\n<meta property=\"og:title\" content=\"Prefeitura de Manaus inicia forma\u00e7\u00e3o para professores e refor\u00e7a combate ao atraso escolar\" \/>\n<meta property=\"og:description\" content=\"Com foco na promo\u00e7\u00e3o da equidade educacional e no fortalecimento das pol\u00edticas p\u00fablicas voltadas \u00e0 recomposi\u00e7\u00e3o das aprendizagens, a Prefeitura de Manaus, por meio da Secretaria Municipal de Educa\u00e7\u00e3o (Semed), realizou, nesta segunda-feira, 9\/3, a abertura da forma\u00e7\u00e3o dos programas de corre\u00e7\u00e3o de fluxo no audit\u00f3rio da pasta\" \/>\n<meta property=\"og:url\" content=\"https:\/\/www.manaus.am.gov.br\/semed\/not\u00edcias\/educacao\/prefeitura-semed-formacao-correcaofluxo\/\" \/>\n<meta property=\"og:site_name\" content=\"SEMED\" \/>\n<meta property=\"article:published_time\" content=\"2026-03-09T15:48:23+00:00\" \/>\n<meta property=\"article:modified_time\" content=\"2026-03-09T17:08:24+00:00\" \/>\n<meta property=\"og:image\" content=\"https:\/\/www.manaus.am.gov.br\/semed\/wp-content\/uploads\/sites\/3\/2026\/03\/55138213088_29403e2c2b_c.jpg\" \/>\n\t<meta property=\"og:image:width\" content=\"799\" \/>\n\t<meta property=\"og:image:height\" content=\"533\" \/>\n\t<meta property=\"og:image:type\" content=\"image\/jpeg\" \/>\n<meta name=\"author\" content=\"Adriana Costa\" \/>\n<meta name=\"twitter:card\" content=\"summary_large_image\" \/>\n<meta name=\"twitter:label1\" content=\"Written by\" \/>\n\t<meta name=\"twitter:data1\" content=\"Adriana Costa\" \/>\n\t<meta name=\"twitter:label2\" content=\"Est. reading time\" \/>\n\t<meta name=\"twitter:data2\" content=\"4 minutos\" \/>\n<script type=\"application\/ld+json\" class=\"yoast-schema-graph\">{\"@context\":\"https:\/\/schema.org\",\"@graph\":[{\"@type\":\"Article\",\"@id\":\"https:\/\/www.manaus.am.gov.br\/semed\/not\u00edcias\/educacao\/prefeitura-semed-formacao-correcaofluxo\/#article\",\"isPartOf\":{\"@id\":\"https:\/\/www.manaus.am.gov.br\/semed\/not\u00edcias\/educacao\/prefeitura-semed-formacao-correcaofluxo\/\"},\"author\":{\"name\":\"Adriana Costa\",\"@id\":\"https:\/\/www.manaus.am.gov.br\/semed\/#\/schema\/person\/4e49f4e267757a06ca072ec61b2b9968\"},\"headline\":\"Prefeitura de Manaus inicia forma\u00e7\u00e3o para professores e refor\u00e7a combate ao atraso escolar\",\"datePublished\":\"2026-03-09T15:48:23+00:00\",\"dateModified\":\"2026-03-09T17:08:24+00:00\",\"mainEntityOfPage\":{\"@id\":\"https:\/\/www.manaus.am.gov.br\/semed\/not\u00edcias\/educacao\/prefeitura-semed-formacao-correcaofluxo\/\"},\"wordCount\":789,\"publisher\":{\"@id\":\"https:\/\/www.manaus.am.gov.br\/semed\/#organization\"},\"image\":{\"@id\":\"https:\/\/www.manaus.am.gov.br\/semed\/not\u00edcias\/educacao\/prefeitura-semed-formacao-correcaofluxo\/#primaryimage\"},\"thumbnailUrl\":\"https:\/\/www.manaus.am.gov.br\/semed\/wp-content\/uploads\/sites\/3\/2026\/03\/55138213088_29403e2c2b_c.jpg\",\"keywords\":[\"corre\u00e7\u00e3o de fluxo\",\"forma\u00e7\u00e3o\",\"Instituto Ayrton Senna\",\"prefeitura de manaus\",\"semed\"],\"articleSection\":[\"Educa\u00e7\u00e3o\"],\"inLanguage\":\"pt-BR\"},{\"@type\":\"WebPage\",\"@id\":\"https:\/\/www.manaus.am.gov.br\/semed\/not\u00edcias\/educacao\/prefeitura-semed-formacao-correcaofluxo\/\",\"url\":\"https:\/\/www.manaus.am.gov.br\/semed\/not\u00edcias\/educacao\/prefeitura-semed-formacao-correcaofluxo\/\",\"name\":\"Prefeitura de Manaus inicia forma\u00e7\u00e3o para professores e refor\u00e7a combate ao atraso escolar\",\"isPartOf\":{\"@id\":\"https:\/\/www.manaus.am.gov.br\/semed\/#website\"},\"primaryImageOfPage\":{\"@id\":\"https:\/\/www.manaus.am.gov.br\/semed\/not\u00edcias\/educacao\/prefeitura-semed-formacao-correcaofluxo\/#primaryimage\"},\"image\":{\"@id\":\"https:\/\/www.manaus.am.gov.br\/semed\/not\u00edcias\/educacao\/prefeitura-semed-formacao-correcaofluxo\/#primaryimage\"},\"thumbnailUrl\":\"https:\/\/www.manaus.am.gov.br\/semed\/wp-content\/uploads\/sites\/3\/2026\/03\/55138213088_29403e2c2b_c.jpg\",\"datePublished\":\"2026-03-09T15:48:23+00:00\",\"dateModified\":\"2026-03-09T17:08:24+00:00\",\"description\":\"Com foco na promo\u00e7\u00e3o da equidade educacional e no fortalecimento das pol\u00edticas p\u00fablicas voltadas \u00e0 recomposi\u00e7\u00e3o das aprendizagens, a Prefeitura de Manaus, por meio da Secretaria Municipal de Educa\u00e7\u00e3o (Semed), realizou, nesta segunda-feira, 9\/3, a abertura da forma\u00e7\u00e3o dos programas de corre\u00e7\u00e3o de fluxo no audit\u00f3rio da pasta\",\"inLanguage\":\"pt-BR\",\"potentialAction\":[{\"@type\":\"ReadAction\",\"target\":[\"https:\/\/www.manaus.am.gov.br\/semed\/not\u00edcias\/educacao\/prefeitura-semed-formacao-correcaofluxo\/\"]}]},{\"@type\":\"ImageObject\",\"inLanguage\":\"pt-BR\",\"@id\":\"https:\/\/www.manaus.am.gov.br\/semed\/not\u00edcias\/educacao\/prefeitura-semed-formacao-correcaofluxo\/#primaryimage\",\"url\":\"https:\/\/www.manaus.am.gov.br\/semed\/wp-content\/uploads\/sites\/3\/2026\/03\/55138213088_29403e2c2b_c.jpg\",\"contentUrl\":\"https:\/\/www.manaus.am.gov.br\/semed\/wp-content\/uploads\/sites\/3\/2026\/03\/55138213088_29403e2c2b_c.jpg\",\"width\":799,\"height\":533,\"caption\":\"#paratodosverem - Audit\u00f3rio da Semed com forma\u00e7\u00e3o para professores sobre corre\u00e7\u00e3o de fluxo\"},{\"@type\":\"WebSite\",\"@id\":\"https:\/\/www.manaus.am.gov.br\/semed\/#website\",\"url\":\"https:\/\/www.manaus.am.gov.br\/semed\/\",\"name\":\"Secretaria Municipal de Educa\u00e7\u00e3o\",\"description\":\"Secretaria Municipal de Educa\u00e7\u00e3o\",\"publisher\":{\"@id\":\"https:\/\/www.manaus.am.gov.br\/semed\/#organization\"},\"alternateName\":\"SEMED\",\"potentialAction\":[{\"@type\":\"SearchAction\",\"target\":{\"@type\":\"EntryPoint\",\"urlTemplate\":\"https:\/\/www.manaus.am.gov.br\/semed\/?s={search_term_string}\"},\"query-input\":\"required name=search_term_string\"}],\"inLanguage\":\"pt-BR\"},{\"@type\":\"Organization\",\"@id\":\"https:\/\/www.manaus.am.gov.br\/semed\/#organization\",\"name\":\"Secretaria de Educa\u00e7\u00e3o\",\"alternateName\":\"SEMED\",\"url\":\"https:\/\/www.manaus.am.gov.br\/semed\/\",\"logo\":{\"@type\":\"ImageObject\",\"inLanguage\":\"pt-BR\",\"@id\":\"https:\/\/www.manaus.am.gov.br\/semed\/#\/schema\/logo\/image\/\",\"url\":\"https:\/\/www.manaus.am.gov.br\/semed\/wp-content\/uploads\/sites\/3\/2022\/11\/favicon.png\",\"contentUrl\":\"https:\/\/www.manaus.am.gov.br\/semed\/wp-content\/uploads\/sites\/3\/2022\/11\/favicon.png\",\"width\":300,\"height\":300,\"caption\":\"Secretaria de Educa\u00e7\u00e3o\"},\"image\":{\"@id\":\"https:\/\/www.manaus.am.gov.br\/semed\/#\/schema\/logo\/image\/\"}},{\"@type\":\"Person\",\"@id\":\"https:\/\/www.manaus.am.gov.br\/semed\/#\/schema\/person\/4e49f4e267757a06ca072ec61b2b9968\",\"name\":\"Adriana Costa\",\"image\":{\"@type\":\"ImageObject\",\"inLanguage\":\"pt-BR\",\"@id\":\"https:\/\/www.manaus.am.gov.br\/semed\/#\/schema\/person\/image\/\",\"url\":\"https:\/\/secure.gravatar.com\/avatar\/576258617ef7194f718179e766d57bd4?s=96&d=mm&r=g\",\"contentUrl\":\"https:\/\/secure.gravatar.com\/avatar\/576258617ef7194f718179e766d57bd4?s=96&d=mm&r=g\",\"caption\":\"Adriana Costa\"}}]}<\/script>\n<!-- \/ Yoast SEO plugin. -->","yoast_head_json":{"title":"Prefeitura de Manaus inicia forma\u00e7\u00e3o para professores e refor\u00e7a combate ao atraso escolar","description":"Com foco na promo\u00e7\u00e3o da equidade educacional e no fortalecimento das pol\u00edticas p\u00fablicas voltadas \u00e0 recomposi\u00e7\u00e3o das aprendizagens, a Prefeitura de Manaus, por meio da Secretaria Municipal de Educa\u00e7\u00e3o (Semed), realizou, nesta segunda-feira, 9\/3, a abertura da forma\u00e7\u00e3o dos programas de corre\u00e7\u00e3o de fluxo no audit\u00f3rio da pasta","robots":{"index":"index","follow":"follow","max-snippet":"max-snippet:-1","max-image-preview":"max-image-preview:large","max-video-preview":"max-video-preview:-1"},"canonical":"https:\/\/www.manaus.am.gov.br\/semed\/not\u00edcias\/educacao\/prefeitura-semed-formacao-correcaofluxo\/","og_locale":"pt_BR","og_type":"article","og_title":"Prefeitura de Manaus inicia forma\u00e7\u00e3o para professores e refor\u00e7a combate ao atraso escolar","og_description":"Com foco na promo\u00e7\u00e3o da equidade educacional e no fortalecimento das pol\u00edticas p\u00fablicas voltadas \u00e0 recomposi\u00e7\u00e3o das aprendizagens, a Prefeitura de Manaus, por meio da Secretaria Municipal de Educa\u00e7\u00e3o (Semed), realizou, nesta segunda-feira, 9\/3, a abertura da forma\u00e7\u00e3o dos programas de corre\u00e7\u00e3o de fluxo no audit\u00f3rio da pasta","og_url":"https:\/\/www.manaus.am.gov.br\/semed\/not\u00edcias\/educacao\/prefeitura-semed-formacao-correcaofluxo\/","og_site_name":"SEMED","article_published_time":"2026-03-09T15:48:23+00:00","article_modified_time":"2026-03-09T17:08:24+00:00","og_image":[{"width":799,"height":533,"url":"https:\/\/www.manaus.am.gov.br\/semed\/wp-content\/uploads\/sites\/3\/2026\/03\/55138213088_29403e2c2b_c.jpg","type":"image\/jpeg"}],"author":"Adriana Costa","twitter_card":"summary_large_image","twitter_misc":{"Written by":"Adriana Costa","Est. reading time":"4 minutos"},"schema":{"@context":"https:\/\/schema.org","@graph":[{"@type":"Article","@id":"https:\/\/www.manaus.am.gov.br\/semed\/not\u00edcias\/educacao\/prefeitura-semed-formacao-correcaofluxo\/#article","isPartOf":{"@id":"https:\/\/www.manaus.am.gov.br\/semed\/not\u00edcias\/educacao\/prefeitura-semed-formacao-correcaofluxo\/"},"author":{"name":"Adriana Costa","@id":"https:\/\/www.manaus.am.gov.br\/semed\/#\/schema\/person\/4e49f4e267757a06ca072ec61b2b9968"},"headline":"Prefeitura de Manaus inicia forma\u00e7\u00e3o para professores e refor\u00e7a combate ao atraso escolar","datePublished":"2026-03-09T15:48:23+00:00","dateModified":"2026-03-09T17:08:24+00:00","mainEntityOfPage":{"@id":"https:\/\/www.manaus.am.gov.br\/semed\/not\u00edcias\/educacao\/prefeitura-semed-formacao-correcaofluxo\/"},"wordCount":789,"publisher":{"@id":"https:\/\/www.manaus.am.gov.br\/semed\/#organization"},"image":{"@id":"https:\/\/www.manaus.am.gov.br\/semed\/not\u00edcias\/educacao\/prefeitura-semed-formacao-correcaofluxo\/#primaryimage"},"thumbnailUrl":"https:\/\/www.manaus.am.gov.br\/semed\/wp-content\/uploads\/sites\/3\/2026\/03\/55138213088_29403e2c2b_c.jpg","keywords":["corre\u00e7\u00e3o de fluxo","forma\u00e7\u00e3o","Instituto Ayrton Senna","prefeitura de manaus","semed"],"articleSection":["Educa\u00e7\u00e3o"],"inLanguage":"pt-BR"},{"@type":"WebPage","@id":"https:\/\/www.manaus.am.gov.br\/semed\/not\u00edcias\/educacao\/prefeitura-semed-formacao-correcaofluxo\/","url":"https:\/\/www.manaus.am.gov.br\/semed\/not\u00edcias\/educacao\/prefeitura-semed-formacao-correcaofluxo\/","name":"Prefeitura de Manaus inicia forma\u00e7\u00e3o para professores e refor\u00e7a combate ao atraso escolar","isPartOf":{"@id":"https:\/\/www.manaus.am.gov.br\/semed\/#website"},"primaryImageOfPage":{"@id":"https:\/\/www.manaus.am.gov.br\/semed\/not\u00edcias\/educacao\/prefeitura-semed-formacao-correcaofluxo\/#primaryimage"},"image":{"@id":"https:\/\/www.manaus.am.gov.br\/semed\/not\u00edcias\/educacao\/prefeitura-semed-formacao-correcaofluxo\/#primaryimage"},"thumbnailUrl":"https:\/\/www.manaus.am.gov.br\/semed\/wp-content\/uploads\/sites\/3\/2026\/03\/55138213088_29403e2c2b_c.jpg","datePublished":"2026-03-09T15:48:23+00:00","dateModified":"2026-03-09T17:08:24+00:00","description":"Com foco na promo\u00e7\u00e3o da equidade educacional e no fortalecimento das pol\u00edticas p\u00fablicas voltadas \u00e0 recomposi\u00e7\u00e3o das aprendizagens, a Prefeitura de Manaus, por meio da Secretaria Municipal de Educa\u00e7\u00e3o (Semed), realizou, nesta segunda-feira, 9\/3, a abertura da forma\u00e7\u00e3o dos programas de corre\u00e7\u00e3o de fluxo no audit\u00f3rio da pasta","inLanguage":"pt-BR","potentialAction":[{"@type":"ReadAction","target":["https:\/\/www.manaus.am.gov.br\/semed\/not\u00edcias\/educacao\/prefeitura-semed-formacao-correcaofluxo\/"]}]},{"@type":"ImageObject","inLanguage":"pt-BR","@id":"https:\/\/www.manaus.am.gov.br\/semed\/not\u00edcias\/educacao\/prefeitura-semed-formacao-correcaofluxo\/#primaryimage","url":"https:\/\/www.manaus.am.gov.br\/semed\/wp-content\/uploads\/sites\/3\/2026\/03\/55138213088_29403e2c2b_c.jpg","contentUrl":"https:\/\/www.manaus.am.gov.br\/semed\/wp-content\/uploads\/sites\/3\/2026\/03\/55138213088_29403e2c2b_c.jpg","width":799,"height":533,"caption":"#paratodosverem - Audit\u00f3rio da Semed com forma\u00e7\u00e3o para professores sobre corre\u00e7\u00e3o de fluxo"},{"@type":"WebSite","@id":"https:\/\/www.manaus.am.gov.br\/semed\/#website","url":"https:\/\/www.manaus.am.gov.br\/semed\/","name":"Secretaria Municipal de Educa\u00e7\u00e3o","description":"Secretaria Municipal de Educa\u00e7\u00e3o","publisher":{"@id":"https:\/\/www.manaus.am.gov.br\/semed\/#organization"},"alternateName":"SEMED","potentialAction":[{"@type":"SearchAction","target":{"@type":"EntryPoint","urlTemplate":"https:\/\/www.manaus.am.gov.br\/semed\/?s={search_term_string}"},"query-input":"required name=search_term_string"}],"inLanguage":"pt-BR"},{"@type":"Organization","@id":"https:\/\/www.manaus.am.gov.br\/semed\/#organization","name":"Secretaria de Educa\u00e7\u00e3o","alternateName":"SEMED","url":"https:\/\/www.manaus.am.gov.br\/semed\/","logo":{"@type":"ImageObject","inLanguage":"pt-BR","@id":"https:\/\/www.manaus.am.gov.br\/semed\/#\/schema\/logo\/image\/","url":"https:\/\/www.manaus.am.gov.br\/semed\/wp-content\/uploads\/sites\/3\/2022\/11\/favicon.png","contentUrl":"https:\/\/www.manaus.am.gov.br\/semed\/wp-content\/uploads\/sites\/3\/2022\/11\/favicon.png","width":300,"height":300,"caption":"Secretaria de Educa\u00e7\u00e3o"},"image":{"@id":"https:\/\/www.manaus.am.gov.br\/semed\/#\/schema\/logo\/image\/"}},{"@type":"Person","@id":"https:\/\/www.manaus.am.gov.br\/semed\/#\/schema\/person\/4e49f4e267757a06ca072ec61b2b9968","name":"Adriana Costa","image":{"@type":"ImageObject","inLanguage":"pt-BR","@id":"https:\/\/www.manaus.am.gov.br\/semed\/#\/schema\/person\/image\/","url":"https:\/\/secure.gravatar.com\/avatar\/576258617ef7194f718179e766d57bd4?s=96&d=mm&r=g","contentUrl":"https:\/\/secure.gravatar.com\/avatar\/576258617ef7194f718179e766d57bd4?s=96&d=mm&r=g","caption":"Adriana Costa"}}]}},"_links":{"self":[{"href":"https:\/\/www.manaus.am.gov.br\/semed\/wp-json\/wp\/v2\/posts\/11041"}],"collection":[{"href":"https:\/\/www.manaus.am.gov.br\/semed\/wp-json\/wp\/v2\/posts"}],"about":[{"href":"https:\/\/www.manaus.am.gov.br\/semed\/wp-json\/wp\/v2\/types\/post"}],"author":[{"embeddable":true,"href":"https:\/\/www.manaus.am.gov.br\/semed\/wp-json\/wp\/v2\/users\/23"}],"replies":[{"embeddable":true,"href":"https:\/\/www.manaus.am.gov.br\/semed\/wp-json\/wp\/v2\/comments?post=11041"}],"version-history":[{"count":1,"href":"https:\/\/www.manaus.am.gov.br\/semed\/wp-json\/wp\/v2\/posts\/11041\/revisions"}],"predecessor-version":[{"id":11044,"href":"https:\/\/www.manaus.am.gov.br\/semed\/wp-json\/wp\/v2\/posts\/11041\/revisions\/11044"}],"wp:featuredmedia":[{"embeddable":true,"href":"https:\/\/www.manaus.am.gov.br\/semed\/wp-json\/wp\/v2\/media\/11042"}],"wp:attachment":[{"href":"https:\/\/www.manaus.am.gov.br\/semed\/wp-json\/wp\/v2\/media?parent=11041"}],"wp:term":[{"taxonomy":"category","embeddable":true,"href":"https:\/\/www.manaus.am.gov.br\/semed\/wp-json\/wp\/v2\/categories?post=11041"},{"taxonomy":"post_tag","embeddable":true,"href":"https:\/\/www.manaus.am.gov.br\/semed\/wp-json\/wp\/v2\/tags?post=11041"}],"curies":[{"name":"wp","href":"https:\/\/api.w.org\/{rel}","templated":true}]}}