{"id":11024,"date":"2026-03-05T16:44:02","date_gmt":"2026-03-05T20:44:02","guid":{"rendered":"https:\/\/www.manaus.am.gov.br\/semed\/not\u00edcias\/sem-categoria\/substituicao-telhados-70-escolas\/"},"modified":"2026-03-06T12:42:43","modified_gmt":"2026-03-06T16:42:43","slug":"substituicao-telhados-70-escolas","status":"publish","type":"post","link":"https:\/\/www.manaus.am.gov.br\/semed\/not\u00edcias\/recuperacao\/substituicao-telhados-70-escolas\/","title":{"rendered":"Prefeitura de Manaus\u00a0vai substituir telhados de 70\u00a0unidades da rede municipal\u00a0at\u00e9 o fim de mar\u00e7o"},"content":{"rendered":"\n<p>Com a conclus\u00e3o prevista para o final deste m\u00eas, a <a href=\"https:\/\/www.manaus.am.gov.br\/\">Prefeitura de Manaus<\/a> est\u00e1 realizando um grande trabalho de\u00a0troca de telhados em\u00a070 unidades de ensino da <a href=\"https:\/\/www.instagram.com\/semedmanaus\/\">Secretaria Municipal de Educa\u00e7\u00e3o<\/a> (Semed). A a\u00e7\u00e3o\u00a0visa a substitui\u00e7\u00e3o dos telhados de telhas de barros e de amianto por material met\u00e1lico termoac\u00fastico, que\u00a0proporciona isolamento t\u00e9rmico, reduzindo o calor interno, e isolamento ac\u00fastico, abafando ru\u00eddos externos, como a chuva.\u00a0\u00a0<\/p>\n\n\n\n<p>A&nbsp;prefeitura investiu&nbsp;aproximadamente R$ 30 milh\u00f5es para solucionar problemas que j\u00e1 existem h\u00e1 tr\u00eas d\u00e9cadas, como explica&nbsp;o diretor do Departamento de Engenharia e Transporte&nbsp;da&nbsp;Semed,&nbsp;Jackson Matos.&nbsp;&nbsp;<\/p>\n\n\n\n<p>\u201cCom esse investimento, n\u00f3s vamos resolver definitivamente o problema de 30 anos em rela\u00e7\u00e3o a vazamentos e das goteiras na sala de aula dessas escolas. Com isso, estamos trazendo para os nossos alunos mais dignidade, mais conforto, mais seguran\u00e7a, e para os nossos professores uma maior comodidade para lecionar. Desta forma, nossos alunos v\u00e3o poder ter um maior desempenho educacional\u201d, afirmou o diretor.&nbsp;&nbsp;<\/p>\n\n\n\n<p>As trocas come\u00e7aram em dezembro de 2025 e seguem at\u00e9 final de mar\u00e7o deste ano.&nbsp;At\u00e9&nbsp;o momento, 31 telhados j\u00e1 foram trocados completamente.&nbsp;Todas as escolas continuam com as atividades normalmente.&nbsp;<\/p>\n\n\n\n<p>Umas das escolas contempladas foi a escola municipal \u00c1lvaro C\u00e9sar de Carvalho, localizada no bairro Tancredo Neves, zona leste. A escola foi inaugurada em 2005&nbsp;e&nbsp;est\u00e1 recebendo pela primeira vez a troca de telhado.&nbsp;&nbsp;<\/p>\n\n\n\n<p>\u201cA troca do telhado foi uma medida de extrema import\u00e2ncia para a melhoria da estrutura da escola. Antes da substitui\u00e7\u00e3o, havia vazamentos constantes que causavam infiltra\u00e7\u00f5es, deixando as salas de aula molhadas e prejudicando diretamente o ambiente de aprendizagem. Al\u00e9m do desconforto para alunos e professores, a situa\u00e7\u00e3o comprometia os materiais pedag\u00f3gicos, equipamentos e at\u00e9 mesmo a seguran\u00e7a no espa\u00e7o escolar. Hoje podemos afirmar que a troca do telhado melhorou cem por cento a qualidade do ambiente escolar, contribuindo de forma significativa para o bom desempenho das atividades pedag\u00f3gicas\u201d,&nbsp;comentou a gestora da unidade, Leoc\u00e1dia Medeiros.&nbsp;&nbsp;<\/p>\n\n\n\n<p>A&nbsp;escola municipal Lucilene Guimar\u00e3es, no bairro Tancredo Neves, tamb\u00e9m recebeu a troca. De acordo com a gestora&nbsp;Valcilene&nbsp;Le\u00e3o, o&nbsp;telhado da unidade estava&nbsp;h\u00e1&nbsp;mais de oito anos sem manuten\u00e7\u00e3o.&nbsp;&nbsp;<\/p>\n\n\n\n<p>&#8220;A substitui\u00e7\u00e3o do telhado trouxe para nossa escola melhorias significativas na parte estrutural, nossos estudantes ter\u00e3o mais seguran\u00e7a nos per\u00edodos de chuva, garantindo conforto no desenvolvimento das atividades pedag\u00f3gicas&#8221;, concluiu.<\/p>\n\n\n\n<figure class=\"wp-block-image size-large is-resized\"><img decoding=\"async\" src=\"https:\/\/www.manaus.am.gov.br\/semed\/wp-content\/uploads\/sites\/3\/2026\/03\/WhatsApp-Image-2026-03-04-at-15.03.36-1-576x1024.jpeg\" alt=\"\" class=\"wp-image-11026\" style=\"width:591px;height:auto\" \/><figcaption class=\"wp-element-caption\">#paratodosverem &#8211; Recupera\u00e7\u00e3o<\/figcaption><\/figure>\n\n\n\n<p>&#8212; &#8212; &#8212;&nbsp;<\/p>\n\n\n\n<p><strong>Texto<\/strong>&nbsp;&#8211; Emerson Santos\/Semed&nbsp;<\/p>\n\n\n\n<p><strong>Fotos<\/strong> &#8211; Divulga\u00e7\u00e3o\/Semed<\/p>\n","protected":false},"excerpt":{"rendered":"","protected":false},"author":39,"featured_media":11025,"comment_status":"closed","ping_status":"closed","sticky":false,"template":"","format":"standard","meta":{"footnotes":""},"categories":[214],"tags":[2806,2807,15,52,2808],"acf":[],"yoast_head":"<!-- This site is optimized with the Yoast SEO plugin v23.0 - https:\/\/yoast.com\/wordpress\/plugins\/seo\/ -->\n<title>Substitui\u00e7\u00e3o de telhados de 70 unidades da rede municipal<\/title>\n<meta name=\"description\" content=\"Prefeitura de Manaus, por meio da Semed, vai substituir telhados de 70 unidades da rede municipal at\u00e9 o fim de mar\u00e7o.\" \/>\n<meta name=\"robots\" content=\"index, follow, max-snippet:-1, max-image-preview:large, max-video-preview:-1\" \/>\n<link rel=\"canonical\" href=\"https:\/\/www.manaus.am.gov.br\/semed\/not\u00edcias\/recuperacao\/substituicao-telhados-70-escolas\/\" \/>\n<meta property=\"og:locale\" content=\"pt_BR\" \/>\n<meta property=\"og:type\" content=\"article\" \/>\n<meta property=\"og:title\" content=\"Substitui\u00e7\u00e3o de telhados de 70 unidades da rede municipal\" \/>\n<meta property=\"og:description\" content=\"Prefeitura de Manaus, por meio da Semed, vai substituir telhados de 70 unidades da rede municipal at\u00e9 o fim de mar\u00e7o.\" \/>\n<meta property=\"og:url\" content=\"https:\/\/www.manaus.am.gov.br\/semed\/not\u00edcias\/recuperacao\/substituicao-telhados-70-escolas\/\" \/>\n<meta property=\"og:site_name\" content=\"SEMED\" \/>\n<meta property=\"article:published_time\" content=\"2026-03-05T20:44:02+00:00\" \/>\n<meta property=\"article:modified_time\" content=\"2026-03-06T16:42:43+00:00\" \/>\n<meta property=\"og:image\" content=\"https:\/\/www.manaus.am.gov.br\/semed\/wp-content\/uploads\/sites\/3\/2026\/03\/WhatsApp-Image-2026-03-04-at-15.03.36.jpeg\" \/>\n\t<meta property=\"og:image:width\" content=\"1600\" \/>\n\t<meta property=\"og:image:height\" content=\"1200\" \/>\n\t<meta property=\"og:image:type\" content=\"image\/jpeg\" \/>\n<meta name=\"author\" content=\"Bruna Greco\" \/>\n<meta name=\"twitter:card\" content=\"summary_large_image\" \/>\n<meta name=\"twitter:label1\" content=\"Written by\" \/>\n\t<meta name=\"twitter:data1\" content=\"Bruna Greco\" \/>\n\t<meta name=\"twitter:label2\" content=\"Est. reading time\" \/>\n\t<meta name=\"twitter:data2\" content=\"3 minutos\" \/>\n<script type=\"application\/ld+json\" class=\"yoast-schema-graph\">{\"@context\":\"https:\/\/schema.org\",\"@graph\":[{\"@type\":\"Article\",\"@id\":\"https:\/\/www.manaus.am.gov.br\/semed\/not\u00edcias\/recuperacao\/substituicao-telhados-70-escolas\/#article\",\"isPartOf\":{\"@id\":\"https:\/\/www.manaus.am.gov.br\/semed\/not\u00edcias\/recuperacao\/substituicao-telhados-70-escolas\/\"},\"author\":{\"name\":\"Bruna Greco\",\"@id\":\"https:\/\/www.manaus.am.gov.br\/semed\/#\/schema\/person\/05d223aea2bf115f9883a6ff3683d81b\"},\"headline\":\"Prefeitura de Manaus\u00a0vai substituir telhados de 70\u00a0unidades da rede municipal\u00a0at\u00e9 o fim de mar\u00e7o\",\"datePublished\":\"2026-03-05T20:44:02+00:00\",\"dateModified\":\"2026-03-06T16:42:43+00:00\",\"mainEntityOfPage\":{\"@id\":\"https:\/\/www.manaus.am.gov.br\/semed\/not\u00edcias\/recuperacao\/substituicao-telhados-70-escolas\/\"},\"wordCount\":485,\"publisher\":{\"@id\":\"https:\/\/www.manaus.am.gov.br\/semed\/#organization\"},\"image\":{\"@id\":\"https:\/\/www.manaus.am.gov.br\/semed\/not\u00edcias\/recuperacao\/substituicao-telhados-70-escolas\/#primaryimage\"},\"thumbnailUrl\":\"https:\/\/www.manaus.am.gov.br\/semed\/wp-content\/uploads\/sites\/3\/2026\/03\/WhatsApp-Image-2026-03-04-at-15.03.36.jpeg\",\"keywords\":[\"70\u00a0unidades da rede municipal\",\"final de mar\u00e7o\",\"prefeitura de manaus\",\"semed\",\"Substitui\u00e7\u00e3o de telhados\"],\"articleSection\":[\"Recupera\u00e7\u00e3o\"],\"inLanguage\":\"pt-BR\"},{\"@type\":\"WebPage\",\"@id\":\"https:\/\/www.manaus.am.gov.br\/semed\/not\u00edcias\/recuperacao\/substituicao-telhados-70-escolas\/\",\"url\":\"https:\/\/www.manaus.am.gov.br\/semed\/not\u00edcias\/recuperacao\/substituicao-telhados-70-escolas\/\",\"name\":\"Substitui\u00e7\u00e3o de telhados de 70 unidades da rede municipal\",\"isPartOf\":{\"@id\":\"https:\/\/www.manaus.am.gov.br\/semed\/#website\"},\"primaryImageOfPage\":{\"@id\":\"https:\/\/www.manaus.am.gov.br\/semed\/not\u00edcias\/recuperacao\/substituicao-telhados-70-escolas\/#primaryimage\"},\"image\":{\"@id\":\"https:\/\/www.manaus.am.gov.br\/semed\/not\u00edcias\/recuperacao\/substituicao-telhados-70-escolas\/#primaryimage\"},\"thumbnailUrl\":\"https:\/\/www.manaus.am.gov.br\/semed\/wp-content\/uploads\/sites\/3\/2026\/03\/WhatsApp-Image-2026-03-04-at-15.03.36.jpeg\",\"datePublished\":\"2026-03-05T20:44:02+00:00\",\"dateModified\":\"2026-03-06T16:42:43+00:00\",\"description\":\"Prefeitura de Manaus, por meio da Semed, vai substituir telhados de 70 unidades da rede municipal at\u00e9 o fim de mar\u00e7o.\",\"inLanguage\":\"pt-BR\",\"potentialAction\":[{\"@type\":\"ReadAction\",\"target\":[\"https:\/\/www.manaus.am.gov.br\/semed\/not\u00edcias\/recuperacao\/substituicao-telhados-70-escolas\/\"]}]},{\"@type\":\"ImageObject\",\"inLanguage\":\"pt-BR\",\"@id\":\"https:\/\/www.manaus.am.gov.br\/semed\/not\u00edcias\/recuperacao\/substituicao-telhados-70-escolas\/#primaryimage\",\"url\":\"https:\/\/www.manaus.am.gov.br\/semed\/wp-content\/uploads\/sites\/3\/2026\/03\/WhatsApp-Image-2026-03-04-at-15.03.36.jpeg\",\"contentUrl\":\"https:\/\/www.manaus.am.gov.br\/semed\/wp-content\/uploads\/sites\/3\/2026\/03\/WhatsApp-Image-2026-03-04-at-15.03.36.jpeg\",\"width\":1600,\"height\":1200,\"caption\":\"#paratodosverem - Equipe da Semed realizando a troca de telhado em unidade escolar\"},{\"@type\":\"WebSite\",\"@id\":\"https:\/\/www.manaus.am.gov.br\/semed\/#website\",\"url\":\"https:\/\/www.manaus.am.gov.br\/semed\/\",\"name\":\"Secretaria Municipal de Educa\u00e7\u00e3o\",\"description\":\"Secretaria Municipal de Educa\u00e7\u00e3o\",\"publisher\":{\"@id\":\"https:\/\/www.manaus.am.gov.br\/semed\/#organization\"},\"alternateName\":\"SEMED\",\"potentialAction\":[{\"@type\":\"SearchAction\",\"target\":{\"@type\":\"EntryPoint\",\"urlTemplate\":\"https:\/\/www.manaus.am.gov.br\/semed\/?s={search_term_string}\"},\"query-input\":\"required name=search_term_string\"}],\"inLanguage\":\"pt-BR\"},{\"@type\":\"Organization\",\"@id\":\"https:\/\/www.manaus.am.gov.br\/semed\/#organization\",\"name\":\"Secretaria de Educa\u00e7\u00e3o\",\"alternateName\":\"SEMED\",\"url\":\"https:\/\/www.manaus.am.gov.br\/semed\/\",\"logo\":{\"@type\":\"ImageObject\",\"inLanguage\":\"pt-BR\",\"@id\":\"https:\/\/www.manaus.am.gov.br\/semed\/#\/schema\/logo\/image\/\",\"url\":\"https:\/\/www.manaus.am.gov.br\/semed\/wp-content\/uploads\/sites\/3\/2022\/11\/favicon.png\",\"contentUrl\":\"https:\/\/www.manaus.am.gov.br\/semed\/wp-content\/uploads\/sites\/3\/2022\/11\/favicon.png\",\"width\":300,\"height\":300,\"caption\":\"Secretaria de Educa\u00e7\u00e3o\"},\"image\":{\"@id\":\"https:\/\/www.manaus.am.gov.br\/semed\/#\/schema\/logo\/image\/\"}},{\"@type\":\"Person\",\"@id\":\"https:\/\/www.manaus.am.gov.br\/semed\/#\/schema\/person\/05d223aea2bf115f9883a6ff3683d81b\",\"name\":\"Bruna Greco\",\"image\":{\"@type\":\"ImageObject\",\"inLanguage\":\"pt-BR\",\"@id\":\"https:\/\/www.manaus.am.gov.br\/semed\/#\/schema\/person\/image\/\",\"url\":\"https:\/\/secure.gravatar.com\/avatar\/9c877d1a6adc2a055330e5c09a8653ce?s=96&d=mm&r=g\",\"contentUrl\":\"https:\/\/secure.gravatar.com\/avatar\/9c877d1a6adc2a055330e5c09a8653ce?s=96&d=mm&r=g\",\"caption\":\"Bruna Greco\"}}]}<\/script>\n<!-- \/ Yoast SEO plugin. -->","yoast_head_json":{"title":"Substitui\u00e7\u00e3o de telhados de 70 unidades da rede municipal","description":"Prefeitura de Manaus, por meio da Semed, vai substituir telhados de 70 unidades da rede municipal at\u00e9 o fim de mar\u00e7o.","robots":{"index":"index","follow":"follow","max-snippet":"max-snippet:-1","max-image-preview":"max-image-preview:large","max-video-preview":"max-video-preview:-1"},"canonical":"https:\/\/www.manaus.am.gov.br\/semed\/not\u00edcias\/recuperacao\/substituicao-telhados-70-escolas\/","og_locale":"pt_BR","og_type":"article","og_title":"Substitui\u00e7\u00e3o de telhados de 70 unidades da rede municipal","og_description":"Prefeitura de Manaus, por meio da Semed, vai substituir telhados de 70 unidades da rede municipal at\u00e9 o fim de mar\u00e7o.","og_url":"https:\/\/www.manaus.am.gov.br\/semed\/not\u00edcias\/recuperacao\/substituicao-telhados-70-escolas\/","og_site_name":"SEMED","article_published_time":"2026-03-05T20:44:02+00:00","article_modified_time":"2026-03-06T16:42:43+00:00","og_image":[{"width":1600,"height":1200,"url":"https:\/\/www.manaus.am.gov.br\/semed\/wp-content\/uploads\/sites\/3\/2026\/03\/WhatsApp-Image-2026-03-04-at-15.03.36.jpeg","type":"image\/jpeg"}],"author":"Bruna Greco","twitter_card":"summary_large_image","twitter_misc":{"Written by":"Bruna Greco","Est. reading time":"3 minutos"},"schema":{"@context":"https:\/\/schema.org","@graph":[{"@type":"Article","@id":"https:\/\/www.manaus.am.gov.br\/semed\/not\u00edcias\/recuperacao\/substituicao-telhados-70-escolas\/#article","isPartOf":{"@id":"https:\/\/www.manaus.am.gov.br\/semed\/not\u00edcias\/recuperacao\/substituicao-telhados-70-escolas\/"},"author":{"name":"Bruna Greco","@id":"https:\/\/www.manaus.am.gov.br\/semed\/#\/schema\/person\/05d223aea2bf115f9883a6ff3683d81b"},"headline":"Prefeitura de Manaus\u00a0vai substituir telhados de 70\u00a0unidades da rede municipal\u00a0at\u00e9 o fim de mar\u00e7o","datePublished":"2026-03-05T20:44:02+00:00","dateModified":"2026-03-06T16:42:43+00:00","mainEntityOfPage":{"@id":"https:\/\/www.manaus.am.gov.br\/semed\/not\u00edcias\/recuperacao\/substituicao-telhados-70-escolas\/"},"wordCount":485,"publisher":{"@id":"https:\/\/www.manaus.am.gov.br\/semed\/#organization"},"image":{"@id":"https:\/\/www.manaus.am.gov.br\/semed\/not\u00edcias\/recuperacao\/substituicao-telhados-70-escolas\/#primaryimage"},"thumbnailUrl":"https:\/\/www.manaus.am.gov.br\/semed\/wp-content\/uploads\/sites\/3\/2026\/03\/WhatsApp-Image-2026-03-04-at-15.03.36.jpeg","keywords":["70\u00a0unidades da rede municipal","final de mar\u00e7o","prefeitura de manaus","semed","Substitui\u00e7\u00e3o de telhados"],"articleSection":["Recupera\u00e7\u00e3o"],"inLanguage":"pt-BR"},{"@type":"WebPage","@id":"https:\/\/www.manaus.am.gov.br\/semed\/not\u00edcias\/recuperacao\/substituicao-telhados-70-escolas\/","url":"https:\/\/www.manaus.am.gov.br\/semed\/not\u00edcias\/recuperacao\/substituicao-telhados-70-escolas\/","name":"Substitui\u00e7\u00e3o de telhados de 70 unidades da rede municipal","isPartOf":{"@id":"https:\/\/www.manaus.am.gov.br\/semed\/#website"},"primaryImageOfPage":{"@id":"https:\/\/www.manaus.am.gov.br\/semed\/not\u00edcias\/recuperacao\/substituicao-telhados-70-escolas\/#primaryimage"},"image":{"@id":"https:\/\/www.manaus.am.gov.br\/semed\/not\u00edcias\/recuperacao\/substituicao-telhados-70-escolas\/#primaryimage"},"thumbnailUrl":"https:\/\/www.manaus.am.gov.br\/semed\/wp-content\/uploads\/sites\/3\/2026\/03\/WhatsApp-Image-2026-03-04-at-15.03.36.jpeg","datePublished":"2026-03-05T20:44:02+00:00","dateModified":"2026-03-06T16:42:43+00:00","description":"Prefeitura de Manaus, por meio da Semed, vai substituir telhados de 70 unidades da rede municipal at\u00e9 o fim de mar\u00e7o.","inLanguage":"pt-BR","potentialAction":[{"@type":"ReadAction","target":["https:\/\/www.manaus.am.gov.br\/semed\/not\u00edcias\/recuperacao\/substituicao-telhados-70-escolas\/"]}]},{"@type":"ImageObject","inLanguage":"pt-BR","@id":"https:\/\/www.manaus.am.gov.br\/semed\/not\u00edcias\/recuperacao\/substituicao-telhados-70-escolas\/#primaryimage","url":"https:\/\/www.manaus.am.gov.br\/semed\/wp-content\/uploads\/sites\/3\/2026\/03\/WhatsApp-Image-2026-03-04-at-15.03.36.jpeg","contentUrl":"https:\/\/www.manaus.am.gov.br\/semed\/wp-content\/uploads\/sites\/3\/2026\/03\/WhatsApp-Image-2026-03-04-at-15.03.36.jpeg","width":1600,"height":1200,"caption":"#paratodosverem - Equipe da Semed realizando a troca de telhado em unidade escolar"},{"@type":"WebSite","@id":"https:\/\/www.manaus.am.gov.br\/semed\/#website","url":"https:\/\/www.manaus.am.gov.br\/semed\/","name":"Secretaria Municipal de Educa\u00e7\u00e3o","description":"Secretaria Municipal de Educa\u00e7\u00e3o","publisher":{"@id":"https:\/\/www.manaus.am.gov.br\/semed\/#organization"},"alternateName":"SEMED","potentialAction":[{"@type":"SearchAction","target":{"@type":"EntryPoint","urlTemplate":"https:\/\/www.manaus.am.gov.br\/semed\/?s={search_term_string}"},"query-input":"required name=search_term_string"}],"inLanguage":"pt-BR"},{"@type":"Organization","@id":"https:\/\/www.manaus.am.gov.br\/semed\/#organization","name":"Secretaria de Educa\u00e7\u00e3o","alternateName":"SEMED","url":"https:\/\/www.manaus.am.gov.br\/semed\/","logo":{"@type":"ImageObject","inLanguage":"pt-BR","@id":"https:\/\/www.manaus.am.gov.br\/semed\/#\/schema\/logo\/image\/","url":"https:\/\/www.manaus.am.gov.br\/semed\/wp-content\/uploads\/sites\/3\/2022\/11\/favicon.png","contentUrl":"https:\/\/www.manaus.am.gov.br\/semed\/wp-content\/uploads\/sites\/3\/2022\/11\/favicon.png","width":300,"height":300,"caption":"Secretaria de Educa\u00e7\u00e3o"},"image":{"@id":"https:\/\/www.manaus.am.gov.br\/semed\/#\/schema\/logo\/image\/"}},{"@type":"Person","@id":"https:\/\/www.manaus.am.gov.br\/semed\/#\/schema\/person\/05d223aea2bf115f9883a6ff3683d81b","name":"Bruna Greco","image":{"@type":"ImageObject","inLanguage":"pt-BR","@id":"https:\/\/www.manaus.am.gov.br\/semed\/#\/schema\/person\/image\/","url":"https:\/\/secure.gravatar.com\/avatar\/9c877d1a6adc2a055330e5c09a8653ce?s=96&d=mm&r=g","contentUrl":"https:\/\/secure.gravatar.com\/avatar\/9c877d1a6adc2a055330e5c09a8653ce?s=96&d=mm&r=g","caption":"Bruna Greco"}}]}},"_links":{"self":[{"href":"https:\/\/www.manaus.am.gov.br\/semed\/wp-json\/wp\/v2\/posts\/11024"}],"collection":[{"href":"https:\/\/www.manaus.am.gov.br\/semed\/wp-json\/wp\/v2\/posts"}],"about":[{"href":"https:\/\/www.manaus.am.gov.br\/semed\/wp-json\/wp\/v2\/types\/post"}],"author":[{"embeddable":true,"href":"https:\/\/www.manaus.am.gov.br\/semed\/wp-json\/wp\/v2\/users\/39"}],"replies":[{"embeddable":true,"href":"https:\/\/www.manaus.am.gov.br\/semed\/wp-json\/wp\/v2\/comments?post=11024"}],"version-history":[{"count":3,"href":"https:\/\/www.manaus.am.gov.br\/semed\/wp-json\/wp\/v2\/posts\/11024\/revisions"}],"predecessor-version":[{"id":11033,"href":"https:\/\/www.manaus.am.gov.br\/semed\/wp-json\/wp\/v2\/posts\/11024\/revisions\/11033"}],"wp:featuredmedia":[{"embeddable":true,"href":"https:\/\/www.manaus.am.gov.br\/semed\/wp-json\/wp\/v2\/media\/11025"}],"wp:attachment":[{"href":"https:\/\/www.manaus.am.gov.br\/semed\/wp-json\/wp\/v2\/media?parent=11024"}],"wp:term":[{"taxonomy":"category","embeddable":true,"href":"https:\/\/www.manaus.am.gov.br\/semed\/wp-json\/wp\/v2\/categories?post=11024"},{"taxonomy":"post_tag","embeddable":true,"href":"https:\/\/www.manaus.am.gov.br\/semed\/wp-json\/wp\/v2\/tags?post=11024"}],"curies":[{"name":"wp","href":"https:\/\/api.w.org\/{rel}","templated":true}]}}