{"id":11002,"date":"2026-03-03T16:17:50","date_gmt":"2026-03-03T20:17:50","guid":{"rendered":"https:\/\/www.manaus.am.gov.br\/semed\/not\u00edcias\/sem-categoria\/realiza-circuito-ambiental\/"},"modified":"2026-03-04T12:38:32","modified_gmt":"2026-03-04T16:38:32","slug":"realiza-circuito-ambiental","status":"publish","type":"post","link":"https:\/\/www.manaus.am.gov.br\/semed\/not\u00edcias\/educacao\/realiza-circuito-ambiental\/","title":{"rendered":"Prefeitura de Manaus realiza primeira edi\u00e7\u00e3o do circuito ambiental"},"content":{"rendered":"\n<p>Com o objetivo de ampliar a educa\u00e7\u00e3o ambiental em espa\u00e7os n\u00e3o formais, a <a href=\"https:\/\/www.manaus.am.gov.br\/\">Prefeitura de Manaus<\/a>, por meio da <a href=\"https:\/\/www.instagram.com\/semedmanaus\/\">Secretaria Municipal de Educa\u00e7\u00e3o<\/a> (Semed), realizou nesta ter\u00e7a-feira, 3\/3, a primeira edi\u00e7\u00e3o do \u201cCircuito Ambiental\u201d, no Espa\u00e7o do Conhecimento Ambiental do Manauara (Ecam), localizado na Avenida M\u00e1rio Ypiranga, no bairro Adrian\u00f3polis, com a participa\u00e7\u00e3o de estudantes do 8\u00ba ano do Ensino Fundamental da Escola Municipal Professora Francisca Pergentina, localizada no Zumbi.<\/p>\n\n\n\n<p>O ponto de partida foi a exposi\u00e7\u00e3o \u201cA Arte da Fotografia, Cultura e Literatura\u201d. Em seguida, os estudantes visitaram a horta comunit\u00e1ria instalada na Garagem 8, conheceram o processo de compostagem e finalizaram a experi\u00eancia no Buritizal, uma \u00e1rea preservada com vegeta\u00e7\u00e3o nativa localizada dentro do pr\u00f3prio shopping.<\/p>\n\n\n\n<p>O bi\u00f3logo, Marcus Pereira, que atua como guia do Ecam, explicou que o circuito ambiental desenvolvido na Cidade Ambiental \u00e9 estruturado para ampliar o conhecimento de professores e alunos por meio de experi\u00eancias pr\u00e1ticas fora da sala de aula. Ele destacou que o percurso inclui exposi\u00e7\u00e3o educativa, visita \u00e0 horta org\u00e2nica e trilha no fragmento florestal, promovendo uma imers\u00e3o na educa\u00e7\u00e3o ambiental n\u00e3o formal e demonstrando como pr\u00e1ticas sustent\u00e1veis podem ser aplicadas dentro de um espa\u00e7o urbano.<\/p>\n\n\n\n<p>\u201cAqui os alunos t\u00eam contato com plantas aliment\u00edcias n\u00e3o convencionais da Amaz\u00f4nia, como caruru, taioba e ora-pro-n\u00f3bis, al\u00e9m de conhecer esp\u00e9cies que ainda resistem, mas est\u00e3o amea\u00e7adas, como a castanheira. \u00c9 um momento de descoberta e de aproxima\u00e7\u00e3o real com a nossa biodiversidade\u201d, completa o bi\u00f3logo.<\/p>\n\n\n\n<p>A estudante, Nicolle dos Santos Teixeira, contou que a visita foi sua primeira experi\u00eancia de aprendizagem fora do ambiente escolar e destacou que a atividade despertou curiosidade e interesse ao apresentar informa\u00e7\u00f5es e esp\u00e9cies que ela ainda n\u00e3o conhecia. \u201cEu achei muito interessante porque tem plantas que a gente nem imagina que existem e acaba n\u00e3o valorizando. Tamb\u00e9m fiquei surpresa em saber que alguns animais aparecem aqui em certas \u00e9pocas. Foi uma oportunidade muito boa, quem n\u00e3o veio, perdeu\u201d, brincou ela.<\/p>\n\n\n<div class=\"wp-block-image\">\n<figure class=\"aligncenter size-large\"><img decoding=\"async\" src=\"https:\/\/www.manaus.am.gov.br\/wp-content\/uploads\/2026\/03\/Semed-Circuito-1-1024x768.jpeg\" alt=\"\" class=\"wp-image-288234\" \/><figcaption class=\"wp-element-caption\">#paratodosverem &#8211; alunos em visita a horta, ouvem explica\u00e7\u00f5es sobre o plantio<\/figcaption><\/figure><\/div>\n\n\n<p>O professor, Jos\u00e9 da Silva Sampaio, avaliou que atividades externas tornam o aprendizado mais din\u00e2mico e enriquecedor, pois proporcionam aos estudantes uma viv\u00eancia diferente da rotina tradicional de sala de aula. Ele ressaltou que essas experi\u00eancias fortalecem a compreens\u00e3o dos conte\u00fados trabalhados na escola e ampliam o olhar dos alunos sobre o pr\u00f3prio territ\u00f3rio.&nbsp;<\/p>\n\n\n\n<p>\u201cQuando eles vivenciam na pr\u00e1tica, o aprendizado ganha outro significado. Al\u00e9m disso, a visita tamb\u00e9m \u00e9 importante para n\u00f3s, professores, porque muitas vezes n\u00e3o conhecemos todas as riquezas ambientais que existem na nossa pr\u00f3pria cidade\u201d, finaliza o professor.<\/p>\n\n\n\n<p>&#8212; &#8212; &#8212;<\/p>\n\n\n\n<p><strong>Texto <\/strong>&#8211; Alexandre Abreu \/ Semed<\/p>\n\n\n\n<p><strong>Fotos<\/strong> \u2013 Divulga\u00e7\u00e3o \/ Semed<\/p>\n","protected":false},"excerpt":{"rendered":"","protected":false},"author":61,"featured_media":11003,"comment_status":"closed","ping_status":"closed","sticky":false,"template":"","format":"standard","meta":{"footnotes":""},"categories":[8],"tags":[1763,91,15,52],"acf":[],"yoast_head":"<!-- This site is optimized with the Yoast SEO plugin v23.0 - https:\/\/yoast.com\/wordpress\/plugins\/seo\/ -->\n<title>Prefeitura de Manaus realiza primeira edi\u00e7\u00e3o do circuito ambiental<\/title>\n<meta name=\"description\" content=\"Com o objetivo de ampliar a educa\u00e7\u00e3o ambiental em espa\u00e7os n\u00e3o formais, a Prefeitura de Manaus, por meio da Semed, realizou nesta ter\u00e7a-feira, 3\/3, a primeira edi\u00e7\u00e3o do \u201cCircuito Ambiental\u201d.\" \/>\n<meta name=\"robots\" content=\"index, follow, max-snippet:-1, max-image-preview:large, max-video-preview:-1\" \/>\n<link rel=\"canonical\" href=\"https:\/\/www.manaus.am.gov.br\/semed\/not\u00edcias\/educacao\/realiza-circuito-ambiental\/\" \/>\n<meta property=\"og:locale\" content=\"pt_BR\" \/>\n<meta property=\"og:type\" content=\"article\" \/>\n<meta property=\"og:title\" content=\"Prefeitura de Manaus realiza primeira edi\u00e7\u00e3o do circuito ambiental\" \/>\n<meta property=\"og:description\" content=\"Com o objetivo de ampliar a educa\u00e7\u00e3o ambiental em espa\u00e7os n\u00e3o formais, a Prefeitura de Manaus, por meio da Semed, realizou nesta ter\u00e7a-feira, 3\/3, a primeira edi\u00e7\u00e3o do \u201cCircuito Ambiental\u201d.\" \/>\n<meta property=\"og:url\" content=\"https:\/\/www.manaus.am.gov.br\/semed\/not\u00edcias\/educacao\/realiza-circuito-ambiental\/\" \/>\n<meta property=\"og:site_name\" content=\"SEMED\" \/>\n<meta property=\"article:published_time\" content=\"2026-03-03T20:17:50+00:00\" \/>\n<meta property=\"article:modified_time\" content=\"2026-03-04T16:38:32+00:00\" \/>\n<meta property=\"og:image\" content=\"https:\/\/www.manaus.am.gov.br\/semed\/wp-content\/uploads\/sites\/3\/2026\/03\/Semed-Circuito-2.jpeg\" \/>\n\t<meta property=\"og:image:width\" content=\"1280\" \/>\n\t<meta property=\"og:image:height\" content=\"960\" \/>\n\t<meta property=\"og:image:type\" content=\"image\/jpeg\" \/>\n<meta name=\"author\" content=\"smonteiro\" \/>\n<meta name=\"twitter:card\" content=\"summary_large_image\" \/>\n<meta name=\"twitter:label1\" content=\"Written by\" \/>\n\t<meta name=\"twitter:data1\" content=\"smonteiro\" \/>\n\t<meta name=\"twitter:label2\" content=\"Est. reading time\" \/>\n\t<meta name=\"twitter:data2\" content=\"3 minutos\" \/>\n<script type=\"application\/ld+json\" class=\"yoast-schema-graph\">{\"@context\":\"https:\/\/schema.org\",\"@graph\":[{\"@type\":\"Article\",\"@id\":\"https:\/\/www.manaus.am.gov.br\/semed\/not\u00edcias\/educacao\/realiza-circuito-ambiental\/#article\",\"isPartOf\":{\"@id\":\"https:\/\/www.manaus.am.gov.br\/semed\/not\u00edcias\/educacao\/realiza-circuito-ambiental\/\"},\"author\":{\"name\":\"smonteiro\",\"@id\":\"https:\/\/www.manaus.am.gov.br\/semed\/#\/schema\/person\/ab4dcf766a54dff74e8d267f5c591961\"},\"headline\":\"Prefeitura de Manaus realiza primeira edi\u00e7\u00e3o do circuito ambiental\",\"datePublished\":\"2026-03-03T20:17:50+00:00\",\"dateModified\":\"2026-03-04T16:38:32+00:00\",\"mainEntityOfPage\":{\"@id\":\"https:\/\/www.manaus.am.gov.br\/semed\/not\u00edcias\/educacao\/realiza-circuito-ambiental\/\"},\"wordCount\":500,\"publisher\":{\"@id\":\"https:\/\/www.manaus.am.gov.br\/semed\/#organization\"},\"image\":{\"@id\":\"https:\/\/www.manaus.am.gov.br\/semed\/not\u00edcias\/educacao\/realiza-circuito-ambiental\/#primaryimage\"},\"thumbnailUrl\":\"https:\/\/www.manaus.am.gov.br\/semed\/wp-content\/uploads\/sites\/3\/2026\/03\/Semed-Circuito-2.jpeg\",\"keywords\":[\"Circuito Ambiental\",\"educa\u00e7\u00e3o\",\"prefeitura de manaus\",\"semed\"],\"articleSection\":[\"Educa\u00e7\u00e3o\"],\"inLanguage\":\"pt-BR\"},{\"@type\":\"WebPage\",\"@id\":\"https:\/\/www.manaus.am.gov.br\/semed\/not\u00edcias\/educacao\/realiza-circuito-ambiental\/\",\"url\":\"https:\/\/www.manaus.am.gov.br\/semed\/not\u00edcias\/educacao\/realiza-circuito-ambiental\/\",\"name\":\"Prefeitura de Manaus realiza primeira edi\u00e7\u00e3o do circuito ambiental\",\"isPartOf\":{\"@id\":\"https:\/\/www.manaus.am.gov.br\/semed\/#website\"},\"primaryImageOfPage\":{\"@id\":\"https:\/\/www.manaus.am.gov.br\/semed\/not\u00edcias\/educacao\/realiza-circuito-ambiental\/#primaryimage\"},\"image\":{\"@id\":\"https:\/\/www.manaus.am.gov.br\/semed\/not\u00edcias\/educacao\/realiza-circuito-ambiental\/#primaryimage\"},\"thumbnailUrl\":\"https:\/\/www.manaus.am.gov.br\/semed\/wp-content\/uploads\/sites\/3\/2026\/03\/Semed-Circuito-2.jpeg\",\"datePublished\":\"2026-03-03T20:17:50+00:00\",\"dateModified\":\"2026-03-04T16:38:32+00:00\",\"description\":\"Com o objetivo de ampliar a educa\u00e7\u00e3o ambiental em espa\u00e7os n\u00e3o formais, a Prefeitura de Manaus, por meio da Semed, realizou nesta ter\u00e7a-feira, 3\/3, a primeira edi\u00e7\u00e3o do \u201cCircuito Ambiental\u201d.\",\"inLanguage\":\"pt-BR\",\"potentialAction\":[{\"@type\":\"ReadAction\",\"target\":[\"https:\/\/www.manaus.am.gov.br\/semed\/not\u00edcias\/educacao\/realiza-circuito-ambiental\/\"]}]},{\"@type\":\"ImageObject\",\"inLanguage\":\"pt-BR\",\"@id\":\"https:\/\/www.manaus.am.gov.br\/semed\/not\u00edcias\/educacao\/realiza-circuito-ambiental\/#primaryimage\",\"url\":\"https:\/\/www.manaus.am.gov.br\/semed\/wp-content\/uploads\/sites\/3\/2026\/03\/Semed-Circuito-2.jpeg\",\"contentUrl\":\"https:\/\/www.manaus.am.gov.br\/semed\/wp-content\/uploads\/sites\/3\/2026\/03\/Semed-Circuito-2.jpeg\",\"width\":1280,\"height\":960,\"caption\":\"#paratodosverem - alunos da Semed visitam horta\"},{\"@type\":\"WebSite\",\"@id\":\"https:\/\/www.manaus.am.gov.br\/semed\/#website\",\"url\":\"https:\/\/www.manaus.am.gov.br\/semed\/\",\"name\":\"Secretaria Municipal de Educa\u00e7\u00e3o\",\"description\":\"Secretaria Municipal de Educa\u00e7\u00e3o\",\"publisher\":{\"@id\":\"https:\/\/www.manaus.am.gov.br\/semed\/#organization\"},\"alternateName\":\"SEMED\",\"potentialAction\":[{\"@type\":\"SearchAction\",\"target\":{\"@type\":\"EntryPoint\",\"urlTemplate\":\"https:\/\/www.manaus.am.gov.br\/semed\/?s={search_term_string}\"},\"query-input\":\"required name=search_term_string\"}],\"inLanguage\":\"pt-BR\"},{\"@type\":\"Organization\",\"@id\":\"https:\/\/www.manaus.am.gov.br\/semed\/#organization\",\"name\":\"Secretaria de Educa\u00e7\u00e3o\",\"alternateName\":\"SEMED\",\"url\":\"https:\/\/www.manaus.am.gov.br\/semed\/\",\"logo\":{\"@type\":\"ImageObject\",\"inLanguage\":\"pt-BR\",\"@id\":\"https:\/\/www.manaus.am.gov.br\/semed\/#\/schema\/logo\/image\/\",\"url\":\"https:\/\/www.manaus.am.gov.br\/semed\/wp-content\/uploads\/sites\/3\/2022\/11\/favicon.png\",\"contentUrl\":\"https:\/\/www.manaus.am.gov.br\/semed\/wp-content\/uploads\/sites\/3\/2022\/11\/favicon.png\",\"width\":300,\"height\":300,\"caption\":\"Secretaria de Educa\u00e7\u00e3o\"},\"image\":{\"@id\":\"https:\/\/www.manaus.am.gov.br\/semed\/#\/schema\/logo\/image\/\"}},{\"@type\":\"Person\",\"@id\":\"https:\/\/www.manaus.am.gov.br\/semed\/#\/schema\/person\/ab4dcf766a54dff74e8d267f5c591961\",\"name\":\"smonteiro\",\"image\":{\"@type\":\"ImageObject\",\"inLanguage\":\"pt-BR\",\"@id\":\"https:\/\/www.manaus.am.gov.br\/semed\/#\/schema\/person\/image\/\",\"url\":\"https:\/\/secure.gravatar.com\/avatar\/21c8776ef61d9272c73322052e042d77?s=96&d=mm&r=g\",\"contentUrl\":\"https:\/\/secure.gravatar.com\/avatar\/21c8776ef61d9272c73322052e042d77?s=96&d=mm&r=g\",\"caption\":\"smonteiro\"}}]}<\/script>\n<!-- \/ Yoast SEO plugin. -->","yoast_head_json":{"title":"Prefeitura de Manaus realiza primeira edi\u00e7\u00e3o do circuito ambiental","description":"Com o objetivo de ampliar a educa\u00e7\u00e3o ambiental em espa\u00e7os n\u00e3o formais, a Prefeitura de Manaus, por meio da Semed, realizou nesta ter\u00e7a-feira, 3\/3, a primeira edi\u00e7\u00e3o do \u201cCircuito Ambiental\u201d.","robots":{"index":"index","follow":"follow","max-snippet":"max-snippet:-1","max-image-preview":"max-image-preview:large","max-video-preview":"max-video-preview:-1"},"canonical":"https:\/\/www.manaus.am.gov.br\/semed\/not\u00edcias\/educacao\/realiza-circuito-ambiental\/","og_locale":"pt_BR","og_type":"article","og_title":"Prefeitura de Manaus realiza primeira edi\u00e7\u00e3o do circuito ambiental","og_description":"Com o objetivo de ampliar a educa\u00e7\u00e3o ambiental em espa\u00e7os n\u00e3o formais, a Prefeitura de Manaus, por meio da Semed, realizou nesta ter\u00e7a-feira, 3\/3, a primeira edi\u00e7\u00e3o do \u201cCircuito Ambiental\u201d.","og_url":"https:\/\/www.manaus.am.gov.br\/semed\/not\u00edcias\/educacao\/realiza-circuito-ambiental\/","og_site_name":"SEMED","article_published_time":"2026-03-03T20:17:50+00:00","article_modified_time":"2026-03-04T16:38:32+00:00","og_image":[{"width":1280,"height":960,"url":"https:\/\/www.manaus.am.gov.br\/semed\/wp-content\/uploads\/sites\/3\/2026\/03\/Semed-Circuito-2.jpeg","type":"image\/jpeg"}],"author":"smonteiro","twitter_card":"summary_large_image","twitter_misc":{"Written by":"smonteiro","Est. reading time":"3 minutos"},"schema":{"@context":"https:\/\/schema.org","@graph":[{"@type":"Article","@id":"https:\/\/www.manaus.am.gov.br\/semed\/not\u00edcias\/educacao\/realiza-circuito-ambiental\/#article","isPartOf":{"@id":"https:\/\/www.manaus.am.gov.br\/semed\/not\u00edcias\/educacao\/realiza-circuito-ambiental\/"},"author":{"name":"smonteiro","@id":"https:\/\/www.manaus.am.gov.br\/semed\/#\/schema\/person\/ab4dcf766a54dff74e8d267f5c591961"},"headline":"Prefeitura de Manaus realiza primeira edi\u00e7\u00e3o do circuito ambiental","datePublished":"2026-03-03T20:17:50+00:00","dateModified":"2026-03-04T16:38:32+00:00","mainEntityOfPage":{"@id":"https:\/\/www.manaus.am.gov.br\/semed\/not\u00edcias\/educacao\/realiza-circuito-ambiental\/"},"wordCount":500,"publisher":{"@id":"https:\/\/www.manaus.am.gov.br\/semed\/#organization"},"image":{"@id":"https:\/\/www.manaus.am.gov.br\/semed\/not\u00edcias\/educacao\/realiza-circuito-ambiental\/#primaryimage"},"thumbnailUrl":"https:\/\/www.manaus.am.gov.br\/semed\/wp-content\/uploads\/sites\/3\/2026\/03\/Semed-Circuito-2.jpeg","keywords":["Circuito Ambiental","educa\u00e7\u00e3o","prefeitura de manaus","semed"],"articleSection":["Educa\u00e7\u00e3o"],"inLanguage":"pt-BR"},{"@type":"WebPage","@id":"https:\/\/www.manaus.am.gov.br\/semed\/not\u00edcias\/educacao\/realiza-circuito-ambiental\/","url":"https:\/\/www.manaus.am.gov.br\/semed\/not\u00edcias\/educacao\/realiza-circuito-ambiental\/","name":"Prefeitura de Manaus realiza primeira edi\u00e7\u00e3o do circuito ambiental","isPartOf":{"@id":"https:\/\/www.manaus.am.gov.br\/semed\/#website"},"primaryImageOfPage":{"@id":"https:\/\/www.manaus.am.gov.br\/semed\/not\u00edcias\/educacao\/realiza-circuito-ambiental\/#primaryimage"},"image":{"@id":"https:\/\/www.manaus.am.gov.br\/semed\/not\u00edcias\/educacao\/realiza-circuito-ambiental\/#primaryimage"},"thumbnailUrl":"https:\/\/www.manaus.am.gov.br\/semed\/wp-content\/uploads\/sites\/3\/2026\/03\/Semed-Circuito-2.jpeg","datePublished":"2026-03-03T20:17:50+00:00","dateModified":"2026-03-04T16:38:32+00:00","description":"Com o objetivo de ampliar a educa\u00e7\u00e3o ambiental em espa\u00e7os n\u00e3o formais, a Prefeitura de Manaus, por meio da Semed, realizou nesta ter\u00e7a-feira, 3\/3, a primeira edi\u00e7\u00e3o do \u201cCircuito Ambiental\u201d.","inLanguage":"pt-BR","potentialAction":[{"@type":"ReadAction","target":["https:\/\/www.manaus.am.gov.br\/semed\/not\u00edcias\/educacao\/realiza-circuito-ambiental\/"]}]},{"@type":"ImageObject","inLanguage":"pt-BR","@id":"https:\/\/www.manaus.am.gov.br\/semed\/not\u00edcias\/educacao\/realiza-circuito-ambiental\/#primaryimage","url":"https:\/\/www.manaus.am.gov.br\/semed\/wp-content\/uploads\/sites\/3\/2026\/03\/Semed-Circuito-2.jpeg","contentUrl":"https:\/\/www.manaus.am.gov.br\/semed\/wp-content\/uploads\/sites\/3\/2026\/03\/Semed-Circuito-2.jpeg","width":1280,"height":960,"caption":"#paratodosverem - alunos da Semed visitam horta"},{"@type":"WebSite","@id":"https:\/\/www.manaus.am.gov.br\/semed\/#website","url":"https:\/\/www.manaus.am.gov.br\/semed\/","name":"Secretaria Municipal de Educa\u00e7\u00e3o","description":"Secretaria Municipal de Educa\u00e7\u00e3o","publisher":{"@id":"https:\/\/www.manaus.am.gov.br\/semed\/#organization"},"alternateName":"SEMED","potentialAction":[{"@type":"SearchAction","target":{"@type":"EntryPoint","urlTemplate":"https:\/\/www.manaus.am.gov.br\/semed\/?s={search_term_string}"},"query-input":"required name=search_term_string"}],"inLanguage":"pt-BR"},{"@type":"Organization","@id":"https:\/\/www.manaus.am.gov.br\/semed\/#organization","name":"Secretaria de Educa\u00e7\u00e3o","alternateName":"SEMED","url":"https:\/\/www.manaus.am.gov.br\/semed\/","logo":{"@type":"ImageObject","inLanguage":"pt-BR","@id":"https:\/\/www.manaus.am.gov.br\/semed\/#\/schema\/logo\/image\/","url":"https:\/\/www.manaus.am.gov.br\/semed\/wp-content\/uploads\/sites\/3\/2022\/11\/favicon.png","contentUrl":"https:\/\/www.manaus.am.gov.br\/semed\/wp-content\/uploads\/sites\/3\/2022\/11\/favicon.png","width":300,"height":300,"caption":"Secretaria de Educa\u00e7\u00e3o"},"image":{"@id":"https:\/\/www.manaus.am.gov.br\/semed\/#\/schema\/logo\/image\/"}},{"@type":"Person","@id":"https:\/\/www.manaus.am.gov.br\/semed\/#\/schema\/person\/ab4dcf766a54dff74e8d267f5c591961","name":"smonteiro","image":{"@type":"ImageObject","inLanguage":"pt-BR","@id":"https:\/\/www.manaus.am.gov.br\/semed\/#\/schema\/person\/image\/","url":"https:\/\/secure.gravatar.com\/avatar\/21c8776ef61d9272c73322052e042d77?s=96&d=mm&r=g","contentUrl":"https:\/\/secure.gravatar.com\/avatar\/21c8776ef61d9272c73322052e042d77?s=96&d=mm&r=g","caption":"smonteiro"}}]}},"_links":{"self":[{"href":"https:\/\/www.manaus.am.gov.br\/semed\/wp-json\/wp\/v2\/posts\/11002"}],"collection":[{"href":"https:\/\/www.manaus.am.gov.br\/semed\/wp-json\/wp\/v2\/posts"}],"about":[{"href":"https:\/\/www.manaus.am.gov.br\/semed\/wp-json\/wp\/v2\/types\/post"}],"author":[{"embeddable":true,"href":"https:\/\/www.manaus.am.gov.br\/semed\/wp-json\/wp\/v2\/users\/61"}],"replies":[{"embeddable":true,"href":"https:\/\/www.manaus.am.gov.br\/semed\/wp-json\/wp\/v2\/comments?post=11002"}],"version-history":[{"count":1,"href":"https:\/\/www.manaus.am.gov.br\/semed\/wp-json\/wp\/v2\/posts\/11002\/revisions"}],"predecessor-version":[{"id":11006,"href":"https:\/\/www.manaus.am.gov.br\/semed\/wp-json\/wp\/v2\/posts\/11002\/revisions\/11006"}],"wp:featuredmedia":[{"embeddable":true,"href":"https:\/\/www.manaus.am.gov.br\/semed\/wp-json\/wp\/v2\/media\/11003"}],"wp:attachment":[{"href":"https:\/\/www.manaus.am.gov.br\/semed\/wp-json\/wp\/v2\/media?parent=11002"}],"wp:term":[{"taxonomy":"category","embeddable":true,"href":"https:\/\/www.manaus.am.gov.br\/semed\/wp-json\/wp\/v2\/categories?post=11002"},{"taxonomy":"post_tag","embeddable":true,"href":"https:\/\/www.manaus.am.gov.br\/semed\/wp-json\/wp\/v2\/tags?post=11002"}],"curies":[{"name":"wp","href":"https:\/\/api.w.org\/{rel}","templated":true}]}}