{"id":10739,"date":"2026-01-23T18:15:20","date_gmt":"2026-01-23T22:15:20","guid":{"rendered":"https:\/\/www.manaus.am.gov.br\/semed\/not\u00edcias\/sem-categoria\/programacao-colonia-de-ferias\/"},"modified":"2026-01-26T11:57:22","modified_gmt":"2026-01-26T15:57:22","slug":"programacao-colonia-de-ferias","status":"publish","type":"post","link":"https:\/\/www.manaus.am.gov.br\/semed\/not\u00edcias\/atividades\/programacao-colonia-de-ferias\/","title":{"rendered":"Prefeitura de Manaus oferece oficina de Kung Fu e Yoga Kids na programa\u00e7\u00e3o da col\u00f4nia de f\u00e9rias \u2018No Quintal do Parque\u2019"},"content":{"rendered":"\n<p>Cerca de 40 crian\u00e7as participaram das oficinas realizadas nesta sexta-feira, 23\/1, na col\u00f4nia de f\u00e9rias \u201cNo Quintal do Parque\u201d, realizada pela <a href=\"https:\/\/www.instagram.com\/prefeiturademanaus\/\">Prefeitura de Manaus<\/a>, por meio da <a href=\"https:\/\/www.manaus.am.gov.br\/\">Secretaria Municipal de Educa\u00e7\u00e3o<\/a> <a href=\"https:\/\/www.manaus.am.gov.br\/\">(Semed),<\/a> no parque Cidade da Crian\u00e7a, localizado no bairro Aleixo, zona Centro-Sul da capital. A programa\u00e7\u00e3o contou com as oficinas de Kung Fu e Yoga Kids.\u00a0<\/p>\n\n\n\n<p>O diretor do parque Cidade da Crian\u00e7a, Thiago Nogueira, explicou que as oficinas realizadas nesta sexta-feira integram o conte\u00fado curricular das escolas da rede municipal de ensino e contribuem para o desenvolvimento f\u00edsico e emocional das crian\u00e7as.<\/p>\n\n\n\n<p>\u201cAs artes marciais e as modalidades de combate fazem parte da Base Nacional Comum Curricular, por isso tamb\u00e9m est\u00e3o presentes na programa\u00e7\u00e3o. Al\u00e9m disso, trouxemos o Yoga Kids, que ajuda a crian\u00e7a a desenvolver a consci\u00eancia corporal, o equil\u00edbrio emocional e outros aspectos importantes. Vale destacar que todas as atividades da col\u00f4nia de f\u00e9rias trabalham a psicomotricidade, a coordena\u00e7\u00e3o motora fina, o equil\u00edbrio e a lateralidade das crian\u00e7as\u201d, afirmou Thiago.<\/p>\n\n\n\n<figure class=\"wp-block-image size-large\"><img loading=\"lazy\" decoding=\"async\" width=\"1024\" height=\"576\" src=\"https:\/\/www.manaus.am.gov.br\/semed\/wp-content\/uploads\/sites\/3\/2026\/01\/WhatsApp-Image-2026-01-23-at-17.05.20-1024x576.jpeg\" alt=\"\" class=\"wp-image-10740\" srcset=\"https:\/\/www.manaus.am.gov.br\/semed\/wp-content\/uploads\/sites\/3\/2026\/01\/WhatsApp-Image-2026-01-23-at-17.05.20-1024x576.jpeg 1024w, https:\/\/www.manaus.am.gov.br\/semed\/wp-content\/uploads\/sites\/3\/2026\/01\/WhatsApp-Image-2026-01-23-at-17.05.20-300x169.jpeg 300w, https:\/\/www.manaus.am.gov.br\/semed\/wp-content\/uploads\/sites\/3\/2026\/01\/WhatsApp-Image-2026-01-23-at-17.05.20-768x432.jpeg 768w, https:\/\/www.manaus.am.gov.br\/semed\/wp-content\/uploads\/sites\/3\/2026\/01\/WhatsApp-Image-2026-01-23-at-17.05.20.jpeg 1280w\" sizes=\"(max-width: 1024px) 100vw, 1024px\" \/><figcaption class=\"wp-element-caption\">#paratodosverem &#8211; Instrutora da oficina Yoga Kids e crian\u00e7as durante alongamento<\/figcaption><\/figure>\n\n\n\n<p>Segundo o instrutor de Kung Fu, T\u00falio Oliveira, respons\u00e1vel pela oficina, a coordena\u00e7\u00e3o da col\u00f4nia de f\u00e9rias acertou ao incluir a arte marcial na programa\u00e7\u00e3o para as crian\u00e7as. Com mais de 10 anos de experi\u00eancia na modalidade, ele destaca que o Kung Fu vai al\u00e9m da luta.<\/p>\n\n\n\n<p>\u201cTrabalho com Kung Fu h\u00e1 mais de 10 anos e, desde 2024, dou aulas para crian\u00e7as. Essa arte marcial \u00e9 muito importante na inf\u00e2ncia, porque ajuda na sa\u00fade, ensina disciplina, respeito e valores para a vida. Por isso, foi uma escolha muito acertada colocar o Kung Fu na programa\u00e7\u00e3o\u201d, afirmou.<\/p>\n\n\n\n<p>Os irm\u00e3os Thiago Andrade, de 9 anos, Lucas Andrade, de 5, e Felipe Gabriel, de 11 anos, participaram da oficina de Kung Fu e demonstraram entusiasmo com a atividade. A m\u00e3e das crian\u00e7as, a dona de casa Lorena Andrade, destacou a alegria dos filhos durante a programa\u00e7\u00e3o da col\u00f4nia de f\u00e9rias.<\/p>\n\n\n\n<p>\u201cMeus filhos est\u00e3o adorando a oficina, d\u00e1 para ver a felicidade deles. A col\u00f4nia est\u00e1 de parab\u00e9ns, porque oferece muitas atividades diferentes do dia a dia das crian\u00e7as, tudo de forma gratuita e em um espa\u00e7o bem estruturado. \u00c9 \u00f3timo para eles\u201d, afirmou Lorena.<\/p>\n\n\n\n<p>&nbsp;<br>&#8212; &#8212; &#8212;<br><strong>Texto &#8211;<\/strong>&nbsp; Emerson Santos\/Semed<br><strong>Fotos &#8211;<\/strong> Divulga\u00e7\u00e3o\/Semed<\/p>\n","protected":false},"excerpt":{"rendered":"","protected":false},"author":68,"featured_media":10741,"comment_status":"closed","ping_status":"closed","sticky":false,"template":"","format":"standard","meta":{"footnotes":""},"categories":[41],"tags":[2741,15,2742,52],"acf":[],"yoast_head":"<!-- This site is optimized with the Yoast SEO plugin v23.0 - https:\/\/yoast.com\/wordpress\/plugins\/seo\/ -->\n<title>Prefeitura de Manaus oferece oficina de Kung Fu e Yoga Kids<\/title>\n<meta name=\"description\" content=\"Cerca de 40 crian\u00e7as participaram das oficinas realizadas nesta sexta-feira, 23\/1, na col\u00f4nia de f\u00e9rias \u201cNo Quintal do Parque\u201d.\" \/>\n<meta name=\"robots\" content=\"index, follow, max-snippet:-1, max-image-preview:large, max-video-preview:-1\" \/>\n<link rel=\"canonical\" href=\"https:\/\/www.manaus.am.gov.br\/semed\/not\u00edcias\/atividades\/programacao-colonia-de-ferias\/\" \/>\n<meta property=\"og:locale\" content=\"pt_BR\" \/>\n<meta property=\"og:type\" content=\"article\" \/>\n<meta property=\"og:title\" content=\"Prefeitura de Manaus oferece oficina de Kung Fu e Yoga Kids\" \/>\n<meta property=\"og:description\" content=\"Cerca de 40 crian\u00e7as participaram das oficinas realizadas nesta sexta-feira, 23\/1, na col\u00f4nia de f\u00e9rias \u201cNo Quintal do Parque\u201d.\" \/>\n<meta property=\"og:url\" content=\"https:\/\/www.manaus.am.gov.br\/semed\/not\u00edcias\/atividades\/programacao-colonia-de-ferias\/\" \/>\n<meta property=\"og:site_name\" content=\"SEMED\" \/>\n<meta property=\"article:published_time\" content=\"2026-01-23T22:15:20+00:00\" \/>\n<meta property=\"article:modified_time\" content=\"2026-01-26T15:57:22+00:00\" \/>\n<meta property=\"og:image\" content=\"https:\/\/www.manaus.am.gov.br\/semed\/wp-content\/uploads\/sites\/3\/2026\/01\/WhatsApp-Image-2026-01-23-at-18.52.48.jpeg\" \/>\n\t<meta property=\"og:image:width\" content=\"1600\" \/>\n\t<meta property=\"og:image:height\" content=\"900\" \/>\n\t<meta property=\"og:image:type\" content=\"image\/jpeg\" \/>\n<meta name=\"author\" content=\"bvalente\" \/>\n<meta name=\"twitter:card\" content=\"summary_large_image\" \/>\n<meta name=\"twitter:label1\" content=\"Written by\" \/>\n\t<meta name=\"twitter:data1\" content=\"bvalente\" \/>\n\t<meta name=\"twitter:label2\" content=\"Est. reading time\" \/>\n\t<meta name=\"twitter:data2\" content=\"3 minutos\" \/>\n<script type=\"application\/ld+json\" class=\"yoast-schema-graph\">{\"@context\":\"https:\/\/schema.org\",\"@graph\":[{\"@type\":\"Article\",\"@id\":\"https:\/\/www.manaus.am.gov.br\/semed\/not\u00edcias\/atividades\/programacao-colonia-de-ferias\/#article\",\"isPartOf\":{\"@id\":\"https:\/\/www.manaus.am.gov.br\/semed\/not\u00edcias\/atividades\/programacao-colonia-de-ferias\/\"},\"author\":{\"name\":\"bvalente\",\"@id\":\"https:\/\/www.manaus.am.gov.br\/semed\/#\/schema\/person\/466a0e03ae4b6062809046bd560ac955\"},\"headline\":\"Prefeitura de Manaus oferece oficina de Kung Fu e Yoga Kids na programa\u00e7\u00e3o da col\u00f4nia de f\u00e9rias \u2018No Quintal do Parque\u2019\",\"datePublished\":\"2026-01-23T22:15:20+00:00\",\"dateModified\":\"2026-01-26T15:57:22+00:00\",\"mainEntityOfPage\":{\"@id\":\"https:\/\/www.manaus.am.gov.br\/semed\/not\u00edcias\/atividades\/programacao-colonia-de-ferias\/\"},\"wordCount\":443,\"publisher\":{\"@id\":\"https:\/\/www.manaus.am.gov.br\/semed\/#organization\"},\"image\":{\"@id\":\"https:\/\/www.manaus.am.gov.br\/semed\/not\u00edcias\/atividades\/programacao-colonia-de-ferias\/#primaryimage\"},\"thumbnailUrl\":\"https:\/\/www.manaus.am.gov.br\/semed\/wp-content\/uploads\/sites\/3\/2026\/01\/WhatsApp-Image-2026-01-23-at-18.52.48.jpeg\",\"keywords\":[\"col\u00f4nia de f\u00e9rias \u201cNo Quintal do Parque\u201d\",\"prefeitura de manaus\",\"programa\u00e7\u00e3o col\u00f4nia de f\u00e9rias\",\"semed\"],\"articleSection\":[\"Atividades\"],\"inLanguage\":\"pt-BR\"},{\"@type\":\"WebPage\",\"@id\":\"https:\/\/www.manaus.am.gov.br\/semed\/not\u00edcias\/atividades\/programacao-colonia-de-ferias\/\",\"url\":\"https:\/\/www.manaus.am.gov.br\/semed\/not\u00edcias\/atividades\/programacao-colonia-de-ferias\/\",\"name\":\"Prefeitura de Manaus oferece oficina de Kung Fu e Yoga Kids\",\"isPartOf\":{\"@id\":\"https:\/\/www.manaus.am.gov.br\/semed\/#website\"},\"primaryImageOfPage\":{\"@id\":\"https:\/\/www.manaus.am.gov.br\/semed\/not\u00edcias\/atividades\/programacao-colonia-de-ferias\/#primaryimage\"},\"image\":{\"@id\":\"https:\/\/www.manaus.am.gov.br\/semed\/not\u00edcias\/atividades\/programacao-colonia-de-ferias\/#primaryimage\"},\"thumbnailUrl\":\"https:\/\/www.manaus.am.gov.br\/semed\/wp-content\/uploads\/sites\/3\/2026\/01\/WhatsApp-Image-2026-01-23-at-18.52.48.jpeg\",\"datePublished\":\"2026-01-23T22:15:20+00:00\",\"dateModified\":\"2026-01-26T15:57:22+00:00\",\"description\":\"Cerca de 40 crian\u00e7as participaram das oficinas realizadas nesta sexta-feira, 23\/1, na col\u00f4nia de f\u00e9rias \u201cNo Quintal do Parque\u201d.\",\"inLanguage\":\"pt-BR\",\"potentialAction\":[{\"@type\":\"ReadAction\",\"target\":[\"https:\/\/www.manaus.am.gov.br\/semed\/not\u00edcias\/atividades\/programacao-colonia-de-ferias\/\"]}]},{\"@type\":\"ImageObject\",\"inLanguage\":\"pt-BR\",\"@id\":\"https:\/\/www.manaus.am.gov.br\/semed\/not\u00edcias\/atividades\/programacao-colonia-de-ferias\/#primaryimage\",\"url\":\"https:\/\/www.manaus.am.gov.br\/semed\/wp-content\/uploads\/sites\/3\/2026\/01\/WhatsApp-Image-2026-01-23-at-18.52.48.jpeg\",\"contentUrl\":\"https:\/\/www.manaus.am.gov.br\/semed\/wp-content\/uploads\/sites\/3\/2026\/01\/WhatsApp-Image-2026-01-23-at-18.52.48.jpeg\",\"width\":1600,\"height\":900,\"caption\":\"#paratodosverem - Instrutor de Kung Fu, T\u00falio Oliveira, durante oficina com crian\u00e7as\"},{\"@type\":\"WebSite\",\"@id\":\"https:\/\/www.manaus.am.gov.br\/semed\/#website\",\"url\":\"https:\/\/www.manaus.am.gov.br\/semed\/\",\"name\":\"Secretaria Municipal de Educa\u00e7\u00e3o\",\"description\":\"Secretaria Municipal de Educa\u00e7\u00e3o\",\"publisher\":{\"@id\":\"https:\/\/www.manaus.am.gov.br\/semed\/#organization\"},\"alternateName\":\"SEMED\",\"potentialAction\":[{\"@type\":\"SearchAction\",\"target\":{\"@type\":\"EntryPoint\",\"urlTemplate\":\"https:\/\/www.manaus.am.gov.br\/semed\/?s={search_term_string}\"},\"query-input\":\"required name=search_term_string\"}],\"inLanguage\":\"pt-BR\"},{\"@type\":\"Organization\",\"@id\":\"https:\/\/www.manaus.am.gov.br\/semed\/#organization\",\"name\":\"Secretaria de Educa\u00e7\u00e3o\",\"alternateName\":\"SEMED\",\"url\":\"https:\/\/www.manaus.am.gov.br\/semed\/\",\"logo\":{\"@type\":\"ImageObject\",\"inLanguage\":\"pt-BR\",\"@id\":\"https:\/\/www.manaus.am.gov.br\/semed\/#\/schema\/logo\/image\/\",\"url\":\"https:\/\/www.manaus.am.gov.br\/semed\/wp-content\/uploads\/sites\/3\/2022\/11\/favicon.png\",\"contentUrl\":\"https:\/\/www.manaus.am.gov.br\/semed\/wp-content\/uploads\/sites\/3\/2022\/11\/favicon.png\",\"width\":300,\"height\":300,\"caption\":\"Secretaria de Educa\u00e7\u00e3o\"},\"image\":{\"@id\":\"https:\/\/www.manaus.am.gov.br\/semed\/#\/schema\/logo\/image\/\"}},{\"@type\":\"Person\",\"@id\":\"https:\/\/www.manaus.am.gov.br\/semed\/#\/schema\/person\/466a0e03ae4b6062809046bd560ac955\",\"name\":\"bvalente\",\"image\":{\"@type\":\"ImageObject\",\"inLanguage\":\"pt-BR\",\"@id\":\"https:\/\/www.manaus.am.gov.br\/semed\/#\/schema\/person\/image\/\",\"url\":\"https:\/\/secure.gravatar.com\/avatar\/3e69bc2b014bdad41adfec3a39de07d2?s=96&d=mm&r=g\",\"contentUrl\":\"https:\/\/secure.gravatar.com\/avatar\/3e69bc2b014bdad41adfec3a39de07d2?s=96&d=mm&r=g\",\"caption\":\"bvalente\"}}]}<\/script>\n<!-- \/ Yoast SEO plugin. -->","yoast_head_json":{"title":"Prefeitura de Manaus oferece oficina de Kung Fu e Yoga Kids","description":"Cerca de 40 crian\u00e7as participaram das oficinas realizadas nesta sexta-feira, 23\/1, na col\u00f4nia de f\u00e9rias \u201cNo Quintal do Parque\u201d.","robots":{"index":"index","follow":"follow","max-snippet":"max-snippet:-1","max-image-preview":"max-image-preview:large","max-video-preview":"max-video-preview:-1"},"canonical":"https:\/\/www.manaus.am.gov.br\/semed\/not\u00edcias\/atividades\/programacao-colonia-de-ferias\/","og_locale":"pt_BR","og_type":"article","og_title":"Prefeitura de Manaus oferece oficina de Kung Fu e Yoga Kids","og_description":"Cerca de 40 crian\u00e7as participaram das oficinas realizadas nesta sexta-feira, 23\/1, na col\u00f4nia de f\u00e9rias \u201cNo Quintal do Parque\u201d.","og_url":"https:\/\/www.manaus.am.gov.br\/semed\/not\u00edcias\/atividades\/programacao-colonia-de-ferias\/","og_site_name":"SEMED","article_published_time":"2026-01-23T22:15:20+00:00","article_modified_time":"2026-01-26T15:57:22+00:00","og_image":[{"width":1600,"height":900,"url":"https:\/\/www.manaus.am.gov.br\/semed\/wp-content\/uploads\/sites\/3\/2026\/01\/WhatsApp-Image-2026-01-23-at-18.52.48.jpeg","type":"image\/jpeg"}],"author":"bvalente","twitter_card":"summary_large_image","twitter_misc":{"Written by":"bvalente","Est. reading time":"3 minutos"},"schema":{"@context":"https:\/\/schema.org","@graph":[{"@type":"Article","@id":"https:\/\/www.manaus.am.gov.br\/semed\/not\u00edcias\/atividades\/programacao-colonia-de-ferias\/#article","isPartOf":{"@id":"https:\/\/www.manaus.am.gov.br\/semed\/not\u00edcias\/atividades\/programacao-colonia-de-ferias\/"},"author":{"name":"bvalente","@id":"https:\/\/www.manaus.am.gov.br\/semed\/#\/schema\/person\/466a0e03ae4b6062809046bd560ac955"},"headline":"Prefeitura de Manaus oferece oficina de Kung Fu e Yoga Kids na programa\u00e7\u00e3o da col\u00f4nia de f\u00e9rias \u2018No Quintal do Parque\u2019","datePublished":"2026-01-23T22:15:20+00:00","dateModified":"2026-01-26T15:57:22+00:00","mainEntityOfPage":{"@id":"https:\/\/www.manaus.am.gov.br\/semed\/not\u00edcias\/atividades\/programacao-colonia-de-ferias\/"},"wordCount":443,"publisher":{"@id":"https:\/\/www.manaus.am.gov.br\/semed\/#organization"},"image":{"@id":"https:\/\/www.manaus.am.gov.br\/semed\/not\u00edcias\/atividades\/programacao-colonia-de-ferias\/#primaryimage"},"thumbnailUrl":"https:\/\/www.manaus.am.gov.br\/semed\/wp-content\/uploads\/sites\/3\/2026\/01\/WhatsApp-Image-2026-01-23-at-18.52.48.jpeg","keywords":["col\u00f4nia de f\u00e9rias \u201cNo Quintal do Parque\u201d","prefeitura de manaus","programa\u00e7\u00e3o col\u00f4nia de f\u00e9rias","semed"],"articleSection":["Atividades"],"inLanguage":"pt-BR"},{"@type":"WebPage","@id":"https:\/\/www.manaus.am.gov.br\/semed\/not\u00edcias\/atividades\/programacao-colonia-de-ferias\/","url":"https:\/\/www.manaus.am.gov.br\/semed\/not\u00edcias\/atividades\/programacao-colonia-de-ferias\/","name":"Prefeitura de Manaus oferece oficina de Kung Fu e Yoga Kids","isPartOf":{"@id":"https:\/\/www.manaus.am.gov.br\/semed\/#website"},"primaryImageOfPage":{"@id":"https:\/\/www.manaus.am.gov.br\/semed\/not\u00edcias\/atividades\/programacao-colonia-de-ferias\/#primaryimage"},"image":{"@id":"https:\/\/www.manaus.am.gov.br\/semed\/not\u00edcias\/atividades\/programacao-colonia-de-ferias\/#primaryimage"},"thumbnailUrl":"https:\/\/www.manaus.am.gov.br\/semed\/wp-content\/uploads\/sites\/3\/2026\/01\/WhatsApp-Image-2026-01-23-at-18.52.48.jpeg","datePublished":"2026-01-23T22:15:20+00:00","dateModified":"2026-01-26T15:57:22+00:00","description":"Cerca de 40 crian\u00e7as participaram das oficinas realizadas nesta sexta-feira, 23\/1, na col\u00f4nia de f\u00e9rias \u201cNo Quintal do Parque\u201d.","inLanguage":"pt-BR","potentialAction":[{"@type":"ReadAction","target":["https:\/\/www.manaus.am.gov.br\/semed\/not\u00edcias\/atividades\/programacao-colonia-de-ferias\/"]}]},{"@type":"ImageObject","inLanguage":"pt-BR","@id":"https:\/\/www.manaus.am.gov.br\/semed\/not\u00edcias\/atividades\/programacao-colonia-de-ferias\/#primaryimage","url":"https:\/\/www.manaus.am.gov.br\/semed\/wp-content\/uploads\/sites\/3\/2026\/01\/WhatsApp-Image-2026-01-23-at-18.52.48.jpeg","contentUrl":"https:\/\/www.manaus.am.gov.br\/semed\/wp-content\/uploads\/sites\/3\/2026\/01\/WhatsApp-Image-2026-01-23-at-18.52.48.jpeg","width":1600,"height":900,"caption":"#paratodosverem - Instrutor de Kung Fu, T\u00falio Oliveira, durante oficina com crian\u00e7as"},{"@type":"WebSite","@id":"https:\/\/www.manaus.am.gov.br\/semed\/#website","url":"https:\/\/www.manaus.am.gov.br\/semed\/","name":"Secretaria Municipal de Educa\u00e7\u00e3o","description":"Secretaria Municipal de Educa\u00e7\u00e3o","publisher":{"@id":"https:\/\/www.manaus.am.gov.br\/semed\/#organization"},"alternateName":"SEMED","potentialAction":[{"@type":"SearchAction","target":{"@type":"EntryPoint","urlTemplate":"https:\/\/www.manaus.am.gov.br\/semed\/?s={search_term_string}"},"query-input":"required name=search_term_string"}],"inLanguage":"pt-BR"},{"@type":"Organization","@id":"https:\/\/www.manaus.am.gov.br\/semed\/#organization","name":"Secretaria de Educa\u00e7\u00e3o","alternateName":"SEMED","url":"https:\/\/www.manaus.am.gov.br\/semed\/","logo":{"@type":"ImageObject","inLanguage":"pt-BR","@id":"https:\/\/www.manaus.am.gov.br\/semed\/#\/schema\/logo\/image\/","url":"https:\/\/www.manaus.am.gov.br\/semed\/wp-content\/uploads\/sites\/3\/2022\/11\/favicon.png","contentUrl":"https:\/\/www.manaus.am.gov.br\/semed\/wp-content\/uploads\/sites\/3\/2022\/11\/favicon.png","width":300,"height":300,"caption":"Secretaria de Educa\u00e7\u00e3o"},"image":{"@id":"https:\/\/www.manaus.am.gov.br\/semed\/#\/schema\/logo\/image\/"}},{"@type":"Person","@id":"https:\/\/www.manaus.am.gov.br\/semed\/#\/schema\/person\/466a0e03ae4b6062809046bd560ac955","name":"bvalente","image":{"@type":"ImageObject","inLanguage":"pt-BR","@id":"https:\/\/www.manaus.am.gov.br\/semed\/#\/schema\/person\/image\/","url":"https:\/\/secure.gravatar.com\/avatar\/3e69bc2b014bdad41adfec3a39de07d2?s=96&d=mm&r=g","contentUrl":"https:\/\/secure.gravatar.com\/avatar\/3e69bc2b014bdad41adfec3a39de07d2?s=96&d=mm&r=g","caption":"bvalente"}}]}},"_links":{"self":[{"href":"https:\/\/www.manaus.am.gov.br\/semed\/wp-json\/wp\/v2\/posts\/10739"}],"collection":[{"href":"https:\/\/www.manaus.am.gov.br\/semed\/wp-json\/wp\/v2\/posts"}],"about":[{"href":"https:\/\/www.manaus.am.gov.br\/semed\/wp-json\/wp\/v2\/types\/post"}],"author":[{"embeddable":true,"href":"https:\/\/www.manaus.am.gov.br\/semed\/wp-json\/wp\/v2\/users\/68"}],"replies":[{"embeddable":true,"href":"https:\/\/www.manaus.am.gov.br\/semed\/wp-json\/wp\/v2\/comments?post=10739"}],"version-history":[{"count":3,"href":"https:\/\/www.manaus.am.gov.br\/semed\/wp-json\/wp\/v2\/posts\/10739\/revisions"}],"predecessor-version":[{"id":10753,"href":"https:\/\/www.manaus.am.gov.br\/semed\/wp-json\/wp\/v2\/posts\/10739\/revisions\/10753"}],"wp:featuredmedia":[{"embeddable":true,"href":"https:\/\/www.manaus.am.gov.br\/semed\/wp-json\/wp\/v2\/media\/10741"}],"wp:attachment":[{"href":"https:\/\/www.manaus.am.gov.br\/semed\/wp-json\/wp\/v2\/media?parent=10739"}],"wp:term":[{"taxonomy":"category","embeddable":true,"href":"https:\/\/www.manaus.am.gov.br\/semed\/wp-json\/wp\/v2\/categories?post=10739"},{"taxonomy":"post_tag","embeddable":true,"href":"https:\/\/www.manaus.am.gov.br\/semed\/wp-json\/wp\/v2\/tags?post=10739"}],"curies":[{"name":"wp","href":"https:\/\/api.w.org\/{rel}","templated":true}]}}