{"id":10615,"date":"2026-01-15T11:42:12","date_gmt":"2026-01-15T15:42:12","guid":{"rendered":"https:\/\/www.manaus.am.gov.br\/semed\/not\u00edcias\/sem-categoria\/matriculas-novos-alunos-semed-16-1\/"},"modified":"2026-01-15T11:42:14","modified_gmt":"2026-01-15T15:42:14","slug":"matriculas-novos-alunos-semed-16-1","status":"publish","type":"post","link":"https:\/\/www.manaus.am.gov.br\/semed\/not\u00edcias\/inscricoes\/matriculas-novos-alunos-semed-16-1\/","title":{"rendered":"Prefeitura de Manaus inicia matr\u00edculas para novos alunos da rede municipal nesta sexta-feira, 16\/1"},"content":{"rendered":"\n<p>Com 87.942 novas vagas para 2026, a Prefeitura de Manaus, por meio da Secretaria Municipal de Educa\u00e7\u00e3o (Semed), inicia, nesta sexta-feira, 16\/1, o per\u00edodo de matr\u00edculas para novos alunos da rede municipal. O procedimento deve ser realizado de forma on-line, no site oficial de matr\u00edcula&nbsp;<a href=\"http:\/\/www.matriculas.am.gov.br\/\" target=\"_blank\" rel=\"noreferrer noopener\">www.matriculas.am.gov.br<\/a>&nbsp;ou de forma presencial em qualquer unidade de ensino municipal. O per\u00edodo de inscri\u00e7\u00e3o vai at\u00e9 a pr\u00f3xima ter\u00e7a-feira, 20\/1.<\/p>\n\n\n\n<p>O processo contempla estudantes que ainda n\u00e3o possuem v\u00ednculo com a rede municipal de ensino, abrangendo a educa\u00e7\u00e3o infantil, ensino fundamental e a Educa\u00e7\u00e3o de Jovens e Adultos (EJA).<\/p>\n\n\n\n<p>De acordo com o secret\u00e1rio municipal de Educa\u00e7\u00e3o, J\u00fanior Mar, o processo \u00e9 essencial para garantir o acesso \u00e0 educa\u00e7\u00e3o p\u00fablica e fortalecer a pol\u00edtica educacional da Semed. \u201cAs matr\u00edculas para novos alunos representam uma etapa fundamental para ampliar o acesso \u00e0 rede municipal, assegurando o direito \u00e0 educa\u00e7\u00e3o e promovendo inclus\u00e3o social\u201d, destacou.<\/p>\n\n\n\n<p><strong>Atendimento nas escolas<\/strong><\/p>\n\n\n\n<p>Na plataforma, pais, respons\u00e1veis ou os pr\u00f3prios alunos t\u00eam acesso \u00e0s orienta\u00e7\u00f5es, aos documentos exigidos e ao passo a passo para a inscri\u00e7\u00e3o. Al\u00e9m do atendimento on-line, todas as escolas da rede municipal de Manaus estar\u00e3o abertas para atender o p\u00fablico que n\u00e3o possui acesso \u00e0 internet.<\/p>\n\n\n\n<p>A Semed refor\u00e7a a import\u00e2ncia de ficar atento aos prazos, \u00e0s informa\u00e7\u00f5es corretas no cadastro e \u00e0 escolha da unidade escolar, respeitando a disponibilidade de vagas. Ap\u00f3s a inscri\u00e7\u00e3o, os respons\u00e1veis devem acompanhar o resultado e as orienta\u00e7\u00f5es para a confirma\u00e7\u00e3o da matr\u00edcula presencial na escola designada.<\/p>\n\n\n\n<p>&#8212; &#8212; &#8212;<\/p>\n\n\n\n<p><strong>Texto<\/strong>&nbsp;&#8211; Thalia Rodrigues\/Semed<\/p>\n\n\n\n<p><strong>Foto \u2013 <\/strong>M\u00e1rio Oliveira\/Arquivo Semed<\/p>\n","protected":false},"excerpt":{"rendered":"","protected":false},"author":39,"featured_media":10616,"comment_status":"closed","ping_status":"closed","sticky":false,"template":"","format":"standard","meta":{"footnotes":""},"categories":[388],"tags":[2713,2714,2715,15,52],"acf":[],"yoast_head":"<!-- This site is optimized with the Yoast SEO plugin v23.0 - https:\/\/yoast.com\/wordpress\/plugins\/seo\/ -->\n<title>Matr\u00edculas para novos alunos da rede municipal nesta sexta-feira, 16\/1<\/title>\n<meta name=\"description\" content=\"Prefeitura de Manaus, por meio da Semed, inicia matr\u00edculas para novos alunos da rede municipal nesta sexta-feira, 16\/1.\" \/>\n<meta name=\"robots\" content=\"index, follow, max-snippet:-1, max-image-preview:large, max-video-preview:-1\" \/>\n<link rel=\"canonical\" href=\"https:\/\/www.manaus.am.gov.br\/semed\/not\u00edcias\/inscricoes\/matriculas-novos-alunos-semed-16-1\/\" \/>\n<meta property=\"og:locale\" content=\"pt_BR\" \/>\n<meta property=\"og:type\" content=\"article\" \/>\n<meta property=\"og:title\" content=\"Matr\u00edculas para novos alunos da rede municipal nesta sexta-feira, 16\/1\" \/>\n<meta property=\"og:description\" content=\"Prefeitura de Manaus, por meio da Semed, inicia matr\u00edculas para novos alunos da rede municipal nesta sexta-feira, 16\/1.\" \/>\n<meta property=\"og:url\" content=\"https:\/\/www.manaus.am.gov.br\/semed\/not\u00edcias\/inscricoes\/matriculas-novos-alunos-semed-16-1\/\" \/>\n<meta property=\"og:site_name\" content=\"SEMED\" \/>\n<meta property=\"article:published_time\" content=\"2026-01-15T15:42:12+00:00\" \/>\n<meta property=\"article:modified_time\" content=\"2026-01-15T15:42:14+00:00\" \/>\n<meta property=\"og:image\" content=\"https:\/\/www.manaus.am.gov.br\/semed\/wp-content\/uploads\/sites\/3\/2026\/01\/WhatsApp-Image-2026-01-15-at-11.36.37.jpeg\" \/>\n\t<meta property=\"og:image:width\" content=\"1066\" \/>\n\t<meta property=\"og:image:height\" content=\"1199\" \/>\n\t<meta property=\"og:image:type\" content=\"image\/jpeg\" \/>\n<meta name=\"author\" content=\"Bruna Greco\" \/>\n<meta name=\"twitter:card\" content=\"summary_large_image\" \/>\n<meta name=\"twitter:label1\" content=\"Written by\" \/>\n\t<meta name=\"twitter:data1\" content=\"Bruna Greco\" \/>\n\t<meta name=\"twitter:label2\" content=\"Est. reading time\" \/>\n\t<meta name=\"twitter:data2\" content=\"2 minutos\" \/>\n<script type=\"application\/ld+json\" class=\"yoast-schema-graph\">{\"@context\":\"https:\/\/schema.org\",\"@graph\":[{\"@type\":\"Article\",\"@id\":\"https:\/\/www.manaus.am.gov.br\/semed\/not\u00edcias\/inscricoes\/matriculas-novos-alunos-semed-16-1\/#article\",\"isPartOf\":{\"@id\":\"https:\/\/www.manaus.am.gov.br\/semed\/not\u00edcias\/inscricoes\/matriculas-novos-alunos-semed-16-1\/\"},\"author\":{\"name\":\"Bruna Greco\",\"@id\":\"https:\/\/www.manaus.am.gov.br\/semed\/#\/schema\/person\/05d223aea2bf115f9883a6ff3683d81b\"},\"headline\":\"Prefeitura de Manaus inicia matr\u00edculas para novos alunos da rede municipal nesta sexta-feira, 16\/1\",\"datePublished\":\"2026-01-15T15:42:12+00:00\",\"dateModified\":\"2026-01-15T15:42:14+00:00\",\"mainEntityOfPage\":{\"@id\":\"https:\/\/www.manaus.am.gov.br\/semed\/not\u00edcias\/inscricoes\/matriculas-novos-alunos-semed-16-1\/\"},\"wordCount\":310,\"publisher\":{\"@id\":\"https:\/\/www.manaus.am.gov.br\/semed\/#organization\"},\"image\":{\"@id\":\"https:\/\/www.manaus.am.gov.br\/semed\/not\u00edcias\/inscricoes\/matriculas-novos-alunos-semed-16-1\/#primaryimage\"},\"thumbnailUrl\":\"https:\/\/www.manaus.am.gov.br\/semed\/wp-content\/uploads\/sites\/3\/2026\/01\/WhatsApp-Image-2026-01-15-at-11.36.37.jpeg\",\"keywords\":[\"16\/1\",\"inscri\u00e7\u00f5es on-line e presencial\",\"matr\u00edculas para novos alunos\",\"prefeitura de manaus\",\"semed\"],\"articleSection\":[\"Inscri\u00e7\u00f5es\"],\"inLanguage\":\"pt-BR\"},{\"@type\":\"WebPage\",\"@id\":\"https:\/\/www.manaus.am.gov.br\/semed\/not\u00edcias\/inscricoes\/matriculas-novos-alunos-semed-16-1\/\",\"url\":\"https:\/\/www.manaus.am.gov.br\/semed\/not\u00edcias\/inscricoes\/matriculas-novos-alunos-semed-16-1\/\",\"name\":\"Matr\u00edculas para novos alunos da rede municipal nesta sexta-feira, 16\/1\",\"isPartOf\":{\"@id\":\"https:\/\/www.manaus.am.gov.br\/semed\/#website\"},\"primaryImageOfPage\":{\"@id\":\"https:\/\/www.manaus.am.gov.br\/semed\/not\u00edcias\/inscricoes\/matriculas-novos-alunos-semed-16-1\/#primaryimage\"},\"image\":{\"@id\":\"https:\/\/www.manaus.am.gov.br\/semed\/not\u00edcias\/inscricoes\/matriculas-novos-alunos-semed-16-1\/#primaryimage\"},\"thumbnailUrl\":\"https:\/\/www.manaus.am.gov.br\/semed\/wp-content\/uploads\/sites\/3\/2026\/01\/WhatsApp-Image-2026-01-15-at-11.36.37.jpeg\",\"datePublished\":\"2026-01-15T15:42:12+00:00\",\"dateModified\":\"2026-01-15T15:42:14+00:00\",\"description\":\"Prefeitura de Manaus, por meio da Semed, inicia matr\u00edculas para novos alunos da rede municipal nesta sexta-feira, 16\/1.\",\"inLanguage\":\"pt-BR\",\"potentialAction\":[{\"@type\":\"ReadAction\",\"target\":[\"https:\/\/www.manaus.am.gov.br\/semed\/not\u00edcias\/inscricoes\/matriculas-novos-alunos-semed-16-1\/\"]}]},{\"@type\":\"ImageObject\",\"inLanguage\":\"pt-BR\",\"@id\":\"https:\/\/www.manaus.am.gov.br\/semed\/not\u00edcias\/inscricoes\/matriculas-novos-alunos-semed-16-1\/#primaryimage\",\"url\":\"https:\/\/www.manaus.am.gov.br\/semed\/wp-content\/uploads\/sites\/3\/2026\/01\/WhatsApp-Image-2026-01-15-at-11.36.37.jpeg\",\"contentUrl\":\"https:\/\/www.manaus.am.gov.br\/semed\/wp-content\/uploads\/sites\/3\/2026\/01\/WhatsApp-Image-2026-01-15-at-11.36.37.jpeg\",\"width\":1066,\"height\":1199,\"caption\":\"#paratodosverem - Aluno da rede municipal de Educa\u00e7\u00e3o fazendo atividade em sala de aula\"},{\"@type\":\"WebSite\",\"@id\":\"https:\/\/www.manaus.am.gov.br\/semed\/#website\",\"url\":\"https:\/\/www.manaus.am.gov.br\/semed\/\",\"name\":\"Secretaria Municipal de Educa\u00e7\u00e3o\",\"description\":\"Secretaria Municipal de Educa\u00e7\u00e3o\",\"publisher\":{\"@id\":\"https:\/\/www.manaus.am.gov.br\/semed\/#organization\"},\"alternateName\":\"SEMED\",\"potentialAction\":[{\"@type\":\"SearchAction\",\"target\":{\"@type\":\"EntryPoint\",\"urlTemplate\":\"https:\/\/www.manaus.am.gov.br\/semed\/?s={search_term_string}\"},\"query-input\":\"required name=search_term_string\"}],\"inLanguage\":\"pt-BR\"},{\"@type\":\"Organization\",\"@id\":\"https:\/\/www.manaus.am.gov.br\/semed\/#organization\",\"name\":\"Secretaria de Educa\u00e7\u00e3o\",\"alternateName\":\"SEMED\",\"url\":\"https:\/\/www.manaus.am.gov.br\/semed\/\",\"logo\":{\"@type\":\"ImageObject\",\"inLanguage\":\"pt-BR\",\"@id\":\"https:\/\/www.manaus.am.gov.br\/semed\/#\/schema\/logo\/image\/\",\"url\":\"https:\/\/www.manaus.am.gov.br\/semed\/wp-content\/uploads\/sites\/3\/2022\/11\/favicon.png\",\"contentUrl\":\"https:\/\/www.manaus.am.gov.br\/semed\/wp-content\/uploads\/sites\/3\/2022\/11\/favicon.png\",\"width\":300,\"height\":300,\"caption\":\"Secretaria de Educa\u00e7\u00e3o\"},\"image\":{\"@id\":\"https:\/\/www.manaus.am.gov.br\/semed\/#\/schema\/logo\/image\/\"}},{\"@type\":\"Person\",\"@id\":\"https:\/\/www.manaus.am.gov.br\/semed\/#\/schema\/person\/05d223aea2bf115f9883a6ff3683d81b\",\"name\":\"Bruna Greco\",\"image\":{\"@type\":\"ImageObject\",\"inLanguage\":\"pt-BR\",\"@id\":\"https:\/\/www.manaus.am.gov.br\/semed\/#\/schema\/person\/image\/\",\"url\":\"https:\/\/secure.gravatar.com\/avatar\/9c877d1a6adc2a055330e5c09a8653ce?s=96&d=mm&r=g\",\"contentUrl\":\"https:\/\/secure.gravatar.com\/avatar\/9c877d1a6adc2a055330e5c09a8653ce?s=96&d=mm&r=g\",\"caption\":\"Bruna Greco\"}}]}<\/script>\n<!-- \/ Yoast SEO plugin. -->","yoast_head_json":{"title":"Matr\u00edculas para novos alunos da rede municipal nesta sexta-feira, 16\/1","description":"Prefeitura de Manaus, por meio da Semed, inicia matr\u00edculas para novos alunos da rede municipal nesta sexta-feira, 16\/1.","robots":{"index":"index","follow":"follow","max-snippet":"max-snippet:-1","max-image-preview":"max-image-preview:large","max-video-preview":"max-video-preview:-1"},"canonical":"https:\/\/www.manaus.am.gov.br\/semed\/not\u00edcias\/inscricoes\/matriculas-novos-alunos-semed-16-1\/","og_locale":"pt_BR","og_type":"article","og_title":"Matr\u00edculas para novos alunos da rede municipal nesta sexta-feira, 16\/1","og_description":"Prefeitura de Manaus, por meio da Semed, inicia matr\u00edculas para novos alunos da rede municipal nesta sexta-feira, 16\/1.","og_url":"https:\/\/www.manaus.am.gov.br\/semed\/not\u00edcias\/inscricoes\/matriculas-novos-alunos-semed-16-1\/","og_site_name":"SEMED","article_published_time":"2026-01-15T15:42:12+00:00","article_modified_time":"2026-01-15T15:42:14+00:00","og_image":[{"width":1066,"height":1199,"url":"https:\/\/www.manaus.am.gov.br\/semed\/wp-content\/uploads\/sites\/3\/2026\/01\/WhatsApp-Image-2026-01-15-at-11.36.37.jpeg","type":"image\/jpeg"}],"author":"Bruna Greco","twitter_card":"summary_large_image","twitter_misc":{"Written by":"Bruna Greco","Est. reading time":"2 minutos"},"schema":{"@context":"https:\/\/schema.org","@graph":[{"@type":"Article","@id":"https:\/\/www.manaus.am.gov.br\/semed\/not\u00edcias\/inscricoes\/matriculas-novos-alunos-semed-16-1\/#article","isPartOf":{"@id":"https:\/\/www.manaus.am.gov.br\/semed\/not\u00edcias\/inscricoes\/matriculas-novos-alunos-semed-16-1\/"},"author":{"name":"Bruna Greco","@id":"https:\/\/www.manaus.am.gov.br\/semed\/#\/schema\/person\/05d223aea2bf115f9883a6ff3683d81b"},"headline":"Prefeitura de Manaus inicia matr\u00edculas para novos alunos da rede municipal nesta sexta-feira, 16\/1","datePublished":"2026-01-15T15:42:12+00:00","dateModified":"2026-01-15T15:42:14+00:00","mainEntityOfPage":{"@id":"https:\/\/www.manaus.am.gov.br\/semed\/not\u00edcias\/inscricoes\/matriculas-novos-alunos-semed-16-1\/"},"wordCount":310,"publisher":{"@id":"https:\/\/www.manaus.am.gov.br\/semed\/#organization"},"image":{"@id":"https:\/\/www.manaus.am.gov.br\/semed\/not\u00edcias\/inscricoes\/matriculas-novos-alunos-semed-16-1\/#primaryimage"},"thumbnailUrl":"https:\/\/www.manaus.am.gov.br\/semed\/wp-content\/uploads\/sites\/3\/2026\/01\/WhatsApp-Image-2026-01-15-at-11.36.37.jpeg","keywords":["16\/1","inscri\u00e7\u00f5es on-line e presencial","matr\u00edculas para novos alunos","prefeitura de manaus","semed"],"articleSection":["Inscri\u00e7\u00f5es"],"inLanguage":"pt-BR"},{"@type":"WebPage","@id":"https:\/\/www.manaus.am.gov.br\/semed\/not\u00edcias\/inscricoes\/matriculas-novos-alunos-semed-16-1\/","url":"https:\/\/www.manaus.am.gov.br\/semed\/not\u00edcias\/inscricoes\/matriculas-novos-alunos-semed-16-1\/","name":"Matr\u00edculas para novos alunos da rede municipal nesta sexta-feira, 16\/1","isPartOf":{"@id":"https:\/\/www.manaus.am.gov.br\/semed\/#website"},"primaryImageOfPage":{"@id":"https:\/\/www.manaus.am.gov.br\/semed\/not\u00edcias\/inscricoes\/matriculas-novos-alunos-semed-16-1\/#primaryimage"},"image":{"@id":"https:\/\/www.manaus.am.gov.br\/semed\/not\u00edcias\/inscricoes\/matriculas-novos-alunos-semed-16-1\/#primaryimage"},"thumbnailUrl":"https:\/\/www.manaus.am.gov.br\/semed\/wp-content\/uploads\/sites\/3\/2026\/01\/WhatsApp-Image-2026-01-15-at-11.36.37.jpeg","datePublished":"2026-01-15T15:42:12+00:00","dateModified":"2026-01-15T15:42:14+00:00","description":"Prefeitura de Manaus, por meio da Semed, inicia matr\u00edculas para novos alunos da rede municipal nesta sexta-feira, 16\/1.","inLanguage":"pt-BR","potentialAction":[{"@type":"ReadAction","target":["https:\/\/www.manaus.am.gov.br\/semed\/not\u00edcias\/inscricoes\/matriculas-novos-alunos-semed-16-1\/"]}]},{"@type":"ImageObject","inLanguage":"pt-BR","@id":"https:\/\/www.manaus.am.gov.br\/semed\/not\u00edcias\/inscricoes\/matriculas-novos-alunos-semed-16-1\/#primaryimage","url":"https:\/\/www.manaus.am.gov.br\/semed\/wp-content\/uploads\/sites\/3\/2026\/01\/WhatsApp-Image-2026-01-15-at-11.36.37.jpeg","contentUrl":"https:\/\/www.manaus.am.gov.br\/semed\/wp-content\/uploads\/sites\/3\/2026\/01\/WhatsApp-Image-2026-01-15-at-11.36.37.jpeg","width":1066,"height":1199,"caption":"#paratodosverem - Aluno da rede municipal de Educa\u00e7\u00e3o fazendo atividade em sala de aula"},{"@type":"WebSite","@id":"https:\/\/www.manaus.am.gov.br\/semed\/#website","url":"https:\/\/www.manaus.am.gov.br\/semed\/","name":"Secretaria Municipal de Educa\u00e7\u00e3o","description":"Secretaria Municipal de Educa\u00e7\u00e3o","publisher":{"@id":"https:\/\/www.manaus.am.gov.br\/semed\/#organization"},"alternateName":"SEMED","potentialAction":[{"@type":"SearchAction","target":{"@type":"EntryPoint","urlTemplate":"https:\/\/www.manaus.am.gov.br\/semed\/?s={search_term_string}"},"query-input":"required name=search_term_string"}],"inLanguage":"pt-BR"},{"@type":"Organization","@id":"https:\/\/www.manaus.am.gov.br\/semed\/#organization","name":"Secretaria de Educa\u00e7\u00e3o","alternateName":"SEMED","url":"https:\/\/www.manaus.am.gov.br\/semed\/","logo":{"@type":"ImageObject","inLanguage":"pt-BR","@id":"https:\/\/www.manaus.am.gov.br\/semed\/#\/schema\/logo\/image\/","url":"https:\/\/www.manaus.am.gov.br\/semed\/wp-content\/uploads\/sites\/3\/2022\/11\/favicon.png","contentUrl":"https:\/\/www.manaus.am.gov.br\/semed\/wp-content\/uploads\/sites\/3\/2022\/11\/favicon.png","width":300,"height":300,"caption":"Secretaria de Educa\u00e7\u00e3o"},"image":{"@id":"https:\/\/www.manaus.am.gov.br\/semed\/#\/schema\/logo\/image\/"}},{"@type":"Person","@id":"https:\/\/www.manaus.am.gov.br\/semed\/#\/schema\/person\/05d223aea2bf115f9883a6ff3683d81b","name":"Bruna Greco","image":{"@type":"ImageObject","inLanguage":"pt-BR","@id":"https:\/\/www.manaus.am.gov.br\/semed\/#\/schema\/person\/image\/","url":"https:\/\/secure.gravatar.com\/avatar\/9c877d1a6adc2a055330e5c09a8653ce?s=96&d=mm&r=g","contentUrl":"https:\/\/secure.gravatar.com\/avatar\/9c877d1a6adc2a055330e5c09a8653ce?s=96&d=mm&r=g","caption":"Bruna Greco"}}]}},"_links":{"self":[{"href":"https:\/\/www.manaus.am.gov.br\/semed\/wp-json\/wp\/v2\/posts\/10615"}],"collection":[{"href":"https:\/\/www.manaus.am.gov.br\/semed\/wp-json\/wp\/v2\/posts"}],"about":[{"href":"https:\/\/www.manaus.am.gov.br\/semed\/wp-json\/wp\/v2\/types\/post"}],"author":[{"embeddable":true,"href":"https:\/\/www.manaus.am.gov.br\/semed\/wp-json\/wp\/v2\/users\/39"}],"replies":[{"embeddable":true,"href":"https:\/\/www.manaus.am.gov.br\/semed\/wp-json\/wp\/v2\/comments?post=10615"}],"version-history":[{"count":0,"href":"https:\/\/www.manaus.am.gov.br\/semed\/wp-json\/wp\/v2\/posts\/10615\/revisions"}],"wp:featuredmedia":[{"embeddable":true,"href":"https:\/\/www.manaus.am.gov.br\/semed\/wp-json\/wp\/v2\/media\/10616"}],"wp:attachment":[{"href":"https:\/\/www.manaus.am.gov.br\/semed\/wp-json\/wp\/v2\/media?parent=10615"}],"wp:term":[{"taxonomy":"category","embeddable":true,"href":"https:\/\/www.manaus.am.gov.br\/semed\/wp-json\/wp\/v2\/categories?post=10615"},{"taxonomy":"post_tag","embeddable":true,"href":"https:\/\/www.manaus.am.gov.br\/semed\/wp-json\/wp\/v2\/tags?post=10615"}],"curies":[{"name":"wp","href":"https:\/\/api.w.org\/{rel}","templated":true}]}}