{"id":10386,"date":"2025-12-04T15:42:10","date_gmt":"2025-12-04T19:42:10","guid":{"rendered":"https:\/\/www.manaus.am.gov.br\/semed\/not\u00edcias\/sem-categoria\/3a-edicao-jims-semed\/"},"modified":"2025-12-04T15:42:10","modified_gmt":"2025-12-04T19:42:10","slug":"3a-edicao-jims-semed","status":"publish","type":"post","link":"https:\/\/www.manaus.am.gov.br\/semed\/not\u00edcias\/inclusao\/3a-edicao-jims-semed\/","title":{"rendered":"Prefeitura de Manaus realiza 3\u00aa edi\u00e7\u00e3o dos Jogos Inclusivos Municipais da Semed"},"content":{"rendered":"\n<p>A 3\u00aa edi\u00e7\u00e3o dos Jogos Inclusivos Municipais (Jims), promovida pela Prefeitura de Manaus, por meio da Secretaria Municipal de Educa\u00e7\u00e3o (Semed), foi realizada, nesta quinta-feira, 4\/12, em diversas escolas municipais, com abertura oficial na Escola Municipal de Educa\u00e7\u00e3o Especial (Emee) Andr\u00e9 Vidal de Ara\u00fajo, localizada no bairro Parque 10 de Novembro, zona Centro-Sul da cidade.&nbsp;<\/p>\n\n\n\n<p>O evento reuniu estudantes de v\u00e1rias unidades da rede municipal em uma programa\u00e7\u00e3o marcada pela participa\u00e7\u00e3o ativa, valoriza\u00e7\u00e3o da diversidade e fortalecimento da educa\u00e7\u00e3o especial.&nbsp;<\/p>\n\n\n\n<p>Durante a abertura, os estudantes Douglas Daniel Campos de Lima,&nbsp;Shayla&nbsp;Wanessa Teles,&nbsp;Aldercley&nbsp;Pinto e Efraim Costa, receberam certificados de men\u00e7\u00e3o honrosa por conquistarem medalhas nas&nbsp;Paralimp\u00edadas&nbsp;Escolares, que aconteceu em S\u00e3o Paulo, no m\u00eas de novembro.&nbsp;<\/p>\n\n\n\n<p>O secret\u00e1rio municipal de Educa\u00e7\u00e3o, J\u00fanior Mar, ressaltou o compromisso da gest\u00e3o com a inclus\u00e3o e destacou que todos os estudantes s\u00e3o vistos, respeitados e acolhidos.&nbsp;\u201cOs espa\u00e7os f\u00edsicos s\u00e3o importantes, mas nada substitui o trabalho dos profissionais dedicados \u00e0 Educa\u00e7\u00e3o Especial. Uma parede pintada fica bonita, mas nada substitui o toque e o olhar de profissionais competentes\u201d, afirmou.&nbsp;<\/p>\n\n\n\n<p>O organizador dos jogos e coordenador de esportes da&nbsp;Semed, Ronnie Melo, explicou que a proposta deste ano \u00e9 ampliar o alcance da atividade para toda a rede, integrando alunos da educa\u00e7\u00e3o especial \u00e0s aulas inclusivas de Educa\u00e7\u00e3o F\u00edsica.&nbsp;\u201cEstamos fortalecendo o esporte e garantindo que todos os alunos fa\u00e7am parte. Nossa meta \u00e9 atender 2.400 estudantes, mas acreditamos que vamos ultrapassar esse n\u00famero\u201d, informou.&nbsp;<\/p>\n\n\n\n<p>Pais e respons\u00e1veis tamb\u00e9m comentaram sobre a relev\u00e2ncia dos jogos para o desenvolvimento dos alunos. Marta Gomes, m\u00e3e do estudante Marcelo Bezerra, que estuda na Emee Andr\u00e9 Vidal h\u00e1 sete anos, destacou que a escola tem sido fundamental na evolu\u00e7\u00e3o do filho e refor\u00e7ou que a inclus\u00e3o deve ser rotina.&nbsp;\u201cA escola \u00e9 maravilhosa. Meu filho evoluiu muito. A inclus\u00e3o deve ser algo di\u00e1rio, n\u00e3o apenas em eventos\u201d, disse.&nbsp;<\/p>\n\n\n\n<p>Cassilda de Souza, m\u00e3e do estudante C\u00e1ssio Lima, ressaltou o impacto positivo das atividades para o desenvolvimento do filho na nata\u00e7\u00e3o, dan\u00e7a e outras pr\u00e1ticas esportivas.&nbsp;\u201cMeu filho n\u00e3o tinha acesso a nada disso e hoje tem. \u00c9 muito gratificante. Eu sempre digo \u00e0s m\u00e3es o quanto \u00e9 importante a participa\u00e7\u00e3o das crian\u00e7as\u201d, comentou.<\/p>\n\n\n\n<p>O t\u00e9cnico da sele\u00e7\u00e3o de atletismo paral\u00edmpico do Amazonas, Joaquim Pinheiro Filho, que esteve presente \u00e0 cerim\u00f4nia, enfatizou a import\u00e2ncia dos jogos como ferramenta de motiva\u00e7\u00e3o escolar e o fortalecimento da autoestima dos estudantes.&nbsp;<\/p>\n\n\n\n<p>\u201cO evento abre portas para o futuro e desperta valores que muitos alunos n\u00e3o encontram em casa. Eles descobrem autoestima e futuros lindos, que talvez nem imaginassem\u201d, finalizou.\u00a0<\/p>\n\n\n\n<figure class=\"wp-block-image size-large\"><img loading=\"lazy\" decoding=\"async\" width=\"1024\" height=\"683\" src=\"https:\/\/www.manaus.am.gov.br\/semed\/wp-content\/uploads\/sites\/3\/2025\/12\/54962355857_dbc189fc58_k-1024x683.jpg\" alt=\"\" class=\"wp-image-10388\" srcset=\"https:\/\/www.manaus.am.gov.br\/semed\/wp-content\/uploads\/sites\/3\/2025\/12\/54962355857_dbc189fc58_k-1024x683.jpg 1024w, https:\/\/www.manaus.am.gov.br\/semed\/wp-content\/uploads\/sites\/3\/2025\/12\/54962355857_dbc189fc58_k-300x200.jpg 300w, https:\/\/www.manaus.am.gov.br\/semed\/wp-content\/uploads\/sites\/3\/2025\/12\/54962355857_dbc189fc58_k-768x512.jpg 768w, https:\/\/www.manaus.am.gov.br\/semed\/wp-content\/uploads\/sites\/3\/2025\/12\/54962355857_dbc189fc58_k-1536x1024.jpg 1536w, https:\/\/www.manaus.am.gov.br\/semed\/wp-content\/uploads\/sites\/3\/2025\/12\/54962355857_dbc189fc58_k.jpg 2048w\" sizes=\"(max-width: 1024px) 100vw, 1024px\" \/><\/figure>\n\n\n\n<p>&#8212; &#8212; &#8212;<\/p>\n\n\n\n<p><strong>Texto &#8211;<\/strong>&nbsp;Alexandre Abreu\/Semed&nbsp;<\/p>\n\n\n\n<p><strong>Fotos &#8211;<\/strong>&nbsp;Eliton&nbsp;Santos\/Semed&nbsp;<\/p>\n\n\n\n<p><strong>Dispon\u00edveis em &#8211; <\/strong><a href=\"https:\/\/flic.kr\/s\/aHBqjCCFxB\">https:\/\/flic.kr\/s\/aHBqjCCFxB<\/a><\/p>\n","protected":false},"excerpt":{"rendered":"","protected":false},"author":39,"featured_media":10387,"comment_status":"closed","ping_status":"closed","sticky":false,"template":"","format":"standard","meta":{"footnotes":""},"categories":[71],"tags":[2623,191,2624,15,52],"acf":[],"yoast_head":"<!-- This site is optimized with the Yoast SEO plugin v23.0 - https:\/\/yoast.com\/wordpress\/plugins\/seo\/ -->\n<title>3\u00aa edi\u00e7\u00e3o dos Jogos Inclusivos Municipais da Semed<\/title>\n<meta name=\"description\" content=\"Prefeitura de Manaus realiza, nesta quinta-feira, 4\/12, a abertura da 3\u00aa edi\u00e7\u00e3o dos Jogos Inclusivos Municipais (Jims) da Semed.\" \/>\n<meta name=\"robots\" content=\"index, follow, max-snippet:-1, max-image-preview:large, max-video-preview:-1\" \/>\n<link rel=\"canonical\" href=\"https:\/\/www.manaus.am.gov.br\/semed\/not\u00edcias\/inclusao\/3a-edicao-jims-semed\/\" \/>\n<meta property=\"og:locale\" content=\"pt_BR\" \/>\n<meta property=\"og:type\" content=\"article\" \/>\n<meta property=\"og:title\" content=\"3\u00aa edi\u00e7\u00e3o dos Jogos Inclusivos Municipais da Semed\" \/>\n<meta property=\"og:description\" content=\"Prefeitura de Manaus realiza, nesta quinta-feira, 4\/12, a abertura da 3\u00aa edi\u00e7\u00e3o dos Jogos Inclusivos Municipais (Jims) da Semed.\" \/>\n<meta property=\"og:url\" content=\"https:\/\/www.manaus.am.gov.br\/semed\/not\u00edcias\/inclusao\/3a-edicao-jims-semed\/\" \/>\n<meta property=\"og:site_name\" content=\"SEMED\" \/>\n<meta property=\"article:published_time\" content=\"2025-12-04T19:42:10+00:00\" \/>\n<meta property=\"og:image\" content=\"https:\/\/www.manaus.am.gov.br\/semed\/wp-content\/uploads\/sites\/3\/2025\/12\/54963501024_3ecfb4416c_k-1.jpg\" \/>\n\t<meta property=\"og:image:width\" content=\"2048\" \/>\n\t<meta property=\"og:image:height\" content=\"1365\" \/>\n\t<meta property=\"og:image:type\" content=\"image\/jpeg\" \/>\n<meta name=\"author\" content=\"Bruna Greco\" \/>\n<meta name=\"twitter:card\" content=\"summary_large_image\" \/>\n<meta name=\"twitter:label1\" content=\"Written by\" \/>\n\t<meta name=\"twitter:data1\" content=\"Bruna Greco\" \/>\n\t<meta name=\"twitter:label2\" content=\"Est. reading time\" \/>\n\t<meta name=\"twitter:data2\" content=\"3 minutos\" \/>\n<script type=\"application\/ld+json\" class=\"yoast-schema-graph\">{\"@context\":\"https:\/\/schema.org\",\"@graph\":[{\"@type\":\"Article\",\"@id\":\"https:\/\/www.manaus.am.gov.br\/semed\/not\u00edcias\/inclusao\/3a-edicao-jims-semed\/#article\",\"isPartOf\":{\"@id\":\"https:\/\/www.manaus.am.gov.br\/semed\/not\u00edcias\/inclusao\/3a-edicao-jims-semed\/\"},\"author\":{\"name\":\"Bruna Greco\",\"@id\":\"https:\/\/www.manaus.am.gov.br\/semed\/#\/schema\/person\/05d223aea2bf115f9883a6ff3683d81b\"},\"headline\":\"Prefeitura de Manaus realiza 3\u00aa edi\u00e7\u00e3o dos Jogos Inclusivos Municipais da Semed\",\"datePublished\":\"2025-12-04T19:42:10+00:00\",\"dateModified\":\"2025-12-04T19:42:10+00:00\",\"mainEntityOfPage\":{\"@id\":\"https:\/\/www.manaus.am.gov.br\/semed\/not\u00edcias\/inclusao\/3a-edicao-jims-semed\/\"},\"wordCount\":527,\"publisher\":{\"@id\":\"https:\/\/www.manaus.am.gov.br\/semed\/#organization\"},\"image\":{\"@id\":\"https:\/\/www.manaus.am.gov.br\/semed\/not\u00edcias\/inclusao\/3a-edicao-jims-semed\/#primaryimage\"},\"thumbnailUrl\":\"https:\/\/www.manaus.am.gov.br\/semed\/wp-content\/uploads\/sites\/3\/2025\/12\/54963501024_3ecfb4416c_k-1.jpg\",\"keywords\":[\"3\u00aa edi\u00e7\u00e3o\",\"educa\u00e7\u00e3o especial\",\"Jogos Inclusivos Municipais\",\"prefeitura de manaus\",\"semed\"],\"articleSection\":[\"Inclus\u00e3o\"],\"inLanguage\":\"pt-BR\"},{\"@type\":\"WebPage\",\"@id\":\"https:\/\/www.manaus.am.gov.br\/semed\/not\u00edcias\/inclusao\/3a-edicao-jims-semed\/\",\"url\":\"https:\/\/www.manaus.am.gov.br\/semed\/not\u00edcias\/inclusao\/3a-edicao-jims-semed\/\",\"name\":\"3\u00aa edi\u00e7\u00e3o dos Jogos Inclusivos Municipais da Semed\",\"isPartOf\":{\"@id\":\"https:\/\/www.manaus.am.gov.br\/semed\/#website\"},\"primaryImageOfPage\":{\"@id\":\"https:\/\/www.manaus.am.gov.br\/semed\/not\u00edcias\/inclusao\/3a-edicao-jims-semed\/#primaryimage\"},\"image\":{\"@id\":\"https:\/\/www.manaus.am.gov.br\/semed\/not\u00edcias\/inclusao\/3a-edicao-jims-semed\/#primaryimage\"},\"thumbnailUrl\":\"https:\/\/www.manaus.am.gov.br\/semed\/wp-content\/uploads\/sites\/3\/2025\/12\/54963501024_3ecfb4416c_k-1.jpg\",\"datePublished\":\"2025-12-04T19:42:10+00:00\",\"dateModified\":\"2025-12-04T19:42:10+00:00\",\"description\":\"Prefeitura de Manaus realiza, nesta quinta-feira, 4\/12, a abertura da 3\u00aa edi\u00e7\u00e3o dos Jogos Inclusivos Municipais (Jims) da Semed.\",\"inLanguage\":\"pt-BR\",\"potentialAction\":[{\"@type\":\"ReadAction\",\"target\":[\"https:\/\/www.manaus.am.gov.br\/semed\/not\u00edcias\/inclusao\/3a-edicao-jims-semed\/\"]}]},{\"@type\":\"ImageObject\",\"inLanguage\":\"pt-BR\",\"@id\":\"https:\/\/www.manaus.am.gov.br\/semed\/not\u00edcias\/inclusao\/3a-edicao-jims-semed\/#primaryimage\",\"url\":\"https:\/\/www.manaus.am.gov.br\/semed\/wp-content\/uploads\/sites\/3\/2025\/12\/54963501024_3ecfb4416c_k-1.jpg\",\"contentUrl\":\"https:\/\/www.manaus.am.gov.br\/semed\/wp-content\/uploads\/sites\/3\/2025\/12\/54963501024_3ecfb4416c_k-1.jpg\",\"width\":2048,\"height\":1365,\"caption\":\"#paratodosverem - Estudantes e educadores da Semed reunidos durante a abertura oficial da 3\u00aa edi\u00e7\u00e3o dos Jogos Inclusivos Municipais\"},{\"@type\":\"WebSite\",\"@id\":\"https:\/\/www.manaus.am.gov.br\/semed\/#website\",\"url\":\"https:\/\/www.manaus.am.gov.br\/semed\/\",\"name\":\"Secretaria Municipal de Educa\u00e7\u00e3o\",\"description\":\"Secretaria Municipal de Educa\u00e7\u00e3o\",\"publisher\":{\"@id\":\"https:\/\/www.manaus.am.gov.br\/semed\/#organization\"},\"alternateName\":\"SEMED\",\"potentialAction\":[{\"@type\":\"SearchAction\",\"target\":{\"@type\":\"EntryPoint\",\"urlTemplate\":\"https:\/\/www.manaus.am.gov.br\/semed\/?s={search_term_string}\"},\"query-input\":\"required name=search_term_string\"}],\"inLanguage\":\"pt-BR\"},{\"@type\":\"Organization\",\"@id\":\"https:\/\/www.manaus.am.gov.br\/semed\/#organization\",\"name\":\"Secretaria de Educa\u00e7\u00e3o\",\"alternateName\":\"SEMED\",\"url\":\"https:\/\/www.manaus.am.gov.br\/semed\/\",\"logo\":{\"@type\":\"ImageObject\",\"inLanguage\":\"pt-BR\",\"@id\":\"https:\/\/www.manaus.am.gov.br\/semed\/#\/schema\/logo\/image\/\",\"url\":\"https:\/\/www.manaus.am.gov.br\/semed\/wp-content\/uploads\/sites\/3\/2022\/11\/favicon.png\",\"contentUrl\":\"https:\/\/www.manaus.am.gov.br\/semed\/wp-content\/uploads\/sites\/3\/2022\/11\/favicon.png\",\"width\":300,\"height\":300,\"caption\":\"Secretaria de Educa\u00e7\u00e3o\"},\"image\":{\"@id\":\"https:\/\/www.manaus.am.gov.br\/semed\/#\/schema\/logo\/image\/\"}},{\"@type\":\"Person\",\"@id\":\"https:\/\/www.manaus.am.gov.br\/semed\/#\/schema\/person\/05d223aea2bf115f9883a6ff3683d81b\",\"name\":\"Bruna Greco\",\"image\":{\"@type\":\"ImageObject\",\"inLanguage\":\"pt-BR\",\"@id\":\"https:\/\/www.manaus.am.gov.br\/semed\/#\/schema\/person\/image\/\",\"url\":\"https:\/\/secure.gravatar.com\/avatar\/9c877d1a6adc2a055330e5c09a8653ce?s=96&d=mm&r=g\",\"contentUrl\":\"https:\/\/secure.gravatar.com\/avatar\/9c877d1a6adc2a055330e5c09a8653ce?s=96&d=mm&r=g\",\"caption\":\"Bruna Greco\"}}]}<\/script>\n<!-- \/ Yoast SEO plugin. -->","yoast_head_json":{"title":"3\u00aa edi\u00e7\u00e3o dos Jogos Inclusivos Municipais da Semed","description":"Prefeitura de Manaus realiza, nesta quinta-feira, 4\/12, a abertura da 3\u00aa edi\u00e7\u00e3o dos Jogos Inclusivos Municipais (Jims) da Semed.","robots":{"index":"index","follow":"follow","max-snippet":"max-snippet:-1","max-image-preview":"max-image-preview:large","max-video-preview":"max-video-preview:-1"},"canonical":"https:\/\/www.manaus.am.gov.br\/semed\/not\u00edcias\/inclusao\/3a-edicao-jims-semed\/","og_locale":"pt_BR","og_type":"article","og_title":"3\u00aa edi\u00e7\u00e3o dos Jogos Inclusivos Municipais da Semed","og_description":"Prefeitura de Manaus realiza, nesta quinta-feira, 4\/12, a abertura da 3\u00aa edi\u00e7\u00e3o dos Jogos Inclusivos Municipais (Jims) da Semed.","og_url":"https:\/\/www.manaus.am.gov.br\/semed\/not\u00edcias\/inclusao\/3a-edicao-jims-semed\/","og_site_name":"SEMED","article_published_time":"2025-12-04T19:42:10+00:00","og_image":[{"width":2048,"height":1365,"url":"https:\/\/www.manaus.am.gov.br\/semed\/wp-content\/uploads\/sites\/3\/2025\/12\/54963501024_3ecfb4416c_k-1.jpg","type":"image\/jpeg"}],"author":"Bruna Greco","twitter_card":"summary_large_image","twitter_misc":{"Written by":"Bruna Greco","Est. reading time":"3 minutos"},"schema":{"@context":"https:\/\/schema.org","@graph":[{"@type":"Article","@id":"https:\/\/www.manaus.am.gov.br\/semed\/not\u00edcias\/inclusao\/3a-edicao-jims-semed\/#article","isPartOf":{"@id":"https:\/\/www.manaus.am.gov.br\/semed\/not\u00edcias\/inclusao\/3a-edicao-jims-semed\/"},"author":{"name":"Bruna Greco","@id":"https:\/\/www.manaus.am.gov.br\/semed\/#\/schema\/person\/05d223aea2bf115f9883a6ff3683d81b"},"headline":"Prefeitura de Manaus realiza 3\u00aa edi\u00e7\u00e3o dos Jogos Inclusivos Municipais da Semed","datePublished":"2025-12-04T19:42:10+00:00","dateModified":"2025-12-04T19:42:10+00:00","mainEntityOfPage":{"@id":"https:\/\/www.manaus.am.gov.br\/semed\/not\u00edcias\/inclusao\/3a-edicao-jims-semed\/"},"wordCount":527,"publisher":{"@id":"https:\/\/www.manaus.am.gov.br\/semed\/#organization"},"image":{"@id":"https:\/\/www.manaus.am.gov.br\/semed\/not\u00edcias\/inclusao\/3a-edicao-jims-semed\/#primaryimage"},"thumbnailUrl":"https:\/\/www.manaus.am.gov.br\/semed\/wp-content\/uploads\/sites\/3\/2025\/12\/54963501024_3ecfb4416c_k-1.jpg","keywords":["3\u00aa edi\u00e7\u00e3o","educa\u00e7\u00e3o especial","Jogos Inclusivos Municipais","prefeitura de manaus","semed"],"articleSection":["Inclus\u00e3o"],"inLanguage":"pt-BR"},{"@type":"WebPage","@id":"https:\/\/www.manaus.am.gov.br\/semed\/not\u00edcias\/inclusao\/3a-edicao-jims-semed\/","url":"https:\/\/www.manaus.am.gov.br\/semed\/not\u00edcias\/inclusao\/3a-edicao-jims-semed\/","name":"3\u00aa edi\u00e7\u00e3o dos Jogos Inclusivos Municipais da Semed","isPartOf":{"@id":"https:\/\/www.manaus.am.gov.br\/semed\/#website"},"primaryImageOfPage":{"@id":"https:\/\/www.manaus.am.gov.br\/semed\/not\u00edcias\/inclusao\/3a-edicao-jims-semed\/#primaryimage"},"image":{"@id":"https:\/\/www.manaus.am.gov.br\/semed\/not\u00edcias\/inclusao\/3a-edicao-jims-semed\/#primaryimage"},"thumbnailUrl":"https:\/\/www.manaus.am.gov.br\/semed\/wp-content\/uploads\/sites\/3\/2025\/12\/54963501024_3ecfb4416c_k-1.jpg","datePublished":"2025-12-04T19:42:10+00:00","dateModified":"2025-12-04T19:42:10+00:00","description":"Prefeitura de Manaus realiza, nesta quinta-feira, 4\/12, a abertura da 3\u00aa edi\u00e7\u00e3o dos Jogos Inclusivos Municipais (Jims) da Semed.","inLanguage":"pt-BR","potentialAction":[{"@type":"ReadAction","target":["https:\/\/www.manaus.am.gov.br\/semed\/not\u00edcias\/inclusao\/3a-edicao-jims-semed\/"]}]},{"@type":"ImageObject","inLanguage":"pt-BR","@id":"https:\/\/www.manaus.am.gov.br\/semed\/not\u00edcias\/inclusao\/3a-edicao-jims-semed\/#primaryimage","url":"https:\/\/www.manaus.am.gov.br\/semed\/wp-content\/uploads\/sites\/3\/2025\/12\/54963501024_3ecfb4416c_k-1.jpg","contentUrl":"https:\/\/www.manaus.am.gov.br\/semed\/wp-content\/uploads\/sites\/3\/2025\/12\/54963501024_3ecfb4416c_k-1.jpg","width":2048,"height":1365,"caption":"#paratodosverem - Estudantes e educadores da Semed reunidos durante a abertura oficial da 3\u00aa edi\u00e7\u00e3o dos Jogos Inclusivos Municipais"},{"@type":"WebSite","@id":"https:\/\/www.manaus.am.gov.br\/semed\/#website","url":"https:\/\/www.manaus.am.gov.br\/semed\/","name":"Secretaria Municipal de Educa\u00e7\u00e3o","description":"Secretaria Municipal de Educa\u00e7\u00e3o","publisher":{"@id":"https:\/\/www.manaus.am.gov.br\/semed\/#organization"},"alternateName":"SEMED","potentialAction":[{"@type":"SearchAction","target":{"@type":"EntryPoint","urlTemplate":"https:\/\/www.manaus.am.gov.br\/semed\/?s={search_term_string}"},"query-input":"required name=search_term_string"}],"inLanguage":"pt-BR"},{"@type":"Organization","@id":"https:\/\/www.manaus.am.gov.br\/semed\/#organization","name":"Secretaria de Educa\u00e7\u00e3o","alternateName":"SEMED","url":"https:\/\/www.manaus.am.gov.br\/semed\/","logo":{"@type":"ImageObject","inLanguage":"pt-BR","@id":"https:\/\/www.manaus.am.gov.br\/semed\/#\/schema\/logo\/image\/","url":"https:\/\/www.manaus.am.gov.br\/semed\/wp-content\/uploads\/sites\/3\/2022\/11\/favicon.png","contentUrl":"https:\/\/www.manaus.am.gov.br\/semed\/wp-content\/uploads\/sites\/3\/2022\/11\/favicon.png","width":300,"height":300,"caption":"Secretaria de Educa\u00e7\u00e3o"},"image":{"@id":"https:\/\/www.manaus.am.gov.br\/semed\/#\/schema\/logo\/image\/"}},{"@type":"Person","@id":"https:\/\/www.manaus.am.gov.br\/semed\/#\/schema\/person\/05d223aea2bf115f9883a6ff3683d81b","name":"Bruna Greco","image":{"@type":"ImageObject","inLanguage":"pt-BR","@id":"https:\/\/www.manaus.am.gov.br\/semed\/#\/schema\/person\/image\/","url":"https:\/\/secure.gravatar.com\/avatar\/9c877d1a6adc2a055330e5c09a8653ce?s=96&d=mm&r=g","contentUrl":"https:\/\/secure.gravatar.com\/avatar\/9c877d1a6adc2a055330e5c09a8653ce?s=96&d=mm&r=g","caption":"Bruna Greco"}}]}},"_links":{"self":[{"href":"https:\/\/www.manaus.am.gov.br\/semed\/wp-json\/wp\/v2\/posts\/10386"}],"collection":[{"href":"https:\/\/www.manaus.am.gov.br\/semed\/wp-json\/wp\/v2\/posts"}],"about":[{"href":"https:\/\/www.manaus.am.gov.br\/semed\/wp-json\/wp\/v2\/types\/post"}],"author":[{"embeddable":true,"href":"https:\/\/www.manaus.am.gov.br\/semed\/wp-json\/wp\/v2\/users\/39"}],"replies":[{"embeddable":true,"href":"https:\/\/www.manaus.am.gov.br\/semed\/wp-json\/wp\/v2\/comments?post=10386"}],"version-history":[{"count":1,"href":"https:\/\/www.manaus.am.gov.br\/semed\/wp-json\/wp\/v2\/posts\/10386\/revisions"}],"predecessor-version":[{"id":10390,"href":"https:\/\/www.manaus.am.gov.br\/semed\/wp-json\/wp\/v2\/posts\/10386\/revisions\/10390"}],"wp:featuredmedia":[{"embeddable":true,"href":"https:\/\/www.manaus.am.gov.br\/semed\/wp-json\/wp\/v2\/media\/10387"}],"wp:attachment":[{"href":"https:\/\/www.manaus.am.gov.br\/semed\/wp-json\/wp\/v2\/media?parent=10386"}],"wp:term":[{"taxonomy":"category","embeddable":true,"href":"https:\/\/www.manaus.am.gov.br\/semed\/wp-json\/wp\/v2\/categories?post=10386"},{"taxonomy":"post_tag","embeddable":true,"href":"https:\/\/www.manaus.am.gov.br\/semed\/wp-json\/wp\/v2\/tags?post=10386"}],"curies":[{"name":"wp","href":"https:\/\/api.w.org\/{rel}","templated":true}]}}