{"id":10314,"date":"2025-11-23T16:35:00","date_gmt":"2025-11-23T20:35:00","guid":{"rendered":"https:\/\/www.manaus.am.gov.br\/semed\/not\u00edcias\/sem-categoria\/prefeitura-jiss-futebol\/"},"modified":"2025-11-23T16:35:02","modified_gmt":"2025-11-23T20:35:02","slug":"prefeitura-jiss-futebol","status":"publish","type":"post","link":"https:\/\/www.manaus.am.gov.br\/semed\/not\u00edcias\/competicao\/prefeitura-jiss-futebol\/","title":{"rendered":"Prefeitura de Manaus encerra 5\u00aa edi\u00e7\u00e3o dos Jogos de Integra\u00e7\u00e3o dos Servidores da Semed"},"content":{"rendered":"\n<p>A Prefeitura de Manaus, por meio da Secretaria Municipal de Educa\u00e7\u00e3o (Semed), encerrou, neste domingo, 23\/11, a 5\u00aa edi\u00e7\u00e3o do futebol society, dos Jogos de Integra\u00e7\u00e3o dos Servidores da Semed (Jiss) 2025. As partidas foram realizadas na Arena Laranjeiras, localizada no bairro Parque das Laranjeiras, zona Centro-Sul da cidade.<\/p>\n\n\n\n<p>Com a participa\u00e7\u00e3o de 15 equipes e mais de 200 atletas apenas na modalidade futebol society, esta edi\u00e7\u00e3o do Jiss registrou recorde de inscri\u00e7\u00f5es, ultrapassando 2.000 atletas no total, refor\u00e7ando o compromisso da Semed em promover integra\u00e7\u00e3o, bem-estar e uni\u00e3o entre os servidores da educa\u00e7\u00e3o municipal.<\/p>\n\n\n\n<p>Durante o evento, o subsecret\u00e1rio de Gest\u00e3o Escolar, Dalmir Salazar, destacou a import\u00e2ncia da iniciativa e o impacto positivo que ela tem gerado no cotidiano dos profissionais da rede.<\/p>\n\n\n\n<p>\u201cS\u00e3o v\u00e1rias modalidades que a Semed tem realizado, envolvendo muitos servidores. Esses jogos, inclusive, bateram recorde de participa\u00e7\u00e3o e isso tem sido fundamental para a qualidade de vida do nosso servidor\u201d, afirmou o subsecret\u00e1rio.<\/p>\n\n\n\n<p>A final do futebol society marcou o encerramento de quatro meses de competi\u00e7\u00f5es, que movimentaram intensamente a comunidade escolar e incentivaram a pr\u00e1tica de atividades f\u00edsicas entre os servidores.<\/p>\n\n\n\n<p>De acordo com o coordenador do N\u00facleo de Qualidade de Vida da Semed, Mateus Matos, muitos participantes possuem comorbidades e encontraram nos jogos um est\u00edmulo para melhorar h\u00e1bitos e a sa\u00fade.<\/p>\n\n\n\n<p>\u201cAlguns servidores que t\u00eam algum tipo de comorbidade sabem que a atividade f\u00edsica contribui para melhorar, e os jogos servem como esse fator estimulante\u201d, explicou.<\/p>\n\n\n\n<p>Para o jogador do time Rio Negro, Onilson Ortiz, campe\u00e3o na categoria futebol society master, a competi\u00e7\u00e3o tem um impacto direto no bem-estar e na motiva\u00e7\u00e3o dos servidores. \u201cIsso anima o trabalhador, anima a nossa profiss\u00e3o e nos une. Cada dia \u00e9 um grupo mais unido. \u00c9 um grupo de toda Manaus, n\u00e3o \u00e9 setorizado, nem regionalizado, e todos n\u00f3s nos encontramos nos jogos\u201d, ressaltou.<\/p>\n\n\n\n<p>A 5\u00aa edi\u00e7\u00e3o do Jiss refor\u00e7a o compromisso da Semed com a valoriza\u00e7\u00e3o dos servidores, o incentivo \u00e0 pr\u00e1tica esportiva e \u00e0 promo\u00e7\u00e3o de um ambiente mais integrado e saud\u00e1vel dentro da rede municipal de ensino.<\/p>\n\n\n\n<p>&#8212; &#8212; &#8212;<\/p>\n\n\n\n<p><strong>Texto<\/strong> &#8211; Thalia Rodrigues\/Semed<\/p>\n\n\n\n<p><strong>Fotos<\/strong> &#8211; Divulga\u00e7\u00e3o\/Semed<\/p>\n","protected":false},"excerpt":{"rendered":"","protected":false},"author":23,"featured_media":10315,"comment_status":"closed","ping_status":"closed","sticky":false,"template":"","format":"standard","meta":{"footnotes":""},"categories":[1730],"tags":[1353,1073,1803,1240,1450,15,52],"acf":[],"yoast_head":"<!-- This site is optimized with the Yoast SEO plugin v23.0 - https:\/\/yoast.com\/wordpress\/plugins\/seo\/ -->\n<title>Prefeitura de Manaus encerra 5\u00aa edi\u00e7\u00e3o dos Jogos de Integra\u00e7\u00e3o dos Servidores da Semed<\/title>\n<meta name=\"description\" content=\"A Prefeitura de Manaus, por meio da Secretaria Municipal de Educa\u00e7\u00e3o (Semed), encerrou, neste domingo, 23\/11, a 5\u00aa edi\u00e7\u00e3o do futebol society, dos Jogos de Integra\u00e7\u00e3o dos Servidores da Semed (Jiss) 2025. As partidas foram realizadas na Arena Laranjeiras, localizada no bairro Parque das Laranjeiras, zona Centro-Sul da cidade.\" \/>\n<meta name=\"robots\" content=\"index, follow, max-snippet:-1, max-image-preview:large, max-video-preview:-1\" \/>\n<link rel=\"canonical\" href=\"https:\/\/www.manaus.am.gov.br\/semed\/not\u00edcias\/competicao\/prefeitura-jiss-futebol\/\" \/>\n<meta property=\"og:locale\" content=\"pt_BR\" \/>\n<meta property=\"og:type\" content=\"article\" \/>\n<meta property=\"og:title\" content=\"Prefeitura de Manaus encerra 5\u00aa edi\u00e7\u00e3o dos Jogos de Integra\u00e7\u00e3o dos Servidores da Semed\" \/>\n<meta property=\"og:description\" content=\"A Prefeitura de Manaus, por meio da Secretaria Municipal de Educa\u00e7\u00e3o (Semed), encerrou, neste domingo, 23\/11, a 5\u00aa edi\u00e7\u00e3o do futebol society, dos Jogos de Integra\u00e7\u00e3o dos Servidores da Semed (Jiss) 2025. As partidas foram realizadas na Arena Laranjeiras, localizada no bairro Parque das Laranjeiras, zona Centro-Sul da cidade.\" \/>\n<meta property=\"og:url\" content=\"https:\/\/www.manaus.am.gov.br\/semed\/not\u00edcias\/competicao\/prefeitura-jiss-futebol\/\" \/>\n<meta property=\"og:site_name\" content=\"SEMED\" \/>\n<meta property=\"article:published_time\" content=\"2025-11-23T20:35:00+00:00\" \/>\n<meta property=\"article:modified_time\" content=\"2025-11-23T20:35:02+00:00\" \/>\n<meta property=\"og:image\" content=\"https:\/\/www.manaus.am.gov.br\/semed\/wp-content\/uploads\/sites\/3\/2025\/11\/7bfbf522-f942-4a2f-a034-fb91384b4222.jpeg\" \/>\n\t<meta property=\"og:image:width\" content=\"1600\" \/>\n\t<meta property=\"og:image:height\" content=\"900\" \/>\n\t<meta property=\"og:image:type\" content=\"image\/jpeg\" \/>\n<meta name=\"author\" content=\"Adriana Costa\" \/>\n<meta name=\"twitter:card\" content=\"summary_large_image\" \/>\n<meta name=\"twitter:label1\" content=\"Written by\" \/>\n\t<meta name=\"twitter:data1\" content=\"Adriana Costa\" \/>\n\t<meta name=\"twitter:label2\" content=\"Est. reading time\" \/>\n\t<meta name=\"twitter:data2\" content=\"3 minutos\" \/>\n<script type=\"application\/ld+json\" class=\"yoast-schema-graph\">{\"@context\":\"https:\/\/schema.org\",\"@graph\":[{\"@type\":\"Article\",\"@id\":\"https:\/\/www.manaus.am.gov.br\/semed\/not\u00edcias\/competicao\/prefeitura-jiss-futebol\/#article\",\"isPartOf\":{\"@id\":\"https:\/\/www.manaus.am.gov.br\/semed\/not\u00edcias\/competicao\/prefeitura-jiss-futebol\/\"},\"author\":{\"name\":\"Adriana Costa\",\"@id\":\"https:\/\/www.manaus.am.gov.br\/semed\/#\/schema\/person\/4e49f4e267757a06ca072ec61b2b9968\"},\"headline\":\"Prefeitura de Manaus encerra 5\u00aa edi\u00e7\u00e3o dos Jogos de Integra\u00e7\u00e3o dos Servidores da Semed\",\"datePublished\":\"2025-11-23T20:35:00+00:00\",\"dateModified\":\"2025-11-23T20:35:02+00:00\",\"mainEntityOfPage\":{\"@id\":\"https:\/\/www.manaus.am.gov.br\/semed\/not\u00edcias\/competicao\/prefeitura-jiss-futebol\/\"},\"wordCount\":398,\"publisher\":{\"@id\":\"https:\/\/www.manaus.am.gov.br\/semed\/#organization\"},\"image\":{\"@id\":\"https:\/\/www.manaus.am.gov.br\/semed\/not\u00edcias\/competicao\/prefeitura-jiss-futebol\/#primaryimage\"},\"thumbnailUrl\":\"https:\/\/www.manaus.am.gov.br\/semed\/wp-content\/uploads\/sites\/3\/2025\/11\/7bfbf522-f942-4a2f-a034-fb91384b4222.jpeg\",\"keywords\":[\"finais\",\"futebol\",\"integra\u00e7\u00e3o\",\"jiss\",\"jogos\",\"prefeitura de manaus\",\"semed\"],\"articleSection\":[\"Competi\u00e7\u00e3o\"],\"inLanguage\":\"pt-BR\"},{\"@type\":\"WebPage\",\"@id\":\"https:\/\/www.manaus.am.gov.br\/semed\/not\u00edcias\/competicao\/prefeitura-jiss-futebol\/\",\"url\":\"https:\/\/www.manaus.am.gov.br\/semed\/not\u00edcias\/competicao\/prefeitura-jiss-futebol\/\",\"name\":\"Prefeitura de Manaus encerra 5\u00aa edi\u00e7\u00e3o dos Jogos de Integra\u00e7\u00e3o dos Servidores da Semed\",\"isPartOf\":{\"@id\":\"https:\/\/www.manaus.am.gov.br\/semed\/#website\"},\"primaryImageOfPage\":{\"@id\":\"https:\/\/www.manaus.am.gov.br\/semed\/not\u00edcias\/competicao\/prefeitura-jiss-futebol\/#primaryimage\"},\"image\":{\"@id\":\"https:\/\/www.manaus.am.gov.br\/semed\/not\u00edcias\/competicao\/prefeitura-jiss-futebol\/#primaryimage\"},\"thumbnailUrl\":\"https:\/\/www.manaus.am.gov.br\/semed\/wp-content\/uploads\/sites\/3\/2025\/11\/7bfbf522-f942-4a2f-a034-fb91384b4222.jpeg\",\"datePublished\":\"2025-11-23T20:35:00+00:00\",\"dateModified\":\"2025-11-23T20:35:02+00:00\",\"description\":\"A Prefeitura de Manaus, por meio da Secretaria Municipal de Educa\u00e7\u00e3o (Semed), encerrou, neste domingo, 23\/11, a 5\u00aa edi\u00e7\u00e3o do futebol society, dos Jogos de Integra\u00e7\u00e3o dos Servidores da Semed (Jiss) 2025. As partidas foram realizadas na Arena Laranjeiras, localizada no bairro Parque das Laranjeiras, zona Centro-Sul da cidade.\",\"inLanguage\":\"pt-BR\",\"potentialAction\":[{\"@type\":\"ReadAction\",\"target\":[\"https:\/\/www.manaus.am.gov.br\/semed\/not\u00edcias\/competicao\/prefeitura-jiss-futebol\/\"]}]},{\"@type\":\"ImageObject\",\"inLanguage\":\"pt-BR\",\"@id\":\"https:\/\/www.manaus.am.gov.br\/semed\/not\u00edcias\/competicao\/prefeitura-jiss-futebol\/#primaryimage\",\"url\":\"https:\/\/www.manaus.am.gov.br\/semed\/wp-content\/uploads\/sites\/3\/2025\/11\/7bfbf522-f942-4a2f-a034-fb91384b4222.jpeg\",\"contentUrl\":\"https:\/\/www.manaus.am.gov.br\/semed\/wp-content\/uploads\/sites\/3\/2025\/11\/7bfbf522-f942-4a2f-a034-fb91384b4222.jpeg\",\"width\":1600,\"height\":900,\"caption\":\"#paratodosverem - Partida de futebol dos servidores da Semed em campo de grama\"},{\"@type\":\"WebSite\",\"@id\":\"https:\/\/www.manaus.am.gov.br\/semed\/#website\",\"url\":\"https:\/\/www.manaus.am.gov.br\/semed\/\",\"name\":\"Secretaria Municipal de Educa\u00e7\u00e3o\",\"description\":\"Secretaria Municipal de Educa\u00e7\u00e3o\",\"publisher\":{\"@id\":\"https:\/\/www.manaus.am.gov.br\/semed\/#organization\"},\"alternateName\":\"SEMED\",\"potentialAction\":[{\"@type\":\"SearchAction\",\"target\":{\"@type\":\"EntryPoint\",\"urlTemplate\":\"https:\/\/www.manaus.am.gov.br\/semed\/?s={search_term_string}\"},\"query-input\":\"required name=search_term_string\"}],\"inLanguage\":\"pt-BR\"},{\"@type\":\"Organization\",\"@id\":\"https:\/\/www.manaus.am.gov.br\/semed\/#organization\",\"name\":\"Secretaria de Educa\u00e7\u00e3o\",\"alternateName\":\"SEMED\",\"url\":\"https:\/\/www.manaus.am.gov.br\/semed\/\",\"logo\":{\"@type\":\"ImageObject\",\"inLanguage\":\"pt-BR\",\"@id\":\"https:\/\/www.manaus.am.gov.br\/semed\/#\/schema\/logo\/image\/\",\"url\":\"https:\/\/www.manaus.am.gov.br\/semed\/wp-content\/uploads\/sites\/3\/2022\/11\/favicon.png\",\"contentUrl\":\"https:\/\/www.manaus.am.gov.br\/semed\/wp-content\/uploads\/sites\/3\/2022\/11\/favicon.png\",\"width\":300,\"height\":300,\"caption\":\"Secretaria de Educa\u00e7\u00e3o\"},\"image\":{\"@id\":\"https:\/\/www.manaus.am.gov.br\/semed\/#\/schema\/logo\/image\/\"}},{\"@type\":\"Person\",\"@id\":\"https:\/\/www.manaus.am.gov.br\/semed\/#\/schema\/person\/4e49f4e267757a06ca072ec61b2b9968\",\"name\":\"Adriana Costa\",\"image\":{\"@type\":\"ImageObject\",\"inLanguage\":\"pt-BR\",\"@id\":\"https:\/\/www.manaus.am.gov.br\/semed\/#\/schema\/person\/image\/\",\"url\":\"https:\/\/secure.gravatar.com\/avatar\/576258617ef7194f718179e766d57bd4?s=96&d=mm&r=g\",\"contentUrl\":\"https:\/\/secure.gravatar.com\/avatar\/576258617ef7194f718179e766d57bd4?s=96&d=mm&r=g\",\"caption\":\"Adriana Costa\"}}]}<\/script>\n<!-- \/ Yoast SEO plugin. -->","yoast_head_json":{"title":"Prefeitura de Manaus encerra 5\u00aa edi\u00e7\u00e3o dos Jogos de Integra\u00e7\u00e3o dos Servidores da Semed","description":"A Prefeitura de Manaus, por meio da Secretaria Municipal de Educa\u00e7\u00e3o (Semed), encerrou, neste domingo, 23\/11, a 5\u00aa edi\u00e7\u00e3o do futebol society, dos Jogos de Integra\u00e7\u00e3o dos Servidores da Semed (Jiss) 2025. As partidas foram realizadas na Arena Laranjeiras, localizada no bairro Parque das Laranjeiras, zona Centro-Sul da cidade.","robots":{"index":"index","follow":"follow","max-snippet":"max-snippet:-1","max-image-preview":"max-image-preview:large","max-video-preview":"max-video-preview:-1"},"canonical":"https:\/\/www.manaus.am.gov.br\/semed\/not\u00edcias\/competicao\/prefeitura-jiss-futebol\/","og_locale":"pt_BR","og_type":"article","og_title":"Prefeitura de Manaus encerra 5\u00aa edi\u00e7\u00e3o dos Jogos de Integra\u00e7\u00e3o dos Servidores da Semed","og_description":"A Prefeitura de Manaus, por meio da Secretaria Municipal de Educa\u00e7\u00e3o (Semed), encerrou, neste domingo, 23\/11, a 5\u00aa edi\u00e7\u00e3o do futebol society, dos Jogos de Integra\u00e7\u00e3o dos Servidores da Semed (Jiss) 2025. As partidas foram realizadas na Arena Laranjeiras, localizada no bairro Parque das Laranjeiras, zona Centro-Sul da cidade.","og_url":"https:\/\/www.manaus.am.gov.br\/semed\/not\u00edcias\/competicao\/prefeitura-jiss-futebol\/","og_site_name":"SEMED","article_published_time":"2025-11-23T20:35:00+00:00","article_modified_time":"2025-11-23T20:35:02+00:00","og_image":[{"width":1600,"height":900,"url":"https:\/\/www.manaus.am.gov.br\/semed\/wp-content\/uploads\/sites\/3\/2025\/11\/7bfbf522-f942-4a2f-a034-fb91384b4222.jpeg","type":"image\/jpeg"}],"author":"Adriana Costa","twitter_card":"summary_large_image","twitter_misc":{"Written by":"Adriana Costa","Est. reading time":"3 minutos"},"schema":{"@context":"https:\/\/schema.org","@graph":[{"@type":"Article","@id":"https:\/\/www.manaus.am.gov.br\/semed\/not\u00edcias\/competicao\/prefeitura-jiss-futebol\/#article","isPartOf":{"@id":"https:\/\/www.manaus.am.gov.br\/semed\/not\u00edcias\/competicao\/prefeitura-jiss-futebol\/"},"author":{"name":"Adriana Costa","@id":"https:\/\/www.manaus.am.gov.br\/semed\/#\/schema\/person\/4e49f4e267757a06ca072ec61b2b9968"},"headline":"Prefeitura de Manaus encerra 5\u00aa edi\u00e7\u00e3o dos Jogos de Integra\u00e7\u00e3o dos Servidores da Semed","datePublished":"2025-11-23T20:35:00+00:00","dateModified":"2025-11-23T20:35:02+00:00","mainEntityOfPage":{"@id":"https:\/\/www.manaus.am.gov.br\/semed\/not\u00edcias\/competicao\/prefeitura-jiss-futebol\/"},"wordCount":398,"publisher":{"@id":"https:\/\/www.manaus.am.gov.br\/semed\/#organization"},"image":{"@id":"https:\/\/www.manaus.am.gov.br\/semed\/not\u00edcias\/competicao\/prefeitura-jiss-futebol\/#primaryimage"},"thumbnailUrl":"https:\/\/www.manaus.am.gov.br\/semed\/wp-content\/uploads\/sites\/3\/2025\/11\/7bfbf522-f942-4a2f-a034-fb91384b4222.jpeg","keywords":["finais","futebol","integra\u00e7\u00e3o","jiss","jogos","prefeitura de manaus","semed"],"articleSection":["Competi\u00e7\u00e3o"],"inLanguage":"pt-BR"},{"@type":"WebPage","@id":"https:\/\/www.manaus.am.gov.br\/semed\/not\u00edcias\/competicao\/prefeitura-jiss-futebol\/","url":"https:\/\/www.manaus.am.gov.br\/semed\/not\u00edcias\/competicao\/prefeitura-jiss-futebol\/","name":"Prefeitura de Manaus encerra 5\u00aa edi\u00e7\u00e3o dos Jogos de Integra\u00e7\u00e3o dos Servidores da Semed","isPartOf":{"@id":"https:\/\/www.manaus.am.gov.br\/semed\/#website"},"primaryImageOfPage":{"@id":"https:\/\/www.manaus.am.gov.br\/semed\/not\u00edcias\/competicao\/prefeitura-jiss-futebol\/#primaryimage"},"image":{"@id":"https:\/\/www.manaus.am.gov.br\/semed\/not\u00edcias\/competicao\/prefeitura-jiss-futebol\/#primaryimage"},"thumbnailUrl":"https:\/\/www.manaus.am.gov.br\/semed\/wp-content\/uploads\/sites\/3\/2025\/11\/7bfbf522-f942-4a2f-a034-fb91384b4222.jpeg","datePublished":"2025-11-23T20:35:00+00:00","dateModified":"2025-11-23T20:35:02+00:00","description":"A Prefeitura de Manaus, por meio da Secretaria Municipal de Educa\u00e7\u00e3o (Semed), encerrou, neste domingo, 23\/11, a 5\u00aa edi\u00e7\u00e3o do futebol society, dos Jogos de Integra\u00e7\u00e3o dos Servidores da Semed (Jiss) 2025. As partidas foram realizadas na Arena Laranjeiras, localizada no bairro Parque das Laranjeiras, zona Centro-Sul da cidade.","inLanguage":"pt-BR","potentialAction":[{"@type":"ReadAction","target":["https:\/\/www.manaus.am.gov.br\/semed\/not\u00edcias\/competicao\/prefeitura-jiss-futebol\/"]}]},{"@type":"ImageObject","inLanguage":"pt-BR","@id":"https:\/\/www.manaus.am.gov.br\/semed\/not\u00edcias\/competicao\/prefeitura-jiss-futebol\/#primaryimage","url":"https:\/\/www.manaus.am.gov.br\/semed\/wp-content\/uploads\/sites\/3\/2025\/11\/7bfbf522-f942-4a2f-a034-fb91384b4222.jpeg","contentUrl":"https:\/\/www.manaus.am.gov.br\/semed\/wp-content\/uploads\/sites\/3\/2025\/11\/7bfbf522-f942-4a2f-a034-fb91384b4222.jpeg","width":1600,"height":900,"caption":"#paratodosverem - Partida de futebol dos servidores da Semed em campo de grama"},{"@type":"WebSite","@id":"https:\/\/www.manaus.am.gov.br\/semed\/#website","url":"https:\/\/www.manaus.am.gov.br\/semed\/","name":"Secretaria Municipal de Educa\u00e7\u00e3o","description":"Secretaria Municipal de Educa\u00e7\u00e3o","publisher":{"@id":"https:\/\/www.manaus.am.gov.br\/semed\/#organization"},"alternateName":"SEMED","potentialAction":[{"@type":"SearchAction","target":{"@type":"EntryPoint","urlTemplate":"https:\/\/www.manaus.am.gov.br\/semed\/?s={search_term_string}"},"query-input":"required name=search_term_string"}],"inLanguage":"pt-BR"},{"@type":"Organization","@id":"https:\/\/www.manaus.am.gov.br\/semed\/#organization","name":"Secretaria de Educa\u00e7\u00e3o","alternateName":"SEMED","url":"https:\/\/www.manaus.am.gov.br\/semed\/","logo":{"@type":"ImageObject","inLanguage":"pt-BR","@id":"https:\/\/www.manaus.am.gov.br\/semed\/#\/schema\/logo\/image\/","url":"https:\/\/www.manaus.am.gov.br\/semed\/wp-content\/uploads\/sites\/3\/2022\/11\/favicon.png","contentUrl":"https:\/\/www.manaus.am.gov.br\/semed\/wp-content\/uploads\/sites\/3\/2022\/11\/favicon.png","width":300,"height":300,"caption":"Secretaria de Educa\u00e7\u00e3o"},"image":{"@id":"https:\/\/www.manaus.am.gov.br\/semed\/#\/schema\/logo\/image\/"}},{"@type":"Person","@id":"https:\/\/www.manaus.am.gov.br\/semed\/#\/schema\/person\/4e49f4e267757a06ca072ec61b2b9968","name":"Adriana Costa","image":{"@type":"ImageObject","inLanguage":"pt-BR","@id":"https:\/\/www.manaus.am.gov.br\/semed\/#\/schema\/person\/image\/","url":"https:\/\/secure.gravatar.com\/avatar\/576258617ef7194f718179e766d57bd4?s=96&d=mm&r=g","contentUrl":"https:\/\/secure.gravatar.com\/avatar\/576258617ef7194f718179e766d57bd4?s=96&d=mm&r=g","caption":"Adriana Costa"}}]}},"_links":{"self":[{"href":"https:\/\/www.manaus.am.gov.br\/semed\/wp-json\/wp\/v2\/posts\/10314"}],"collection":[{"href":"https:\/\/www.manaus.am.gov.br\/semed\/wp-json\/wp\/v2\/posts"}],"about":[{"href":"https:\/\/www.manaus.am.gov.br\/semed\/wp-json\/wp\/v2\/types\/post"}],"author":[{"embeddable":true,"href":"https:\/\/www.manaus.am.gov.br\/semed\/wp-json\/wp\/v2\/users\/23"}],"replies":[{"embeddable":true,"href":"https:\/\/www.manaus.am.gov.br\/semed\/wp-json\/wp\/v2\/comments?post=10314"}],"version-history":[{"count":0,"href":"https:\/\/www.manaus.am.gov.br\/semed\/wp-json\/wp\/v2\/posts\/10314\/revisions"}],"wp:featuredmedia":[{"embeddable":true,"href":"https:\/\/www.manaus.am.gov.br\/semed\/wp-json\/wp\/v2\/media\/10315"}],"wp:attachment":[{"href":"https:\/\/www.manaus.am.gov.br\/semed\/wp-json\/wp\/v2\/media?parent=10314"}],"wp:term":[{"taxonomy":"category","embeddable":true,"href":"https:\/\/www.manaus.am.gov.br\/semed\/wp-json\/wp\/v2\/categories?post=10314"},{"taxonomy":"post_tag","embeddable":true,"href":"https:\/\/www.manaus.am.gov.br\/semed\/wp-json\/wp\/v2\/tags?post=10314"}],"curies":[{"name":"wp","href":"https:\/\/api.w.org\/{rel}","templated":true}]}}