{"id":269579,"date":"2026-09-06T09:31:35","date_gmt":"2026-09-06T12:31:35","guid":{"rendered":"https:\/\/www.manaus.am.gov.br\/semcom\/calendario-cultural\/"},"modified":"2026-09-06T09:31:37","modified_gmt":"2026-09-06T12:31:37","slug":"calendario-cultural","status":"publish","type":"post","link":"https:\/\/www.manaus.am.gov.br\/semcom\/calendario-cultural\/","title":{"rendered":"Prefeito Renato Junior anuncia calend\u00e1rio cultural e garante mais atra\u00e7\u00f5es no \u2018#SouManaus Passo a Pa\u00e7o 2027\u2019"},"content":{"rendered":"\n<p>O prefeito de Manaus, Renato Junior, anunciou, no s\u00e1bado, 5\/9, que a pr\u00f3xima edi\u00e7\u00e3o do \u201cSouManaus Passo a Pa\u00e7o\u201d dever\u00e1 contar com um calend\u00e1rio cultural permanente e uma programa\u00e7\u00e3o ainda maior de atra\u00e7\u00f5es. Durante a segunda noite do festival deste ano, o prefeito afirmou que a prefeitura trabalha para estruturar as atividades culturais ao longo do ano e antecipou que em 2027 poder\u00e1 ter nomes de maior proje\u00e7\u00e3o nacional.<\/p>\n\n\n\n<p>Conforme o prefeito, a proposta \u00e9 aproveitar a experi\u00eancia do \u201c#SouManaus\u201d para fortalecer um ecossistema cultural permanente na capital, ampliando as oportunidades para artistas locais. A ideia \u00e9 organizar os profissionais em um calend\u00e1rio cultural que permita \u00e0 prefeitura planejar e distribuir as a\u00e7\u00f5es ao longo do ano. \u201cN\u00f3s temos a cria\u00e7\u00e3o da pesquisa com opini\u00e3o popular justamente para contemplar todos esses artistas em um calend\u00e1rio cultural que \u00e9 o &#8216;#SouManaus&#8217;\u201d, afirmou.<\/p>\n\n\n\n<p>O prefeito tamb\u00e9m adiantou que a edi\u00e7\u00e3o de 2027 poder\u00e1 superar a deste ano em atra\u00e7\u00f5es. \u201cNo pr\u00f3ximo ano, eu acho que o Brasil vai querer\u2026 Pode spoiler, jornalista? Atra\u00e7\u00f5es que v\u00e3o sacudir as estruturas do pa\u00eds. Ser\u00e3o mais atra\u00e7\u00f5es do que este ano, talvez at\u00e9 o dobro\u201d, enfatizou Renato Junior, sinalizando uma programa\u00e7\u00e3o mais robusta para a pr\u00f3xima edi\u00e7\u00e3o.<\/p>\n\n\n\n<p>A amplia\u00e7\u00e3o, conforme o prefeito, est\u00e1 relacionada ao impacto do festival sobre a economia e a cadeia produtiva da cultura em Manaus. Ele destacou ainda que o evento movimenta artistas, trabalhadores e diferentes segmentos do ecossistema cultural, al\u00e9m de abrir oportunidades para profissionais que muitas vezes n\u00e3o conseguem espa\u00e7o em grandes programa\u00e7\u00f5es.<\/p>\n\n\n\n<p>\u201cEu acho que abrir oportunidade aos artistas \u00e9 uma maneira de valorizar o que \u00e9 nosso. Nossos artistas s\u00f3 precisam de uma chance para brilhar\u201d, concluiu Renato Junior.<\/p>\n\n\n\n<p>&#8212; &#8212; &#8212;<br><strong>Texto &#8211;<\/strong> Alessandra Taveira\/Semcom<br><strong>Fotos \u2013<\/strong> Carlos Silva\/Semcom<\/p>\n","protected":false},"excerpt":{"rendered":"","protected":false},"author":68,"featured_media":269580,"comment_status":"closed","ping_status":"closed","sticky":false,"template":"","format":"standard","meta":{"footnotes":""},"categories":[7488],"tags":[],"acf":[],"yoast_head":"<!-- This site is optimized with the Yoast SEO plugin v23.0 - https:\/\/yoast.com\/wordpress\/plugins\/seo\/ -->\n<title>Prefeito Renato Junior anuncia calend\u00e1rio cultural e garante mais atra\u00e7\u00f5es no \u2018#SouManaus Passo a Pa\u00e7o 2027\u2019<\/title>\n<meta name=\"description\" content=\"O prefeito de Manaus, Renato Junior, anunciou, no s\u00e1bado, 5\/9, que a pr\u00f3xima edi\u00e7\u00e3o do \u201cSouManaus Passo a Pa\u00e7o\u201d dever\u00e1 contar com um calend\u00e1rio cultural permanente e uma programa\u00e7\u00e3o ainda maior de atra\u00e7\u00f5es.\" \/>\n<meta name=\"robots\" content=\"index, follow, max-snippet:-1, max-image-preview:large, max-video-preview:-1\" \/>\n<link rel=\"canonical\" href=\"https:\/\/www.manaus.am.gov.br\/semcom\/calendario-cultural\/\" \/>\n<meta property=\"og:locale\" content=\"pt_BR\" \/>\n<meta property=\"og:type\" content=\"article\" \/>\n<meta property=\"og:title\" content=\"Prefeito Renato Junior anuncia calend\u00e1rio cultural e garante mais atra\u00e7\u00f5es no \u2018#SouManaus Passo a Pa\u00e7o 2027\u2019\" \/>\n<meta property=\"og:description\" content=\"O prefeito de Manaus, Renato Junior, anunciou, no s\u00e1bado, 5\/9, que a pr\u00f3xima edi\u00e7\u00e3o do \u201cSouManaus Passo a Pa\u00e7o\u201d dever\u00e1 contar com um calend\u00e1rio cultural permanente e uma programa\u00e7\u00e3o ainda maior de atra\u00e7\u00f5es.\" \/>\n<meta property=\"og:url\" content=\"https:\/\/www.manaus.am.gov.br\/semcom\/calendario-cultural\/\" \/>\n<meta property=\"og:site_name\" content=\"SEMCOM\" \/>\n<meta property=\"article:published_time\" content=\"2026-09-06T12:31:35+00:00\" \/>\n<meta property=\"article:modified_time\" content=\"2026-09-06T12:31:37+00:00\" \/>\n<meta property=\"og:image\" content=\"https:\/\/www.manaus.am.gov.br\/semcom\/wp-content\/uploads\/sites\/5\/2026\/09\/WhatsApp-Image-2026-09-06-at-08.27.01.jpeg\" \/>\n\t<meta property=\"og:image:width\" content=\"1280\" \/>\n\t<meta property=\"og:image:height\" content=\"854\" \/>\n\t<meta property=\"og:image:type\" content=\"image\/jpeg\" \/>\n<meta name=\"author\" content=\"bvalente\" \/>\n<meta name=\"twitter:card\" content=\"summary_large_image\" \/>\n<meta name=\"twitter:label1\" content=\"Written by\" \/>\n\t<meta name=\"twitter:data1\" content=\"bvalente\" \/>\n\t<meta name=\"twitter:label2\" content=\"Est. reading time\" \/>\n\t<meta name=\"twitter:data2\" content=\"2 minutos\" \/>\n<script type=\"application\/ld+json\" class=\"yoast-schema-graph\">{\"@context\":\"https:\/\/schema.org\",\"@graph\":[{\"@type\":\"WebPage\",\"@id\":\"https:\/\/www.manaus.am.gov.br\/semcom\/calendario-cultural\/\",\"url\":\"https:\/\/www.manaus.am.gov.br\/semcom\/calendario-cultural\/\",\"name\":\"Prefeito Renato Junior anuncia calend\u00e1rio cultural e garante mais atra\u00e7\u00f5es no \u2018#SouManaus Passo a Pa\u00e7o 2027\u2019\",\"isPartOf\":{\"@id\":\"https:\/\/www.manaus.am.gov.br\/semcom\/#website\"},\"primaryImageOfPage\":{\"@id\":\"https:\/\/www.manaus.am.gov.br\/semcom\/calendario-cultural\/#primaryimage\"},\"image\":{\"@id\":\"https:\/\/www.manaus.am.gov.br\/semcom\/calendario-cultural\/#primaryimage\"},\"thumbnailUrl\":\"https:\/\/www.manaus.am.gov.br\/semcom\/wp-content\/uploads\/sites\/5\/2026\/09\/WhatsApp-Image-2026-09-06-at-08.27.01.jpeg\",\"datePublished\":\"2026-09-06T12:31:35+00:00\",\"dateModified\":\"2026-09-06T12:31:37+00:00\",\"author\":{\"@id\":\"https:\/\/www.manaus.am.gov.br\/semcom\/#\/schema\/person\/466a0e03ae4b6062809046bd560ac955\"},\"description\":\"O prefeito de Manaus, Renato Junior, anunciou, no s\u00e1bado, 5\/9, que a pr\u00f3xima edi\u00e7\u00e3o do \u201cSouManaus Passo a Pa\u00e7o\u201d dever\u00e1 contar com um calend\u00e1rio cultural permanente e uma programa\u00e7\u00e3o ainda maior de atra\u00e7\u00f5es.\",\"inLanguage\":\"pt-BR\",\"potentialAction\":[{\"@type\":\"ReadAction\",\"target\":[\"https:\/\/www.manaus.am.gov.br\/semcom\/calendario-cultural\/\"]}]},{\"@type\":\"ImageObject\",\"inLanguage\":\"pt-BR\",\"@id\":\"https:\/\/www.manaus.am.gov.br\/semcom\/calendario-cultural\/#primaryimage\",\"url\":\"https:\/\/www.manaus.am.gov.br\/semcom\/wp-content\/uploads\/sites\/5\/2026\/09\/WhatsApp-Image-2026-09-06-at-08.27.01.jpeg\",\"contentUrl\":\"https:\/\/www.manaus.am.gov.br\/semcom\/wp-content\/uploads\/sites\/5\/2026\/09\/WhatsApp-Image-2026-09-06-at-08.27.01.jpeg\",\"width\":1280,\"height\":854,\"caption\":\"#paratodosverem - Prefeito de Manaus, Renato Junior durante coletiva\"},{\"@type\":\"WebSite\",\"@id\":\"https:\/\/www.manaus.am.gov.br\/semcom\/#website\",\"url\":\"https:\/\/www.manaus.am.gov.br\/semcom\/\",\"name\":\"SEMCOM\",\"description\":\"Secretaria Municipal de Comunica\u00e7\u00e3o\",\"potentialAction\":[{\"@type\":\"SearchAction\",\"target\":{\"@type\":\"EntryPoint\",\"urlTemplate\":\"https:\/\/www.manaus.am.gov.br\/semcom\/?s={search_term_string}\"},\"query-input\":\"required name=search_term_string\"}],\"inLanguage\":\"pt-BR\"},{\"@type\":\"Person\",\"@id\":\"https:\/\/www.manaus.am.gov.br\/semcom\/#\/schema\/person\/466a0e03ae4b6062809046bd560ac955\",\"name\":\"bvalente\",\"image\":{\"@type\":\"ImageObject\",\"inLanguage\":\"pt-BR\",\"@id\":\"https:\/\/www.manaus.am.gov.br\/semcom\/#\/schema\/person\/image\/\",\"url\":\"https:\/\/secure.gravatar.com\/avatar\/3e69bc2b014bdad41adfec3a39de07d2?s=96&d=mm&r=g\",\"contentUrl\":\"https:\/\/secure.gravatar.com\/avatar\/3e69bc2b014bdad41adfec3a39de07d2?s=96&d=mm&r=g\",\"caption\":\"bvalente\"}}]}<\/script>\n<!-- \/ Yoast SEO plugin. -->","yoast_head_json":{"title":"Prefeito Renato Junior anuncia calend\u00e1rio cultural e garante mais atra\u00e7\u00f5es no \u2018#SouManaus Passo a Pa\u00e7o 2027\u2019","description":"O prefeito de Manaus, Renato Junior, anunciou, no s\u00e1bado, 5\/9, que a pr\u00f3xima edi\u00e7\u00e3o do \u201cSouManaus Passo a Pa\u00e7o\u201d dever\u00e1 contar com um calend\u00e1rio cultural permanente e uma programa\u00e7\u00e3o ainda maior de atra\u00e7\u00f5es.","robots":{"index":"index","follow":"follow","max-snippet":"max-snippet:-1","max-image-preview":"max-image-preview:large","max-video-preview":"max-video-preview:-1"},"canonical":"https:\/\/www.manaus.am.gov.br\/semcom\/calendario-cultural\/","og_locale":"pt_BR","og_type":"article","og_title":"Prefeito Renato Junior anuncia calend\u00e1rio cultural e garante mais atra\u00e7\u00f5es no \u2018#SouManaus Passo a Pa\u00e7o 2027\u2019","og_description":"O prefeito de Manaus, Renato Junior, anunciou, no s\u00e1bado, 5\/9, que a pr\u00f3xima edi\u00e7\u00e3o do \u201cSouManaus Passo a Pa\u00e7o\u201d dever\u00e1 contar com um calend\u00e1rio cultural permanente e uma programa\u00e7\u00e3o ainda maior de atra\u00e7\u00f5es.","og_url":"https:\/\/www.manaus.am.gov.br\/semcom\/calendario-cultural\/","og_site_name":"SEMCOM","article_published_time":"2026-09-06T12:31:35+00:00","article_modified_time":"2026-09-06T12:31:37+00:00","og_image":[{"width":1280,"height":854,"url":"https:\/\/www.manaus.am.gov.br\/semcom\/wp-content\/uploads\/sites\/5\/2026\/09\/WhatsApp-Image-2026-09-06-at-08.27.01.jpeg","type":"image\/jpeg"}],"author":"bvalente","twitter_card":"summary_large_image","twitter_misc":{"Written by":"bvalente","Est. reading time":"2 minutos"},"schema":{"@context":"https:\/\/schema.org","@graph":[{"@type":"WebPage","@id":"https:\/\/www.manaus.am.gov.br\/semcom\/calendario-cultural\/","url":"https:\/\/www.manaus.am.gov.br\/semcom\/calendario-cultural\/","name":"Prefeito Renato Junior anuncia calend\u00e1rio cultural e garante mais atra\u00e7\u00f5es no \u2018#SouManaus Passo a Pa\u00e7o 2027\u2019","isPartOf":{"@id":"https:\/\/www.manaus.am.gov.br\/semcom\/#website"},"primaryImageOfPage":{"@id":"https:\/\/www.manaus.am.gov.br\/semcom\/calendario-cultural\/#primaryimage"},"image":{"@id":"https:\/\/www.manaus.am.gov.br\/semcom\/calendario-cultural\/#primaryimage"},"thumbnailUrl":"https:\/\/www.manaus.am.gov.br\/semcom\/wp-content\/uploads\/sites\/5\/2026\/09\/WhatsApp-Image-2026-09-06-at-08.27.01.jpeg","datePublished":"2026-09-06T12:31:35+00:00","dateModified":"2026-09-06T12:31:37+00:00","author":{"@id":"https:\/\/www.manaus.am.gov.br\/semcom\/#\/schema\/person\/466a0e03ae4b6062809046bd560ac955"},"description":"O prefeito de Manaus, Renato Junior, anunciou, no s\u00e1bado, 5\/9, que a pr\u00f3xima edi\u00e7\u00e3o do \u201cSouManaus Passo a Pa\u00e7o\u201d dever\u00e1 contar com um calend\u00e1rio cultural permanente e uma programa\u00e7\u00e3o ainda maior de atra\u00e7\u00f5es.","inLanguage":"pt-BR","potentialAction":[{"@type":"ReadAction","target":["https:\/\/www.manaus.am.gov.br\/semcom\/calendario-cultural\/"]}]},{"@type":"ImageObject","inLanguage":"pt-BR","@id":"https:\/\/www.manaus.am.gov.br\/semcom\/calendario-cultural\/#primaryimage","url":"https:\/\/www.manaus.am.gov.br\/semcom\/wp-content\/uploads\/sites\/5\/2026\/09\/WhatsApp-Image-2026-09-06-at-08.27.01.jpeg","contentUrl":"https:\/\/www.manaus.am.gov.br\/semcom\/wp-content\/uploads\/sites\/5\/2026\/09\/WhatsApp-Image-2026-09-06-at-08.27.01.jpeg","width":1280,"height":854,"caption":"#paratodosverem - Prefeito de Manaus, Renato Junior durante coletiva"},{"@type":"WebSite","@id":"https:\/\/www.manaus.am.gov.br\/semcom\/#website","url":"https:\/\/www.manaus.am.gov.br\/semcom\/","name":"SEMCOM","description":"Secretaria Municipal de Comunica\u00e7\u00e3o","potentialAction":[{"@type":"SearchAction","target":{"@type":"EntryPoint","urlTemplate":"https:\/\/www.manaus.am.gov.br\/semcom\/?s={search_term_string}"},"query-input":"required name=search_term_string"}],"inLanguage":"pt-BR"},{"@type":"Person","@id":"https:\/\/www.manaus.am.gov.br\/semcom\/#\/schema\/person\/466a0e03ae4b6062809046bd560ac955","name":"bvalente","image":{"@type":"ImageObject","inLanguage":"pt-BR","@id":"https:\/\/www.manaus.am.gov.br\/semcom\/#\/schema\/person\/image\/","url":"https:\/\/secure.gravatar.com\/avatar\/3e69bc2b014bdad41adfec3a39de07d2?s=96&d=mm&r=g","contentUrl":"https:\/\/secure.gravatar.com\/avatar\/3e69bc2b014bdad41adfec3a39de07d2?s=96&d=mm&r=g","caption":"bvalente"}}]}},"_links":{"self":[{"href":"https:\/\/www.manaus.am.gov.br\/semcom\/wp-json\/wp\/v2\/posts\/269579"}],"collection":[{"href":"https:\/\/www.manaus.am.gov.br\/semcom\/wp-json\/wp\/v2\/posts"}],"about":[{"href":"https:\/\/www.manaus.am.gov.br\/semcom\/wp-json\/wp\/v2\/types\/post"}],"author":[{"embeddable":true,"href":"https:\/\/www.manaus.am.gov.br\/semcom\/wp-json\/wp\/v2\/users\/68"}],"replies":[{"embeddable":true,"href":"https:\/\/www.manaus.am.gov.br\/semcom\/wp-json\/wp\/v2\/comments?post=269579"}],"version-history":[{"count":0,"href":"https:\/\/www.manaus.am.gov.br\/semcom\/wp-json\/wp\/v2\/posts\/269579\/revisions"}],"wp:featuredmedia":[{"embeddable":true,"href":"https:\/\/www.manaus.am.gov.br\/semcom\/wp-json\/wp\/v2\/media\/269580"}],"wp:attachment":[{"href":"https:\/\/www.manaus.am.gov.br\/semcom\/wp-json\/wp\/v2\/media?parent=269579"}],"wp:term":[{"taxonomy":"category","embeddable":true,"href":"https:\/\/www.manaus.am.gov.br\/semcom\/wp-json\/wp\/v2\/categories?post=269579"},{"taxonomy":"post_tag","embeddable":true,"href":"https:\/\/www.manaus.am.gov.br\/semcom\/wp-json\/wp\/v2\/tags?post=269579"}],"curies":[{"name":"wp","href":"https:\/\/api.w.org\/{rel}","templated":true}]}}