{"id":269560,"date":"2026-09-06T03:32:30","date_gmt":"2026-09-06T07:32:30","guid":{"rendered":"https:\/\/www.manaus.am.gov.br\/semcom\/aline-barros-israel-salazar-noite-gospel-soumanaus-2026\/"},"modified":"2026-09-06T03:32:30","modified_gmt":"2026-09-06T07:32:30","slug":"aline-barros-israel-salazar-noite-gospel-soumanaus-2026","status":"publish","type":"post","link":"https:\/\/www.manaus.am.gov.br\/semcom\/aline-barros-israel-salazar-noite-gospel-soumanaus-2026\/","title":{"rendered":"Aline Barros e Israel Salazar encerram noite gospel durante programa\u00e7\u00e3o do \u2018#SouManaus Passo a Pa\u00e7o 2026\u2019"},"content":{"rendered":"\n<p>F\u00e9, m\u00fasica e emo\u00e7\u00e3o marcaram a programa\u00e7\u00e3o gospel do \u201c#SouManaus Passo a Pa\u00e7o 2026\u201d, realizado pela Prefeitura de Manaus, nesse s\u00e1bado, 5\/9. Com uma multid\u00e3o reunida para acompanhar as apresenta\u00e7\u00f5es, o p\u00fablico cantou, levantou as m\u00e3os e transformou a noite em um grande momento de louvor. Entre as atra\u00e7\u00f5es nacionais, Aline Barros e Israel Salazar levaram ao palco can\u00e7\u00f5es que fazem parte da trajet\u00f3ria de diferentes gera\u00e7\u00f5es de crist\u00e3os.<\/p>\n\n\n\n<p>A dona de casa Helen Carvalho chegou com a expectativa de acompanhar de perto uma artista que admira h\u00e1 anos. F\u00e3 de Aline Barros, ela destacou a emo\u00e7\u00e3o de poder assistir ao show da cantora em Manaus.<\/p>\n\n\n\n<p>\u201cEu sou muito f\u00e3 da Aline Barros. \u00c9 uma cantora que eu acompanho e admiro muito. Ent\u00e3o, poder estar aqui hoje vendo esse show de perto, \u00e9 uma emo\u00e7\u00e3o muito grande para mim. Eu a amo e estava esperando muito por esse momento\u201d, disse Helen.<\/p>\n\n\n\n<p>Entre o p\u00fablico tamb\u00e9m estava a dona de casa Alcemira Pinheiro, que emocionada relembrou uma m\u00fasica que atravessou mais de duas d\u00e9cadas de sua vida e que carrega um significado especial.<\/p>\n\n\n\n<p>\u201cEssa m\u00fasica tem 22 anos e faz parte de uma hist\u00f3ria muito especial para mim. S\u00e3o lembran\u00e7as que v\u00eam \u00e0 cabe\u00e7a quando a gente escuta novamente uma can\u00e7\u00e3o que marcou a nossa vida. Estar aqui e poder reviver tudo isso \u00e9 muito emocionante\u201d, afirmou Alcemira.<\/p>\n\n\n\n<figure class=\"wp-block-image size-large\"><img loading=\"lazy\" decoding=\"async\" width=\"1024\" height=\"683\" src=\"https:\/\/www.manaus.am.gov.br\/semcom\/wp-content\/uploads\/sites\/5\/2026\/09\/WhatsApp-Image-2026-09-06-at-00.06.48-1024x683.jpeg\" alt=\"\" class=\"wp-image-269564\" srcset=\"https:\/\/www.manaus.am.gov.br\/semcom\/wp-content\/uploads\/sites\/5\/2026\/09\/WhatsApp-Image-2026-09-06-at-00.06.48-1024x683.jpeg 1024w, https:\/\/www.manaus.am.gov.br\/semcom\/wp-content\/uploads\/sites\/5\/2026\/09\/WhatsApp-Image-2026-09-06-at-00.06.48-300x200.jpeg 300w, https:\/\/www.manaus.am.gov.br\/semcom\/wp-content\/uploads\/sites\/5\/2026\/09\/WhatsApp-Image-2026-09-06-at-00.06.48-768x512.jpeg 768w, https:\/\/www.manaus.am.gov.br\/semcom\/wp-content\/uploads\/sites\/5\/2026\/09\/WhatsApp-Image-2026-09-06-at-00.06.48.jpeg 1280w\" sizes=\"(max-width: 1024px) 100vw, 1024px\" \/><figcaption class=\"wp-element-caption\">#paratodosverem &#8211; P\u00fablico<\/figcaption><\/figure>\n\n\n\n<p>Uma das apresenta\u00e7\u00f5es mais aguardadas foi a de Aline Barros. Com uma carreira consolidada na m\u00fasica gospel e can\u00e7\u00f5es conhecidas pelo p\u00fablico, a cantora foi recebida por uma multid\u00e3o que acompanhou os sucessos do in\u00edcio ao fim.<\/p>\n\n\n\n<p>\u201c\u00c9 maravilhoso estar aqui mais uma vez e sentir todo esse carinho. \u00c9 muito especial poder cantar, louvar e compartilhar esse momento com tanta gente reunida. Tenho um carinho enorme por Manaus, amo esta terra e fico muito feliz com essa recep\u00e7\u00e3o\u201d, destacou Aline Barros.<\/p>\n\n\n\n<p>Acompanhando os shows, a pedagoga Luziene do Vale ressaltou a identifica\u00e7\u00e3o com os artistas e com as mensagens transmitidas por meio das m\u00fasicas. \u201c\u00c9 uma pessoa humilde, algu\u00e9m que transmite uma mensagem que toca a gente de uma forma muito especial. Para mim, estar aqui \u00e9 viver um momento de f\u00e9, de alegria e tamb\u00e9m de gratid\u00e3o. Eu amo e admiro muito esse trabalho\u201d, disse Luziene.<\/p>\n\n\n\n<p>Encerrando a noite gospel, Israel Salazar subiu ao palco e conduziu o p\u00fablico em mais um momento de celebra\u00e7\u00e3o e adora\u00e7\u00e3o. O cantor falou da emo\u00e7\u00e3o de participar do festival e de se apresentar para o p\u00fablico amazonense.<\/p>\n\n\n\n<p>\u201cEu sonhava com o dia em que pudesse viver um momento como esse, diante de tantas pessoas reunidas para celebrar e adorar. \u00c9 uma alegria muito grande estar aqui, poder compartilhar a nossa m\u00fasica e receber todo esse carinho do p\u00fablico. \u00c9 um momento muito especial para mim e para Manaus\u201d, afirmou Israel Salazar.<\/p>\n\n\n\n<p>Com m\u00fasica, f\u00e9 e comunh\u00e3o, Aline Barros e Israel Salazar encerraram a programa\u00e7\u00e3o gospel do \u201c#Sou Manaus Passo a Pa\u00e7o 2026\u201d em uma noite marcada pela participa\u00e7\u00e3o do p\u00fablico e pela emo\u00e7\u00e3o no cora\u00e7\u00e3o da capital amazonense.<\/p>\n\n\n\n<figure class=\"wp-block-image size-large\"><img loading=\"lazy\" decoding=\"async\" width=\"1024\" height=\"683\" src=\"https:\/\/www.manaus.am.gov.br\/semcom\/wp-content\/uploads\/sites\/5\/2026\/09\/WhatsApp-Image-2026-09-06-at-00.06.50-1024x683.jpeg\" alt=\"\" class=\"wp-image-269565\" srcset=\"https:\/\/www.manaus.am.gov.br\/semcom\/wp-content\/uploads\/sites\/5\/2026\/09\/WhatsApp-Image-2026-09-06-at-00.06.50-1024x683.jpeg 1024w, https:\/\/www.manaus.am.gov.br\/semcom\/wp-content\/uploads\/sites\/5\/2026\/09\/WhatsApp-Image-2026-09-06-at-00.06.50-300x200.jpeg 300w, https:\/\/www.manaus.am.gov.br\/semcom\/wp-content\/uploads\/sites\/5\/2026\/09\/WhatsApp-Image-2026-09-06-at-00.06.50-768x512.jpeg 768w, https:\/\/www.manaus.am.gov.br\/semcom\/wp-content\/uploads\/sites\/5\/2026\/09\/WhatsApp-Image-2026-09-06-at-00.06.50.jpeg 1280w\" sizes=\"(max-width: 1024px) 100vw, 1024px\" \/><figcaption class=\"wp-element-caption\">#paratodosverem &#8211; Israel Salazar<\/figcaption><\/figure>\n\n\n\n<p>&#8212; &#8212; &#8212;<\/p>\n\n\n\n<p><strong>Texto&nbsp;<\/strong>&#8211; Deborah Azevedo\/Semcom<\/p>\n\n\n\n<p><strong>Fotos \u2013 <\/strong>Aguillar Abecassis\/Semcom<\/p>\n","protected":false},"excerpt":{"rendered":"","protected":false},"author":39,"featured_media":269561,"comment_status":"closed","ping_status":"closed","sticky":false,"template":"","format":"standard","meta":{"footnotes":""},"categories":[7488],"tags":[22925,4375,23267,23268,77],"acf":[],"yoast_head":"<!-- This site is optimized with the Yoast SEO plugin v23.0 - https:\/\/yoast.com\/wordpress\/plugins\/seo\/ -->\n<title>Aline Barros e Israel Salazar encerram noite gospel durante \u2018#SouManaus 2026\u2019<\/title>\n<meta name=\"description\" content=\"Cantores Aline Barros e Israel Salazar encerram noite gospel durante programa\u00e7\u00e3o do \u2018#SouManaus Passo a Pa\u00e7o 2026\u2019.\" \/>\n<meta name=\"robots\" content=\"index, follow, max-snippet:-1, max-image-preview:large, max-video-preview:-1\" \/>\n<link rel=\"canonical\" href=\"https:\/\/www.manaus.am.gov.br\/semcom\/aline-barros-israel-salazar-noite-gospel-soumanaus-2026\/\" \/>\n<meta property=\"og:locale\" content=\"pt_BR\" \/>\n<meta property=\"og:type\" content=\"article\" \/>\n<meta property=\"og:title\" content=\"Aline Barros e Israel Salazar encerram noite gospel durante \u2018#SouManaus 2026\u2019\" \/>\n<meta property=\"og:description\" content=\"Cantores Aline Barros e Israel Salazar encerram noite gospel durante programa\u00e7\u00e3o do \u2018#SouManaus Passo a Pa\u00e7o 2026\u2019.\" \/>\n<meta property=\"og:url\" content=\"https:\/\/www.manaus.am.gov.br\/semcom\/aline-barros-israel-salazar-noite-gospel-soumanaus-2026\/\" \/>\n<meta property=\"og:site_name\" content=\"SEMCOM\" \/>\n<meta property=\"article:published_time\" content=\"2026-09-06T07:32:30+00:00\" \/>\n<meta property=\"og:image\" content=\"https:\/\/www.manaus.am.gov.br\/semcom\/wp-content\/uploads\/sites\/5\/2026\/09\/WhatsApp-Image-2026-09-05-at-23.03.34-1.jpeg\" \/>\n\t<meta property=\"og:image:width\" content=\"1280\" \/>\n\t<meta property=\"og:image:height\" content=\"854\" \/>\n\t<meta property=\"og:image:type\" content=\"image\/jpeg\" \/>\n<meta name=\"author\" content=\"Bruna Greco\" \/>\n<meta name=\"twitter:card\" content=\"summary_large_image\" \/>\n<meta name=\"twitter:label1\" content=\"Written by\" \/>\n\t<meta name=\"twitter:data1\" content=\"Bruna Greco\" \/>\n\t<meta name=\"twitter:label2\" content=\"Est. reading time\" \/>\n\t<meta name=\"twitter:data2\" content=\"4 minutos\" \/>\n<script type=\"application\/ld+json\" class=\"yoast-schema-graph\">{\"@context\":\"https:\/\/schema.org\",\"@graph\":[{\"@type\":\"WebPage\",\"@id\":\"https:\/\/www.manaus.am.gov.br\/semcom\/aline-barros-israel-salazar-noite-gospel-soumanaus-2026\/\",\"url\":\"https:\/\/www.manaus.am.gov.br\/semcom\/aline-barros-israel-salazar-noite-gospel-soumanaus-2026\/\",\"name\":\"Aline Barros e Israel Salazar encerram noite gospel durante \u2018#SouManaus 2026\u2019\",\"isPartOf\":{\"@id\":\"https:\/\/www.manaus.am.gov.br\/semcom\/#website\"},\"primaryImageOfPage\":{\"@id\":\"https:\/\/www.manaus.am.gov.br\/semcom\/aline-barros-israel-salazar-noite-gospel-soumanaus-2026\/#primaryimage\"},\"image\":{\"@id\":\"https:\/\/www.manaus.am.gov.br\/semcom\/aline-barros-israel-salazar-noite-gospel-soumanaus-2026\/#primaryimage\"},\"thumbnailUrl\":\"https:\/\/www.manaus.am.gov.br\/semcom\/wp-content\/uploads\/sites\/5\/2026\/09\/WhatsApp-Image-2026-09-05-at-23.03.34-1.jpeg\",\"datePublished\":\"2026-09-06T07:32:30+00:00\",\"dateModified\":\"2026-09-06T07:32:30+00:00\",\"author\":{\"@id\":\"https:\/\/www.manaus.am.gov.br\/semcom\/#\/schema\/person\/05d223aea2bf115f9883a6ff3683d81b\"},\"description\":\"Cantores Aline Barros e Israel Salazar encerram noite gospel durante programa\u00e7\u00e3o do \u2018#SouManaus Passo a Pa\u00e7o 2026\u2019.\",\"inLanguage\":\"pt-BR\",\"potentialAction\":[{\"@type\":\"ReadAction\",\"target\":[\"https:\/\/www.manaus.am.gov.br\/semcom\/aline-barros-israel-salazar-noite-gospel-soumanaus-2026\/\"]}]},{\"@type\":\"ImageObject\",\"inLanguage\":\"pt-BR\",\"@id\":\"https:\/\/www.manaus.am.gov.br\/semcom\/aline-barros-israel-salazar-noite-gospel-soumanaus-2026\/#primaryimage\",\"url\":\"https:\/\/www.manaus.am.gov.br\/semcom\/wp-content\/uploads\/sites\/5\/2026\/09\/WhatsApp-Image-2026-09-05-at-23.03.34-1.jpeg\",\"contentUrl\":\"https:\/\/www.manaus.am.gov.br\/semcom\/wp-content\/uploads\/sites\/5\/2026\/09\/WhatsApp-Image-2026-09-05-at-23.03.34-1.jpeg\",\"width\":1280,\"height\":854,\"caption\":\"#paratodosverem - Cantora Aline Barros durante show gospel no festival \\\"#SouManaus Passo a Pa\u00e7o 2026\\\"\"},{\"@type\":\"WebSite\",\"@id\":\"https:\/\/www.manaus.am.gov.br\/semcom\/#website\",\"url\":\"https:\/\/www.manaus.am.gov.br\/semcom\/\",\"name\":\"SEMCOM\",\"description\":\"Secretaria Municipal de Comunica\u00e7\u00e3o\",\"potentialAction\":[{\"@type\":\"SearchAction\",\"target\":{\"@type\":\"EntryPoint\",\"urlTemplate\":\"https:\/\/www.manaus.am.gov.br\/semcom\/?s={search_term_string}\"},\"query-input\":\"required name=search_term_string\"}],\"inLanguage\":\"pt-BR\"},{\"@type\":\"Person\",\"@id\":\"https:\/\/www.manaus.am.gov.br\/semcom\/#\/schema\/person\/05d223aea2bf115f9883a6ff3683d81b\",\"name\":\"Bruna Greco\",\"image\":{\"@type\":\"ImageObject\",\"inLanguage\":\"pt-BR\",\"@id\":\"https:\/\/www.manaus.am.gov.br\/semcom\/#\/schema\/person\/image\/\",\"url\":\"https:\/\/secure.gravatar.com\/avatar\/9c877d1a6adc2a055330e5c09a8653ce?s=96&d=mm&r=g\",\"contentUrl\":\"https:\/\/secure.gravatar.com\/avatar\/9c877d1a6adc2a055330e5c09a8653ce?s=96&d=mm&r=g\",\"caption\":\"Bruna Greco\"}}]}<\/script>\n<!-- \/ Yoast SEO plugin. -->","yoast_head_json":{"title":"Aline Barros e Israel Salazar encerram noite gospel durante \u2018#SouManaus 2026\u2019","description":"Cantores Aline Barros e Israel Salazar encerram noite gospel durante programa\u00e7\u00e3o do \u2018#SouManaus Passo a Pa\u00e7o 2026\u2019.","robots":{"index":"index","follow":"follow","max-snippet":"max-snippet:-1","max-image-preview":"max-image-preview:large","max-video-preview":"max-video-preview:-1"},"canonical":"https:\/\/www.manaus.am.gov.br\/semcom\/aline-barros-israel-salazar-noite-gospel-soumanaus-2026\/","og_locale":"pt_BR","og_type":"article","og_title":"Aline Barros e Israel Salazar encerram noite gospel durante \u2018#SouManaus 2026\u2019","og_description":"Cantores Aline Barros e Israel Salazar encerram noite gospel durante programa\u00e7\u00e3o do \u2018#SouManaus Passo a Pa\u00e7o 2026\u2019.","og_url":"https:\/\/www.manaus.am.gov.br\/semcom\/aline-barros-israel-salazar-noite-gospel-soumanaus-2026\/","og_site_name":"SEMCOM","article_published_time":"2026-09-06T07:32:30+00:00","og_image":[{"width":1280,"height":854,"url":"https:\/\/www.manaus.am.gov.br\/semcom\/wp-content\/uploads\/sites\/5\/2026\/09\/WhatsApp-Image-2026-09-05-at-23.03.34-1.jpeg","type":"image\/jpeg"}],"author":"Bruna Greco","twitter_card":"summary_large_image","twitter_misc":{"Written by":"Bruna Greco","Est. reading time":"4 minutos"},"schema":{"@context":"https:\/\/schema.org","@graph":[{"@type":"WebPage","@id":"https:\/\/www.manaus.am.gov.br\/semcom\/aline-barros-israel-salazar-noite-gospel-soumanaus-2026\/","url":"https:\/\/www.manaus.am.gov.br\/semcom\/aline-barros-israel-salazar-noite-gospel-soumanaus-2026\/","name":"Aline Barros e Israel Salazar encerram noite gospel durante \u2018#SouManaus 2026\u2019","isPartOf":{"@id":"https:\/\/www.manaus.am.gov.br\/semcom\/#website"},"primaryImageOfPage":{"@id":"https:\/\/www.manaus.am.gov.br\/semcom\/aline-barros-israel-salazar-noite-gospel-soumanaus-2026\/#primaryimage"},"image":{"@id":"https:\/\/www.manaus.am.gov.br\/semcom\/aline-barros-israel-salazar-noite-gospel-soumanaus-2026\/#primaryimage"},"thumbnailUrl":"https:\/\/www.manaus.am.gov.br\/semcom\/wp-content\/uploads\/sites\/5\/2026\/09\/WhatsApp-Image-2026-09-05-at-23.03.34-1.jpeg","datePublished":"2026-09-06T07:32:30+00:00","dateModified":"2026-09-06T07:32:30+00:00","author":{"@id":"https:\/\/www.manaus.am.gov.br\/semcom\/#\/schema\/person\/05d223aea2bf115f9883a6ff3683d81b"},"description":"Cantores Aline Barros e Israel Salazar encerram noite gospel durante programa\u00e7\u00e3o do \u2018#SouManaus Passo a Pa\u00e7o 2026\u2019.","inLanguage":"pt-BR","potentialAction":[{"@type":"ReadAction","target":["https:\/\/www.manaus.am.gov.br\/semcom\/aline-barros-israel-salazar-noite-gospel-soumanaus-2026\/"]}]},{"@type":"ImageObject","inLanguage":"pt-BR","@id":"https:\/\/www.manaus.am.gov.br\/semcom\/aline-barros-israel-salazar-noite-gospel-soumanaus-2026\/#primaryimage","url":"https:\/\/www.manaus.am.gov.br\/semcom\/wp-content\/uploads\/sites\/5\/2026\/09\/WhatsApp-Image-2026-09-05-at-23.03.34-1.jpeg","contentUrl":"https:\/\/www.manaus.am.gov.br\/semcom\/wp-content\/uploads\/sites\/5\/2026\/09\/WhatsApp-Image-2026-09-05-at-23.03.34-1.jpeg","width":1280,"height":854,"caption":"#paratodosverem - Cantora Aline Barros durante show gospel no festival \"#SouManaus Passo a Pa\u00e7o 2026\""},{"@type":"WebSite","@id":"https:\/\/www.manaus.am.gov.br\/semcom\/#website","url":"https:\/\/www.manaus.am.gov.br\/semcom\/","name":"SEMCOM","description":"Secretaria Municipal de Comunica\u00e7\u00e3o","potentialAction":[{"@type":"SearchAction","target":{"@type":"EntryPoint","urlTemplate":"https:\/\/www.manaus.am.gov.br\/semcom\/?s={search_term_string}"},"query-input":"required name=search_term_string"}],"inLanguage":"pt-BR"},{"@type":"Person","@id":"https:\/\/www.manaus.am.gov.br\/semcom\/#\/schema\/person\/05d223aea2bf115f9883a6ff3683d81b","name":"Bruna Greco","image":{"@type":"ImageObject","inLanguage":"pt-BR","@id":"https:\/\/www.manaus.am.gov.br\/semcom\/#\/schema\/person\/image\/","url":"https:\/\/secure.gravatar.com\/avatar\/9c877d1a6adc2a055330e5c09a8653ce?s=96&d=mm&r=g","contentUrl":"https:\/\/secure.gravatar.com\/avatar\/9c877d1a6adc2a055330e5c09a8653ce?s=96&d=mm&r=g","caption":"Bruna Greco"}}]}},"_links":{"self":[{"href":"https:\/\/www.manaus.am.gov.br\/semcom\/wp-json\/wp\/v2\/posts\/269560"}],"collection":[{"href":"https:\/\/www.manaus.am.gov.br\/semcom\/wp-json\/wp\/v2\/posts"}],"about":[{"href":"https:\/\/www.manaus.am.gov.br\/semcom\/wp-json\/wp\/v2\/types\/post"}],"author":[{"embeddable":true,"href":"https:\/\/www.manaus.am.gov.br\/semcom\/wp-json\/wp\/v2\/users\/39"}],"replies":[{"embeddable":true,"href":"https:\/\/www.manaus.am.gov.br\/semcom\/wp-json\/wp\/v2\/comments?post=269560"}],"version-history":[{"count":1,"href":"https:\/\/www.manaus.am.gov.br\/semcom\/wp-json\/wp\/v2\/posts\/269560\/revisions"}],"predecessor-version":[{"id":269566,"href":"https:\/\/www.manaus.am.gov.br\/semcom\/wp-json\/wp\/v2\/posts\/269560\/revisions\/269566"}],"wp:featuredmedia":[{"embeddable":true,"href":"https:\/\/www.manaus.am.gov.br\/semcom\/wp-json\/wp\/v2\/media\/269561"}],"wp:attachment":[{"href":"https:\/\/www.manaus.am.gov.br\/semcom\/wp-json\/wp\/v2\/media?parent=269560"}],"wp:term":[{"taxonomy":"category","embeddable":true,"href":"https:\/\/www.manaus.am.gov.br\/semcom\/wp-json\/wp\/v2\/categories?post=269560"},{"taxonomy":"post_tag","embeddable":true,"href":"https:\/\/www.manaus.am.gov.br\/semcom\/wp-json\/wp\/v2\/tags?post=269560"}],"curies":[{"name":"wp","href":"https:\/\/api.w.org\/{rel}","templated":true}]}}