{"id":269542,"date":"2026-09-06T01:21:17","date_gmt":"2026-09-06T05:21:17","guid":{"rendered":"https:\/\/www.manaus.am.gov.br\/semcom\/iza-soumanaus-passo-a-paco-2026\/"},"modified":"2026-09-06T01:21:17","modified_gmt":"2026-09-06T05:21:17","slug":"iza-soumanaus-passo-a-paco-2026","status":"publish","type":"post","link":"https:\/\/www.manaus.am.gov.br\/semcom\/iza-soumanaus-passo-a-paco-2026\/","title":{"rendered":"IZA emociona p\u00fablico do \u2018#SouManaus Passo a Pa\u00e7o 2026\u2019 ao cantar grandes sucessos que destacam for\u00e7a e resili\u00eancia"},"content":{"rendered":"\n<p>A cantora IZA emocionou os f\u00e3s durante sua apresenta\u00e7\u00e3o no \u201c#SouManaus Passo a Pa\u00e7o 2026\u201d, realizado pela Prefeitura de Manaus, na noite desse s\u00e1bado, 5\/9. A artista destacou a for\u00e7a do povo manauara e declarou ter um grande carinho pela capital amazonense. Al\u00e9m da artista nacional, subiram ao palco o cantor amazonense Rodrigo Raniely, o grupo de dan\u00e7a Gandhicats e o grupo Carrapicho.<\/p>\n\n\n\n<p>\u201cManaus \u00e9 uma cidade que representa muito a for\u00e7a feminina, sabe. A for\u00e7a das mulheres. Eu me inspiro muito na cultura daqui e estou muito feliz de estar de volta depois de sete anos. Espero muito que as pessoas cantem junto essas m\u00fasicas que s\u00e3o t\u00e3o importantes para mim e que me relembram o quanto \u00e9 fundamental ser persistente, ser aut\u00eantica, acreditar em si e ter f\u00e9 para seguir em frente\u201d, disse a artista.<\/p>\n\n\n\n<p>O p\u00fablico diverso do \u201c#SouManaus\u201d celebrava a realiza\u00e7\u00e3o do festival a cada nova atra\u00e7\u00e3o. A dona de casa Stefany Santos, de 31 anos, chegou cedo com a filha Ester dos Santos, de 14 anos, para acompanhar a entrada de IZA. Elas ficaram em uma \u00e1rea PcD planejada, perto do palco, e Stefany agradeceu a oportunidade de fazer parte do evento.<\/p>\n\n\n\n<p>\u201c\u00c9 a minha primeira vez aqui no \u2018#SouManaus\u2019 e a dela tamb\u00e9m. Estou muito feliz, gostei demais deste espa\u00e7o. As atra\u00e7\u00f5es que ela mais quer ver s\u00e3o a IZA e o Dennis DJ\u201d, disse Stefany.<\/p>\n\n\n\n<p>O professor Luiz Diego Souza, de 24 anos, tamb\u00e9m chegou cedo para ver as apresenta\u00e7\u00f5es. Perto da grade do palco, ele afirmou que o \u201c#SouManaus\u201d estava realizando um sonho de sua vida. \u201cEstou muito ansioso, porque \u00e9 a primeira vez que vou ver o show da IZA. Vou bater muito leque para ela. J\u00e1 faz uns dois anos que estou pedindo muito a vinda dela no Instagram da prefeitura, e finalmente consegui v\u00ea-la\u201d, comentou.<\/p>\n\n\n\n<p>O p\u00fablico tamb\u00e9m ficou euf\u00f3rico ao receber os artistas da terra. O Filho do Piseiro, nascido em Manaus, j\u00e1 \u00e9 um artista nacionalmente conhecido e um dos grandes favoritos do povo manauara. Giovanna Fran\u00e7a aproveitou para ficar na grade e ver o cantor de pertinho. Ela contou que frequenta o \u201c#SouManaus\u201d todos os anos e estava muito ansiosa pela apresenta\u00e7\u00e3o.<\/p>\n\n\n\n<p>\u201cEst\u00e1 sendo incr\u00edvel, muito legal. Sempre v\u00ednhamos e fic\u00e1vamos l\u00e1 atr\u00e1s. Desta vez conseguimos ficar aqui na frente, gra\u00e7as a Deus. Estou muito ansiosa para ver o Filho do Piseiro\u201d, falou Giovanna.<\/p>\n\n\n\n<p>O motorista Rafael Tavares, de 27 anos, era outro que n\u00e3o escondia a expectativa para o show do artista amazonense. Ele aproveitou para agradecer \u00e0 Prefeitura de Manaus pela realiza\u00e7\u00e3o de um evento t\u00e3o grandioso.<\/p>\n\n\n\n<p>\u201cEsse evento grandioso \u00e9 muito necess\u00e1rio para Manaus. Pela visibilidade e pela diversidade que ele traz, n\u00e3o tenho nem palavras para expressar a minha gratid\u00e3o\u201d, salientou Rafael.<\/p>\n\n\n\n<figure class=\"wp-block-image size-large\"><img loading=\"lazy\" decoding=\"async\" width=\"1024\" height=\"683\" src=\"https:\/\/www.manaus.am.gov.br\/semcom\/wp-content\/uploads\/sites\/5\/2026\/09\/WhatsApp-Image-2026-09-06-at-01.07.56-1024x683.jpeg\" alt=\"\" class=\"wp-image-269545\" srcset=\"https:\/\/www.manaus.am.gov.br\/semcom\/wp-content\/uploads\/sites\/5\/2026\/09\/WhatsApp-Image-2026-09-06-at-01.07.56-1024x683.jpeg 1024w, https:\/\/www.manaus.am.gov.br\/semcom\/wp-content\/uploads\/sites\/5\/2026\/09\/WhatsApp-Image-2026-09-06-at-01.07.56-300x200.jpeg 300w, https:\/\/www.manaus.am.gov.br\/semcom\/wp-content\/uploads\/sites\/5\/2026\/09\/WhatsApp-Image-2026-09-06-at-01.07.56-768x512.jpeg 768w, https:\/\/www.manaus.am.gov.br\/semcom\/wp-content\/uploads\/sites\/5\/2026\/09\/WhatsApp-Image-2026-09-06-at-01.07.56.jpeg 1280w\" sizes=\"(max-width: 1024px) 100vw, 1024px\" \/><figcaption class=\"wp-element-caption\">#paratodosverem &#8211; Filho do Piseiro<\/figcaption><\/figure>\n\n\n\n<p><strong>Festival<\/strong><\/p>\n\n\n\n<p>Prestigiando o evento, o prefeito de Manaus, Renato Junior, afirma que o \u201c#SouManaus 2026\u201d \u00e9 a maior edi\u00e7\u00e3o em n\u00famero de dias e de artistas desde o in\u00edcio do festival. Ele destacou que o evento gratuito tem como principal objetivo democratizar a cultura para toda a popula\u00e7\u00e3o local, principalmente para quem n\u00e3o tem condi\u00e7\u00f5es de pagar ingressos em grandes shows.<\/p>\n\n\n\n<p>\u201cO nosso patr\u00e3o \u00e9 o povo de Manaus. O festival tem que caber nos sonhos do povo. Um artista ou outro que trazemos s\u00e3o pedidos da popula\u00e7\u00e3o nas redes sociais. Para entrar no \u2018#SouManaus\u2019 \u00e9 preciso somente um quilo de alimento, estamos fazendo justi\u00e7a cultural e social para que a popula\u00e7\u00e3o possa assistir ao seu artista local ou nacional\u201d, refor\u00e7ou o prefeito.<\/p>\n\n\n\n<p>O diretor-presidente da&nbsp;Funda\u00e7\u00e3o Municipal de Cultura, Turismo e Eventos&nbsp;(ManausCult), M\u00e1rcio Braz, tamb\u00e9m enfatizou a import\u00e2ncia do evento e pontuou que o festival \u00e9 uma grande oportunidade para profissionais de diferentes \u00e1reas de atua\u00e7\u00e3o.<\/p>\n\n\n\n<p>\u201cTemos diversas propostas das mais diferentes \u00e1reas: das artes marciais, do hip-hop, da m\u00fasica, da dan\u00e7a e outras. Ent\u00e3o, toda essa programa\u00e7\u00e3o tamb\u00e9m \u00e9 uma cria\u00e7\u00e3o conjunta com os artistas da nossa cidade\u201d, concluiu Braz.<\/p>\n\n\n\n<figure class=\"wp-block-image size-large\"><img loading=\"lazy\" decoding=\"async\" width=\"1024\" height=\"683\" src=\"https:\/\/www.manaus.am.gov.br\/semcom\/wp-content\/uploads\/sites\/5\/2026\/09\/Dennis-DJ-1-1024x683.jpeg\" alt=\"\" class=\"wp-image-269544\" srcset=\"https:\/\/www.manaus.am.gov.br\/semcom\/wp-content\/uploads\/sites\/5\/2026\/09\/Dennis-DJ-1-1024x683.jpeg 1024w, https:\/\/www.manaus.am.gov.br\/semcom\/wp-content\/uploads\/sites\/5\/2026\/09\/Dennis-DJ-1-300x200.jpeg 300w, https:\/\/www.manaus.am.gov.br\/semcom\/wp-content\/uploads\/sites\/5\/2026\/09\/Dennis-DJ-1-768x512.jpeg 768w, https:\/\/www.manaus.am.gov.br\/semcom\/wp-content\/uploads\/sites\/5\/2026\/09\/Dennis-DJ-1.jpeg 1280w\" sizes=\"(max-width: 1024px) 100vw, 1024px\" \/><figcaption class=\"wp-element-caption\">#paratodosverem &#8211; Dennis DJ<\/figcaption><\/figure>\n\n\n\n<p>&#8212; &#8212; &#8212;<\/p>\n\n\n\n<p><strong>Texto \u2013<\/strong>&nbsp;Emile Souza\/Semcom<\/p>\n\n\n\n<p><strong>Fotos \u2013 <\/strong>Aguillar Abecassis, Eduardo Anderson e Ariela Lorena\/Semcom<\/p>\n","protected":false},"excerpt":{"rendered":"","protected":false},"author":39,"featured_media":269543,"comment_status":"closed","ping_status":"closed","sticky":false,"template":"","format":"standard","meta":{"footnotes":""},"categories":[7488],"tags":[22925,8012,23259,23260,23261,77],"acf":[],"yoast_head":"<!-- This site is optimized with the Yoast SEO plugin v23.0 - https:\/\/yoast.com\/wordpress\/plugins\/seo\/ -->\n<title>IZA emociona p\u00fablico do \u2018#SouManaus Passo a Pa\u00e7o 2026\u2019<\/title>\n<meta name=\"description\" content=\"IZA emociona p\u00fablico do \u2018#SouManaus Passo a Pa\u00e7o 2026\u2019 ao cantar grandes sucessos que destacam for\u00e7a e resili\u00eancia.\" \/>\n<meta name=\"robots\" content=\"index, follow, max-snippet:-1, max-image-preview:large, max-video-preview:-1\" \/>\n<link rel=\"canonical\" href=\"https:\/\/www.manaus.am.gov.br\/semcom\/iza-soumanaus-passo-a-paco-2026\/\" \/>\n<meta property=\"og:locale\" content=\"pt_BR\" \/>\n<meta property=\"og:type\" content=\"article\" \/>\n<meta property=\"og:title\" content=\"IZA emociona p\u00fablico do \u2018#SouManaus Passo a Pa\u00e7o 2026\u2019\" \/>\n<meta property=\"og:description\" content=\"IZA emociona p\u00fablico do \u2018#SouManaus Passo a Pa\u00e7o 2026\u2019 ao cantar grandes sucessos que destacam for\u00e7a e resili\u00eancia.\" \/>\n<meta property=\"og:url\" content=\"https:\/\/www.manaus.am.gov.br\/semcom\/iza-soumanaus-passo-a-paco-2026\/\" \/>\n<meta property=\"og:site_name\" content=\"SEMCOM\" \/>\n<meta property=\"article:published_time\" content=\"2026-09-06T05:21:17+00:00\" \/>\n<meta property=\"og:image\" content=\"https:\/\/www.manaus.am.gov.br\/semcom\/wp-content\/uploads\/sites\/5\/2026\/09\/WhatsApp-Image-2026-09-05-at-22.38.04.jpeg\" \/>\n\t<meta property=\"og:image:width\" content=\"1280\" \/>\n\t<meta property=\"og:image:height\" content=\"854\" \/>\n\t<meta property=\"og:image:type\" content=\"image\/jpeg\" \/>\n<meta name=\"author\" content=\"Bruna Greco\" \/>\n<meta name=\"twitter:card\" content=\"summary_large_image\" \/>\n<meta name=\"twitter:label1\" content=\"Written by\" \/>\n\t<meta name=\"twitter:data1\" content=\"Bruna Greco\" \/>\n\t<meta name=\"twitter:label2\" content=\"Est. reading time\" \/>\n\t<meta name=\"twitter:data2\" content=\"5 minutos\" \/>\n<script type=\"application\/ld+json\" class=\"yoast-schema-graph\">{\"@context\":\"https:\/\/schema.org\",\"@graph\":[{\"@type\":\"WebPage\",\"@id\":\"https:\/\/www.manaus.am.gov.br\/semcom\/iza-soumanaus-passo-a-paco-2026\/\",\"url\":\"https:\/\/www.manaus.am.gov.br\/semcom\/iza-soumanaus-passo-a-paco-2026\/\",\"name\":\"IZA emociona p\u00fablico do \u2018#SouManaus Passo a Pa\u00e7o 2026\u2019\",\"isPartOf\":{\"@id\":\"https:\/\/www.manaus.am.gov.br\/semcom\/#website\"},\"primaryImageOfPage\":{\"@id\":\"https:\/\/www.manaus.am.gov.br\/semcom\/iza-soumanaus-passo-a-paco-2026\/#primaryimage\"},\"image\":{\"@id\":\"https:\/\/www.manaus.am.gov.br\/semcom\/iza-soumanaus-passo-a-paco-2026\/#primaryimage\"},\"thumbnailUrl\":\"https:\/\/www.manaus.am.gov.br\/semcom\/wp-content\/uploads\/sites\/5\/2026\/09\/WhatsApp-Image-2026-09-05-at-22.38.04.jpeg\",\"datePublished\":\"2026-09-06T05:21:17+00:00\",\"dateModified\":\"2026-09-06T05:21:17+00:00\",\"author\":{\"@id\":\"https:\/\/www.manaus.am.gov.br\/semcom\/#\/schema\/person\/05d223aea2bf115f9883a6ff3683d81b\"},\"description\":\"IZA emociona p\u00fablico do \u2018#SouManaus Passo a Pa\u00e7o 2026\u2019 ao cantar grandes sucessos que destacam for\u00e7a e resili\u00eancia.\",\"inLanguage\":\"pt-BR\",\"potentialAction\":[{\"@type\":\"ReadAction\",\"target\":[\"https:\/\/www.manaus.am.gov.br\/semcom\/iza-soumanaus-passo-a-paco-2026\/\"]}]},{\"@type\":\"ImageObject\",\"inLanguage\":\"pt-BR\",\"@id\":\"https:\/\/www.manaus.am.gov.br\/semcom\/iza-soumanaus-passo-a-paco-2026\/#primaryimage\",\"url\":\"https:\/\/www.manaus.am.gov.br\/semcom\/wp-content\/uploads\/sites\/5\/2026\/09\/WhatsApp-Image-2026-09-05-at-22.38.04.jpeg\",\"contentUrl\":\"https:\/\/www.manaus.am.gov.br\/semcom\/wp-content\/uploads\/sites\/5\/2026\/09\/WhatsApp-Image-2026-09-05-at-22.38.04.jpeg\",\"width\":1280,\"height\":854,\"caption\":\"#paratodosverem - Cantora IZA se apresentando no palco Alf\u00e2ndega no segundo dia do festival \\\"#SouManaus Passo a Pa\u00e7o 2026\\\"\"},{\"@type\":\"WebSite\",\"@id\":\"https:\/\/www.manaus.am.gov.br\/semcom\/#website\",\"url\":\"https:\/\/www.manaus.am.gov.br\/semcom\/\",\"name\":\"SEMCOM\",\"description\":\"Secretaria Municipal de Comunica\u00e7\u00e3o\",\"potentialAction\":[{\"@type\":\"SearchAction\",\"target\":{\"@type\":\"EntryPoint\",\"urlTemplate\":\"https:\/\/www.manaus.am.gov.br\/semcom\/?s={search_term_string}\"},\"query-input\":\"required name=search_term_string\"}],\"inLanguage\":\"pt-BR\"},{\"@type\":\"Person\",\"@id\":\"https:\/\/www.manaus.am.gov.br\/semcom\/#\/schema\/person\/05d223aea2bf115f9883a6ff3683d81b\",\"name\":\"Bruna Greco\",\"image\":{\"@type\":\"ImageObject\",\"inLanguage\":\"pt-BR\",\"@id\":\"https:\/\/www.manaus.am.gov.br\/semcom\/#\/schema\/person\/image\/\",\"url\":\"https:\/\/secure.gravatar.com\/avatar\/9c877d1a6adc2a055330e5c09a8653ce?s=96&d=mm&r=g\",\"contentUrl\":\"https:\/\/secure.gravatar.com\/avatar\/9c877d1a6adc2a055330e5c09a8653ce?s=96&d=mm&r=g\",\"caption\":\"Bruna Greco\"}}]}<\/script>\n<!-- \/ Yoast SEO plugin. -->","yoast_head_json":{"title":"IZA emociona p\u00fablico do \u2018#SouManaus Passo a Pa\u00e7o 2026\u2019","description":"IZA emociona p\u00fablico do \u2018#SouManaus Passo a Pa\u00e7o 2026\u2019 ao cantar grandes sucessos que destacam for\u00e7a e resili\u00eancia.","robots":{"index":"index","follow":"follow","max-snippet":"max-snippet:-1","max-image-preview":"max-image-preview:large","max-video-preview":"max-video-preview:-1"},"canonical":"https:\/\/www.manaus.am.gov.br\/semcom\/iza-soumanaus-passo-a-paco-2026\/","og_locale":"pt_BR","og_type":"article","og_title":"IZA emociona p\u00fablico do \u2018#SouManaus Passo a Pa\u00e7o 2026\u2019","og_description":"IZA emociona p\u00fablico do \u2018#SouManaus Passo a Pa\u00e7o 2026\u2019 ao cantar grandes sucessos que destacam for\u00e7a e resili\u00eancia.","og_url":"https:\/\/www.manaus.am.gov.br\/semcom\/iza-soumanaus-passo-a-paco-2026\/","og_site_name":"SEMCOM","article_published_time":"2026-09-06T05:21:17+00:00","og_image":[{"width":1280,"height":854,"url":"https:\/\/www.manaus.am.gov.br\/semcom\/wp-content\/uploads\/sites\/5\/2026\/09\/WhatsApp-Image-2026-09-05-at-22.38.04.jpeg","type":"image\/jpeg"}],"author":"Bruna Greco","twitter_card":"summary_large_image","twitter_misc":{"Written by":"Bruna Greco","Est. reading time":"5 minutos"},"schema":{"@context":"https:\/\/schema.org","@graph":[{"@type":"WebPage","@id":"https:\/\/www.manaus.am.gov.br\/semcom\/iza-soumanaus-passo-a-paco-2026\/","url":"https:\/\/www.manaus.am.gov.br\/semcom\/iza-soumanaus-passo-a-paco-2026\/","name":"IZA emociona p\u00fablico do \u2018#SouManaus Passo a Pa\u00e7o 2026\u2019","isPartOf":{"@id":"https:\/\/www.manaus.am.gov.br\/semcom\/#website"},"primaryImageOfPage":{"@id":"https:\/\/www.manaus.am.gov.br\/semcom\/iza-soumanaus-passo-a-paco-2026\/#primaryimage"},"image":{"@id":"https:\/\/www.manaus.am.gov.br\/semcom\/iza-soumanaus-passo-a-paco-2026\/#primaryimage"},"thumbnailUrl":"https:\/\/www.manaus.am.gov.br\/semcom\/wp-content\/uploads\/sites\/5\/2026\/09\/WhatsApp-Image-2026-09-05-at-22.38.04.jpeg","datePublished":"2026-09-06T05:21:17+00:00","dateModified":"2026-09-06T05:21:17+00:00","author":{"@id":"https:\/\/www.manaus.am.gov.br\/semcom\/#\/schema\/person\/05d223aea2bf115f9883a6ff3683d81b"},"description":"IZA emociona p\u00fablico do \u2018#SouManaus Passo a Pa\u00e7o 2026\u2019 ao cantar grandes sucessos que destacam for\u00e7a e resili\u00eancia.","inLanguage":"pt-BR","potentialAction":[{"@type":"ReadAction","target":["https:\/\/www.manaus.am.gov.br\/semcom\/iza-soumanaus-passo-a-paco-2026\/"]}]},{"@type":"ImageObject","inLanguage":"pt-BR","@id":"https:\/\/www.manaus.am.gov.br\/semcom\/iza-soumanaus-passo-a-paco-2026\/#primaryimage","url":"https:\/\/www.manaus.am.gov.br\/semcom\/wp-content\/uploads\/sites\/5\/2026\/09\/WhatsApp-Image-2026-09-05-at-22.38.04.jpeg","contentUrl":"https:\/\/www.manaus.am.gov.br\/semcom\/wp-content\/uploads\/sites\/5\/2026\/09\/WhatsApp-Image-2026-09-05-at-22.38.04.jpeg","width":1280,"height":854,"caption":"#paratodosverem - Cantora IZA se apresentando no palco Alf\u00e2ndega no segundo dia do festival \"#SouManaus Passo a Pa\u00e7o 2026\""},{"@type":"WebSite","@id":"https:\/\/www.manaus.am.gov.br\/semcom\/#website","url":"https:\/\/www.manaus.am.gov.br\/semcom\/","name":"SEMCOM","description":"Secretaria Municipal de Comunica\u00e7\u00e3o","potentialAction":[{"@type":"SearchAction","target":{"@type":"EntryPoint","urlTemplate":"https:\/\/www.manaus.am.gov.br\/semcom\/?s={search_term_string}"},"query-input":"required name=search_term_string"}],"inLanguage":"pt-BR"},{"@type":"Person","@id":"https:\/\/www.manaus.am.gov.br\/semcom\/#\/schema\/person\/05d223aea2bf115f9883a6ff3683d81b","name":"Bruna Greco","image":{"@type":"ImageObject","inLanguage":"pt-BR","@id":"https:\/\/www.manaus.am.gov.br\/semcom\/#\/schema\/person\/image\/","url":"https:\/\/secure.gravatar.com\/avatar\/9c877d1a6adc2a055330e5c09a8653ce?s=96&d=mm&r=g","contentUrl":"https:\/\/secure.gravatar.com\/avatar\/9c877d1a6adc2a055330e5c09a8653ce?s=96&d=mm&r=g","caption":"Bruna Greco"}}]}},"_links":{"self":[{"href":"https:\/\/www.manaus.am.gov.br\/semcom\/wp-json\/wp\/v2\/posts\/269542"}],"collection":[{"href":"https:\/\/www.manaus.am.gov.br\/semcom\/wp-json\/wp\/v2\/posts"}],"about":[{"href":"https:\/\/www.manaus.am.gov.br\/semcom\/wp-json\/wp\/v2\/types\/post"}],"author":[{"embeddable":true,"href":"https:\/\/www.manaus.am.gov.br\/semcom\/wp-json\/wp\/v2\/users\/39"}],"replies":[{"embeddable":true,"href":"https:\/\/www.manaus.am.gov.br\/semcom\/wp-json\/wp\/v2\/comments?post=269542"}],"version-history":[{"count":1,"href":"https:\/\/www.manaus.am.gov.br\/semcom\/wp-json\/wp\/v2\/posts\/269542\/revisions"}],"predecessor-version":[{"id":269547,"href":"https:\/\/www.manaus.am.gov.br\/semcom\/wp-json\/wp\/v2\/posts\/269542\/revisions\/269547"}],"wp:featuredmedia":[{"embeddable":true,"href":"https:\/\/www.manaus.am.gov.br\/semcom\/wp-json\/wp\/v2\/media\/269543"}],"wp:attachment":[{"href":"https:\/\/www.manaus.am.gov.br\/semcom\/wp-json\/wp\/v2\/media?parent=269542"}],"wp:term":[{"taxonomy":"category","embeddable":true,"href":"https:\/\/www.manaus.am.gov.br\/semcom\/wp-json\/wp\/v2\/categories?post=269542"},{"taxonomy":"post_tag","embeddable":true,"href":"https:\/\/www.manaus.am.gov.br\/semcom\/wp-json\/wp\/v2\/tags?post=269542"}],"curies":[{"name":"wp","href":"https:\/\/api.w.org\/{rel}","templated":true}]}}