{"id":269537,"date":"2026-09-06T00:03:52","date_gmt":"2026-09-06T04:03:52","guid":{"rendered":"https:\/\/www.manaus.am.gov.br\/semcom\/palco-mangueirao-soumanaus-2026\/"},"modified":"2026-09-06T00:03:52","modified_gmt":"2026-09-06T04:03:52","slug":"palco-mangueirao-soumanaus-2026","status":"publish","type":"post","link":"https:\/\/www.manaus.am.gov.br\/semcom\/palco-mangueirao-soumanaus-2026\/","title":{"rendered":"Palco Mangueir\u00e3o re\u00fane diferentes estilos musicais durante o segundo dia de programa\u00e7\u00e3o do \u2018#SouManaus Passo a Pa\u00e7o 2026\u2019"},"content":{"rendered":"\n<p>Com uma programa\u00e7\u00e3o diversificada que re\u00fane diferentes estilos musicais e valoriza os artistas locais, o palco Mangueir\u00e3o movimenta, neste s\u00e1bado, 5 de setembro, segundo dia de evento, o p\u00fablico do \u201c#SouManaus Passo a Pa\u00e7o 2026\u201d, realizado pela Prefeitura de Manaus. As apresenta\u00e7\u00f5es iniciaram \u00e0s 17h, com o Mangueir\u00e3o da Ancestralidade. Na sequ\u00eancia, o p\u00fablico acompanhou os shows de Duca, Doral \u2013 Todas as Saudades, e O Tronxo \u2013 Rock Instrumental.<\/p>\n\n\n\n<p>Para o contrabaixista da banda O Tronxo, Luiz Roberto G\u00f3es, fazer parte da programa\u00e7\u00e3o do festival representa uma oportunidade importante para os artistas locais mostrarem seu trabalho para um grande p\u00fablico.<\/p>\n\n\n\n<p>\u201c\u00c9 uma alegria muito grande fazer parte do #SouManaus Passo a Pa\u00e7o. Um evento desse tamanho, com toda essa estrutura, dando espa\u00e7o para os artistas locais mostrarem o seu trabalho, \u00e9 uma oportunidade muito importante para a nossa m\u00fasica. A gente fica muito feliz e honrado de estar aqui, levando nossa arte para o p\u00fablico de Manaus e fazendo parte dessa grande festa\u201d, afirmou o m\u00fasico.<\/p>\n\n\n\n<p>A programa\u00e7\u00e3o continua ao longo da noite. \u00c0s 22h10, a banda Essence sobe ao palco, em seguida acontece a apresenta\u00e7\u00e3o da dupla sertaneja Pedro e Rafael e da banda 40\u00ba Graus de Amor. A madrugada segue com Daniel Trindade, \u00e0s 0h40, e Marrakesh, \u00e0s 1h30. Durante os intervalos, os DJs Nairle e Falc\u00e3o comandam a programa\u00e7\u00e3o musical.<\/p>\n\n\n\n<p>\u201cEu achei as apresenta\u00e7\u00f5es maravilhosas. Foi muito bonito ver tantos artistas trazendo seu talento para o palco e proporcionando esse momento para o p\u00fablico. A gente se sente muito feliz em poder participar de um evento como esse, que valoriza a cultura e d\u00e1 espa\u00e7o para os nossos artistas locais\u201d, disse a aut\u00f4noma S\u00f4nia Oliveira.<\/p>\n\n\n\n<p>O \u201c#SouManaus Passo a Pa\u00e7o 2026\u201d segue com uma programa\u00e7\u00e3o que re\u00fane m\u00fasica, cultura e entretenimento, proporcionando ao p\u00fablico uma experi\u00eancia de celebra\u00e7\u00e3o e valoriza\u00e7\u00e3o da produ\u00e7\u00e3o art\u00edstica.<\/p>\n\n\n\n<figure class=\"wp-block-image size-large\"><img loading=\"lazy\" decoding=\"async\" width=\"1024\" height=\"768\" src=\"https:\/\/www.manaus.am.gov.br\/semcom\/wp-content\/uploads\/sites\/5\/2026\/09\/Palco-Mangueirao-1-1024x768.jpeg\" alt=\"\" class=\"wp-image-269540\" srcset=\"https:\/\/www.manaus.am.gov.br\/semcom\/wp-content\/uploads\/sites\/5\/2026\/09\/Palco-Mangueirao-1-1024x768.jpeg 1024w, https:\/\/www.manaus.am.gov.br\/semcom\/wp-content\/uploads\/sites\/5\/2026\/09\/Palco-Mangueirao-1-300x225.jpeg 300w, https:\/\/www.manaus.am.gov.br\/semcom\/wp-content\/uploads\/sites\/5\/2026\/09\/Palco-Mangueirao-1-768x576.jpeg 768w, https:\/\/www.manaus.am.gov.br\/semcom\/wp-content\/uploads\/sites\/5\/2026\/09\/Palco-Mangueirao-1.jpeg 1280w\" sizes=\"(max-width: 1024px) 100vw, 1024px\" \/><figcaption class=\"wp-element-caption\">#paratodosverem &#8211; Banda O Tronxo no palco Mangueir\u00e3o<\/figcaption><\/figure>\n\n\n\n<p>&#8212; &#8212; &#8212;<\/p>\n\n\n\n<p><strong>Texto<\/strong> &#8211; Cris Silva\/Semcom<\/p>\n\n\n\n<p><strong>Fotos <\/strong>&#8211; Franklin William\/Semcom<\/p>\n\n\n\n<p> <\/p>\n","protected":false},"excerpt":{"rendered":"","protected":false},"author":39,"featured_media":269539,"comment_status":"closed","ping_status":"closed","sticky":false,"template":"","format":"standard","meta":{"footnotes":""},"categories":[7488],"tags":[22925,23256,307,23257,23258],"acf":[],"yoast_head":"<!-- This site is optimized with the Yoast SEO plugin v23.0 - https:\/\/yoast.com\/wordpress\/plugins\/seo\/ -->\n<title>Palco Mangueir\u00e3o re\u00fane diferentes estilos musicais durante o segundo dia de programa\u00e7\u00e3o do \u2018#SouManaus Passo a Pa\u00e7o 2026\u2019<\/title>\n<meta name=\"description\" content=\"Palco Mangueir\u00e3o re\u00fane diferentes estilos musicais durante o segundo dia de programa\u00e7\u00e3o do \u2018#SouManaus Passo a Pa\u00e7o 2026\u2019.\" \/>\n<meta name=\"robots\" content=\"index, follow, max-snippet:-1, max-image-preview:large, max-video-preview:-1\" \/>\n<link rel=\"canonical\" href=\"https:\/\/www.manaus.am.gov.br\/semcom\/palco-mangueirao-soumanaus-2026\/\" \/>\n<meta property=\"og:locale\" content=\"pt_BR\" \/>\n<meta property=\"og:type\" content=\"article\" \/>\n<meta property=\"og:title\" content=\"Palco Mangueir\u00e3o re\u00fane diferentes estilos musicais durante o segundo dia de programa\u00e7\u00e3o do \u2018#SouManaus Passo a Pa\u00e7o 2026\u2019\" \/>\n<meta property=\"og:description\" content=\"Palco Mangueir\u00e3o re\u00fane diferentes estilos musicais durante o segundo dia de programa\u00e7\u00e3o do \u2018#SouManaus Passo a Pa\u00e7o 2026\u2019.\" \/>\n<meta property=\"og:url\" content=\"https:\/\/www.manaus.am.gov.br\/semcom\/palco-mangueirao-soumanaus-2026\/\" \/>\n<meta property=\"og:site_name\" content=\"SEMCOM\" \/>\n<meta property=\"article:published_time\" content=\"2026-09-06T04:03:52+00:00\" \/>\n<meta property=\"og:image\" content=\"https:\/\/www.manaus.am.gov.br\/semcom\/wp-content\/uploads\/sites\/5\/2026\/09\/Palco-Mangueirao-7.jpeg\" \/>\n\t<meta property=\"og:image:width\" content=\"1280\" \/>\n\t<meta property=\"og:image:height\" content=\"960\" \/>\n\t<meta property=\"og:image:type\" content=\"image\/jpeg\" \/>\n<meta name=\"author\" content=\"Bruna Greco\" \/>\n<meta name=\"twitter:card\" content=\"summary_large_image\" \/>\n<meta name=\"twitter:label1\" content=\"Written by\" \/>\n\t<meta name=\"twitter:data1\" content=\"Bruna Greco\" \/>\n\t<meta name=\"twitter:label2\" content=\"Est. reading time\" \/>\n\t<meta name=\"twitter:data2\" content=\"3 minutos\" \/>\n<script type=\"application\/ld+json\" class=\"yoast-schema-graph\">{\"@context\":\"https:\/\/schema.org\",\"@graph\":[{\"@type\":\"WebPage\",\"@id\":\"https:\/\/www.manaus.am.gov.br\/semcom\/palco-mangueirao-soumanaus-2026\/\",\"url\":\"https:\/\/www.manaus.am.gov.br\/semcom\/palco-mangueirao-soumanaus-2026\/\",\"name\":\"Palco Mangueir\u00e3o re\u00fane diferentes estilos musicais durante o segundo dia de programa\u00e7\u00e3o do \u2018#SouManaus Passo a Pa\u00e7o 2026\u2019\",\"isPartOf\":{\"@id\":\"https:\/\/www.manaus.am.gov.br\/semcom\/#website\"},\"primaryImageOfPage\":{\"@id\":\"https:\/\/www.manaus.am.gov.br\/semcom\/palco-mangueirao-soumanaus-2026\/#primaryimage\"},\"image\":{\"@id\":\"https:\/\/www.manaus.am.gov.br\/semcom\/palco-mangueirao-soumanaus-2026\/#primaryimage\"},\"thumbnailUrl\":\"https:\/\/www.manaus.am.gov.br\/semcom\/wp-content\/uploads\/sites\/5\/2026\/09\/Palco-Mangueirao-7.jpeg\",\"datePublished\":\"2026-09-06T04:03:52+00:00\",\"dateModified\":\"2026-09-06T04:03:52+00:00\",\"author\":{\"@id\":\"https:\/\/www.manaus.am.gov.br\/semcom\/#\/schema\/person\/05d223aea2bf115f9883a6ff3683d81b\"},\"description\":\"Palco Mangueir\u00e3o re\u00fane diferentes estilos musicais durante o segundo dia de programa\u00e7\u00e3o do \u2018#SouManaus Passo a Pa\u00e7o 2026\u2019.\",\"inLanguage\":\"pt-BR\",\"potentialAction\":[{\"@type\":\"ReadAction\",\"target\":[\"https:\/\/www.manaus.am.gov.br\/semcom\/palco-mangueirao-soumanaus-2026\/\"]}]},{\"@type\":\"ImageObject\",\"inLanguage\":\"pt-BR\",\"@id\":\"https:\/\/www.manaus.am.gov.br\/semcom\/palco-mangueirao-soumanaus-2026\/#primaryimage\",\"url\":\"https:\/\/www.manaus.am.gov.br\/semcom\/wp-content\/uploads\/sites\/5\/2026\/09\/Palco-Mangueirao-7.jpeg\",\"contentUrl\":\"https:\/\/www.manaus.am.gov.br\/semcom\/wp-content\/uploads\/sites\/5\/2026\/09\/Palco-Mangueirao-7.jpeg\",\"width\":1280,\"height\":960,\"caption\":\"#paratodosverem - Apresenta\u00e7\u00e3o no palco Mangueir\u00e3o durante segunda noite do \\\"#SouManaus Passo a Pa\u00e7o 2026\\\"\"},{\"@type\":\"WebSite\",\"@id\":\"https:\/\/www.manaus.am.gov.br\/semcom\/#website\",\"url\":\"https:\/\/www.manaus.am.gov.br\/semcom\/\",\"name\":\"SEMCOM\",\"description\":\"Secretaria Municipal de Comunica\u00e7\u00e3o\",\"potentialAction\":[{\"@type\":\"SearchAction\",\"target\":{\"@type\":\"EntryPoint\",\"urlTemplate\":\"https:\/\/www.manaus.am.gov.br\/semcom\/?s={search_term_string}\"},\"query-input\":\"required name=search_term_string\"}],\"inLanguage\":\"pt-BR\"},{\"@type\":\"Person\",\"@id\":\"https:\/\/www.manaus.am.gov.br\/semcom\/#\/schema\/person\/05d223aea2bf115f9883a6ff3683d81b\",\"name\":\"Bruna Greco\",\"image\":{\"@type\":\"ImageObject\",\"inLanguage\":\"pt-BR\",\"@id\":\"https:\/\/www.manaus.am.gov.br\/semcom\/#\/schema\/person\/image\/\",\"url\":\"https:\/\/secure.gravatar.com\/avatar\/9c877d1a6adc2a055330e5c09a8653ce?s=96&d=mm&r=g\",\"contentUrl\":\"https:\/\/secure.gravatar.com\/avatar\/9c877d1a6adc2a055330e5c09a8653ce?s=96&d=mm&r=g\",\"caption\":\"Bruna Greco\"}}]}<\/script>\n<!-- \/ Yoast SEO plugin. -->","yoast_head_json":{"title":"Palco Mangueir\u00e3o re\u00fane diferentes estilos musicais durante o segundo dia de programa\u00e7\u00e3o do \u2018#SouManaus Passo a Pa\u00e7o 2026\u2019","description":"Palco Mangueir\u00e3o re\u00fane diferentes estilos musicais durante o segundo dia de programa\u00e7\u00e3o do \u2018#SouManaus Passo a Pa\u00e7o 2026\u2019.","robots":{"index":"index","follow":"follow","max-snippet":"max-snippet:-1","max-image-preview":"max-image-preview:large","max-video-preview":"max-video-preview:-1"},"canonical":"https:\/\/www.manaus.am.gov.br\/semcom\/palco-mangueirao-soumanaus-2026\/","og_locale":"pt_BR","og_type":"article","og_title":"Palco Mangueir\u00e3o re\u00fane diferentes estilos musicais durante o segundo dia de programa\u00e7\u00e3o do \u2018#SouManaus Passo a Pa\u00e7o 2026\u2019","og_description":"Palco Mangueir\u00e3o re\u00fane diferentes estilos musicais durante o segundo dia de programa\u00e7\u00e3o do \u2018#SouManaus Passo a Pa\u00e7o 2026\u2019.","og_url":"https:\/\/www.manaus.am.gov.br\/semcom\/palco-mangueirao-soumanaus-2026\/","og_site_name":"SEMCOM","article_published_time":"2026-09-06T04:03:52+00:00","og_image":[{"width":1280,"height":960,"url":"https:\/\/www.manaus.am.gov.br\/semcom\/wp-content\/uploads\/sites\/5\/2026\/09\/Palco-Mangueirao-7.jpeg","type":"image\/jpeg"}],"author":"Bruna Greco","twitter_card":"summary_large_image","twitter_misc":{"Written by":"Bruna Greco","Est. reading time":"3 minutos"},"schema":{"@context":"https:\/\/schema.org","@graph":[{"@type":"WebPage","@id":"https:\/\/www.manaus.am.gov.br\/semcom\/palco-mangueirao-soumanaus-2026\/","url":"https:\/\/www.manaus.am.gov.br\/semcom\/palco-mangueirao-soumanaus-2026\/","name":"Palco Mangueir\u00e3o re\u00fane diferentes estilos musicais durante o segundo dia de programa\u00e7\u00e3o do \u2018#SouManaus Passo a Pa\u00e7o 2026\u2019","isPartOf":{"@id":"https:\/\/www.manaus.am.gov.br\/semcom\/#website"},"primaryImageOfPage":{"@id":"https:\/\/www.manaus.am.gov.br\/semcom\/palco-mangueirao-soumanaus-2026\/#primaryimage"},"image":{"@id":"https:\/\/www.manaus.am.gov.br\/semcom\/palco-mangueirao-soumanaus-2026\/#primaryimage"},"thumbnailUrl":"https:\/\/www.manaus.am.gov.br\/semcom\/wp-content\/uploads\/sites\/5\/2026\/09\/Palco-Mangueirao-7.jpeg","datePublished":"2026-09-06T04:03:52+00:00","dateModified":"2026-09-06T04:03:52+00:00","author":{"@id":"https:\/\/www.manaus.am.gov.br\/semcom\/#\/schema\/person\/05d223aea2bf115f9883a6ff3683d81b"},"description":"Palco Mangueir\u00e3o re\u00fane diferentes estilos musicais durante o segundo dia de programa\u00e7\u00e3o do \u2018#SouManaus Passo a Pa\u00e7o 2026\u2019.","inLanguage":"pt-BR","potentialAction":[{"@type":"ReadAction","target":["https:\/\/www.manaus.am.gov.br\/semcom\/palco-mangueirao-soumanaus-2026\/"]}]},{"@type":"ImageObject","inLanguage":"pt-BR","@id":"https:\/\/www.manaus.am.gov.br\/semcom\/palco-mangueirao-soumanaus-2026\/#primaryimage","url":"https:\/\/www.manaus.am.gov.br\/semcom\/wp-content\/uploads\/sites\/5\/2026\/09\/Palco-Mangueirao-7.jpeg","contentUrl":"https:\/\/www.manaus.am.gov.br\/semcom\/wp-content\/uploads\/sites\/5\/2026\/09\/Palco-Mangueirao-7.jpeg","width":1280,"height":960,"caption":"#paratodosverem - Apresenta\u00e7\u00e3o no palco Mangueir\u00e3o durante segunda noite do \"#SouManaus Passo a Pa\u00e7o 2026\""},{"@type":"WebSite","@id":"https:\/\/www.manaus.am.gov.br\/semcom\/#website","url":"https:\/\/www.manaus.am.gov.br\/semcom\/","name":"SEMCOM","description":"Secretaria Municipal de Comunica\u00e7\u00e3o","potentialAction":[{"@type":"SearchAction","target":{"@type":"EntryPoint","urlTemplate":"https:\/\/www.manaus.am.gov.br\/semcom\/?s={search_term_string}"},"query-input":"required name=search_term_string"}],"inLanguage":"pt-BR"},{"@type":"Person","@id":"https:\/\/www.manaus.am.gov.br\/semcom\/#\/schema\/person\/05d223aea2bf115f9883a6ff3683d81b","name":"Bruna Greco","image":{"@type":"ImageObject","inLanguage":"pt-BR","@id":"https:\/\/www.manaus.am.gov.br\/semcom\/#\/schema\/person\/image\/","url":"https:\/\/secure.gravatar.com\/avatar\/9c877d1a6adc2a055330e5c09a8653ce?s=96&d=mm&r=g","contentUrl":"https:\/\/secure.gravatar.com\/avatar\/9c877d1a6adc2a055330e5c09a8653ce?s=96&d=mm&r=g","caption":"Bruna Greco"}}]}},"_links":{"self":[{"href":"https:\/\/www.manaus.am.gov.br\/semcom\/wp-json\/wp\/v2\/posts\/269537"}],"collection":[{"href":"https:\/\/www.manaus.am.gov.br\/semcom\/wp-json\/wp\/v2\/posts"}],"about":[{"href":"https:\/\/www.manaus.am.gov.br\/semcom\/wp-json\/wp\/v2\/types\/post"}],"author":[{"embeddable":true,"href":"https:\/\/www.manaus.am.gov.br\/semcom\/wp-json\/wp\/v2\/users\/39"}],"replies":[{"embeddable":true,"href":"https:\/\/www.manaus.am.gov.br\/semcom\/wp-json\/wp\/v2\/comments?post=269537"}],"version-history":[{"count":1,"href":"https:\/\/www.manaus.am.gov.br\/semcom\/wp-json\/wp\/v2\/posts\/269537\/revisions"}],"predecessor-version":[{"id":269541,"href":"https:\/\/www.manaus.am.gov.br\/semcom\/wp-json\/wp\/v2\/posts\/269537\/revisions\/269541"}],"wp:featuredmedia":[{"embeddable":true,"href":"https:\/\/www.manaus.am.gov.br\/semcom\/wp-json\/wp\/v2\/media\/269539"}],"wp:attachment":[{"href":"https:\/\/www.manaus.am.gov.br\/semcom\/wp-json\/wp\/v2\/media?parent=269537"}],"wp:term":[{"taxonomy":"category","embeddable":true,"href":"https:\/\/www.manaus.am.gov.br\/semcom\/wp-json\/wp\/v2\/categories?post=269537"},{"taxonomy":"post_tag","embeddable":true,"href":"https:\/\/www.manaus.am.gov.br\/semcom\/wp-json\/wp\/v2\/tags?post=269537"}],"curies":[{"name":"wp","href":"https:\/\/api.w.org\/{rel}","templated":true}]}}