{"id":269526,"date":"2026-09-04T23:30:57","date_gmt":"2026-09-05T03:30:57","guid":{"rendered":"https:\/\/www.manaus.am.gov.br\/semcom\/passinho-soumanaus\/"},"modified":"2026-09-04T23:30:57","modified_gmt":"2026-09-05T03:30:57","slug":"passinho-soumanaus","status":"publish","type":"post","link":"https:\/\/www.manaus.am.gov.br\/semcom\/passinho-soumanaus\/","title":{"rendered":"\u2018Passinho\u2019 re\u00fane divers\u00e3o, inclus\u00e3o e espet\u00e1culo infantil Kysha e Mine na primeira noite do \u2018#SouManaus Passo a Pa\u00e7o 2026\u2019"},"content":{"rendered":"\n<p>A primeira noite do \u201c#SouManaus Passo a Pa\u00e7o 2026\u201d, promovida pela Prefeitura de Manaus, por meio da Funda\u00e7\u00e3o Municipal de Cultura, Turismo e Eventos (ManausCult), no Centro, foi marcada por muita divers\u00e3o para a crian\u00e7ada. Nesta sexta-feira, 4\/9, o \u201cPassinho\u201d ganhou uma megaestrutura preparada especialmente para o p\u00fablico infantil, com pula-pula, pintura, brincadeiras e atividades para toda a fam\u00edlia, al\u00e9m do show da atra\u00e7\u00e3o nacional Kysha e Mine em \u201cLance de Escola\u201d.&nbsp;<\/p>\n\n\n\n<p>Desde cedo, o espa\u00e7o recebeu crian\u00e7as ansiosas para aproveitar as atividades e acompanhar de perto as artistas. Entre elas estava Bruna Beatriz, de 8 anos, que n\u00e3o escondia a expectativa para assistir \u00e0 apresenta\u00e7\u00e3o.<\/p>\n\n\n\n<p>\u201cEu estava esperando muito pela Kysha e Mine. Queria muito ver as duas e aproveitar tudo aqui. Tem muitas brincadeiras, est\u00e1 muito divertido e eu estava esperando bastante pelo momento do show\u201d, contou Bruna Beatriz.<\/p>\n\n\n\n<p>A anima\u00e7\u00e3o tamb\u00e9m tomou conta de Ana Santos, de 9 anos, que aproveitou as atividades antes da apresenta\u00e7\u00e3o.<\/p>\n\n\n\n<p>\u201cEu fiquei muito ansiosa para chegar aqui e ver tudo. Tem muitas coisas para fazer, muitas brincadeiras e ainda tem o show. Eu estava esperando por esse momento e estou muito animada\u201d, disse Ana Santos.<\/p>\n\n\n\n<figure class=\"wp-block-image size-full\"><img loading=\"lazy\" decoding=\"async\" width=\"799\" height=\"533\" src=\"https:\/\/www.manaus.am.gov.br\/semcom\/wp-content\/uploads\/sites\/5\/2026\/09\/55508795926_19fcd1a40f_c.jpg\" alt=\"\" class=\"wp-image-269529\" srcset=\"https:\/\/www.manaus.am.gov.br\/semcom\/wp-content\/uploads\/sites\/5\/2026\/09\/55508795926_19fcd1a40f_c.jpg 799w, https:\/\/www.manaus.am.gov.br\/semcom\/wp-content\/uploads\/sites\/5\/2026\/09\/55508795926_19fcd1a40f_c-300x200.jpg 300w, https:\/\/www.manaus.am.gov.br\/semcom\/wp-content\/uploads\/sites\/5\/2026\/09\/55508795926_19fcd1a40f_c-768x512.jpg 768w\" sizes=\"(max-width: 799px) 100vw, 799px\" \/><figcaption class=\"wp-element-caption\">#paratodosverem &#8211; Crian\u00e7as realizando atividade de pintura <\/figcaption><\/figure>\n\n\n\n<p>A estrutura da programa\u00e7\u00e3o infantil tamb\u00e9m foi preparada para proporcionar divers\u00e3o e inclus\u00e3o. Para o diretor-presidente da ManausCult, M\u00e1rcio Braz, o \u201cPassinho\u201d refor\u00e7a a proposta de oferecer atividades capazes de envolver toda a fam\u00edlia dentro do maior festival de artes integradas da regi\u00e3o.<\/p>\n\n\n\n<p>\u201cO \u2018Passinho\u2019 \u00e9 um espa\u00e7o pensado especialmente para as crian\u00e7as e para as fam\u00edlias. \u00c9 uma estrutura que re\u00fane divers\u00e3o, atividades e grandes atra\u00e7\u00f5es, permitindo que o p\u00fablico infantil tamb\u00e9m participe dessa grande festa. \u00c9 muito importante proporcionar essa experi\u00eancia e ver as fam\u00edlias aproveitando cada espa\u00e7o preparado dentro do festival\u201d, destacou M\u00e1rcio Braz.<\/p>\n\n\n\n<figure class=\"wp-block-image size-full\"><img loading=\"lazy\" decoding=\"async\" width=\"799\" height=\"533\" src=\"https:\/\/www.manaus.am.gov.br\/semcom\/wp-content\/uploads\/sites\/5\/2026\/09\/55508904103_cc4325171b_c.jpg\" alt=\"\" class=\"wp-image-269528\" srcset=\"https:\/\/www.manaus.am.gov.br\/semcom\/wp-content\/uploads\/sites\/5\/2026\/09\/55508904103_cc4325171b_c.jpg 799w, https:\/\/www.manaus.am.gov.br\/semcom\/wp-content\/uploads\/sites\/5\/2026\/09\/55508904103_cc4325171b_c-300x200.jpg 300w, https:\/\/www.manaus.am.gov.br\/semcom\/wp-content\/uploads\/sites\/5\/2026\/09\/55508904103_cc4325171b_c-768x512.jpg 768w\" sizes=\"(max-width: 799px) 100vw, 799px\" \/><figcaption class=\"wp-element-caption\">#paratodosverem &#8211; Espa\u00e7o inclusivo para Pessoas com Defici\u00eancia (PcDs) no palco <\/figcaption><\/figure>\n\n\n\n<p>A estudante Angelina Souza tamb\u00e9m aproveitou a programa\u00e7\u00e3o e falou sobre a experi\u00eancia de participar do primeiro dia do festival.<\/p>\n\n\n\n<p>\u201cEst\u00e1 muito legal. Eu gostei muito de estar aqui, de participar e aproveitar tudo o que foi preparado para as crian\u00e7as. Estou me divertindo bastante e estou muito feliz\u201d, afirmou Angelina Souza.<\/p>\n\n\n\n<p><strong>Programa\u00e7\u00e3o e oportunidades&nbsp;<\/strong><\/p>\n\n\n\n<p>O \u201cPassinho\u201d recebeu ainda apresenta\u00e7\u00f5es de Espat\u00f3dea Trupe; grupo Curumim Na Lata; Cia Cle Cle Eventos e Rios Coloridos, no palco Alf\u00e2ndega.\u00a0<\/p>\n\n\n\n<figure class=\"wp-block-image size-full\"><img loading=\"lazy\" decoding=\"async\" width=\"799\" height=\"533\" src=\"https:\/\/www.manaus.am.gov.br\/semcom\/wp-content\/uploads\/sites\/5\/2026\/09\/55507790467_577b0c6a89_c.jpg\" alt=\"\" class=\"wp-image-269527\" srcset=\"https:\/\/www.manaus.am.gov.br\/semcom\/wp-content\/uploads\/sites\/5\/2026\/09\/55507790467_577b0c6a89_c.jpg 799w, https:\/\/www.manaus.am.gov.br\/semcom\/wp-content\/uploads\/sites\/5\/2026\/09\/55507790467_577b0c6a89_c-300x200.jpg 300w, https:\/\/www.manaus.am.gov.br\/semcom\/wp-content\/uploads\/sites\/5\/2026\/09\/55507790467_577b0c6a89_c-768x512.jpg 768w\" sizes=\"(max-width: 799px) 100vw, 799px\" \/><figcaption class=\"wp-element-caption\">#paratodosverem &#8211; Cia Cle Cle Eventos durante o festival<\/figcaption><\/figure>\n\n\n\n<p>Al\u00e9m de garantir divers\u00e3o para as fam\u00edlias, a movimenta\u00e7\u00e3o de milhares de pessoas tamb\u00e9m representa uma oportunidade de gera\u00e7\u00e3o de renda para os trabalhadores. O vendedor ambulante Edir Regis aproveitou o primeiro dia do evento para comercializar faixas de Kysha e Mine, acess\u00f3rios que fizeram sucesso entre os pequenos f\u00e3s.<\/p>\n\n\n\n<p>\u201cHoje \u00e9 o primeiro dia e a expectativa \u00e9 muito boa. As crian\u00e7as chegam querendo as faixas para entrar no clima do show, e isso acaba sendo uma oportunidade para a gente trabalhar. Um evento desse tamanho movimenta muita gente e ajuda tamb\u00e9m quem est\u00e1 aqui vendendo. Espero aproveitar esses dias para fazer boas vendas e garantir um bom lucro para mim\u201d, afirmou Edir Regis.<\/p>\n\n\n\n<p>A espera terminou quando Kysha e Mine chegaram ao &#8220;Passinho\u201d, no palco Alf\u00e2ndega. De volta a Manaus pela segunda vez, as artistas comemoraram o carinho recebido das crian\u00e7as e das fam\u00edlias amazonenses e falaram sobre a alegria de retornar \u00e0 capital.<\/p>\n\n\n\n<p>\u201cJ\u00e1 viemos aqui uma vez e \u00e9 muito especial poder voltar a Manaus. A gente fica muito feliz com todo esse carinho, principalmente das crian\u00e7as que acompanham o nosso trabalho. \u00c9 muito legal chegar aqui e encontrar esse p\u00fablico esperando pela gente. Estamos muito felizes de poder cantar e viver esse momento com elas\u201d, declarou Kysha.<\/p>\n\n\n\n<p>Mine tamb\u00e9m comemorou o reencontro com os f\u00e3s e a oportunidade de levar o trabalho da dupla mais uma vez ao p\u00fablico manauara.<\/p>\n\n\n\n<p>\u201c\u00c9 muito especial estar aqui novamente e receber todo esse carinho. Ver tantas crian\u00e7as felizes, cantando e acompanhando a gente \u00e9 algo que deixa a gente muito feliz. \u00c9 muito bom poder voltar a Manaus e viver tudo isso mais uma vez com o p\u00fablico\u201d, afirmou Mine.<\/p>\n\n\n\n<p>Entre brincadeiras, inclus\u00e3o, gera\u00e7\u00e3o de renda e m\u00fasica, o \u201cPassinho&#8221; transformou o \u201c#SouManaus Passo a Pa\u00e7o 2026\u201d em uma grande festa tamb\u00e9m para os pequenos, reunindo crian\u00e7as e fam\u00edlias em uma programa\u00e7\u00e3o especialmente preparada para o p\u00fablico infantil.<\/p>\n\n\n\n<p>&#8212; &#8212; &#8212;\u00a0<br><strong>Texto \u2013<\/strong> Deborah Azevedo \/Semcom<br><strong>Fotos \u2013<\/strong> Valdo Le\u00e3o e Elton Viana\/Semcom<br><strong>Dispon\u00edveis em &#8211; <\/strong><a href=\"https:\/\/flic.kr\/s\/aHBqjD4cGv\">https:\/\/flic.kr\/s\/aHBqjD4cGv<\/a><\/p>\n","protected":false},"excerpt":{"rendered":"","protected":false},"author":68,"featured_media":269530,"comment_status":"closed","ping_status":"closed","sticky":false,"template":"","format":"standard","meta":{"footnotes":""},"categories":[7488],"tags":[23251,23252,77,23253,7714],"acf":[],"yoast_head":"<!-- This site is optimized with the Yoast SEO plugin v23.0 - https:\/\/yoast.com\/wordpress\/plugins\/seo\/ -->\n<title>\u2018Passinho\u2019 re\u00fane divers\u00e3o, inclus\u00e3o e espet\u00e1culo infantil Kysha e Mine<\/title>\n<meta name=\"description\" content=\"A primeira noite do \u201c#SouManaus Passo a Pa\u00e7o 2026\u201d, teve sucesso garantido com programa\u00e7\u00e3o do &quot;Passinho&quot;, no palco Alfandega.\" \/>\n<meta name=\"robots\" content=\"index, follow, max-snippet:-1, max-image-preview:large, max-video-preview:-1\" \/>\n<link rel=\"canonical\" href=\"https:\/\/www.manaus.am.gov.br\/semcom\/passinho-soumanaus\/\" \/>\n<meta property=\"og:locale\" content=\"pt_BR\" \/>\n<meta property=\"og:type\" content=\"article\" \/>\n<meta property=\"og:title\" content=\"\u2018Passinho\u2019 re\u00fane divers\u00e3o, inclus\u00e3o e espet\u00e1culo infantil Kysha e Mine\" \/>\n<meta property=\"og:description\" content=\"A primeira noite do \u201c#SouManaus Passo a Pa\u00e7o 2026\u201d, teve sucesso garantido com programa\u00e7\u00e3o do &quot;Passinho&quot;, no palco Alfandega.\" \/>\n<meta property=\"og:url\" content=\"https:\/\/www.manaus.am.gov.br\/semcom\/passinho-soumanaus\/\" \/>\n<meta property=\"og:site_name\" content=\"SEMCOM\" \/>\n<meta property=\"article:published_time\" content=\"2026-09-05T03:30:57+00:00\" \/>\n<meta property=\"og:image\" content=\"https:\/\/www.manaus.am.gov.br\/semcom\/wp-content\/uploads\/sites\/5\/2026\/09\/55508903328_eaed942b0b_c.jpg\" \/>\n\t<meta property=\"og:image:width\" content=\"799\" \/>\n\t<meta property=\"og:image:height\" content=\"533\" \/>\n\t<meta property=\"og:image:type\" content=\"image\/jpeg\" \/>\n<meta name=\"author\" content=\"bvalente\" \/>\n<meta name=\"twitter:card\" content=\"summary_large_image\" \/>\n<meta name=\"twitter:label1\" content=\"Written by\" \/>\n\t<meta name=\"twitter:data1\" content=\"bvalente\" \/>\n\t<meta name=\"twitter:label2\" content=\"Est. reading time\" \/>\n\t<meta name=\"twitter:data2\" content=\"5 minutos\" \/>\n<script type=\"application\/ld+json\" class=\"yoast-schema-graph\">{\"@context\":\"https:\/\/schema.org\",\"@graph\":[{\"@type\":\"WebPage\",\"@id\":\"https:\/\/www.manaus.am.gov.br\/semcom\/passinho-soumanaus\/\",\"url\":\"https:\/\/www.manaus.am.gov.br\/semcom\/passinho-soumanaus\/\",\"name\":\"\u2018Passinho\u2019 re\u00fane divers\u00e3o, inclus\u00e3o e espet\u00e1culo infantil Kysha e Mine\",\"isPartOf\":{\"@id\":\"https:\/\/www.manaus.am.gov.br\/semcom\/#website\"},\"primaryImageOfPage\":{\"@id\":\"https:\/\/www.manaus.am.gov.br\/semcom\/passinho-soumanaus\/#primaryimage\"},\"image\":{\"@id\":\"https:\/\/www.manaus.am.gov.br\/semcom\/passinho-soumanaus\/#primaryimage\"},\"thumbnailUrl\":\"https:\/\/www.manaus.am.gov.br\/semcom\/wp-content\/uploads\/sites\/5\/2026\/09\/55508903328_eaed942b0b_c.jpg\",\"datePublished\":\"2026-09-05T03:30:57+00:00\",\"dateModified\":\"2026-09-05T03:30:57+00:00\",\"author\":{\"@id\":\"https:\/\/www.manaus.am.gov.br\/semcom\/#\/schema\/person\/466a0e03ae4b6062809046bd560ac955\"},\"description\":\"A primeira noite do \u201c#SouManaus Passo a Pa\u00e7o 2026\u201d, teve sucesso garantido com programa\u00e7\u00e3o do \\\"Passinho\\\", no palco Alfandega.\",\"inLanguage\":\"pt-BR\",\"potentialAction\":[{\"@type\":\"ReadAction\",\"target\":[\"https:\/\/www.manaus.am.gov.br\/semcom\/passinho-soumanaus\/\"]}]},{\"@type\":\"ImageObject\",\"inLanguage\":\"pt-BR\",\"@id\":\"https:\/\/www.manaus.am.gov.br\/semcom\/passinho-soumanaus\/#primaryimage\",\"url\":\"https:\/\/www.manaus.am.gov.br\/semcom\/wp-content\/uploads\/sites\/5\/2026\/09\/55508903328_eaed942b0b_c.jpg\",\"contentUrl\":\"https:\/\/www.manaus.am.gov.br\/semcom\/wp-content\/uploads\/sites\/5\/2026\/09\/55508903328_eaed942b0b_c.jpg\",\"width\":799,\"height\":533,\"caption\":\"#paratodosverem - Apresenta\u00e7\u00e3o do espet\u00e1culo infantil Kysha e Mine em \u201cLance de Escola\u201d\"},{\"@type\":\"WebSite\",\"@id\":\"https:\/\/www.manaus.am.gov.br\/semcom\/#website\",\"url\":\"https:\/\/www.manaus.am.gov.br\/semcom\/\",\"name\":\"SEMCOM\",\"description\":\"Secretaria Municipal de Comunica\u00e7\u00e3o\",\"potentialAction\":[{\"@type\":\"SearchAction\",\"target\":{\"@type\":\"EntryPoint\",\"urlTemplate\":\"https:\/\/www.manaus.am.gov.br\/semcom\/?s={search_term_string}\"},\"query-input\":\"required name=search_term_string\"}],\"inLanguage\":\"pt-BR\"},{\"@type\":\"Person\",\"@id\":\"https:\/\/www.manaus.am.gov.br\/semcom\/#\/schema\/person\/466a0e03ae4b6062809046bd560ac955\",\"name\":\"bvalente\",\"image\":{\"@type\":\"ImageObject\",\"inLanguage\":\"pt-BR\",\"@id\":\"https:\/\/www.manaus.am.gov.br\/semcom\/#\/schema\/person\/image\/\",\"url\":\"https:\/\/secure.gravatar.com\/avatar\/3e69bc2b014bdad41adfec3a39de07d2?s=96&d=mm&r=g\",\"contentUrl\":\"https:\/\/secure.gravatar.com\/avatar\/3e69bc2b014bdad41adfec3a39de07d2?s=96&d=mm&r=g\",\"caption\":\"bvalente\"}}]}<\/script>\n<!-- \/ Yoast SEO plugin. -->","yoast_head_json":{"title":"\u2018Passinho\u2019 re\u00fane divers\u00e3o, inclus\u00e3o e espet\u00e1culo infantil Kysha e Mine","description":"A primeira noite do \u201c#SouManaus Passo a Pa\u00e7o 2026\u201d, teve sucesso garantido com programa\u00e7\u00e3o do \"Passinho\", no palco Alfandega.","robots":{"index":"index","follow":"follow","max-snippet":"max-snippet:-1","max-image-preview":"max-image-preview:large","max-video-preview":"max-video-preview:-1"},"canonical":"https:\/\/www.manaus.am.gov.br\/semcom\/passinho-soumanaus\/","og_locale":"pt_BR","og_type":"article","og_title":"\u2018Passinho\u2019 re\u00fane divers\u00e3o, inclus\u00e3o e espet\u00e1culo infantil Kysha e Mine","og_description":"A primeira noite do \u201c#SouManaus Passo a Pa\u00e7o 2026\u201d, teve sucesso garantido com programa\u00e7\u00e3o do \"Passinho\", no palco Alfandega.","og_url":"https:\/\/www.manaus.am.gov.br\/semcom\/passinho-soumanaus\/","og_site_name":"SEMCOM","article_published_time":"2026-09-05T03:30:57+00:00","og_image":[{"width":799,"height":533,"url":"https:\/\/www.manaus.am.gov.br\/semcom\/wp-content\/uploads\/sites\/5\/2026\/09\/55508903328_eaed942b0b_c.jpg","type":"image\/jpeg"}],"author":"bvalente","twitter_card":"summary_large_image","twitter_misc":{"Written by":"bvalente","Est. reading time":"5 minutos"},"schema":{"@context":"https:\/\/schema.org","@graph":[{"@type":"WebPage","@id":"https:\/\/www.manaus.am.gov.br\/semcom\/passinho-soumanaus\/","url":"https:\/\/www.manaus.am.gov.br\/semcom\/passinho-soumanaus\/","name":"\u2018Passinho\u2019 re\u00fane divers\u00e3o, inclus\u00e3o e espet\u00e1culo infantil Kysha e Mine","isPartOf":{"@id":"https:\/\/www.manaus.am.gov.br\/semcom\/#website"},"primaryImageOfPage":{"@id":"https:\/\/www.manaus.am.gov.br\/semcom\/passinho-soumanaus\/#primaryimage"},"image":{"@id":"https:\/\/www.manaus.am.gov.br\/semcom\/passinho-soumanaus\/#primaryimage"},"thumbnailUrl":"https:\/\/www.manaus.am.gov.br\/semcom\/wp-content\/uploads\/sites\/5\/2026\/09\/55508903328_eaed942b0b_c.jpg","datePublished":"2026-09-05T03:30:57+00:00","dateModified":"2026-09-05T03:30:57+00:00","author":{"@id":"https:\/\/www.manaus.am.gov.br\/semcom\/#\/schema\/person\/466a0e03ae4b6062809046bd560ac955"},"description":"A primeira noite do \u201c#SouManaus Passo a Pa\u00e7o 2026\u201d, teve sucesso garantido com programa\u00e7\u00e3o do \"Passinho\", no palco Alfandega.","inLanguage":"pt-BR","potentialAction":[{"@type":"ReadAction","target":["https:\/\/www.manaus.am.gov.br\/semcom\/passinho-soumanaus\/"]}]},{"@type":"ImageObject","inLanguage":"pt-BR","@id":"https:\/\/www.manaus.am.gov.br\/semcom\/passinho-soumanaus\/#primaryimage","url":"https:\/\/www.manaus.am.gov.br\/semcom\/wp-content\/uploads\/sites\/5\/2026\/09\/55508903328_eaed942b0b_c.jpg","contentUrl":"https:\/\/www.manaus.am.gov.br\/semcom\/wp-content\/uploads\/sites\/5\/2026\/09\/55508903328_eaed942b0b_c.jpg","width":799,"height":533,"caption":"#paratodosverem - Apresenta\u00e7\u00e3o do espet\u00e1culo infantil Kysha e Mine em \u201cLance de Escola\u201d"},{"@type":"WebSite","@id":"https:\/\/www.manaus.am.gov.br\/semcom\/#website","url":"https:\/\/www.manaus.am.gov.br\/semcom\/","name":"SEMCOM","description":"Secretaria Municipal de Comunica\u00e7\u00e3o","potentialAction":[{"@type":"SearchAction","target":{"@type":"EntryPoint","urlTemplate":"https:\/\/www.manaus.am.gov.br\/semcom\/?s={search_term_string}"},"query-input":"required name=search_term_string"}],"inLanguage":"pt-BR"},{"@type":"Person","@id":"https:\/\/www.manaus.am.gov.br\/semcom\/#\/schema\/person\/466a0e03ae4b6062809046bd560ac955","name":"bvalente","image":{"@type":"ImageObject","inLanguage":"pt-BR","@id":"https:\/\/www.manaus.am.gov.br\/semcom\/#\/schema\/person\/image\/","url":"https:\/\/secure.gravatar.com\/avatar\/3e69bc2b014bdad41adfec3a39de07d2?s=96&d=mm&r=g","contentUrl":"https:\/\/secure.gravatar.com\/avatar\/3e69bc2b014bdad41adfec3a39de07d2?s=96&d=mm&r=g","caption":"bvalente"}}]}},"_links":{"self":[{"href":"https:\/\/www.manaus.am.gov.br\/semcom\/wp-json\/wp\/v2\/posts\/269526"}],"collection":[{"href":"https:\/\/www.manaus.am.gov.br\/semcom\/wp-json\/wp\/v2\/posts"}],"about":[{"href":"https:\/\/www.manaus.am.gov.br\/semcom\/wp-json\/wp\/v2\/types\/post"}],"author":[{"embeddable":true,"href":"https:\/\/www.manaus.am.gov.br\/semcom\/wp-json\/wp\/v2\/users\/68"}],"replies":[{"embeddable":true,"href":"https:\/\/www.manaus.am.gov.br\/semcom\/wp-json\/wp\/v2\/comments?post=269526"}],"version-history":[{"count":1,"href":"https:\/\/www.manaus.am.gov.br\/semcom\/wp-json\/wp\/v2\/posts\/269526\/revisions"}],"predecessor-version":[{"id":269531,"href":"https:\/\/www.manaus.am.gov.br\/semcom\/wp-json\/wp\/v2\/posts\/269526\/revisions\/269531"}],"wp:featuredmedia":[{"embeddable":true,"href":"https:\/\/www.manaus.am.gov.br\/semcom\/wp-json\/wp\/v2\/media\/269530"}],"wp:attachment":[{"href":"https:\/\/www.manaus.am.gov.br\/semcom\/wp-json\/wp\/v2\/media?parent=269526"}],"wp:term":[{"taxonomy":"category","embeddable":true,"href":"https:\/\/www.manaus.am.gov.br\/semcom\/wp-json\/wp\/v2\/categories?post=269526"},{"taxonomy":"post_tag","embeddable":true,"href":"https:\/\/www.manaus.am.gov.br\/semcom\/wp-json\/wp\/v2\/tags?post=269526"}],"curies":[{"name":"wp","href":"https:\/\/api.w.org\/{rel}","templated":true}]}}