{"id":269451,"date":"2026-09-03T23:55:13","date_gmt":"2026-09-04T02:55:13","guid":{"rendered":"https:\/\/www.manaus.am.gov.br\/semcom\/nota-31\/"},"modified":"2026-09-03T23:55:14","modified_gmt":"2026-09-04T02:55:14","slug":"nota-31","status":"publish","type":"post","link":"https:\/\/www.manaus.am.gov.br\/semcom\/nota-31\/","title":{"rendered":"NOTA"},"content":{"rendered":"\n<p>A Prefeitura de Manaus, por meio da Secretaria Executiva de Prote\u00e7\u00e3o e Defesa Civil Municipal (Sepdec), vinculada \u00e0 Secretaria Municipal de Seguran\u00e7a P\u00fablica e Defesa Social (Semseg), realizou, nesta quinta-feira 3\/9, vistoria t\u00e9cnica na edifica\u00e7\u00e3o onde funcionava o antigo Banco da Amaz\u00f4nia (Basa), na avenida 7 de Setembro, Centro, ap\u00f3s o inc\u00eandio registrado durante a manh\u00e3.<\/p>\n\n\n\n<p>O Corpo de Bombeiros realizou o combate \u00e0s chamas e o controle do inc\u00eandio. Ap\u00f3s a ocorr\u00eancia, a Defesa Civil identificou a necessidade de manuten\u00e7\u00e3o do isolamento da \u00e1rea, al\u00e9m da continuidade dos trabalhos de rescaldo e da avalia\u00e7\u00e3o dos elementos construtivos remanescentes, especialmente os componentes de madeira, que podem apresentar comprometimento em raz\u00e3o da exposi\u00e7\u00e3o ao fogo e \u00e0s altas temperaturas.<\/p>\n\n\n\n<p>Como medida preventiva, ser\u00e1 implantado isolamento provis\u00f3rio com estrutura met\u00e1lica, em formato de \u201cU\u201d, na \u00e1rea frontal do im\u00f3vel, com o objetivo de proteger pedestres e demais usu\u00e1rios da via p\u00fablica.<\/p>\n\n\n\n<p>Tamb\u00e9m foi recomendada a remo\u00e7\u00e3o e\/ou demoli\u00e7\u00e3o controlada dos elementos de madeira que apresentem risco de desprendimento ou queda, com sugest\u00e3o de mobiliza\u00e7\u00e3o de equipe e equipamentos mecanizados da Secretaria Municipal de Infraestrutura (Seminf) para auxiliar na execu\u00e7\u00e3o dos servi\u00e7os, observadas as condi\u00e7\u00f5es de seguran\u00e7a do local.<\/p>\n\n\n\n<p>Representantes do Instituto do Patrim\u00f4nio Hist\u00f3rico e Art\u00edstico Nacional (Iphan) estiveram presentes durante a vistoria. Em raz\u00e3o das caracter\u00edsticas hist\u00f3ricas e arquitet\u00f4nicas da edifica\u00e7\u00e3o, a Defesa Civil tamb\u00e9m recomenda o encaminhamento das medidas aos \u00f3rg\u00e3os respons\u00e1veis pelo patrim\u00f4nio hist\u00f3rico, incluindo o Iphan, a Diretoria de Patrim\u00f4nio Hist\u00f3rico da Secretaria de Estado de Cultura e a Ger\u00eancia de Patrim\u00f4nio Hist\u00f3rico do Instituto Municipal de Planejamento Urbano (Implurb), para ci\u00eancia, manifesta\u00e7\u00e3o e acompanhamento das interven\u00e7\u00f5es.<\/p>\n\n\n\n<p>As medidas t\u00eam car\u00e1ter preventivo e emergencial, visando principalmente preservar a integridade f\u00edsica da popula\u00e7\u00e3o, especialmente diante do aumento previsto da circula\u00e7\u00e3o de pedestres na regi\u00e3o durante os eventos do \u201c#SouManaus 2026\u201d.<\/p>\n\n\n\n<p>\u2014&#8211; \u2014&#8211; \u2014&#8211;<br><strong>Texto &#8211; <\/strong>F\u00e1bia Lima \/ Sepdec<br><\/p>\n","protected":false},"excerpt":{"rendered":"","protected":false},"author":68,"featured_media":258770,"comment_status":"closed","ping_status":"closed","sticky":false,"template":"","format":"standard","meta":{"footnotes":""},"categories":[59],"tags":[346,61,77,23234],"acf":[],"yoast_head":"<!-- This site is optimized with the Yoast SEO plugin v23.0 - https:\/\/yoast.com\/wordpress\/plugins\/seo\/ -->\n<title>NOTA<\/title>\n<meta name=\"description\" content=\"A Prefeitura de Manaus, realizou, nesta quinta-feira 3\/9, vistoria t\u00e9cnica na edifica\u00e7\u00e3o onde funcionava o antigo Banco da Amaz\u00f4nia (Basa).\" \/>\n<meta name=\"robots\" content=\"index, follow, max-snippet:-1, max-image-preview:large, max-video-preview:-1\" \/>\n<link rel=\"canonical\" href=\"https:\/\/www.manaus.am.gov.br\/semcom\/nota-31\/\" \/>\n<meta property=\"og:locale\" content=\"pt_BR\" \/>\n<meta property=\"og:type\" content=\"article\" \/>\n<meta property=\"og:title\" content=\"NOTA\" \/>\n<meta property=\"og:description\" content=\"A Prefeitura de Manaus, realizou, nesta quinta-feira 3\/9, vistoria t\u00e9cnica na edifica\u00e7\u00e3o onde funcionava o antigo Banco da Amaz\u00f4nia (Basa).\" \/>\n<meta property=\"og:url\" content=\"https:\/\/www.manaus.am.gov.br\/semcom\/nota-31\/\" \/>\n<meta property=\"og:site_name\" content=\"SEMCOM\" \/>\n<meta property=\"article:published_time\" content=\"2026-09-04T02:55:13+00:00\" \/>\n<meta property=\"article:modified_time\" content=\"2026-09-04T02:55:14+00:00\" \/>\n<meta property=\"og:image\" content=\"https:\/\/www.manaus.am.gov.br\/semcom\/wp-content\/uploads\/sites\/5\/2026\/05\/NOTA-BANNER-SITE.png\" \/>\n\t<meta property=\"og:image:width\" content=\"900\" \/>\n\t<meta property=\"og:image:height\" content=\"509\" \/>\n\t<meta property=\"og:image:type\" content=\"image\/png\" \/>\n<meta name=\"author\" content=\"bvalente\" \/>\n<meta name=\"twitter:card\" content=\"summary_large_image\" \/>\n<meta name=\"twitter:label1\" content=\"Written by\" \/>\n\t<meta name=\"twitter:data1\" content=\"bvalente\" \/>\n\t<meta name=\"twitter:label2\" content=\"Est. reading time\" \/>\n\t<meta name=\"twitter:data2\" content=\"2 minutos\" \/>\n<script type=\"application\/ld+json\" class=\"yoast-schema-graph\">{\"@context\":\"https:\/\/schema.org\",\"@graph\":[{\"@type\":\"WebPage\",\"@id\":\"https:\/\/www.manaus.am.gov.br\/semcom\/nota-31\/\",\"url\":\"https:\/\/www.manaus.am.gov.br\/semcom\/nota-31\/\",\"name\":\"NOTA\",\"isPartOf\":{\"@id\":\"https:\/\/www.manaus.am.gov.br\/semcom\/#website\"},\"primaryImageOfPage\":{\"@id\":\"https:\/\/www.manaus.am.gov.br\/semcom\/nota-31\/#primaryimage\"},\"image\":{\"@id\":\"https:\/\/www.manaus.am.gov.br\/semcom\/nota-31\/#primaryimage\"},\"thumbnailUrl\":\"https:\/\/www.manaus.am.gov.br\/semcom\/wp-content\/uploads\/sites\/5\/2026\/05\/NOTA-BANNER-SITE.png\",\"datePublished\":\"2026-09-04T02:55:13+00:00\",\"dateModified\":\"2026-09-04T02:55:14+00:00\",\"author\":{\"@id\":\"https:\/\/www.manaus.am.gov.br\/semcom\/#\/schema\/person\/466a0e03ae4b6062809046bd560ac955\"},\"description\":\"A Prefeitura de Manaus, realizou, nesta quinta-feira 3\/9, vistoria t\u00e9cnica na edifica\u00e7\u00e3o onde funcionava o antigo Banco da Amaz\u00f4nia (Basa).\",\"inLanguage\":\"pt-BR\",\"potentialAction\":[{\"@type\":\"ReadAction\",\"target\":[\"https:\/\/www.manaus.am.gov.br\/semcom\/nota-31\/\"]}]},{\"@type\":\"ImageObject\",\"inLanguage\":\"pt-BR\",\"@id\":\"https:\/\/www.manaus.am.gov.br\/semcom\/nota-31\/#primaryimage\",\"url\":\"https:\/\/www.manaus.am.gov.br\/semcom\/wp-content\/uploads\/sites\/5\/2026\/05\/NOTA-BANNER-SITE.png\",\"contentUrl\":\"https:\/\/www.manaus.am.gov.br\/semcom\/wp-content\/uploads\/sites\/5\/2026\/05\/NOTA-BANNER-SITE.png\",\"width\":900,\"height\":509},{\"@type\":\"WebSite\",\"@id\":\"https:\/\/www.manaus.am.gov.br\/semcom\/#website\",\"url\":\"https:\/\/www.manaus.am.gov.br\/semcom\/\",\"name\":\"SEMCOM\",\"description\":\"Secretaria Municipal de Comunica\u00e7\u00e3o\",\"potentialAction\":[{\"@type\":\"SearchAction\",\"target\":{\"@type\":\"EntryPoint\",\"urlTemplate\":\"https:\/\/www.manaus.am.gov.br\/semcom\/?s={search_term_string}\"},\"query-input\":\"required name=search_term_string\"}],\"inLanguage\":\"pt-BR\"},{\"@type\":\"Person\",\"@id\":\"https:\/\/www.manaus.am.gov.br\/semcom\/#\/schema\/person\/466a0e03ae4b6062809046bd560ac955\",\"name\":\"bvalente\",\"image\":{\"@type\":\"ImageObject\",\"inLanguage\":\"pt-BR\",\"@id\":\"https:\/\/www.manaus.am.gov.br\/semcom\/#\/schema\/person\/image\/\",\"url\":\"https:\/\/secure.gravatar.com\/avatar\/3e69bc2b014bdad41adfec3a39de07d2?s=96&d=mm&r=g\",\"contentUrl\":\"https:\/\/secure.gravatar.com\/avatar\/3e69bc2b014bdad41adfec3a39de07d2?s=96&d=mm&r=g\",\"caption\":\"bvalente\"}}]}<\/script>\n<!-- \/ Yoast SEO plugin. -->","yoast_head_json":{"title":"NOTA","description":"A Prefeitura de Manaus, realizou, nesta quinta-feira 3\/9, vistoria t\u00e9cnica na edifica\u00e7\u00e3o onde funcionava o antigo Banco da Amaz\u00f4nia (Basa).","robots":{"index":"index","follow":"follow","max-snippet":"max-snippet:-1","max-image-preview":"max-image-preview:large","max-video-preview":"max-video-preview:-1"},"canonical":"https:\/\/www.manaus.am.gov.br\/semcom\/nota-31\/","og_locale":"pt_BR","og_type":"article","og_title":"NOTA","og_description":"A Prefeitura de Manaus, realizou, nesta quinta-feira 3\/9, vistoria t\u00e9cnica na edifica\u00e7\u00e3o onde funcionava o antigo Banco da Amaz\u00f4nia (Basa).","og_url":"https:\/\/www.manaus.am.gov.br\/semcom\/nota-31\/","og_site_name":"SEMCOM","article_published_time":"2026-09-04T02:55:13+00:00","article_modified_time":"2026-09-04T02:55:14+00:00","og_image":[{"width":900,"height":509,"url":"https:\/\/www.manaus.am.gov.br\/semcom\/wp-content\/uploads\/sites\/5\/2026\/05\/NOTA-BANNER-SITE.png","type":"image\/png"}],"author":"bvalente","twitter_card":"summary_large_image","twitter_misc":{"Written by":"bvalente","Est. reading time":"2 minutos"},"schema":{"@context":"https:\/\/schema.org","@graph":[{"@type":"WebPage","@id":"https:\/\/www.manaus.am.gov.br\/semcom\/nota-31\/","url":"https:\/\/www.manaus.am.gov.br\/semcom\/nota-31\/","name":"NOTA","isPartOf":{"@id":"https:\/\/www.manaus.am.gov.br\/semcom\/#website"},"primaryImageOfPage":{"@id":"https:\/\/www.manaus.am.gov.br\/semcom\/nota-31\/#primaryimage"},"image":{"@id":"https:\/\/www.manaus.am.gov.br\/semcom\/nota-31\/#primaryimage"},"thumbnailUrl":"https:\/\/www.manaus.am.gov.br\/semcom\/wp-content\/uploads\/sites\/5\/2026\/05\/NOTA-BANNER-SITE.png","datePublished":"2026-09-04T02:55:13+00:00","dateModified":"2026-09-04T02:55:14+00:00","author":{"@id":"https:\/\/www.manaus.am.gov.br\/semcom\/#\/schema\/person\/466a0e03ae4b6062809046bd560ac955"},"description":"A Prefeitura de Manaus, realizou, nesta quinta-feira 3\/9, vistoria t\u00e9cnica na edifica\u00e7\u00e3o onde funcionava o antigo Banco da Amaz\u00f4nia (Basa).","inLanguage":"pt-BR","potentialAction":[{"@type":"ReadAction","target":["https:\/\/www.manaus.am.gov.br\/semcom\/nota-31\/"]}]},{"@type":"ImageObject","inLanguage":"pt-BR","@id":"https:\/\/www.manaus.am.gov.br\/semcom\/nota-31\/#primaryimage","url":"https:\/\/www.manaus.am.gov.br\/semcom\/wp-content\/uploads\/sites\/5\/2026\/05\/NOTA-BANNER-SITE.png","contentUrl":"https:\/\/www.manaus.am.gov.br\/semcom\/wp-content\/uploads\/sites\/5\/2026\/05\/NOTA-BANNER-SITE.png","width":900,"height":509},{"@type":"WebSite","@id":"https:\/\/www.manaus.am.gov.br\/semcom\/#website","url":"https:\/\/www.manaus.am.gov.br\/semcom\/","name":"SEMCOM","description":"Secretaria Municipal de Comunica\u00e7\u00e3o","potentialAction":[{"@type":"SearchAction","target":{"@type":"EntryPoint","urlTemplate":"https:\/\/www.manaus.am.gov.br\/semcom\/?s={search_term_string}"},"query-input":"required name=search_term_string"}],"inLanguage":"pt-BR"},{"@type":"Person","@id":"https:\/\/www.manaus.am.gov.br\/semcom\/#\/schema\/person\/466a0e03ae4b6062809046bd560ac955","name":"bvalente","image":{"@type":"ImageObject","inLanguage":"pt-BR","@id":"https:\/\/www.manaus.am.gov.br\/semcom\/#\/schema\/person\/image\/","url":"https:\/\/secure.gravatar.com\/avatar\/3e69bc2b014bdad41adfec3a39de07d2?s=96&d=mm&r=g","contentUrl":"https:\/\/secure.gravatar.com\/avatar\/3e69bc2b014bdad41adfec3a39de07d2?s=96&d=mm&r=g","caption":"bvalente"}}]}},"_links":{"self":[{"href":"https:\/\/www.manaus.am.gov.br\/semcom\/wp-json\/wp\/v2\/posts\/269451"}],"collection":[{"href":"https:\/\/www.manaus.am.gov.br\/semcom\/wp-json\/wp\/v2\/posts"}],"about":[{"href":"https:\/\/www.manaus.am.gov.br\/semcom\/wp-json\/wp\/v2\/types\/post"}],"author":[{"embeddable":true,"href":"https:\/\/www.manaus.am.gov.br\/semcom\/wp-json\/wp\/v2\/users\/68"}],"replies":[{"embeddable":true,"href":"https:\/\/www.manaus.am.gov.br\/semcom\/wp-json\/wp\/v2\/comments?post=269451"}],"version-history":[{"count":0,"href":"https:\/\/www.manaus.am.gov.br\/semcom\/wp-json\/wp\/v2\/posts\/269451\/revisions"}],"wp:featuredmedia":[{"embeddable":true,"href":"https:\/\/www.manaus.am.gov.br\/semcom\/wp-json\/wp\/v2\/media\/258770"}],"wp:attachment":[{"href":"https:\/\/www.manaus.am.gov.br\/semcom\/wp-json\/wp\/v2\/media?parent=269451"}],"wp:term":[{"taxonomy":"category","embeddable":true,"href":"https:\/\/www.manaus.am.gov.br\/semcom\/wp-json\/wp\/v2\/categories?post=269451"},{"taxonomy":"post_tag","embeddable":true,"href":"https:\/\/www.manaus.am.gov.br\/semcom\/wp-json\/wp\/v2\/tags?post=269451"}],"curies":[{"name":"wp","href":"https:\/\/api.w.org\/{rel}","templated":true}]}}