{"id":269411,"date":"2026-09-03T17:19:56","date_gmt":"2026-09-03T20:19:56","guid":{"rendered":"https:\/\/www.manaus.am.gov.br\/semcom\/nota-atendimento\/"},"modified":"2026-09-03T17:19:57","modified_gmt":"2026-09-03T20:19:57","slug":"nota-atendimento","status":"publish","type":"post","link":"https:\/\/www.manaus.am.gov.br\/semcom\/nota-atendimento\/","title":{"rendered":"NOTA"},"content":{"rendered":"\n<p>A Prefeitura de Manaus informa que o inc\u00eandio registrado nesta quinta-feira, 3\/9, no antigo pr\u00e9dio do Banco da Amaz\u00f4nia (Basa), no Centro Hist\u00f3rico, n\u00e3o teve v\u00edtimas, somente danos materiais.<\/p>\n\n\n\n<p>As chamas foram identificadas pelas equipes da Funda\u00e7\u00e3o Municipal de Cultura, Turismo e Eventos (ManausCult), que atuavam na organiza\u00e7\u00e3o do \u201c#SouManaus Passo a Pa\u00e7o 2026\u201d. O Corpo de Bombeiros foi acionado imediatamente. O inc\u00eandio est\u00e1 controlado e as equipes realizam o rescaldo.<\/p>\n\n\n\n<p>A Prefeitura de Manaus ressalta que nenhuma estrutura do \u201c#SouManaus\u201d ficou danificada pelo inc\u00eandio.<\/p>\n\n\n\n<p>A Defesa Civil Municipal acompanha a ocorr\u00eancia e realizar\u00e1 a avalia\u00e7\u00e3o das condi\u00e7\u00f5es estruturais do im\u00f3vel e de seu entorno, adotando, se necess\u00e1rio, as medidas preventivas cab\u00edveis.<\/p>\n\n\n\n<p>A Prefeitura de Manaus segue acompanhando a situa\u00e7\u00e3o e refor\u00e7a que todas as medidas necess\u00e1rias est\u00e3o sendo adotadas para garantir a seguran\u00e7a da popula\u00e7\u00e3o e do p\u00fablico do \u201c#SouManaus Passo a Pa\u00e7o 2026\u201d.<\/p>\n\n\n\n<p>\u2014&#8211; \u2014- \u2014&#8211;<br><strong>Texto &#8211;<\/strong> Divulga\u00e7\u00e3o \/ Semcom<\/p>\n","protected":false},"excerpt":{"rendered":"","protected":false},"author":68,"featured_media":258770,"comment_status":"closed","ping_status":"closed","sticky":false,"template":"","format":"standard","meta":{"footnotes":""},"categories":[59],"tags":[23184,346,23213,23214,77],"acf":[],"yoast_head":"<!-- This site is optimized with the Yoast SEO plugin v23.0 - https:\/\/yoast.com\/wordpress\/plugins\/seo\/ -->\n<title>NOTA<\/title>\n<meta name=\"description\" content=\"A Prefeitura de Manaus informa que o inc\u00eandio registrado nesta quinta-feira, 3\/9, no antigo pr\u00e9dio do Banco da Amaz\u00f4nia (Basa).\" \/>\n<meta name=\"robots\" content=\"index, follow, max-snippet:-1, max-image-preview:large, max-video-preview:-1\" \/>\n<link rel=\"canonical\" href=\"https:\/\/www.manaus.am.gov.br\/semcom\/nota-atendimento\/\" \/>\n<meta property=\"og:locale\" content=\"pt_BR\" \/>\n<meta property=\"og:type\" content=\"article\" \/>\n<meta property=\"og:title\" content=\"NOTA\" \/>\n<meta property=\"og:description\" content=\"A Prefeitura de Manaus informa que o inc\u00eandio registrado nesta quinta-feira, 3\/9, no antigo pr\u00e9dio do Banco da Amaz\u00f4nia (Basa).\" \/>\n<meta property=\"og:url\" content=\"https:\/\/www.manaus.am.gov.br\/semcom\/nota-atendimento\/\" \/>\n<meta property=\"og:site_name\" content=\"SEMCOM\" \/>\n<meta property=\"article:published_time\" content=\"2026-09-03T20:19:56+00:00\" \/>\n<meta property=\"article:modified_time\" content=\"2026-09-03T20:19:57+00:00\" \/>\n<meta property=\"og:image\" content=\"https:\/\/www.manaus.am.gov.br\/semcom\/wp-content\/uploads\/sites\/5\/2026\/05\/NOTA-BANNER-SITE.png\" \/>\n\t<meta property=\"og:image:width\" content=\"900\" \/>\n\t<meta property=\"og:image:height\" content=\"509\" \/>\n\t<meta property=\"og:image:type\" content=\"image\/png\" \/>\n<meta name=\"author\" content=\"bvalente\" \/>\n<meta name=\"twitter:card\" content=\"summary_large_image\" \/>\n<meta name=\"twitter:label1\" content=\"Written by\" \/>\n\t<meta name=\"twitter:data1\" content=\"bvalente\" \/>\n\t<meta name=\"twitter:label2\" content=\"Est. reading time\" \/>\n\t<meta name=\"twitter:data2\" content=\"2 minutos\" \/>\n<script type=\"application\/ld+json\" class=\"yoast-schema-graph\">{\"@context\":\"https:\/\/schema.org\",\"@graph\":[{\"@type\":\"WebPage\",\"@id\":\"https:\/\/www.manaus.am.gov.br\/semcom\/nota-atendimento\/\",\"url\":\"https:\/\/www.manaus.am.gov.br\/semcom\/nota-atendimento\/\",\"name\":\"NOTA\",\"isPartOf\":{\"@id\":\"https:\/\/www.manaus.am.gov.br\/semcom\/#website\"},\"primaryImageOfPage\":{\"@id\":\"https:\/\/www.manaus.am.gov.br\/semcom\/nota-atendimento\/#primaryimage\"},\"image\":{\"@id\":\"https:\/\/www.manaus.am.gov.br\/semcom\/nota-atendimento\/#primaryimage\"},\"thumbnailUrl\":\"https:\/\/www.manaus.am.gov.br\/semcom\/wp-content\/uploads\/sites\/5\/2026\/05\/NOTA-BANNER-SITE.png\",\"datePublished\":\"2026-09-03T20:19:56+00:00\",\"dateModified\":\"2026-09-03T20:19:57+00:00\",\"author\":{\"@id\":\"https:\/\/www.manaus.am.gov.br\/semcom\/#\/schema\/person\/466a0e03ae4b6062809046bd560ac955\"},\"description\":\"A Prefeitura de Manaus informa que o inc\u00eandio registrado nesta quinta-feira, 3\/9, no antigo pr\u00e9dio do Banco da Amaz\u00f4nia (Basa).\",\"inLanguage\":\"pt-BR\",\"potentialAction\":[{\"@type\":\"ReadAction\",\"target\":[\"https:\/\/www.manaus.am.gov.br\/semcom\/nota-atendimento\/\"]}]},{\"@type\":\"ImageObject\",\"inLanguage\":\"pt-BR\",\"@id\":\"https:\/\/www.manaus.am.gov.br\/semcom\/nota-atendimento\/#primaryimage\",\"url\":\"https:\/\/www.manaus.am.gov.br\/semcom\/wp-content\/uploads\/sites\/5\/2026\/05\/NOTA-BANNER-SITE.png\",\"contentUrl\":\"https:\/\/www.manaus.am.gov.br\/semcom\/wp-content\/uploads\/sites\/5\/2026\/05\/NOTA-BANNER-SITE.png\",\"width\":900,\"height\":509},{\"@type\":\"WebSite\",\"@id\":\"https:\/\/www.manaus.am.gov.br\/semcom\/#website\",\"url\":\"https:\/\/www.manaus.am.gov.br\/semcom\/\",\"name\":\"SEMCOM\",\"description\":\"Secretaria Municipal de Comunica\u00e7\u00e3o\",\"potentialAction\":[{\"@type\":\"SearchAction\",\"target\":{\"@type\":\"EntryPoint\",\"urlTemplate\":\"https:\/\/www.manaus.am.gov.br\/semcom\/?s={search_term_string}\"},\"query-input\":\"required name=search_term_string\"}],\"inLanguage\":\"pt-BR\"},{\"@type\":\"Person\",\"@id\":\"https:\/\/www.manaus.am.gov.br\/semcom\/#\/schema\/person\/466a0e03ae4b6062809046bd560ac955\",\"name\":\"bvalente\",\"image\":{\"@type\":\"ImageObject\",\"inLanguage\":\"pt-BR\",\"@id\":\"https:\/\/www.manaus.am.gov.br\/semcom\/#\/schema\/person\/image\/\",\"url\":\"https:\/\/secure.gravatar.com\/avatar\/3e69bc2b014bdad41adfec3a39de07d2?s=96&d=mm&r=g\",\"contentUrl\":\"https:\/\/secure.gravatar.com\/avatar\/3e69bc2b014bdad41adfec3a39de07d2?s=96&d=mm&r=g\",\"caption\":\"bvalente\"}}]}<\/script>\n<!-- \/ Yoast SEO plugin. -->","yoast_head_json":{"title":"NOTA","description":"A Prefeitura de Manaus informa que o inc\u00eandio registrado nesta quinta-feira, 3\/9, no antigo pr\u00e9dio do Banco da Amaz\u00f4nia (Basa).","robots":{"index":"index","follow":"follow","max-snippet":"max-snippet:-1","max-image-preview":"max-image-preview:large","max-video-preview":"max-video-preview:-1"},"canonical":"https:\/\/www.manaus.am.gov.br\/semcom\/nota-atendimento\/","og_locale":"pt_BR","og_type":"article","og_title":"NOTA","og_description":"A Prefeitura de Manaus informa que o inc\u00eandio registrado nesta quinta-feira, 3\/9, no antigo pr\u00e9dio do Banco da Amaz\u00f4nia (Basa).","og_url":"https:\/\/www.manaus.am.gov.br\/semcom\/nota-atendimento\/","og_site_name":"SEMCOM","article_published_time":"2026-09-03T20:19:56+00:00","article_modified_time":"2026-09-03T20:19:57+00:00","og_image":[{"width":900,"height":509,"url":"https:\/\/www.manaus.am.gov.br\/semcom\/wp-content\/uploads\/sites\/5\/2026\/05\/NOTA-BANNER-SITE.png","type":"image\/png"}],"author":"bvalente","twitter_card":"summary_large_image","twitter_misc":{"Written by":"bvalente","Est. reading time":"2 minutos"},"schema":{"@context":"https:\/\/schema.org","@graph":[{"@type":"WebPage","@id":"https:\/\/www.manaus.am.gov.br\/semcom\/nota-atendimento\/","url":"https:\/\/www.manaus.am.gov.br\/semcom\/nota-atendimento\/","name":"NOTA","isPartOf":{"@id":"https:\/\/www.manaus.am.gov.br\/semcom\/#website"},"primaryImageOfPage":{"@id":"https:\/\/www.manaus.am.gov.br\/semcom\/nota-atendimento\/#primaryimage"},"image":{"@id":"https:\/\/www.manaus.am.gov.br\/semcom\/nota-atendimento\/#primaryimage"},"thumbnailUrl":"https:\/\/www.manaus.am.gov.br\/semcom\/wp-content\/uploads\/sites\/5\/2026\/05\/NOTA-BANNER-SITE.png","datePublished":"2026-09-03T20:19:56+00:00","dateModified":"2026-09-03T20:19:57+00:00","author":{"@id":"https:\/\/www.manaus.am.gov.br\/semcom\/#\/schema\/person\/466a0e03ae4b6062809046bd560ac955"},"description":"A Prefeitura de Manaus informa que o inc\u00eandio registrado nesta quinta-feira, 3\/9, no antigo pr\u00e9dio do Banco da Amaz\u00f4nia (Basa).","inLanguage":"pt-BR","potentialAction":[{"@type":"ReadAction","target":["https:\/\/www.manaus.am.gov.br\/semcom\/nota-atendimento\/"]}]},{"@type":"ImageObject","inLanguage":"pt-BR","@id":"https:\/\/www.manaus.am.gov.br\/semcom\/nota-atendimento\/#primaryimage","url":"https:\/\/www.manaus.am.gov.br\/semcom\/wp-content\/uploads\/sites\/5\/2026\/05\/NOTA-BANNER-SITE.png","contentUrl":"https:\/\/www.manaus.am.gov.br\/semcom\/wp-content\/uploads\/sites\/5\/2026\/05\/NOTA-BANNER-SITE.png","width":900,"height":509},{"@type":"WebSite","@id":"https:\/\/www.manaus.am.gov.br\/semcom\/#website","url":"https:\/\/www.manaus.am.gov.br\/semcom\/","name":"SEMCOM","description":"Secretaria Municipal de Comunica\u00e7\u00e3o","potentialAction":[{"@type":"SearchAction","target":{"@type":"EntryPoint","urlTemplate":"https:\/\/www.manaus.am.gov.br\/semcom\/?s={search_term_string}"},"query-input":"required name=search_term_string"}],"inLanguage":"pt-BR"},{"@type":"Person","@id":"https:\/\/www.manaus.am.gov.br\/semcom\/#\/schema\/person\/466a0e03ae4b6062809046bd560ac955","name":"bvalente","image":{"@type":"ImageObject","inLanguage":"pt-BR","@id":"https:\/\/www.manaus.am.gov.br\/semcom\/#\/schema\/person\/image\/","url":"https:\/\/secure.gravatar.com\/avatar\/3e69bc2b014bdad41adfec3a39de07d2?s=96&d=mm&r=g","contentUrl":"https:\/\/secure.gravatar.com\/avatar\/3e69bc2b014bdad41adfec3a39de07d2?s=96&d=mm&r=g","caption":"bvalente"}}]}},"_links":{"self":[{"href":"https:\/\/www.manaus.am.gov.br\/semcom\/wp-json\/wp\/v2\/posts\/269411"}],"collection":[{"href":"https:\/\/www.manaus.am.gov.br\/semcom\/wp-json\/wp\/v2\/posts"}],"about":[{"href":"https:\/\/www.manaus.am.gov.br\/semcom\/wp-json\/wp\/v2\/types\/post"}],"author":[{"embeddable":true,"href":"https:\/\/www.manaus.am.gov.br\/semcom\/wp-json\/wp\/v2\/users\/68"}],"replies":[{"embeddable":true,"href":"https:\/\/www.manaus.am.gov.br\/semcom\/wp-json\/wp\/v2\/comments?post=269411"}],"version-history":[{"count":0,"href":"https:\/\/www.manaus.am.gov.br\/semcom\/wp-json\/wp\/v2\/posts\/269411\/revisions"}],"wp:featuredmedia":[{"embeddable":true,"href":"https:\/\/www.manaus.am.gov.br\/semcom\/wp-json\/wp\/v2\/media\/258770"}],"wp:attachment":[{"href":"https:\/\/www.manaus.am.gov.br\/semcom\/wp-json\/wp\/v2\/media?parent=269411"}],"wp:term":[{"taxonomy":"category","embeddable":true,"href":"https:\/\/www.manaus.am.gov.br\/semcom\/wp-json\/wp\/v2\/categories?post=269411"},{"taxonomy":"post_tag","embeddable":true,"href":"https:\/\/www.manaus.am.gov.br\/semcom\/wp-json\/wp\/v2\/tags?post=269411"}],"curies":[{"name":"wp","href":"https:\/\/api.w.org\/{rel}","templated":true}]}}