{"id":269320,"date":"2026-09-02T17:24:27","date_gmt":"2026-09-02T21:24:27","guid":{"rendered":"https:\/\/www.manaus.am.gov.br\/semcom\/operacao-transito-transporte-semana-da-patria\/"},"modified":"2026-09-03T13:40:21","modified_gmt":"2026-09-03T16:40:21","slug":"operacao-transito-transporte-semana-da-patria","status":"publish","type":"post","link":"https:\/\/www.manaus.am.gov.br\/semcom\/operacao-transito-transporte-semana-da-patria\/","title":{"rendered":"Prefeitura de Manaus prepara opera\u00e7\u00e3o especial de tr\u00e2nsito e transporte para a Semana da P\u00e1tria"},"content":{"rendered":"\n<p>Em comemora\u00e7\u00e3o \u00e0 Independ\u00eancia do Brasil, a <a href=\"https:\/\/www.manaus.am.gov.br\/\">Prefeitura de Manaus<\/a>, por meio do <a href=\"https:\/\/www.instagram.com\/immu_manaus\/\">Instituto Municipal de Mobilidade Urbana<\/a> (IMMU), montar\u00e1 uma opera\u00e7\u00e3o especial de tr\u00e2nsito e transporte para os eventos da Semana da P\u00e1tria, programados para os dias 5 e 7\/9, no centro de conven\u00e7\u00f5es Professor Gilberto Mestrinho, o samb\u00f3dromo.<\/p>\n\n\n\n<p>A opera\u00e7\u00e3o ser\u00e1 coordenada pelo IMMU com o objetivo de proporcionar seguran\u00e7a vi\u00e1ria aos motoristas e pedestres, organizar a circula\u00e7\u00e3o de ve\u00edculos e garantir o deslocamento do p\u00fablico. Na pr\u00f3xima segunda-feira, 7\/9, o Desfile Militar ser\u00e1 realizado das 8h \u00e0s 11h30. A montagem da opera\u00e7\u00e3o come\u00e7ar\u00e1 \u00e0s 4h e seguir\u00e1 at\u00e9 as 12h, com a libera\u00e7\u00e3o gradual das vias ap\u00f3s o encerramento do evento.<\/p>\n\n\n\n<p><strong>Interdi\u00e7\u00e3o<\/strong><\/p>\n\n\n\n<p>No s\u00e1bado, 5\/9, ocorrer\u00e1 somente a interdi\u00e7\u00e3o parcial da avenida Pedro Teixeira, em frente ao samb\u00f3dromo, e da avenida L\u00f3ris Cordovil, nas proximidades do gin\u00e1sio poliesportivo Amadeu Teixeira.<\/p>\n\n\n\n<p>Na segunda-feira, 7\/9, a avenida Constantino Nery ser\u00e1 interditada no trecho entre o viaduto Engenheiro Euclides Ricardo, na avenida Desembargador Jo\u00e3o Machado, e a rua Par\u00e1, no conjunto Vieiralves. A avenida Pedro Teixeira ter\u00e1 bloqueio entre as avenidas Djalma Batista e Belmiro Vianez.<\/p>\n\n\n\n<p>Tamb\u00e9m ser\u00e3o interditadas a avenida L\u00f3ris Cordovil, entre as avenidas Constantino Nery e Belmiro Vianez, e a alameda do Samba e a avenida Belmiro Vianez, no trecho entre as avenidas Pedro Teixeira e L\u00f3ris Cordovil.<\/p>\n\n\n\n<p>A libera\u00e7\u00e3o das vias ocorrer\u00e1 gradualmente ap\u00f3s o encerramento do desfile, conforme a dispers\u00e3o do p\u00fablico e a retirada das estruturas utilizadas na opera\u00e7\u00e3o.<\/p>\n\n\n\n<figure class=\"wp-block-image size-large\"><img loading=\"lazy\" decoding=\"async\" width=\"1024\" height=\"863\" src=\"https:\/\/www.manaus.am.gov.br\/semcom\/wp-content\/uploads\/sites\/5\/2026\/09\/Mapa-e-Desvios-10-1024x863.jpeg\" alt=\"\" class=\"wp-image-269331\" srcset=\"https:\/\/www.manaus.am.gov.br\/semcom\/wp-content\/uploads\/sites\/5\/2026\/09\/Mapa-e-Desvios-10-1024x863.jpeg 1024w, https:\/\/www.manaus.am.gov.br\/semcom\/wp-content\/uploads\/sites\/5\/2026\/09\/Mapa-e-Desvios-10-300x253.jpeg 300w, https:\/\/www.manaus.am.gov.br\/semcom\/wp-content\/uploads\/sites\/5\/2026\/09\/Mapa-e-Desvios-10-768x648.jpeg 768w, https:\/\/www.manaus.am.gov.br\/semcom\/wp-content\/uploads\/sites\/5\/2026\/09\/Mapa-e-Desvios-10-1536x1295.jpeg 1536w, https:\/\/www.manaus.am.gov.br\/semcom\/wp-content\/uploads\/sites\/5\/2026\/09\/Mapa-e-Desvios-10.jpeg 1600w\" sizes=\"(max-width: 1024px) 100vw, 1024px\" \/><\/figure>\n\n\n\n<p><strong>Efetivo<\/strong><\/p>\n\n\n\n<p>O planejamento contar\u00e1 com 13 postos operacionais, envolvendo cerca de 50 agentes de tr\u00e2nsito e fiscais de transportes, distribu\u00eddos em equipes no per\u00edmetro das interdi\u00e7\u00f5es.<\/p>\n\n\n\n<p>A opera\u00e7\u00e3o ter\u00e1 apoio do Batalh\u00e3o de Policiamento de Tr\u00e2nsito (BPTran) e do Departamento Estadual de Tr\u00e2nsito do Amazonas (Detran-AM). Os servidores atuar\u00e3o na orienta\u00e7\u00e3o dos condutores, no controle dos cruzamentos, nas interdi\u00e7\u00f5es, nos desvios e na seguran\u00e7a das travessias de pedestres durante todo o evento.<\/p>\n\n\n\n<p><strong>Tr\u00e2nsito<\/strong><\/p>\n\n\n\n<p>Durante o per\u00edodo de interdi\u00e7\u00e3o, os ve\u00edculos ser\u00e3o direcionados para rotas alternativas. Agentes de tr\u00e2nsito estar\u00e3o posicionados nos acessos \u00e0 avenida Constantino Nery, nos pontos de bloqueio e nas travessias destinadas aos pedestres.<\/p>\n\n\n\n<p>A opera\u00e7\u00e3o abranger\u00e1 os cruzamentos da avenida Constantino Nery com as ruas Par\u00e1, Jo\u00e3o Val\u00e9rio, Maromba e da Ind\u00fastria, al\u00e9m das avenidas Darcy Vargas e Pedro Teixeira. Tamb\u00e9m haver\u00e1 equipes nas proximidades do Millennium Shopping.<\/p>\n\n\n\n<p>Outros pontos de controle funcionar\u00e3o no cruzamento da avenida Djalma Batista com a rua da Ind\u00fastria; na avenida Belmiro Vianez com a rua L\u00f3ris Cordovil e na rua L\u00f3ris Cordovil com a rua Vivaldo Lima, nas proximidades do SPA Alvorada.<\/p>\n\n\n\n<p>O esquema tamb\u00e9m alcan\u00e7ar\u00e1 o cruzamento da rua L\u00f3ris Cordovil com a avenida Constantino Nery, o acesso da avenida Desembargador Jo\u00e3o Machado \u00e0 Constantino Nery e a avenida Torquato Tapaj\u00f3s, nas proximidades do viaduto de Flores.<\/p>\n\n\n\n<p>O IMMU orienta os motoristas a evitarem a avenida Constantino Nery e as vias pr\u00f3ximas ao samb\u00f3dromo durante o desfile. Quem precisar circular pela regi\u00e3o dever\u00e1 redobrar a aten\u00e7\u00e3o, respeitar a sinaliza\u00e7\u00e3o tempor\u00e1ria e seguir as orienta\u00e7\u00f5es dos agentes de tr\u00e2nsito.<\/p>\n\n\n\n<p><strong>Transporte<\/strong><\/p>\n\n\n\n<p>Os desvios das linhas do transporte coletivo come\u00e7ar\u00e3o \u00e0s 4h. Durante as interdi\u00e7\u00f5es, os \u00f4nibus ser\u00e3o direcionados principalmente pelas avenidas S\u00e3o Jorge e Djalma Batista.<\/p>\n\n\n\n<p>A opera\u00e7\u00e3o das esta\u00e7\u00f5es Arena e S\u00e3o Jorge ficar\u00e1 suspensa at\u00e9 o t\u00e9rmino do evento. As linhas alimentadoras da Esta\u00e7\u00e3o E2 \u2013 Arena seguir\u00e3o at\u00e9 o Terminal de Integra\u00e7\u00e3o 1 (T1), localizado na avenida Constantino Nery.<\/p>\n\n\n\n<p>As linhas 123, 540 e 652, no sentido bairro\/Centro, seguir\u00e3o normalmente at\u00e9 a avenida Darcy Vargas e depois acessar\u00e3o a avenida Doutor Theom\u00e1rio Pinto da Costa, com retorno na rotat\u00f3ria das Letras. Em seguida, passar\u00e3o pelas avenidas Theom\u00e1rio Pinto, Djalma Batista, \u00c1lvaro Maia, Brasil, Elvira Dantas, novamente avenida Brasil e avenida Constantino Nery.<\/p>\n\n\n\n<p>No sentido Centro\/bairro, as linhas 540 e 652 seguir\u00e3o at\u00e9 a avenida Constantino Nery e depois passar\u00e3o pelas avenidas \u00c1lvaro Maia, Major Gabriel, Ayr\u00e3o e Djalma Batista, de onde retomar\u00e3o seus itiner\u00e1rios regulares.<\/p>\n\n\n\n<p>A linha 678, no sentido Terminal 1\/Ponta Negra, seguir\u00e1 at\u00e9 a avenida Darcy Vargas e depois passar\u00e1 pelas avenidas Doutor Theom\u00e1rio Pinto da Costa e Jacira Reis,&nbsp;rua Rita Gama Barros e avenida Pedro Teixeira. A linha 118, no sentido Terminal 1\/bairro, seguir\u00e1 pelas avenidas Darcy Vargas, Doutor Theom\u00e1rio Pinto da Costa e Djalma Batista, al\u00e9m da rua Jo\u00e3o Val\u00e9rio e avenida S\u00e3o Jorge.<\/p>\n\n\n\n<figure class=\"wp-block-image size-large\"><img loading=\"lazy\" decoding=\"async\" width=\"1024\" height=\"875\" src=\"https:\/\/www.manaus.am.gov.br\/semcom\/wp-content\/uploads\/sites\/5\/2026\/09\/Mapa-e-Desvios-11-1024x875.jpeg\" alt=\"\" class=\"wp-image-269321\" srcset=\"https:\/\/www.manaus.am.gov.br\/semcom\/wp-content\/uploads\/sites\/5\/2026\/09\/Mapa-e-Desvios-11-1024x875.jpeg 1024w, https:\/\/www.manaus.am.gov.br\/semcom\/wp-content\/uploads\/sites\/5\/2026\/09\/Mapa-e-Desvios-11-300x256.jpeg 300w, https:\/\/www.manaus.am.gov.br\/semcom\/wp-content\/uploads\/sites\/5\/2026\/09\/Mapa-e-Desvios-11-768x656.jpeg 768w, https:\/\/www.manaus.am.gov.br\/semcom\/wp-content\/uploads\/sites\/5\/2026\/09\/Mapa-e-Desvios-11-1536x1312.jpeg 1536w, https:\/\/www.manaus.am.gov.br\/semcom\/wp-content\/uploads\/sites\/5\/2026\/09\/Mapa-e-Desvios-11.jpeg 1600w\" sizes=\"(max-width: 1024px) 100vw, 1024px\" \/><\/figure>\n\n\n\n<p>As linhas 010, 207, 214, 223 e 227, no sentido bairro\/Centro, seguir\u00e3o at\u00e9 a rua Paxi\u00fabas e depois passar\u00e3o pela rotat\u00f3ria das Letras e pelas avenidas Doutor Theom\u00e1rio Pinto e Djalma Batista. No sentido Centro\/bairro, acessar\u00e3o as avenidas Djalma Batista, Doutor Theom\u00e1rio Pinto e Pedro Teixeira.<\/p>\n\n\n\n<figure class=\"wp-block-image size-large\"><img loading=\"lazy\" decoding=\"async\" width=\"1024\" height=\"875\" src=\"https:\/\/www.manaus.am.gov.br\/semcom\/wp-content\/uploads\/sites\/5\/2026\/09\/Mapa-e-Desvios-2-1024x875.jpeg\" alt=\"\" class=\"wp-image-269330\" srcset=\"https:\/\/www.manaus.am.gov.br\/semcom\/wp-content\/uploads\/sites\/5\/2026\/09\/Mapa-e-Desvios-2-1024x875.jpeg 1024w, https:\/\/www.manaus.am.gov.br\/semcom\/wp-content\/uploads\/sites\/5\/2026\/09\/Mapa-e-Desvios-2-300x256.jpeg 300w, https:\/\/www.manaus.am.gov.br\/semcom\/wp-content\/uploads\/sites\/5\/2026\/09\/Mapa-e-Desvios-2-768x656.jpeg 768w, https:\/\/www.manaus.am.gov.br\/semcom\/wp-content\/uploads\/sites\/5\/2026\/09\/Mapa-e-Desvios-2-1536x1312.jpeg 1536w, https:\/\/www.manaus.am.gov.br\/semcom\/wp-content\/uploads\/sites\/5\/2026\/09\/Mapa-e-Desvios-2.jpeg 1600w\" sizes=\"(max-width: 1024px) 100vw, 1024px\" \/><\/figure>\n\n\n\n<p>As linhas A202, A206, A225 e 219, no sentido bairro\/Centro, seguir\u00e3o at\u00e9 a avenida Torquato Tapaj\u00f3s e depois passar\u00e3o pelas avenidas Djalma Batista, \u00c1lvaro Maia, Brasil, Elvira Dantas, novamente avenida Brasil e avenida Constantino Nery, seguindo pelo Terminal 1 at\u00e9 a pra\u00e7a da Saudade.<\/p>\n\n\n\n<p>No sentido Centro\/bairro, as linhas A202, A206, A225 e 219 sair\u00e3o da pra\u00e7a da Saudade e passar\u00e3o pelas avenidas Ferreira Pena, \u00c1lvaro Maia, Major Gabriel, Ayr\u00e3o, Djalma Batista e Desembargador Jo\u00e3o Machado, de onde retomar\u00e3o seus itiner\u00e1rios normais.<\/p>\n\n\n\n<figure class=\"wp-block-image size-large\"><img loading=\"lazy\" decoding=\"async\" width=\"1024\" height=\"875\" src=\"https:\/\/www.manaus.am.gov.br\/semcom\/wp-content\/uploads\/sites\/5\/2026\/09\/Mapa-e-Desvios-3-1-1024x875.jpeg\" alt=\"\" class=\"wp-image-269327\" srcset=\"https:\/\/www.manaus.am.gov.br\/semcom\/wp-content\/uploads\/sites\/5\/2026\/09\/Mapa-e-Desvios-3-1-1024x875.jpeg 1024w, https:\/\/www.manaus.am.gov.br\/semcom\/wp-content\/uploads\/sites\/5\/2026\/09\/Mapa-e-Desvios-3-1-300x256.jpeg 300w, https:\/\/www.manaus.am.gov.br\/semcom\/wp-content\/uploads\/sites\/5\/2026\/09\/Mapa-e-Desvios-3-1-768x656.jpeg 768w, https:\/\/www.manaus.am.gov.br\/semcom\/wp-content\/uploads\/sites\/5\/2026\/09\/Mapa-e-Desvios-3-1-1536x1312.jpeg 1536w, https:\/\/www.manaus.am.gov.br\/semcom\/wp-content\/uploads\/sites\/5\/2026\/09\/Mapa-e-Desvios-3-1.jpeg 1600w\" sizes=\"(max-width: 1024px) 100vw, 1024px\" \/><\/figure>\n\n\n\n<p>As linhas 213 e 215, no sentido bairro\/Centro, seguir\u00e3o at\u00e9 a avenida L\u00f3ris Cordovil e depois passar\u00e3o pela rua Vivaldo Lima, travessa dos Franceses, avenida Desembargador Jo\u00e3o Machado e avenida M\u00e1rio Ypiranga ou avenida Djalma Batista.<\/p>\n\n\n\n<p>No sentido Centro\/bairro, as linhas 213 e 215 passar\u00e3o pelas avenidas Ferreira Pena, \u00c1lvaro Maia, Major Gabriel, Ayr\u00e3o, Djalma Batista e Desembargador Jo\u00e3o Machado. O percurso continuar\u00e1 pela rua D, rua Crici\u00fama, identificada como rua&nbsp;8, rua Professora Rosa Gomes e rua Professor Ab\u00edlio Alencar.<\/p>\n\n\n\n<figure class=\"wp-block-image size-large\"><img loading=\"lazy\" decoding=\"async\" width=\"1024\" height=\"874\" src=\"https:\/\/www.manaus.am.gov.br\/semcom\/wp-content\/uploads\/sites\/5\/2026\/09\/Mapa-e-Desvios-4-1-1024x874.jpeg\" alt=\"\" class=\"wp-image-269326\" srcset=\"https:\/\/www.manaus.am.gov.br\/semcom\/wp-content\/uploads\/sites\/5\/2026\/09\/Mapa-e-Desvios-4-1-1024x874.jpeg 1024w, https:\/\/www.manaus.am.gov.br\/semcom\/wp-content\/uploads\/sites\/5\/2026\/09\/Mapa-e-Desvios-4-1-300x256.jpeg 300w, https:\/\/www.manaus.am.gov.br\/semcom\/wp-content\/uploads\/sites\/5\/2026\/09\/Mapa-e-Desvios-4-1-768x655.jpeg 768w, https:\/\/www.manaus.am.gov.br\/semcom\/wp-content\/uploads\/sites\/5\/2026\/09\/Mapa-e-Desvios-4-1-1536x1310.jpeg 1536w, https:\/\/www.manaus.am.gov.br\/semcom\/wp-content\/uploads\/sites\/5\/2026\/09\/Mapa-e-Desvios-4-1.jpeg 1600w\" sizes=\"(max-width: 1024px) 100vw, 1024px\" \/><\/figure>\n\n\n\n<p>As linhas A402, A407 e 654, no sentido bairro\/Centro, seguir\u00e3o pela avenida Djalma Batista e depois pelas avenidas \u00c1lvaro Maia, Brasil, Elvira Dantas, novamente avenida Brasil e avenida Constantino Nery, passando pelo T1 at\u00e9 a pra\u00e7a da Saudade.<\/p>\n\n\n\n<p>No sentido Centro\/bairro, as linhas A402, A407 e 654 sair\u00e3o da pra\u00e7a da Saudade e seguir\u00e3o pelas avenidas Ferreira Pena, \u00c1lvaro Maia, Major Gabriel, Ayr\u00e3o e Djalma Batista, al\u00e9m da rua Jorge Veiga e avenida Gabriel Corr\u00eaa Pedrosa.<\/p>\n\n\n\n<figure class=\"wp-block-image size-large\"><img loading=\"lazy\" decoding=\"async\" width=\"1024\" height=\"875\" src=\"https:\/\/www.manaus.am.gov.br\/semcom\/wp-content\/uploads\/sites\/5\/2026\/09\/Mapa-e-Desvios-5-1024x875.jpeg\" alt=\"\" class=\"wp-image-269325\" srcset=\"https:\/\/www.manaus.am.gov.br\/semcom\/wp-content\/uploads\/sites\/5\/2026\/09\/Mapa-e-Desvios-5-1024x875.jpeg 1024w, https:\/\/www.manaus.am.gov.br\/semcom\/wp-content\/uploads\/sites\/5\/2026\/09\/Mapa-e-Desvios-5-300x256.jpeg 300w, https:\/\/www.manaus.am.gov.br\/semcom\/wp-content\/uploads\/sites\/5\/2026\/09\/Mapa-e-Desvios-5-768x656.jpeg 768w, https:\/\/www.manaus.am.gov.br\/semcom\/wp-content\/uploads\/sites\/5\/2026\/09\/Mapa-e-Desvios-5-1536x1312.jpeg 1536w, https:\/\/www.manaus.am.gov.br\/semcom\/wp-content\/uploads\/sites\/5\/2026\/09\/Mapa-e-Desvios-5.jpeg 1600w\" sizes=\"(max-width: 1024px) 100vw, 1024px\" \/><\/figure>\n\n\n\n<p>As linhas 120, 121, 211, 216 e 221, no sentido Centro, passar\u00e3o pela avenida S\u00e3o Jorge, ruas Em\u00edlio Ruas, Bar\u00e3o do Rio Branco e Amaral dos Santos e avenida Brasil, com retorno no Centro de Conviv\u00eancia. Depois, seguir\u00e3o pelas avenidas Brasil, \u00c1lvaro Maia e Constantino Nery, nas proximidades do T1.<\/p>\n\n\n\n<p>No sentido bairro, essas linhas passar\u00e3o pelas avenidas Constantino Nery e Brasil, ruas Amaral dos Santos, Vicente Torres Reis e Em\u00edlio Ruas e avenida S\u00e3o Jorge, onde retomar\u00e3o os itiner\u00e1rios regulares.<\/p>\n\n\n\n<figure class=\"wp-block-image size-large\"><img loading=\"lazy\" decoding=\"async\" width=\"1024\" height=\"874\" src=\"https:\/\/www.manaus.am.gov.br\/semcom\/wp-content\/uploads\/sites\/5\/2026\/09\/Mapa-e-Desvios-7-1024x874.jpeg\" alt=\"\" class=\"wp-image-269324\" srcset=\"https:\/\/www.manaus.am.gov.br\/semcom\/wp-content\/uploads\/sites\/5\/2026\/09\/Mapa-e-Desvios-7-1024x874.jpeg 1024w, https:\/\/www.manaus.am.gov.br\/semcom\/wp-content\/uploads\/sites\/5\/2026\/09\/Mapa-e-Desvios-7-300x256.jpeg 300w, https:\/\/www.manaus.am.gov.br\/semcom\/wp-content\/uploads\/sites\/5\/2026\/09\/Mapa-e-Desvios-7-768x655.jpeg 768w, https:\/\/www.manaus.am.gov.br\/semcom\/wp-content\/uploads\/sites\/5\/2026\/09\/Mapa-e-Desvios-7-1536x1310.jpeg 1536w, https:\/\/www.manaus.am.gov.br\/semcom\/wp-content\/uploads\/sites\/5\/2026\/09\/Mapa-e-Desvios-7.jpeg 1600w\" sizes=\"(max-width: 1024px) 100vw, 1024px\" \/><\/figure>\n\n\n\n<p>As linhas A200, A204 e A222, no sentido bairro\/Centro, seguir\u00e3o pela avenida Pedro Teixeira, rua Paxi\u00fabas, avenida Doutor Theom\u00e1rio Pinto, rotat\u00f3ria das Letras, avenida Jacira Reis, rua Guanapuris, antiga Ipase, avenida Compensa, avenida S\u00e3o Jorge e ruas Em\u00edlio Ruas, Bar\u00e3o do Rio Branco e Amaral dos Santos.<\/p>\n\n\n\n<p>O itiner\u00e1rio continuar\u00e1 pela avenida Brasil, com retorno no Centro de Conviv\u00eancia, seguindo pela avenida \u00c1lvaro Maia, Terminal 1 e pra\u00e7a da Saudade. No sentido Centro\/bairro, os \u00f4nibus sair\u00e3o da pra\u00e7a da Saudade e passar\u00e3o pelas avenidas Constantino Nery, Brasil e \u00c1lvaro Maia.<\/p>\n\n\n\n<p>Depois, os coletivos seguir\u00e3o pelas ruas Amaral dos Santos, Edna Pereira, Vicente Torres Reis e Em\u00edlio Ruas, avenidas S\u00e3o Jorge e Jacira Reis, rotat\u00f3ria das Letras, rua Paxi\u00fabas e avenida Dom Pedro.<\/p>\n\n\n\n<figure class=\"wp-block-image size-large\"><img loading=\"lazy\" decoding=\"async\" width=\"1024\" height=\"873\" src=\"https:\/\/www.manaus.am.gov.br\/semcom\/wp-content\/uploads\/sites\/5\/2026\/09\/Mapa-e-Desvios-8-1024x873.jpeg\" alt=\"\" class=\"wp-image-269323\" srcset=\"https:\/\/www.manaus.am.gov.br\/semcom\/wp-content\/uploads\/sites\/5\/2026\/09\/Mapa-e-Desvios-8-1024x873.jpeg 1024w, https:\/\/www.manaus.am.gov.br\/semcom\/wp-content\/uploads\/sites\/5\/2026\/09\/Mapa-e-Desvios-8-300x256.jpeg 300w, https:\/\/www.manaus.am.gov.br\/semcom\/wp-content\/uploads\/sites\/5\/2026\/09\/Mapa-e-Desvios-8-768x655.jpeg 768w, https:\/\/www.manaus.am.gov.br\/semcom\/wp-content\/uploads\/sites\/5\/2026\/09\/Mapa-e-Desvios-8-1536x1309.jpeg 1536w, https:\/\/www.manaus.am.gov.br\/semcom\/wp-content\/uploads\/sites\/5\/2026\/09\/Mapa-e-Desvios-8.jpeg 1600w\" sizes=\"(max-width: 1024px) 100vw, 1024px\" \/><\/figure>\n\n\n\n<p>As linhas 011, 300, 302, 305, 306, 319, 320, 321, 324, 330, 340, 356, 357, 430, 444, 448, 452, 454, 455, 500, 560 e 640, que circulam pelas avenidas Torquato Tapaj\u00f3s e Constantino Nery, tamb\u00e9m ter\u00e3o os itiner\u00e1rios alterados.<\/p>\n\n\n\n<p>No sentido bairro\/Centro, essas linhas seguir\u00e3o pelas avenidas Torquato Tapaj\u00f3s, Djalma Batista, \u00c1lvaro Maia, Brasil, Elvira Dantas, novamente avenida Brasil e avenida Constantino Nery. No sentido Centro\/bairro, passar\u00e3o pelas avenidas Constantino Nery, \u00c1lvaro Maia, Major Gabriel, Ayr\u00e3o e Djalma Batista.<\/p>\n\n\n\n<figure class=\"wp-block-image size-large\"><img loading=\"lazy\" decoding=\"async\" width=\"1024\" height=\"877\" src=\"https:\/\/www.manaus.am.gov.br\/semcom\/wp-content\/uploads\/sites\/5\/2026\/09\/Mapa-e-Desvios-9-1024x877.jpeg\" alt=\"\" class=\"wp-image-269322\" srcset=\"https:\/\/www.manaus.am.gov.br\/semcom\/wp-content\/uploads\/sites\/5\/2026\/09\/Mapa-e-Desvios-9-1024x877.jpeg 1024w, https:\/\/www.manaus.am.gov.br\/semcom\/wp-content\/uploads\/sites\/5\/2026\/09\/Mapa-e-Desvios-9-300x257.jpeg 300w, https:\/\/www.manaus.am.gov.br\/semcom\/wp-content\/uploads\/sites\/5\/2026\/09\/Mapa-e-Desvios-9-768x658.jpeg 768w, https:\/\/www.manaus.am.gov.br\/semcom\/wp-content\/uploads\/sites\/5\/2026\/09\/Mapa-e-Desvios-9-1536x1315.jpeg 1536w, https:\/\/www.manaus.am.gov.br\/semcom\/wp-content\/uploads\/sites\/5\/2026\/09\/Mapa-e-Desvios-9.jpeg 1600w\" sizes=\"(max-width: 1024px) 100vw, 1024px\" \/><\/figure>\n\n\n\n<p>Os usu\u00e1rios do transporte coletivo devem ficar atentos \u00e0s mudan\u00e7as tempor\u00e1rias nos itiner\u00e1rios e aos locais de embarque e desembarque. Os percursos ser\u00e3o normalizados gradualmente ap\u00f3s o t\u00e9rmino do evento.<\/p>\n\n\n\n<p>&#8212; &#8212; &#8212;<\/p>\n\n\n\n<p><strong>Texto&nbsp;<\/strong>\u2013 Marcelo Lima\/IMMU<\/p>\n\n\n\n<p><strong>Ilustra\u00e7\u00f5es <\/strong>\u2013 Divulga\u00e7\u00e3o\/IMMU<\/p>\n","protected":false},"excerpt":{"rendered":"","protected":false},"author":39,"featured_media":238167,"comment_status":"closed","ping_status":"closed","sticky":false,"template":"","format":"standard","meta":{"footnotes":""},"categories":[59],"tags":[12,13626,77,7538,9313],"acf":[],"yoast_head":"<!-- This site is optimized with the Yoast SEO plugin v23.0 - https:\/\/yoast.com\/wordpress\/plugins\/seo\/ -->\n<title>Opera\u00e7\u00e3o de tr\u00e2nsito e transporte para a Semana da P\u00e1tria<\/title>\n<meta name=\"description\" content=\"Prefeitura de Manaus, por meio do IMMU, prepara opera\u00e7\u00e3o especial de tr\u00e2nsito e transporte para a Semana da P\u00e1tria.\" \/>\n<meta name=\"robots\" content=\"index, follow, max-snippet:-1, max-image-preview:large, max-video-preview:-1\" \/>\n<link rel=\"canonical\" href=\"https:\/\/www.manaus.am.gov.br\/semcom\/operacao-transito-transporte-semana-da-patria\/\" \/>\n<meta property=\"og:locale\" content=\"pt_BR\" \/>\n<meta property=\"og:type\" content=\"article\" \/>\n<meta property=\"og:title\" content=\"Opera\u00e7\u00e3o de tr\u00e2nsito e transporte para a Semana da P\u00e1tria\" \/>\n<meta property=\"og:description\" content=\"Prefeitura de Manaus, por meio do IMMU, prepara opera\u00e7\u00e3o especial de tr\u00e2nsito e transporte para a Semana da P\u00e1tria.\" \/>\n<meta property=\"og:url\" content=\"https:\/\/www.manaus.am.gov.br\/semcom\/operacao-transito-transporte-semana-da-patria\/\" \/>\n<meta property=\"og:site_name\" content=\"SEMCOM\" \/>\n<meta property=\"article:published_time\" content=\"2026-09-02T21:24:27+00:00\" \/>\n<meta property=\"article:modified_time\" content=\"2026-09-03T16:40:21+00:00\" \/>\n<meta property=\"og:image\" content=\"https:\/\/www.manaus.am.gov.br\/semcom\/wp-content\/uploads\/sites\/5\/2025\/04\/BANNER-NOTA.png\" \/>\n\t<meta property=\"og:image:width\" content=\"900\" \/>\n\t<meta property=\"og:image:height\" content=\"509\" \/>\n\t<meta property=\"og:image:type\" content=\"image\/png\" \/>\n<meta name=\"author\" content=\"Bruna Greco\" \/>\n<meta name=\"twitter:card\" content=\"summary_large_image\" \/>\n<meta name=\"twitter:label1\" content=\"Written by\" \/>\n\t<meta name=\"twitter:data1\" content=\"Bruna Greco\" \/>\n\t<meta name=\"twitter:label2\" content=\"Est. reading time\" \/>\n\t<meta name=\"twitter:data2\" content=\"10 minutos\" \/>\n<script type=\"application\/ld+json\" class=\"yoast-schema-graph\">{\"@context\":\"https:\/\/schema.org\",\"@graph\":[{\"@type\":\"WebPage\",\"@id\":\"https:\/\/www.manaus.am.gov.br\/semcom\/operacao-transito-transporte-semana-da-patria\/\",\"url\":\"https:\/\/www.manaus.am.gov.br\/semcom\/operacao-transito-transporte-semana-da-patria\/\",\"name\":\"Opera\u00e7\u00e3o de tr\u00e2nsito e transporte para a Semana da P\u00e1tria\",\"isPartOf\":{\"@id\":\"https:\/\/www.manaus.am.gov.br\/semcom\/#website\"},\"primaryImageOfPage\":{\"@id\":\"https:\/\/www.manaus.am.gov.br\/semcom\/operacao-transito-transporte-semana-da-patria\/#primaryimage\"},\"image\":{\"@id\":\"https:\/\/www.manaus.am.gov.br\/semcom\/operacao-transito-transporte-semana-da-patria\/#primaryimage\"},\"thumbnailUrl\":\"https:\/\/www.manaus.am.gov.br\/semcom\/wp-content\/uploads\/sites\/5\/2025\/04\/BANNER-NOTA.png\",\"datePublished\":\"2026-09-02T21:24:27+00:00\",\"dateModified\":\"2026-09-03T16:40:21+00:00\",\"author\":{\"@id\":\"https:\/\/www.manaus.am.gov.br\/semcom\/#\/schema\/person\/05d223aea2bf115f9883a6ff3683d81b\"},\"description\":\"Prefeitura de Manaus, por meio do IMMU, prepara opera\u00e7\u00e3o especial de tr\u00e2nsito e transporte para a Semana da P\u00e1tria.\",\"inLanguage\":\"pt-BR\",\"potentialAction\":[{\"@type\":\"ReadAction\",\"target\":[\"https:\/\/www.manaus.am.gov.br\/semcom\/operacao-transito-transporte-semana-da-patria\/\"]}]},{\"@type\":\"ImageObject\",\"inLanguage\":\"pt-BR\",\"@id\":\"https:\/\/www.manaus.am.gov.br\/semcom\/operacao-transito-transporte-semana-da-patria\/#primaryimage\",\"url\":\"https:\/\/www.manaus.am.gov.br\/semcom\/wp-content\/uploads\/sites\/5\/2025\/04\/BANNER-NOTA.png\",\"contentUrl\":\"https:\/\/www.manaus.am.gov.br\/semcom\/wp-content\/uploads\/sites\/5\/2025\/04\/BANNER-NOTA.png\",\"width\":900,\"height\":509,\"caption\":\"37 ocorr\u00eancias ap\u00f3s fortes chuvas\"},{\"@type\":\"WebSite\",\"@id\":\"https:\/\/www.manaus.am.gov.br\/semcom\/#website\",\"url\":\"https:\/\/www.manaus.am.gov.br\/semcom\/\",\"name\":\"SEMCOM\",\"description\":\"Secretaria Municipal de Comunica\u00e7\u00e3o\",\"potentialAction\":[{\"@type\":\"SearchAction\",\"target\":{\"@type\":\"EntryPoint\",\"urlTemplate\":\"https:\/\/www.manaus.am.gov.br\/semcom\/?s={search_term_string}\"},\"query-input\":\"required name=search_term_string\"}],\"inLanguage\":\"pt-BR\"},{\"@type\":\"Person\",\"@id\":\"https:\/\/www.manaus.am.gov.br\/semcom\/#\/schema\/person\/05d223aea2bf115f9883a6ff3683d81b\",\"name\":\"Bruna Greco\",\"image\":{\"@type\":\"ImageObject\",\"inLanguage\":\"pt-BR\",\"@id\":\"https:\/\/www.manaus.am.gov.br\/semcom\/#\/schema\/person\/image\/\",\"url\":\"https:\/\/secure.gravatar.com\/avatar\/9c877d1a6adc2a055330e5c09a8653ce?s=96&d=mm&r=g\",\"contentUrl\":\"https:\/\/secure.gravatar.com\/avatar\/9c877d1a6adc2a055330e5c09a8653ce?s=96&d=mm&r=g\",\"caption\":\"Bruna Greco\"}}]}<\/script>\n<!-- \/ Yoast SEO plugin. -->","yoast_head_json":{"title":"Opera\u00e7\u00e3o de tr\u00e2nsito e transporte para a Semana da P\u00e1tria","description":"Prefeitura de Manaus, por meio do IMMU, prepara opera\u00e7\u00e3o especial de tr\u00e2nsito e transporte para a Semana da P\u00e1tria.","robots":{"index":"index","follow":"follow","max-snippet":"max-snippet:-1","max-image-preview":"max-image-preview:large","max-video-preview":"max-video-preview:-1"},"canonical":"https:\/\/www.manaus.am.gov.br\/semcom\/operacao-transito-transporte-semana-da-patria\/","og_locale":"pt_BR","og_type":"article","og_title":"Opera\u00e7\u00e3o de tr\u00e2nsito e transporte para a Semana da P\u00e1tria","og_description":"Prefeitura de Manaus, por meio do IMMU, prepara opera\u00e7\u00e3o especial de tr\u00e2nsito e transporte para a Semana da P\u00e1tria.","og_url":"https:\/\/www.manaus.am.gov.br\/semcom\/operacao-transito-transporte-semana-da-patria\/","og_site_name":"SEMCOM","article_published_time":"2026-09-02T21:24:27+00:00","article_modified_time":"2026-09-03T16:40:21+00:00","og_image":[{"width":900,"height":509,"url":"https:\/\/www.manaus.am.gov.br\/semcom\/wp-content\/uploads\/sites\/5\/2025\/04\/BANNER-NOTA.png","type":"image\/png"}],"author":"Bruna Greco","twitter_card":"summary_large_image","twitter_misc":{"Written by":"Bruna Greco","Est. reading time":"10 minutos"},"schema":{"@context":"https:\/\/schema.org","@graph":[{"@type":"WebPage","@id":"https:\/\/www.manaus.am.gov.br\/semcom\/operacao-transito-transporte-semana-da-patria\/","url":"https:\/\/www.manaus.am.gov.br\/semcom\/operacao-transito-transporte-semana-da-patria\/","name":"Opera\u00e7\u00e3o de tr\u00e2nsito e transporte para a Semana da P\u00e1tria","isPartOf":{"@id":"https:\/\/www.manaus.am.gov.br\/semcom\/#website"},"primaryImageOfPage":{"@id":"https:\/\/www.manaus.am.gov.br\/semcom\/operacao-transito-transporte-semana-da-patria\/#primaryimage"},"image":{"@id":"https:\/\/www.manaus.am.gov.br\/semcom\/operacao-transito-transporte-semana-da-patria\/#primaryimage"},"thumbnailUrl":"https:\/\/www.manaus.am.gov.br\/semcom\/wp-content\/uploads\/sites\/5\/2025\/04\/BANNER-NOTA.png","datePublished":"2026-09-02T21:24:27+00:00","dateModified":"2026-09-03T16:40:21+00:00","author":{"@id":"https:\/\/www.manaus.am.gov.br\/semcom\/#\/schema\/person\/05d223aea2bf115f9883a6ff3683d81b"},"description":"Prefeitura de Manaus, por meio do IMMU, prepara opera\u00e7\u00e3o especial de tr\u00e2nsito e transporte para a Semana da P\u00e1tria.","inLanguage":"pt-BR","potentialAction":[{"@type":"ReadAction","target":["https:\/\/www.manaus.am.gov.br\/semcom\/operacao-transito-transporte-semana-da-patria\/"]}]},{"@type":"ImageObject","inLanguage":"pt-BR","@id":"https:\/\/www.manaus.am.gov.br\/semcom\/operacao-transito-transporte-semana-da-patria\/#primaryimage","url":"https:\/\/www.manaus.am.gov.br\/semcom\/wp-content\/uploads\/sites\/5\/2025\/04\/BANNER-NOTA.png","contentUrl":"https:\/\/www.manaus.am.gov.br\/semcom\/wp-content\/uploads\/sites\/5\/2025\/04\/BANNER-NOTA.png","width":900,"height":509,"caption":"37 ocorr\u00eancias ap\u00f3s fortes chuvas"},{"@type":"WebSite","@id":"https:\/\/www.manaus.am.gov.br\/semcom\/#website","url":"https:\/\/www.manaus.am.gov.br\/semcom\/","name":"SEMCOM","description":"Secretaria Municipal de Comunica\u00e7\u00e3o","potentialAction":[{"@type":"SearchAction","target":{"@type":"EntryPoint","urlTemplate":"https:\/\/www.manaus.am.gov.br\/semcom\/?s={search_term_string}"},"query-input":"required name=search_term_string"}],"inLanguage":"pt-BR"},{"@type":"Person","@id":"https:\/\/www.manaus.am.gov.br\/semcom\/#\/schema\/person\/05d223aea2bf115f9883a6ff3683d81b","name":"Bruna Greco","image":{"@type":"ImageObject","inLanguage":"pt-BR","@id":"https:\/\/www.manaus.am.gov.br\/semcom\/#\/schema\/person\/image\/","url":"https:\/\/secure.gravatar.com\/avatar\/9c877d1a6adc2a055330e5c09a8653ce?s=96&d=mm&r=g","contentUrl":"https:\/\/secure.gravatar.com\/avatar\/9c877d1a6adc2a055330e5c09a8653ce?s=96&d=mm&r=g","caption":"Bruna Greco"}}]}},"_links":{"self":[{"href":"https:\/\/www.manaus.am.gov.br\/semcom\/wp-json\/wp\/v2\/posts\/269320"}],"collection":[{"href":"https:\/\/www.manaus.am.gov.br\/semcom\/wp-json\/wp\/v2\/posts"}],"about":[{"href":"https:\/\/www.manaus.am.gov.br\/semcom\/wp-json\/wp\/v2\/types\/post"}],"author":[{"embeddable":true,"href":"https:\/\/www.manaus.am.gov.br\/semcom\/wp-json\/wp\/v2\/users\/39"}],"replies":[{"embeddable":true,"href":"https:\/\/www.manaus.am.gov.br\/semcom\/wp-json\/wp\/v2\/comments?post=269320"}],"version-history":[{"count":3,"href":"https:\/\/www.manaus.am.gov.br\/semcom\/wp-json\/wp\/v2\/posts\/269320\/revisions"}],"predecessor-version":[{"id":269360,"href":"https:\/\/www.manaus.am.gov.br\/semcom\/wp-json\/wp\/v2\/posts\/269320\/revisions\/269360"}],"wp:featuredmedia":[{"embeddable":true,"href":"https:\/\/www.manaus.am.gov.br\/semcom\/wp-json\/wp\/v2\/media\/238167"}],"wp:attachment":[{"href":"https:\/\/www.manaus.am.gov.br\/semcom\/wp-json\/wp\/v2\/media?parent=269320"}],"wp:term":[{"taxonomy":"category","embeddable":true,"href":"https:\/\/www.manaus.am.gov.br\/semcom\/wp-json\/wp\/v2\/categories?post=269320"},{"taxonomy":"post_tag","embeddable":true,"href":"https:\/\/www.manaus.am.gov.br\/semcom\/wp-json\/wp\/v2\/tags?post=269320"}],"curies":[{"name":"wp","href":"https:\/\/api.w.org\/{rel}","templated":true}]}}