{"id":269239,"date":"2026-09-01T16:34:49","date_gmt":"2026-09-01T20:34:49","guid":{"rendered":"https:\/\/www.manaus.am.gov.br\/semcom\/campanha-de-vacinacao-antirrabica-5\/"},"modified":"2026-09-02T13:36:02","modified_gmt":"2026-09-02T16:36:02","slug":"campanha-de-vacinacao-antirrabica-5","status":"publish","type":"post","link":"https:\/\/www.manaus.am.gov.br\/semcom\/campanha-de-vacinacao-antirrabica-5\/","title":{"rendered":"Prefeitura de Manaus inicia campanha de vacina\u00e7\u00e3o antirr\u00e1bica com meta de imunizar mais de 280 mil animais"},"content":{"rendered":"\n<p>Marcando o in\u00edcio da programa\u00e7\u00e3o da Campanha de Vacina\u00e7\u00e3o Antirr\u00e1bica Animal de 2026, a <a href=\"https:\/\/www.manaus.am.gov.br\/\">Prefeitura de Manaus<\/a>, por meio da <a href=\"https:\/\/www.instagram.com\/semsamanaus\/\">Secretaria Municipal de Sa\u00fade<\/a> (Semsa), promoveu nesta ter\u00e7a-feira, 1\u00ba\/9, um treinamento para alinhar as diretrizes operacionais e fortalecer as a\u00e7\u00f5es que ser\u00e3o desenvolvidas para atingir a meta de imuniza\u00e7\u00e3o de 282.400 animais (202.400 c\u00e3es e 80.000 gatos).<\/p>\n\n\n\n<p>O treinamento foi realizado no audit\u00f3rio Luiz Geraldo Pontes Teixeira, na <a href=\"https:\/\/www.instagram.com\/semedmanaus\/\">Secretaria Municipal de Educa\u00e7\u00e3o<\/a> (Semed),\u00a0das 8h \u00e0s 12h, com a participa\u00e7\u00e3o das equipes que ir\u00e3o atuar na campanha de vacina\u00e7\u00e3o, entre m\u00e9dicos veterin\u00e1rios, vacinadores, tabuladores e auxiliares de campo e de base, contratados por meio de processo seletivo.<\/p>\n\n\n\n<p>A subsecret\u00e1ria em exerc\u00edcio, de Gest\u00e3o da Sa\u00fade da Semsa, Aldeniza Ara\u00fajo, refor\u00e7ou a import\u00e2ncia da vacina\u00e7\u00e3o de c\u00e3es e gatos contra a raiva para a prote\u00e7\u00e3o dos animais e tamb\u00e9m da popula\u00e7\u00e3o de Manaus.<\/p>\n\n\n\n<p>\u201cA raiva \u00e9 uma zoonose viral grave, que pode ser transmitida dos animais para o ser humano. A doen\u00e7a acomete principalmente o sistema nervoso e \u00e9 de alta letalidade, ou seja, alto \u00edndice de \u00f3bito, mas que pode ser evitada com a vacina\u00e7\u00e3o. \u00c9 por isso que a Semsa realiza a campanha de forma anual e vem mantendo Manaus sem registro de casos de raiva humana h\u00e1 mais de 40 anos\u201d, destacou a subsecret\u00e1ria.<\/p>\n\n\n\n<p>Na quinta-feira, 3\/9, o Centro de Controle de Zoonoses (CCZ) Dr. Carlos Durand, que coordena as a\u00e7\u00f5es da campanha, iniciar\u00e1 o trabalho de vacina\u00e7\u00e3o em domic\u00edlio, com visitas de casa em casa, para imunizar c\u00e3es e gatos. Para receber a vacina, o animal dever\u00e1 ter no m\u00ednimo tr\u00eas meses de vida e apresentar boa situa\u00e7\u00e3o de sa\u00fade.<\/p>\n\n\n\n<p>O diretor do CCZ, Rodrigo Ara\u00fajo, informa que a campanha seguir\u00e1 at\u00e9 o dia 30 de novembro e tamb\u00e9m vai utilizar a estrat\u00e9gia de oferta da vacina em tr\u00eas postos fixos: sede do CCZ, na avenida Brasil, s\/n\u00ba, bairro Compensa, zona Oeste, de segunda a sexta-feira, das 8h \u00e0s 16h, e aos s\u00e1bados, das 8h \u00e0s 12h; no Centro de Conviv\u00eancia Prefeito Jos\u00e9 Fernandes,&nbsp;<a href=\"https:\/\/www.google.com\/maps\/search\/rua+Barreirinha,+14,+Quadra+45,+S%C3%A3o+Jos%C3%A9%0D%0AOper%C3%A1rio?entry=gmail&amp;source=g\" target=\"_blank\" rel=\"noreferrer noopener\">rua Barreirinha, 14, Quadra 45, S\u00e3o Jos\u00e9 Oper\u00e1rio<\/a>&nbsp;3, zona Leste, de segunda-feira a s\u00e1bado, das 8h \u00e0s 12h; e feira municipal Padre Rog\u00e9rio Ruvoletto,&nbsp;<a href=\"https:\/\/www.google.com\/maps\/search\/rua+Samambaia,+N%C2%BA+97,+Santa+Etelvina?entry=gmail&amp;source=g\" target=\"_blank\" rel=\"noreferrer noopener\">rua Samambaia, N\u00ba 97, Santa Etelvina<\/a>, zona Norte, de segunda-feira a s\u00e1bado, das 8h \u00e0s 12h.<\/p>\n\n\n\n<p>\u201cO CCZ ainda vai disponibilizar a vacina em cl\u00ednicas veterin\u00e1rias e consult\u00f3rios parceiros para a oferta da vacina. Nesse in\u00edcio, teremos 20 cl\u00ednicas e consult\u00f3rios apoiando a campanha\u201d, informou Rodrigo Ara\u00fajo.<\/p>\n\n\n\n<p><strong>Processo seletivo<\/strong><\/p>\n\n\n\n<p>No planejamento das a\u00e7\u00f5es, a Semsa realizou processo seletivo para contrata\u00e7\u00e3o tempor\u00e1ria de 270 vacinadores\/registradores, al\u00e9m de 12 auxiliares de base e campo, 5 m\u00e9dicos veterin\u00e1rios e 8 tabuladores.<\/p>\n\n\n\n<p>De acordo com a programa\u00e7\u00e3o do CCZ, os m\u00e9dicos veterin\u00e1rios, que foram contratados pela primeira vez no processo seletivo realizado anualmente para a campanha, ir\u00e3o atuar em cada um dos cinco Distritos de Sa\u00fade (Norte, Sul, Leste, Oeste e Rural).<\/p>\n\n\n\n<p>\u201cCom o profissional m\u00e9dico veterin\u00e1rio, as equipes de vacinadores ter\u00e3o um apoio a mais. Eles v\u00e3o atuar como respons\u00e1veis pelo monitoramento e gerenciamento das vacinas, treinamento e fiscaliza\u00e7\u00e3o do trabalho em cada zona de Manaus, resolvendo situa\u00e7\u00f5es t\u00e9cnicas quando houver necessidade\u201d, explicou Rodrigo.<\/p>\n\n\n\n<p>Para Jennifer Gaspar Campos, m\u00e9dica veterin\u00e1ria que ocupou uma das vagas no processo seletivo, a oportunidade de trabalhar na campanha segue a trajet\u00f3ria profissional no que se refere \u00e0 preven\u00e7\u00e3o de doen\u00e7as.<\/p>\n\n\n\n<p>\u201cTrabalho com a preven\u00e7\u00e3o desde a minha forma\u00e7\u00e3o, tamb\u00e9m servi no Ex\u00e9rcito por seis anos e, em toda a minha trajet\u00f3ria de vida, sempre entendi que \u00e9 melhor prevenir, principalmente em se tratando de uma doen\u00e7a que n\u00e3o tem cura, como \u00e9 o caso da raiva. O trabalho na campanha antirr\u00e1bica \u00e9 uma nova experi\u00eancia e uma oportunidade que temos que aproveitar da melhor forma\u201d, afirmou Jennifer Campos.<\/p>\n\n\n\n<p><strong>Treinamento<\/strong><\/p>\n\n\n\n<p>O chefe do N\u00facleo de Controle Populacional Animal do CCZ, Th\u00falio Rocha e Silva, explicou que o treinamento abordou as quest\u00f5es te\u00f3ricas de epidemiologia da raiva, formas de aplica\u00e7\u00e3o da vacina, metas da campanha, as formas de abordar a popula\u00e7\u00e3o na vacina\u00e7\u00e3o em domic\u00edlio, o uso de equipamentos de prote\u00e7\u00e3o individual (EPI) e a conten\u00e7\u00e3o dos animais para a imuniza\u00e7\u00e3o.<\/p>\n\n\n\n<p>\u201cO animal n\u00e3o conhece o vacinador e por isso \u00e9 importante que o respons\u00e1vel pelo c\u00e3o ou gato fa\u00e7a a conten\u00e7\u00e3o, permitindo a vacina\u00e7\u00e3o. Amanh\u00e3, o CCZ vai repassar orienta\u00e7\u00f5es pr\u00e1ticas para os profissionais, com informa\u00e7\u00f5es sobre a prepara\u00e7\u00e3o do isopor para armazenamento da vacina, a utiliza\u00e7\u00e3o do gelo, o manuseio dos frascos e a aplica\u00e7\u00e3o do imunizante\u201d, esclareceu Th\u00falio Rocha.<\/p>\n\n\n\n<p>As equipes de vacinadores v\u00e3o cumprir uma jornada semanal de trabalho de 36 horas, de segunda-feira a s\u00e1bado, exceto feriados, atuando sempre pela parte da manh\u00e3, e estar\u00e3o identificados com camisas de campanha nas visitas domiciliares.<\/p>\n\n\n\n<p><strong>Preven\u00e7\u00e3o<\/strong><\/p>\n\n\n\n<p>A Campanha de Vacina\u00e7\u00e3o Antirr\u00e1bica Animal \u00e9 realizada anualmente em tr\u00eas etapas, atendendo a zona Rural Fluvial, que alcan\u00e7a os animais nas comunidades ribeirinhas dos rios Negro e Amazonas; a zona Rural Terrestre, com as equipes de vacinadores do CCZ trabalhando em comunidades nos ramais e vicinais das rodovias AM-010 e BR \u2013 174; e a zona urbana de Manaus nas zonas Norte, Sul, Leste e Oeste.<\/p>\n\n\n\n<p>A etapa Rural Fluvial da campanha deste ano foi iniciada ainda no m\u00eas de abril, com o apoio das Unidades B\u00e1sica de Sa\u00fade Fluvial (UBSF), quando foram imunizados 1.015 animais, sendo 770 c\u00e3es e 245 gatos, em comunidades localizadas nas calhas dos rios Negro e Amazonas.<\/p>\n\n\n\n<p>As etapas Rural Terrestre e Urbana ser\u00e3o realizadas no mesmo per\u00edodo, de 1\u00ba de setembro a 30 de novembro de 2026.<\/p>\n\n\n\n<p>A Semsa, por meio do CCZ, executa a campanha anualmente para evitar a ocorr\u00eancia de raiva entre c\u00e3es e gatos, e, assim, reduzir o risco para a popula\u00e7\u00e3o humana, j\u00e1 que animais dom\u00e9sticos convivem de forma muito pr\u00f3xima com as pessoas.<\/p>\n\n\n\n<p>Em Manaus, n\u00e3o h\u00e1 casos de raiva humana desde 1985. J\u00e1 no Amazonas, os \u00faltimos registros de raiva humana foram em 2017, no munic\u00edpio de Barcelos, onde ocorreram tr\u00eas casos, sendo que dois evolu\u00edram para o \u00f3bito, com o animal agressor sendo um quir\u00f3ptero (morcego).<\/p>\n\n\n\n<p>A raiva \u00e9 uma zoonose causada por um v\u00edrus que ataca o sistema nervoso central. Pode ser transmitida dos animais para o ser humano por meio de mordedura, arranhadura ou lambedura, quando ocorre o contato com a saliva de um animal infectado. Animais dom\u00e9sticos, como c\u00e3es e gatos, e silvestres, em especial morcegos e macacos, s\u00e3o os principais transmissores.<\/p>\n\n\n\n<p>Mesmo sem casos de raiva humana h\u00e1 mais de 40 anos, a Semsa mant\u00e9m as a\u00e7\u00f5es de vigil\u00e2ncia em Manaus. Ainda no ano passado, o munic\u00edpio registrou um caso notificado de raiva em quir\u00f3ptero n\u00e3o hemat\u00f3fago (morcego que n\u00e3o se alimenta de sangue), capturado pelo CCZ nas adjac\u00eancias do bairro Centro (zona Sul), o que confirma que h\u00e1 circula\u00e7\u00e3o do v\u00edrus em Manaus.<\/p>\n\n\n\n<p>A Semsa alerta que o risco \u00e9 potencializado por ocorr\u00eancias de casos de pessoas agredidas por morcegos em comunidades da zona rural e pelo fato da capital amazonense ser localizada pr\u00f3xima de regi\u00e3o de mata densa, com a presen\u00e7a de primatas e morcegos, que s\u00e3o potenciais transmissores da doen\u00e7a.<\/p>\n\n\n\n<p><strong>Profilaxia<\/strong><\/p>\n\n\n\n<p>No caso de agress\u00e3o por animais que s\u00e3o potenciais transmissores do v\u00edrus da raiva, a Semsa executa o programa de Profilaxia e Controle da Raiva Humana.<\/p>\n\n\n\n<p>No caso de agress\u00e3o por um animal, as medidas de profilaxia, que podem incluir a administra\u00e7\u00e3o de vacina e soro antirr\u00e1bico, t\u00eam como objetivo evitar que a pessoa desenvolva a doen\u00e7a, caso o animal esteja contaminado pelo v\u00edrus da raiva.<\/p>\n\n\n\n<p>De acordo com a diretora de Vigil\u00e2ncia Epidemiol\u00f3gica, Ambiental, Zoonoses e da Sa\u00fade do Trabalhador (Dvae\/Semsa), Marin\u00e9lia Ferreira, a rede municipal conta com 21 unidades de sa\u00fade de refer\u00eancia para a profilaxia antirr\u00e1bica.<\/p>\n\n\n\n<p>\u201cSe uma pessoa for agredida por c\u00e3o ou gato, seja por lambedura, arranhadura ou mordedura, \u00e9 necess\u00e1rio lavar o local com \u00e1gua e sab\u00e3o de forma imediata e em seguida procurar uma das Unidades de Sa\u00fade de refer\u00eancia, quando a equipe de sa\u00fade far\u00e1 a avalia\u00e7\u00e3o. O paciente pode tanto receber a vacina ou o animal dever\u00e1 ser observado por dez dias. Em alguns casos, \u00e9 necess\u00e1ria a administra\u00e7\u00e3o do soro antirr\u00e1bico em uma unidade hospitalar\u201d, explicou Marin\u00e9lia Ferreira.<\/p>\n\n\n\n<p>A diretora alertou que a popula\u00e7\u00e3o deve ficar atenta nos casos de agress\u00e3o por animais domiciliados ou de rua, considerando o risco do animal ter sido contaminado com o v\u00edrus da raiva, e por animais silvestres.<\/p>\n\n\n\n<p>\u201cO mesmo cuidado deve ocorrer em caso de agress\u00e3o por animal silvestre, como morcegos, macacos ou outros mam\u00edferos, e mesmo em casos de suspeita de agress\u00e3o. Se a pessoa, por exemplo, acordou e percebeu um morcego dentro do quarto, ela deve procurar uma Unidade de Sa\u00fade para ser avaliada por uma poss\u00edvel exposi\u00e7\u00e3o\u201d, destacou a diretora.<\/p>\n\n\n\n<p>O programa de profilaxia tamb\u00e9m \u00e9 direcionado para o atendimento de pessoas que precisam da profilaxia de pr\u00e9-exposi\u00e7\u00e3o, como alunos e profissionais da \u00e1rea de veterin\u00e1ria; e nos casos de reexposi\u00e7\u00e3o, quando a pessoa tem uma nova exposi\u00e7\u00e3o ao risco.<\/p>\n\n\n\n<p>Em Manaus, de janeiro a julho de 2026, dados do Sistema de Informa\u00e7\u00f5es de Agravos de Notifica\u00e7\u00e3o (Sinan\/Minist\u00e9rio da Sa\u00fade) mostram que foram registrados 2.669 atendimentos do programa de profilaxia antirr\u00e1bica. Nesse mesmo per\u00edodo do ano passado, o sistema aponta 5.265 atendimentos antirr\u00e1bicos por agress\u00e3o ou pr\u00e9-exposi\u00e7\u00e3o.<\/p>\n\n\n\n<figure class=\"wp-block-image size-large\"><img loading=\"lazy\" decoding=\"async\" width=\"1024\" height=\"683\" src=\"https:\/\/www.manaus.am.gov.br\/semcom\/wp-content\/uploads\/sites\/5\/2026\/09\/SEMSA-MANAUS_ABERT-VAC-ANTIRRABICA-4-1024x683.jpg\" alt=\"\" class=\"wp-image-269241\" srcset=\"https:\/\/www.manaus.am.gov.br\/semcom\/wp-content\/uploads\/sites\/5\/2026\/09\/SEMSA-MANAUS_ABERT-VAC-ANTIRRABICA-4-1024x683.jpg 1024w, https:\/\/www.manaus.am.gov.br\/semcom\/wp-content\/uploads\/sites\/5\/2026\/09\/SEMSA-MANAUS_ABERT-VAC-ANTIRRABICA-4-300x200.jpg 300w, https:\/\/www.manaus.am.gov.br\/semcom\/wp-content\/uploads\/sites\/5\/2026\/09\/SEMSA-MANAUS_ABERT-VAC-ANTIRRABICA-4-768x512.jpg 768w, https:\/\/www.manaus.am.gov.br\/semcom\/wp-content\/uploads\/sites\/5\/2026\/09\/SEMSA-MANAUS_ABERT-VAC-ANTIRRABICA-4.jpg 1200w\" sizes=\"(max-width: 1024px) 100vw, 1024px\" \/><figcaption class=\"wp-element-caption\">#paratodosverem &#8211; Participantes<\/figcaption><\/figure>\n\n\n\n<p>&#8212; &#8212; &#8212;<\/p>\n\n\n\n<p><strong>Texto &#8211;<\/strong>&nbsp;Euriv\u00e2nia Gal\u00facio\/Semsa<\/p>\n\n\n\n<p><strong>Fotos \u2013<\/strong>&nbsp;Divulga\u00e7\u00e3o\/Semsa<\/p>\n","protected":false},"excerpt":{"rendered":"","protected":false},"author":39,"featured_media":269240,"comment_status":"closed","ping_status":"closed","sticky":false,"template":"","format":"standard","meta":{"footnotes":""},"categories":[3182],"tags":[7423,23149,77,2796,162],"acf":[],"yoast_head":"<!-- This site is optimized with the Yoast SEO plugin v23.0 - https:\/\/yoast.com\/wordpress\/plugins\/seo\/ -->\n<title>Prefeitura de Manaus inicia campanha de vacina\u00e7\u00e3o antirr\u00e1bica<\/title>\n<meta name=\"description\" content=\"Prefeitura de Manaus inicia campanha de vacina\u00e7\u00e3o antirr\u00e1bica com meta de imunizar mais de 280 mil animais.\" \/>\n<meta name=\"robots\" content=\"index, follow, max-snippet:-1, max-image-preview:large, max-video-preview:-1\" \/>\n<link rel=\"canonical\" href=\"https:\/\/www.manaus.am.gov.br\/semcom\/campanha-de-vacinacao-antirrabica-5\/\" \/>\n<meta property=\"og:locale\" content=\"pt_BR\" \/>\n<meta property=\"og:type\" content=\"article\" \/>\n<meta property=\"og:title\" content=\"Prefeitura de Manaus inicia campanha de vacina\u00e7\u00e3o antirr\u00e1bica\" \/>\n<meta property=\"og:description\" content=\"Prefeitura de Manaus inicia campanha de vacina\u00e7\u00e3o antirr\u00e1bica com meta de imunizar mais de 280 mil animais.\" \/>\n<meta property=\"og:url\" content=\"https:\/\/www.manaus.am.gov.br\/semcom\/campanha-de-vacinacao-antirrabica-5\/\" \/>\n<meta property=\"og:site_name\" content=\"SEMCOM\" \/>\n<meta property=\"article:published_time\" content=\"2026-09-01T20:34:49+00:00\" \/>\n<meta property=\"article:modified_time\" content=\"2026-09-02T16:36:02+00:00\" \/>\n<meta property=\"og:image\" content=\"https:\/\/www.manaus.am.gov.br\/semcom\/wp-content\/uploads\/sites\/5\/2026\/09\/SEMSA-MANAUS_ABERT-VAC-ANTIRRABICA-3.jpg\" \/>\n\t<meta property=\"og:image:width\" content=\"1200\" \/>\n\t<meta property=\"og:image:height\" content=\"800\" \/>\n\t<meta property=\"og:image:type\" content=\"image\/jpeg\" \/>\n<meta name=\"author\" content=\"Bruna Greco\" \/>\n<meta name=\"twitter:card\" content=\"summary_large_image\" \/>\n<meta name=\"twitter:label1\" content=\"Written by\" \/>\n\t<meta name=\"twitter:data1\" content=\"Bruna Greco\" \/>\n\t<meta name=\"twitter:label2\" content=\"Est. reading time\" \/>\n\t<meta name=\"twitter:data2\" content=\"9 minutos\" \/>\n<script type=\"application\/ld+json\" class=\"yoast-schema-graph\">{\"@context\":\"https:\/\/schema.org\",\"@graph\":[{\"@type\":\"WebPage\",\"@id\":\"https:\/\/www.manaus.am.gov.br\/semcom\/campanha-de-vacinacao-antirrabica-5\/\",\"url\":\"https:\/\/www.manaus.am.gov.br\/semcom\/campanha-de-vacinacao-antirrabica-5\/\",\"name\":\"Prefeitura de Manaus inicia campanha de vacina\u00e7\u00e3o antirr\u00e1bica\",\"isPartOf\":{\"@id\":\"https:\/\/www.manaus.am.gov.br\/semcom\/#website\"},\"primaryImageOfPage\":{\"@id\":\"https:\/\/www.manaus.am.gov.br\/semcom\/campanha-de-vacinacao-antirrabica-5\/#primaryimage\"},\"image\":{\"@id\":\"https:\/\/www.manaus.am.gov.br\/semcom\/campanha-de-vacinacao-antirrabica-5\/#primaryimage\"},\"thumbnailUrl\":\"https:\/\/www.manaus.am.gov.br\/semcom\/wp-content\/uploads\/sites\/5\/2026\/09\/SEMSA-MANAUS_ABERT-VAC-ANTIRRABICA-3.jpg\",\"datePublished\":\"2026-09-01T20:34:49+00:00\",\"dateModified\":\"2026-09-02T16:36:02+00:00\",\"author\":{\"@id\":\"https:\/\/www.manaus.am.gov.br\/semcom\/#\/schema\/person\/05d223aea2bf115f9883a6ff3683d81b\"},\"description\":\"Prefeitura de Manaus inicia campanha de vacina\u00e7\u00e3o antirr\u00e1bica com meta de imunizar mais de 280 mil animais.\",\"inLanguage\":\"pt-BR\",\"potentialAction\":[{\"@type\":\"ReadAction\",\"target\":[\"https:\/\/www.manaus.am.gov.br\/semcom\/campanha-de-vacinacao-antirrabica-5\/\"]}]},{\"@type\":\"ImageObject\",\"inLanguage\":\"pt-BR\",\"@id\":\"https:\/\/www.manaus.am.gov.br\/semcom\/campanha-de-vacinacao-antirrabica-5\/#primaryimage\",\"url\":\"https:\/\/www.manaus.am.gov.br\/semcom\/wp-content\/uploads\/sites\/5\/2026\/09\/SEMSA-MANAUS_ABERT-VAC-ANTIRRABICA-3.jpg\",\"contentUrl\":\"https:\/\/www.manaus.am.gov.br\/semcom\/wp-content\/uploads\/sites\/5\/2026\/09\/SEMSA-MANAUS_ABERT-VAC-ANTIRRABICA-3.jpg\",\"width\":1200,\"height\":800,\"caption\":\"#paratodosverem - Equipe que ir\u00e1 atuar na campanha de vacina\u00e7\u00e3o antirr\u00e1bica participando de um treinamento de alinhamento\"},{\"@type\":\"WebSite\",\"@id\":\"https:\/\/www.manaus.am.gov.br\/semcom\/#website\",\"url\":\"https:\/\/www.manaus.am.gov.br\/semcom\/\",\"name\":\"SEMCOM\",\"description\":\"Secretaria Municipal de Comunica\u00e7\u00e3o\",\"potentialAction\":[{\"@type\":\"SearchAction\",\"target\":{\"@type\":\"EntryPoint\",\"urlTemplate\":\"https:\/\/www.manaus.am.gov.br\/semcom\/?s={search_term_string}\"},\"query-input\":\"required name=search_term_string\"}],\"inLanguage\":\"pt-BR\"},{\"@type\":\"Person\",\"@id\":\"https:\/\/www.manaus.am.gov.br\/semcom\/#\/schema\/person\/05d223aea2bf115f9883a6ff3683d81b\",\"name\":\"Bruna Greco\",\"image\":{\"@type\":\"ImageObject\",\"inLanguage\":\"pt-BR\",\"@id\":\"https:\/\/www.manaus.am.gov.br\/semcom\/#\/schema\/person\/image\/\",\"url\":\"https:\/\/secure.gravatar.com\/avatar\/9c877d1a6adc2a055330e5c09a8653ce?s=96&d=mm&r=g\",\"contentUrl\":\"https:\/\/secure.gravatar.com\/avatar\/9c877d1a6adc2a055330e5c09a8653ce?s=96&d=mm&r=g\",\"caption\":\"Bruna Greco\"}}]}<\/script>\n<!-- \/ Yoast SEO plugin. -->","yoast_head_json":{"title":"Prefeitura de Manaus inicia campanha de vacina\u00e7\u00e3o antirr\u00e1bica","description":"Prefeitura de Manaus inicia campanha de vacina\u00e7\u00e3o antirr\u00e1bica com meta de imunizar mais de 280 mil animais.","robots":{"index":"index","follow":"follow","max-snippet":"max-snippet:-1","max-image-preview":"max-image-preview:large","max-video-preview":"max-video-preview:-1"},"canonical":"https:\/\/www.manaus.am.gov.br\/semcom\/campanha-de-vacinacao-antirrabica-5\/","og_locale":"pt_BR","og_type":"article","og_title":"Prefeitura de Manaus inicia campanha de vacina\u00e7\u00e3o antirr\u00e1bica","og_description":"Prefeitura de Manaus inicia campanha de vacina\u00e7\u00e3o antirr\u00e1bica com meta de imunizar mais de 280 mil animais.","og_url":"https:\/\/www.manaus.am.gov.br\/semcom\/campanha-de-vacinacao-antirrabica-5\/","og_site_name":"SEMCOM","article_published_time":"2026-09-01T20:34:49+00:00","article_modified_time":"2026-09-02T16:36:02+00:00","og_image":[{"width":1200,"height":800,"url":"https:\/\/www.manaus.am.gov.br\/semcom\/wp-content\/uploads\/sites\/5\/2026\/09\/SEMSA-MANAUS_ABERT-VAC-ANTIRRABICA-3.jpg","type":"image\/jpeg"}],"author":"Bruna Greco","twitter_card":"summary_large_image","twitter_misc":{"Written by":"Bruna Greco","Est. reading time":"9 minutos"},"schema":{"@context":"https:\/\/schema.org","@graph":[{"@type":"WebPage","@id":"https:\/\/www.manaus.am.gov.br\/semcom\/campanha-de-vacinacao-antirrabica-5\/","url":"https:\/\/www.manaus.am.gov.br\/semcom\/campanha-de-vacinacao-antirrabica-5\/","name":"Prefeitura de Manaus inicia campanha de vacina\u00e7\u00e3o antirr\u00e1bica","isPartOf":{"@id":"https:\/\/www.manaus.am.gov.br\/semcom\/#website"},"primaryImageOfPage":{"@id":"https:\/\/www.manaus.am.gov.br\/semcom\/campanha-de-vacinacao-antirrabica-5\/#primaryimage"},"image":{"@id":"https:\/\/www.manaus.am.gov.br\/semcom\/campanha-de-vacinacao-antirrabica-5\/#primaryimage"},"thumbnailUrl":"https:\/\/www.manaus.am.gov.br\/semcom\/wp-content\/uploads\/sites\/5\/2026\/09\/SEMSA-MANAUS_ABERT-VAC-ANTIRRABICA-3.jpg","datePublished":"2026-09-01T20:34:49+00:00","dateModified":"2026-09-02T16:36:02+00:00","author":{"@id":"https:\/\/www.manaus.am.gov.br\/semcom\/#\/schema\/person\/05d223aea2bf115f9883a6ff3683d81b"},"description":"Prefeitura de Manaus inicia campanha de vacina\u00e7\u00e3o antirr\u00e1bica com meta de imunizar mais de 280 mil animais.","inLanguage":"pt-BR","potentialAction":[{"@type":"ReadAction","target":["https:\/\/www.manaus.am.gov.br\/semcom\/campanha-de-vacinacao-antirrabica-5\/"]}]},{"@type":"ImageObject","inLanguage":"pt-BR","@id":"https:\/\/www.manaus.am.gov.br\/semcom\/campanha-de-vacinacao-antirrabica-5\/#primaryimage","url":"https:\/\/www.manaus.am.gov.br\/semcom\/wp-content\/uploads\/sites\/5\/2026\/09\/SEMSA-MANAUS_ABERT-VAC-ANTIRRABICA-3.jpg","contentUrl":"https:\/\/www.manaus.am.gov.br\/semcom\/wp-content\/uploads\/sites\/5\/2026\/09\/SEMSA-MANAUS_ABERT-VAC-ANTIRRABICA-3.jpg","width":1200,"height":800,"caption":"#paratodosverem - Equipe que ir\u00e1 atuar na campanha de vacina\u00e7\u00e3o antirr\u00e1bica participando de um treinamento de alinhamento"},{"@type":"WebSite","@id":"https:\/\/www.manaus.am.gov.br\/semcom\/#website","url":"https:\/\/www.manaus.am.gov.br\/semcom\/","name":"SEMCOM","description":"Secretaria Municipal de Comunica\u00e7\u00e3o","potentialAction":[{"@type":"SearchAction","target":{"@type":"EntryPoint","urlTemplate":"https:\/\/www.manaus.am.gov.br\/semcom\/?s={search_term_string}"},"query-input":"required name=search_term_string"}],"inLanguage":"pt-BR"},{"@type":"Person","@id":"https:\/\/www.manaus.am.gov.br\/semcom\/#\/schema\/person\/05d223aea2bf115f9883a6ff3683d81b","name":"Bruna Greco","image":{"@type":"ImageObject","inLanguage":"pt-BR","@id":"https:\/\/www.manaus.am.gov.br\/semcom\/#\/schema\/person\/image\/","url":"https:\/\/secure.gravatar.com\/avatar\/9c877d1a6adc2a055330e5c09a8653ce?s=96&d=mm&r=g","contentUrl":"https:\/\/secure.gravatar.com\/avatar\/9c877d1a6adc2a055330e5c09a8653ce?s=96&d=mm&r=g","caption":"Bruna Greco"}}]}},"_links":{"self":[{"href":"https:\/\/www.manaus.am.gov.br\/semcom\/wp-json\/wp\/v2\/posts\/269239"}],"collection":[{"href":"https:\/\/www.manaus.am.gov.br\/semcom\/wp-json\/wp\/v2\/posts"}],"about":[{"href":"https:\/\/www.manaus.am.gov.br\/semcom\/wp-json\/wp\/v2\/types\/post"}],"author":[{"embeddable":true,"href":"https:\/\/www.manaus.am.gov.br\/semcom\/wp-json\/wp\/v2\/users\/39"}],"replies":[{"embeddable":true,"href":"https:\/\/www.manaus.am.gov.br\/semcom\/wp-json\/wp\/v2\/comments?post=269239"}],"version-history":[{"count":3,"href":"https:\/\/www.manaus.am.gov.br\/semcom\/wp-json\/wp\/v2\/posts\/269239\/revisions"}],"predecessor-version":[{"id":269278,"href":"https:\/\/www.manaus.am.gov.br\/semcom\/wp-json\/wp\/v2\/posts\/269239\/revisions\/269278"}],"wp:featuredmedia":[{"embeddable":true,"href":"https:\/\/www.manaus.am.gov.br\/semcom\/wp-json\/wp\/v2\/media\/269240"}],"wp:attachment":[{"href":"https:\/\/www.manaus.am.gov.br\/semcom\/wp-json\/wp\/v2\/media?parent=269239"}],"wp:term":[{"taxonomy":"category","embeddable":true,"href":"https:\/\/www.manaus.am.gov.br\/semcom\/wp-json\/wp\/v2\/categories?post=269239"},{"taxonomy":"post_tag","embeddable":true,"href":"https:\/\/www.manaus.am.gov.br\/semcom\/wp-json\/wp\/v2\/tags?post=269239"}],"curies":[{"name":"wp","href":"https:\/\/api.w.org\/{rel}","templated":true}]}}