{"id":269183,"date":"2026-09-01T12:30:53","date_gmt":"2026-09-01T16:30:53","guid":{"rendered":"https:\/\/www.manaus.am.gov.br\/semcom\/gmm-ocorrencia-2\/"},"modified":"2026-09-01T14:06:44","modified_gmt":"2026-09-01T17:06:44","slug":"gmm-ocorrencia-2","status":"publish","type":"post","link":"https:\/\/www.manaus.am.gov.br\/semcom\/gmm-ocorrencia-2\/","title":{"rendered":"Guarda Municipal det\u00e9m indiv\u00edduo com mandado de pris\u00e3o e apreende motocicleta com placa adulterada"},"content":{"rendered":"\n<p>A <a href=\"https:\/\/www.manaus.am.gov.br\/\">Prefeitura de Manaus<\/a>, por meio da <a href=\"https:\/\/www.instagram.com\/semsegmanaus\/\">Secretaria Municipal de Seguran\u00e7a P\u00fablica e Defesa Social<\/a> (Semseg), informa que a <a href=\"https:\/\/www.instagram.com\/gmm_manaus\/\">Guarda Municipal de Manaus<\/a> (GMM) realizou, nessa segunda-feira, 31\/8, duas ocorr\u00eancias nas zonas Oeste e Norte da capital, que resultaram na deten\u00e7\u00e3o de um indiv\u00edduo com mandado de pris\u00e3o em aberto por estelionato e na apreens\u00e3o de uma motocicleta com placa de identifica\u00e7\u00e3o adulterada.<\/p>\n\n\n\n<p><br>Na primeira ocorr\u00eancia, na zona Oeste, as equipes foram acionadas por populares, que relataram a presen\u00e7a de um grupo fazendo uso de entorpecentes nas proximidades da praia da Ponta Negra. Durante a abordagem e identifica\u00e7\u00e3o dos indiv\u00edduos, foi constatado um mandado de pris\u00e3o em aberto contra um dos abordados.<\/p>\n\n\n\n<p><br>Diante da constata\u00e7\u00e3o, o indiv\u00edduo foi encaminhado ao 19\u00ba Distrito Integrado de Pol\u00edcia (DIP) para os procedimentos cab\u00edveis.<\/p>\n\n\n\n<p><br>Na segunda a\u00e7\u00e3o, na zona Norte, equipes da <a href=\"https:\/\/www.instagram.com\/romu_manausam\/\">Ronda Ostensiva Municipal<\/a> (Romu) e do Grupamento T\u00e1tico Motorizado (Gtam) receberam informa\u00e7\u00f5es do setor de intelig\u00eancia da corpora\u00e7\u00e3o sobre uma motocicleta com placa de identifica\u00e7\u00e3o adulterada, que estaria circulando pela avenida Torquato Tapaj\u00f3s.<\/p>\n\n\n\n<p><br>As equipes realizaram dilig\u00eancias na regi\u00e3o e localizaram o ve\u00edculo e o condutor. Diante da situa\u00e7\u00e3o constatada, ambos foram encaminhados ao 19\u00ba DIP para os procedimentos cab\u00edveis.<\/p>\n\n\n\n<p><br>A Prefeitura de Manaus, por meio da Guarda Municipal de Manaus (GMM), mant\u00e9m as a\u00e7\u00f5es de seguran\u00e7a em diferentes \u00e1reas da capital, contribuindo para a preserva\u00e7\u00e3o da ordem p\u00fablica e a prote\u00e7\u00e3o da popula\u00e7\u00e3o.<\/p>\n\n\n\n<figure class=\"wp-block-image size-large\"><img loading=\"lazy\" decoding=\"async\" width=\"1024\" height=\"576\" src=\"https:\/\/www.manaus.am.gov.br\/semcom\/wp-content\/uploads\/sites\/5\/2026\/09\/Ocorrencia-3-1024x576.jpeg\" alt=\"\" class=\"wp-image-269185\" srcset=\"https:\/\/www.manaus.am.gov.br\/semcom\/wp-content\/uploads\/sites\/5\/2026\/09\/Ocorrencia-3-1024x576.jpeg 1024w, https:\/\/www.manaus.am.gov.br\/semcom\/wp-content\/uploads\/sites\/5\/2026\/09\/Ocorrencia-3-300x169.jpeg 300w, https:\/\/www.manaus.am.gov.br\/semcom\/wp-content\/uploads\/sites\/5\/2026\/09\/Ocorrencia-3-768x432.jpeg 768w, https:\/\/www.manaus.am.gov.br\/semcom\/wp-content\/uploads\/sites\/5\/2026\/09\/Ocorrencia-3-1536x864.jpeg 1536w, https:\/\/www.manaus.am.gov.br\/semcom\/wp-content\/uploads\/sites\/5\/2026\/09\/Ocorrencia-3.jpeg 1599w\" sizes=\"(max-width: 1024px) 100vw, 1024px\" \/><figcaption class=\"wp-element-caption\">#paratodosverem &#8211; Motocicleta com placa adulterada<\/figcaption><\/figure>\n\n\n\n<p>&#8212; &#8212; &#8212;<\/p>\n\n\n\n<p><strong>Texto e fotos <\/strong>\u2013 Divulga\u00e7\u00e3o\/Semseg<\/p>\n","protected":false},"excerpt":{"rendered":"","protected":false},"author":39,"featured_media":269184,"comment_status":"closed","ping_status":"closed","sticky":false,"template":"","format":"standard","meta":{"footnotes":""},"categories":[59],"tags":[23137,3366,23138,77,349],"acf":[],"yoast_head":"<!-- This site is optimized with the Yoast SEO plugin v23.0 - https:\/\/yoast.com\/wordpress\/plugins\/seo\/ -->\n<title>GMM det\u00e9m indiv\u00edduo com mandado de pris\u00e3o e apreende motocicleta com placa adulterada<\/title>\n<meta name=\"description\" content=\"Guarda Municipal de Manaus det\u00e9m indiv\u00edduo com mandado de pris\u00e3o e apreende motocicleta com placa adulterada.\" \/>\n<meta name=\"robots\" content=\"index, follow, max-snippet:-1, max-image-preview:large, max-video-preview:-1\" \/>\n<link rel=\"canonical\" href=\"https:\/\/www.manaus.am.gov.br\/semcom\/gmm-ocorrencia-2\/\" \/>\n<meta property=\"og:locale\" content=\"pt_BR\" \/>\n<meta property=\"og:type\" content=\"article\" \/>\n<meta property=\"og:title\" content=\"GMM det\u00e9m indiv\u00edduo com mandado de pris\u00e3o e apreende motocicleta com placa adulterada\" \/>\n<meta property=\"og:description\" content=\"Guarda Municipal de Manaus det\u00e9m indiv\u00edduo com mandado de pris\u00e3o e apreende motocicleta com placa adulterada.\" \/>\n<meta property=\"og:url\" content=\"https:\/\/www.manaus.am.gov.br\/semcom\/gmm-ocorrencia-2\/\" \/>\n<meta property=\"og:site_name\" content=\"SEMCOM\" \/>\n<meta property=\"article:published_time\" content=\"2026-09-01T16:30:53+00:00\" \/>\n<meta property=\"article:modified_time\" content=\"2026-09-01T17:06:44+00:00\" \/>\n<meta property=\"og:image\" content=\"https:\/\/www.manaus.am.gov.br\/semcom\/wp-content\/uploads\/sites\/5\/2026\/09\/Ocorrencia-1-e1788280192321.jpeg\" \/>\n\t<meta property=\"og:image:width\" content=\"960\" \/>\n\t<meta property=\"og:image:height\" content=\"902\" \/>\n\t<meta property=\"og:image:type\" content=\"image\/jpeg\" \/>\n<meta name=\"author\" content=\"Bruna Greco\" \/>\n<meta name=\"twitter:card\" content=\"summary_large_image\" \/>\n<meta name=\"twitter:label1\" content=\"Written by\" \/>\n\t<meta name=\"twitter:data1\" content=\"Bruna Greco\" \/>\n\t<meta name=\"twitter:label2\" content=\"Est. reading time\" \/>\n\t<meta name=\"twitter:data2\" content=\"2 minutos\" \/>\n<script type=\"application\/ld+json\" class=\"yoast-schema-graph\">{\"@context\":\"https:\/\/schema.org\",\"@graph\":[{\"@type\":\"WebPage\",\"@id\":\"https:\/\/www.manaus.am.gov.br\/semcom\/gmm-ocorrencia-2\/\",\"url\":\"https:\/\/www.manaus.am.gov.br\/semcom\/gmm-ocorrencia-2\/\",\"name\":\"GMM det\u00e9m indiv\u00edduo com mandado de pris\u00e3o e apreende motocicleta com placa adulterada\",\"isPartOf\":{\"@id\":\"https:\/\/www.manaus.am.gov.br\/semcom\/#website\"},\"primaryImageOfPage\":{\"@id\":\"https:\/\/www.manaus.am.gov.br\/semcom\/gmm-ocorrencia-2\/#primaryimage\"},\"image\":{\"@id\":\"https:\/\/www.manaus.am.gov.br\/semcom\/gmm-ocorrencia-2\/#primaryimage\"},\"thumbnailUrl\":\"https:\/\/www.manaus.am.gov.br\/semcom\/wp-content\/uploads\/sites\/5\/2026\/09\/Ocorrencia-1-e1788280192321.jpeg\",\"datePublished\":\"2026-09-01T16:30:53+00:00\",\"dateModified\":\"2026-09-01T17:06:44+00:00\",\"author\":{\"@id\":\"https:\/\/www.manaus.am.gov.br\/semcom\/#\/schema\/person\/05d223aea2bf115f9883a6ff3683d81b\"},\"description\":\"Guarda Municipal de Manaus det\u00e9m indiv\u00edduo com mandado de pris\u00e3o e apreende motocicleta com placa adulterada.\",\"inLanguage\":\"pt-BR\",\"potentialAction\":[{\"@type\":\"ReadAction\",\"target\":[\"https:\/\/www.manaus.am.gov.br\/semcom\/gmm-ocorrencia-2\/\"]}]},{\"@type\":\"ImageObject\",\"inLanguage\":\"pt-BR\",\"@id\":\"https:\/\/www.manaus.am.gov.br\/semcom\/gmm-ocorrencia-2\/#primaryimage\",\"url\":\"https:\/\/www.manaus.am.gov.br\/semcom\/wp-content\/uploads\/sites\/5\/2026\/09\/Ocorrencia-1-e1788280192321.jpeg\",\"contentUrl\":\"https:\/\/www.manaus.am.gov.br\/semcom\/wp-content\/uploads\/sites\/5\/2026\/09\/Ocorrencia-1-e1788280192321.jpeg\",\"width\":960,\"height\":902,\"caption\":\"#paratodosverem - Indiv\u00edduo detido sendo apresentado em DIP por guarda municipal ap\u00f3s patrulhamento\"},{\"@type\":\"WebSite\",\"@id\":\"https:\/\/www.manaus.am.gov.br\/semcom\/#website\",\"url\":\"https:\/\/www.manaus.am.gov.br\/semcom\/\",\"name\":\"SEMCOM\",\"description\":\"Secretaria Municipal de Comunica\u00e7\u00e3o\",\"potentialAction\":[{\"@type\":\"SearchAction\",\"target\":{\"@type\":\"EntryPoint\",\"urlTemplate\":\"https:\/\/www.manaus.am.gov.br\/semcom\/?s={search_term_string}\"},\"query-input\":\"required name=search_term_string\"}],\"inLanguage\":\"pt-BR\"},{\"@type\":\"Person\",\"@id\":\"https:\/\/www.manaus.am.gov.br\/semcom\/#\/schema\/person\/05d223aea2bf115f9883a6ff3683d81b\",\"name\":\"Bruna Greco\",\"image\":{\"@type\":\"ImageObject\",\"inLanguage\":\"pt-BR\",\"@id\":\"https:\/\/www.manaus.am.gov.br\/semcom\/#\/schema\/person\/image\/\",\"url\":\"https:\/\/secure.gravatar.com\/avatar\/9c877d1a6adc2a055330e5c09a8653ce?s=96&d=mm&r=g\",\"contentUrl\":\"https:\/\/secure.gravatar.com\/avatar\/9c877d1a6adc2a055330e5c09a8653ce?s=96&d=mm&r=g\",\"caption\":\"Bruna Greco\"}}]}<\/script>\n<!-- \/ Yoast SEO plugin. -->","yoast_head_json":{"title":"GMM det\u00e9m indiv\u00edduo com mandado de pris\u00e3o e apreende motocicleta com placa adulterada","description":"Guarda Municipal de Manaus det\u00e9m indiv\u00edduo com mandado de pris\u00e3o e apreende motocicleta com placa adulterada.","robots":{"index":"index","follow":"follow","max-snippet":"max-snippet:-1","max-image-preview":"max-image-preview:large","max-video-preview":"max-video-preview:-1"},"canonical":"https:\/\/www.manaus.am.gov.br\/semcom\/gmm-ocorrencia-2\/","og_locale":"pt_BR","og_type":"article","og_title":"GMM det\u00e9m indiv\u00edduo com mandado de pris\u00e3o e apreende motocicleta com placa adulterada","og_description":"Guarda Municipal de Manaus det\u00e9m indiv\u00edduo com mandado de pris\u00e3o e apreende motocicleta com placa adulterada.","og_url":"https:\/\/www.manaus.am.gov.br\/semcom\/gmm-ocorrencia-2\/","og_site_name":"SEMCOM","article_published_time":"2026-09-01T16:30:53+00:00","article_modified_time":"2026-09-01T17:06:44+00:00","og_image":[{"width":960,"height":902,"url":"https:\/\/www.manaus.am.gov.br\/semcom\/wp-content\/uploads\/sites\/5\/2026\/09\/Ocorrencia-1-e1788280192321.jpeg","type":"image\/jpeg"}],"author":"Bruna Greco","twitter_card":"summary_large_image","twitter_misc":{"Written by":"Bruna Greco","Est. reading time":"2 minutos"},"schema":{"@context":"https:\/\/schema.org","@graph":[{"@type":"WebPage","@id":"https:\/\/www.manaus.am.gov.br\/semcom\/gmm-ocorrencia-2\/","url":"https:\/\/www.manaus.am.gov.br\/semcom\/gmm-ocorrencia-2\/","name":"GMM det\u00e9m indiv\u00edduo com mandado de pris\u00e3o e apreende motocicleta com placa adulterada","isPartOf":{"@id":"https:\/\/www.manaus.am.gov.br\/semcom\/#website"},"primaryImageOfPage":{"@id":"https:\/\/www.manaus.am.gov.br\/semcom\/gmm-ocorrencia-2\/#primaryimage"},"image":{"@id":"https:\/\/www.manaus.am.gov.br\/semcom\/gmm-ocorrencia-2\/#primaryimage"},"thumbnailUrl":"https:\/\/www.manaus.am.gov.br\/semcom\/wp-content\/uploads\/sites\/5\/2026\/09\/Ocorrencia-1-e1788280192321.jpeg","datePublished":"2026-09-01T16:30:53+00:00","dateModified":"2026-09-01T17:06:44+00:00","author":{"@id":"https:\/\/www.manaus.am.gov.br\/semcom\/#\/schema\/person\/05d223aea2bf115f9883a6ff3683d81b"},"description":"Guarda Municipal de Manaus det\u00e9m indiv\u00edduo com mandado de pris\u00e3o e apreende motocicleta com placa adulterada.","inLanguage":"pt-BR","potentialAction":[{"@type":"ReadAction","target":["https:\/\/www.manaus.am.gov.br\/semcom\/gmm-ocorrencia-2\/"]}]},{"@type":"ImageObject","inLanguage":"pt-BR","@id":"https:\/\/www.manaus.am.gov.br\/semcom\/gmm-ocorrencia-2\/#primaryimage","url":"https:\/\/www.manaus.am.gov.br\/semcom\/wp-content\/uploads\/sites\/5\/2026\/09\/Ocorrencia-1-e1788280192321.jpeg","contentUrl":"https:\/\/www.manaus.am.gov.br\/semcom\/wp-content\/uploads\/sites\/5\/2026\/09\/Ocorrencia-1-e1788280192321.jpeg","width":960,"height":902,"caption":"#paratodosverem - Indiv\u00edduo detido sendo apresentado em DIP por guarda municipal ap\u00f3s patrulhamento"},{"@type":"WebSite","@id":"https:\/\/www.manaus.am.gov.br\/semcom\/#website","url":"https:\/\/www.manaus.am.gov.br\/semcom\/","name":"SEMCOM","description":"Secretaria Municipal de Comunica\u00e7\u00e3o","potentialAction":[{"@type":"SearchAction","target":{"@type":"EntryPoint","urlTemplate":"https:\/\/www.manaus.am.gov.br\/semcom\/?s={search_term_string}"},"query-input":"required name=search_term_string"}],"inLanguage":"pt-BR"},{"@type":"Person","@id":"https:\/\/www.manaus.am.gov.br\/semcom\/#\/schema\/person\/05d223aea2bf115f9883a6ff3683d81b","name":"Bruna Greco","image":{"@type":"ImageObject","inLanguage":"pt-BR","@id":"https:\/\/www.manaus.am.gov.br\/semcom\/#\/schema\/person\/image\/","url":"https:\/\/secure.gravatar.com\/avatar\/9c877d1a6adc2a055330e5c09a8653ce?s=96&d=mm&r=g","contentUrl":"https:\/\/secure.gravatar.com\/avatar\/9c877d1a6adc2a055330e5c09a8653ce?s=96&d=mm&r=g","caption":"Bruna Greco"}}]}},"_links":{"self":[{"href":"https:\/\/www.manaus.am.gov.br\/semcom\/wp-json\/wp\/v2\/posts\/269183"}],"collection":[{"href":"https:\/\/www.manaus.am.gov.br\/semcom\/wp-json\/wp\/v2\/posts"}],"about":[{"href":"https:\/\/www.manaus.am.gov.br\/semcom\/wp-json\/wp\/v2\/types\/post"}],"author":[{"embeddable":true,"href":"https:\/\/www.manaus.am.gov.br\/semcom\/wp-json\/wp\/v2\/users\/39"}],"replies":[{"embeddable":true,"href":"https:\/\/www.manaus.am.gov.br\/semcom\/wp-json\/wp\/v2\/comments?post=269183"}],"version-history":[{"count":5,"href":"https:\/\/www.manaus.am.gov.br\/semcom\/wp-json\/wp\/v2\/posts\/269183\/revisions"}],"predecessor-version":[{"id":269207,"href":"https:\/\/www.manaus.am.gov.br\/semcom\/wp-json\/wp\/v2\/posts\/269183\/revisions\/269207"}],"wp:featuredmedia":[{"embeddable":true,"href":"https:\/\/www.manaus.am.gov.br\/semcom\/wp-json\/wp\/v2\/media\/269184"}],"wp:attachment":[{"href":"https:\/\/www.manaus.am.gov.br\/semcom\/wp-json\/wp\/v2\/media?parent=269183"}],"wp:term":[{"taxonomy":"category","embeddable":true,"href":"https:\/\/www.manaus.am.gov.br\/semcom\/wp-json\/wp\/v2\/categories?post=269183"},{"taxonomy":"post_tag","embeddable":true,"href":"https:\/\/www.manaus.am.gov.br\/semcom\/wp-json\/wp\/v2\/tags?post=269183"}],"curies":[{"name":"wp","href":"https:\/\/api.w.org\/{rel}","templated":true}]}}