{"id":269164,"date":"2026-08-31T21:54:12","date_gmt":"2026-09-01T00:54:12","guid":{"rendered":"https:\/\/www.manaus.am.gov.br\/semcom\/lista-de-contemplados-do-lote-pcd\/"},"modified":"2026-09-01T13:50:10","modified_gmt":"2026-09-01T16:50:10","slug":"lista-de-contemplados-do-lote-pcd","status":"publish","type":"post","link":"https:\/\/www.manaus.am.gov.br\/semcom\/lista-de-contemplados-do-lote-pcd\/","title":{"rendered":"Prefeitura de Manaus divulga lista de contemplados do lote PcD do \u2018#SouManaus Passo a Pa\u00e7o 2026\u2019\u00a0\u00a0"},"content":{"rendered":"\n<p>A <a href=\"https:\/\/www.manaus.am.gov.br\/\">Prefeitura de Manaus<\/a>, por meio da <a href=\"https:\/\/www.instagram.com\/manauscult_\/\">Funda\u00e7\u00e3o Municipal de Cultura, Turismo e Eventos <\/a>(ManausCult), divulga, nesta segunda-feira, 31\/8, a lista de Pessoas com Defici\u00eancia (PcDs) contemplados no lote exclusivo do \u201c#SouManaus Passo a Pa\u00e7o 2026\u201d. A rela\u00e7\u00e3o est\u00e1 dispon\u00edvel na plataforma oficial do festival: <a href=\"https:\/\/soumanauspassoapaco.com.br\/\">https:\/\/soumanauspassoapaco.com.br\/<\/a>.\u00a0<\/p>\n\n\n\n<p>As inscri\u00e7\u00f5es para o lote exclusivo foram abertas no s\u00e1bado, 29\/8, pelo site do evento. No domingo, 30\/8, foi realizada a an\u00e1lise dos laudos m\u00e9dicos e da Carteira de Identifica\u00e7\u00e3o da Pessoa com Defici\u00eancia (CIPCD) enviados pelos participantes.<\/p>\n\n\n\n<p>Os contemplados devem conferir atentamente seus nomes, a data e o palco correspondentes \u00e0 inscri\u00e7\u00e3o. A entrega das credenciais acontecer\u00e1 nos dias 1\u00ba e 2 de setembro, das 9h \u00e0s 14h, na sede da <a href=\"https:\/\/www.instagram.com\/semasc_manaus\/\">Secretaria Municipal da Mulher, Assist\u00eancia Social e Cidadania<\/a> (Semasc), mediante a entrega de 1 quilo de alimento n\u00e3o perec\u00edvel.<\/p>\n\n\n\n<p>A Prefeitura de Manaus refor\u00e7a o compromisso com uma programa\u00e7\u00e3o cultural acess\u00edvel, democr\u00e1tica e voltada para todos os p\u00fablicos.<\/p>\n\n\n\n<p><strong>&#8212; &#8212; \u2013<\/strong><br><strong>Texto \u2013 <\/strong>Arlinton J\u00fanior \/ ManausCult<\/p>\n","protected":false},"excerpt":{"rendered":"","protected":false},"author":68,"featured_media":258770,"comment_status":"closed","ping_status":"closed","sticky":false,"template":"","format":"standard","meta":{"footnotes":""},"categories":[59],"tags":[23127,23128,307,77],"acf":[],"yoast_head":"<!-- This site is optimized with the Yoast SEO plugin v23.0 - https:\/\/yoast.com\/wordpress\/plugins\/seo\/ -->\n<title>Prefeitura de Manaus divulga lista de contemplados do lote PcD do \u2018#SouManaus Passo a Pa\u00e7o 2026\u2019\u00a0\u00a0<\/title>\n<meta name=\"description\" content=\"A Prefeitura de Manaus, divulga, nesta segunda-feira, 31\/8, a lista de Pessoas com Defici\u00eancia (PcDs) contempladas no lote exclusivo do \u201c#SouManaus Passo a Pa\u00e7o 2026\u201d.\" \/>\n<meta name=\"robots\" content=\"index, follow, max-snippet:-1, max-image-preview:large, max-video-preview:-1\" \/>\n<link rel=\"canonical\" href=\"https:\/\/www.manaus.am.gov.br\/semcom\/lista-de-contemplados-do-lote-pcd\/\" \/>\n<meta property=\"og:locale\" content=\"pt_BR\" \/>\n<meta property=\"og:type\" content=\"article\" \/>\n<meta property=\"og:title\" content=\"Prefeitura de Manaus divulga lista de contemplados do lote PcD do \u2018#SouManaus Passo a Pa\u00e7o 2026\u2019\u00a0\u00a0\" \/>\n<meta property=\"og:description\" content=\"A Prefeitura de Manaus, divulga, nesta segunda-feira, 31\/8, a lista de Pessoas com Defici\u00eancia (PcDs) contempladas no lote exclusivo do \u201c#SouManaus Passo a Pa\u00e7o 2026\u201d.\" \/>\n<meta property=\"og:url\" content=\"https:\/\/www.manaus.am.gov.br\/semcom\/lista-de-contemplados-do-lote-pcd\/\" \/>\n<meta property=\"og:site_name\" content=\"SEMCOM\" \/>\n<meta property=\"article:published_time\" content=\"2026-09-01T00:54:12+00:00\" \/>\n<meta property=\"article:modified_time\" content=\"2026-09-01T16:50:10+00:00\" \/>\n<meta property=\"og:image\" content=\"https:\/\/www.manaus.am.gov.br\/semcom\/wp-content\/uploads\/sites\/5\/2026\/05\/NOTA-BANNER-SITE.png\" \/>\n\t<meta property=\"og:image:width\" content=\"900\" \/>\n\t<meta property=\"og:image:height\" content=\"509\" \/>\n\t<meta property=\"og:image:type\" content=\"image\/png\" \/>\n<meta name=\"author\" content=\"bvalente\" \/>\n<meta name=\"twitter:card\" content=\"summary_large_image\" \/>\n<meta name=\"twitter:label1\" content=\"Written by\" \/>\n\t<meta name=\"twitter:data1\" content=\"bvalente\" \/>\n\t<meta name=\"twitter:label2\" content=\"Est. reading time\" \/>\n\t<meta name=\"twitter:data2\" content=\"2 minutos\" \/>\n<script type=\"application\/ld+json\" class=\"yoast-schema-graph\">{\"@context\":\"https:\/\/schema.org\",\"@graph\":[{\"@type\":\"WebPage\",\"@id\":\"https:\/\/www.manaus.am.gov.br\/semcom\/lista-de-contemplados-do-lote-pcd\/\",\"url\":\"https:\/\/www.manaus.am.gov.br\/semcom\/lista-de-contemplados-do-lote-pcd\/\",\"name\":\"Prefeitura de Manaus divulga lista de contemplados do lote PcD do \u2018#SouManaus Passo a Pa\u00e7o 2026\u2019\u00a0\u00a0\",\"isPartOf\":{\"@id\":\"https:\/\/www.manaus.am.gov.br\/semcom\/#website\"},\"primaryImageOfPage\":{\"@id\":\"https:\/\/www.manaus.am.gov.br\/semcom\/lista-de-contemplados-do-lote-pcd\/#primaryimage\"},\"image\":{\"@id\":\"https:\/\/www.manaus.am.gov.br\/semcom\/lista-de-contemplados-do-lote-pcd\/#primaryimage\"},\"thumbnailUrl\":\"https:\/\/www.manaus.am.gov.br\/semcom\/wp-content\/uploads\/sites\/5\/2026\/05\/NOTA-BANNER-SITE.png\",\"datePublished\":\"2026-09-01T00:54:12+00:00\",\"dateModified\":\"2026-09-01T16:50:10+00:00\",\"author\":{\"@id\":\"https:\/\/www.manaus.am.gov.br\/semcom\/#\/schema\/person\/466a0e03ae4b6062809046bd560ac955\"},\"description\":\"A Prefeitura de Manaus, divulga, nesta segunda-feira, 31\/8, a lista de Pessoas com Defici\u00eancia (PcDs) contempladas no lote exclusivo do \u201c#SouManaus Passo a Pa\u00e7o 2026\u201d.\",\"inLanguage\":\"pt-BR\",\"potentialAction\":[{\"@type\":\"ReadAction\",\"target\":[\"https:\/\/www.manaus.am.gov.br\/semcom\/lista-de-contemplados-do-lote-pcd\/\"]}]},{\"@type\":\"ImageObject\",\"inLanguage\":\"pt-BR\",\"@id\":\"https:\/\/www.manaus.am.gov.br\/semcom\/lista-de-contemplados-do-lote-pcd\/#primaryimage\",\"url\":\"https:\/\/www.manaus.am.gov.br\/semcom\/wp-content\/uploads\/sites\/5\/2026\/05\/NOTA-BANNER-SITE.png\",\"contentUrl\":\"https:\/\/www.manaus.am.gov.br\/semcom\/wp-content\/uploads\/sites\/5\/2026\/05\/NOTA-BANNER-SITE.png\",\"width\":900,\"height\":509},{\"@type\":\"WebSite\",\"@id\":\"https:\/\/www.manaus.am.gov.br\/semcom\/#website\",\"url\":\"https:\/\/www.manaus.am.gov.br\/semcom\/\",\"name\":\"SEMCOM\",\"description\":\"Secretaria Municipal de Comunica\u00e7\u00e3o\",\"potentialAction\":[{\"@type\":\"SearchAction\",\"target\":{\"@type\":\"EntryPoint\",\"urlTemplate\":\"https:\/\/www.manaus.am.gov.br\/semcom\/?s={search_term_string}\"},\"query-input\":\"required name=search_term_string\"}],\"inLanguage\":\"pt-BR\"},{\"@type\":\"Person\",\"@id\":\"https:\/\/www.manaus.am.gov.br\/semcom\/#\/schema\/person\/466a0e03ae4b6062809046bd560ac955\",\"name\":\"bvalente\",\"image\":{\"@type\":\"ImageObject\",\"inLanguage\":\"pt-BR\",\"@id\":\"https:\/\/www.manaus.am.gov.br\/semcom\/#\/schema\/person\/image\/\",\"url\":\"https:\/\/secure.gravatar.com\/avatar\/3e69bc2b014bdad41adfec3a39de07d2?s=96&d=mm&r=g\",\"contentUrl\":\"https:\/\/secure.gravatar.com\/avatar\/3e69bc2b014bdad41adfec3a39de07d2?s=96&d=mm&r=g\",\"caption\":\"bvalente\"}}]}<\/script>\n<!-- \/ Yoast SEO plugin. -->","yoast_head_json":{"title":"Prefeitura de Manaus divulga lista de contemplados do lote PcD do \u2018#SouManaus Passo a Pa\u00e7o 2026\u2019\u00a0\u00a0","description":"A Prefeitura de Manaus, divulga, nesta segunda-feira, 31\/8, a lista de Pessoas com Defici\u00eancia (PcDs) contempladas no lote exclusivo do \u201c#SouManaus Passo a Pa\u00e7o 2026\u201d.","robots":{"index":"index","follow":"follow","max-snippet":"max-snippet:-1","max-image-preview":"max-image-preview:large","max-video-preview":"max-video-preview:-1"},"canonical":"https:\/\/www.manaus.am.gov.br\/semcom\/lista-de-contemplados-do-lote-pcd\/","og_locale":"pt_BR","og_type":"article","og_title":"Prefeitura de Manaus divulga lista de contemplados do lote PcD do \u2018#SouManaus Passo a Pa\u00e7o 2026\u2019\u00a0\u00a0","og_description":"A Prefeitura de Manaus, divulga, nesta segunda-feira, 31\/8, a lista de Pessoas com Defici\u00eancia (PcDs) contempladas no lote exclusivo do \u201c#SouManaus Passo a Pa\u00e7o 2026\u201d.","og_url":"https:\/\/www.manaus.am.gov.br\/semcom\/lista-de-contemplados-do-lote-pcd\/","og_site_name":"SEMCOM","article_published_time":"2026-09-01T00:54:12+00:00","article_modified_time":"2026-09-01T16:50:10+00:00","og_image":[{"width":900,"height":509,"url":"https:\/\/www.manaus.am.gov.br\/semcom\/wp-content\/uploads\/sites\/5\/2026\/05\/NOTA-BANNER-SITE.png","type":"image\/png"}],"author":"bvalente","twitter_card":"summary_large_image","twitter_misc":{"Written by":"bvalente","Est. reading time":"2 minutos"},"schema":{"@context":"https:\/\/schema.org","@graph":[{"@type":"WebPage","@id":"https:\/\/www.manaus.am.gov.br\/semcom\/lista-de-contemplados-do-lote-pcd\/","url":"https:\/\/www.manaus.am.gov.br\/semcom\/lista-de-contemplados-do-lote-pcd\/","name":"Prefeitura de Manaus divulga lista de contemplados do lote PcD do \u2018#SouManaus Passo a Pa\u00e7o 2026\u2019\u00a0\u00a0","isPartOf":{"@id":"https:\/\/www.manaus.am.gov.br\/semcom\/#website"},"primaryImageOfPage":{"@id":"https:\/\/www.manaus.am.gov.br\/semcom\/lista-de-contemplados-do-lote-pcd\/#primaryimage"},"image":{"@id":"https:\/\/www.manaus.am.gov.br\/semcom\/lista-de-contemplados-do-lote-pcd\/#primaryimage"},"thumbnailUrl":"https:\/\/www.manaus.am.gov.br\/semcom\/wp-content\/uploads\/sites\/5\/2026\/05\/NOTA-BANNER-SITE.png","datePublished":"2026-09-01T00:54:12+00:00","dateModified":"2026-09-01T16:50:10+00:00","author":{"@id":"https:\/\/www.manaus.am.gov.br\/semcom\/#\/schema\/person\/466a0e03ae4b6062809046bd560ac955"},"description":"A Prefeitura de Manaus, divulga, nesta segunda-feira, 31\/8, a lista de Pessoas com Defici\u00eancia (PcDs) contempladas no lote exclusivo do \u201c#SouManaus Passo a Pa\u00e7o 2026\u201d.","inLanguage":"pt-BR","potentialAction":[{"@type":"ReadAction","target":["https:\/\/www.manaus.am.gov.br\/semcom\/lista-de-contemplados-do-lote-pcd\/"]}]},{"@type":"ImageObject","inLanguage":"pt-BR","@id":"https:\/\/www.manaus.am.gov.br\/semcom\/lista-de-contemplados-do-lote-pcd\/#primaryimage","url":"https:\/\/www.manaus.am.gov.br\/semcom\/wp-content\/uploads\/sites\/5\/2026\/05\/NOTA-BANNER-SITE.png","contentUrl":"https:\/\/www.manaus.am.gov.br\/semcom\/wp-content\/uploads\/sites\/5\/2026\/05\/NOTA-BANNER-SITE.png","width":900,"height":509},{"@type":"WebSite","@id":"https:\/\/www.manaus.am.gov.br\/semcom\/#website","url":"https:\/\/www.manaus.am.gov.br\/semcom\/","name":"SEMCOM","description":"Secretaria Municipal de Comunica\u00e7\u00e3o","potentialAction":[{"@type":"SearchAction","target":{"@type":"EntryPoint","urlTemplate":"https:\/\/www.manaus.am.gov.br\/semcom\/?s={search_term_string}"},"query-input":"required name=search_term_string"}],"inLanguage":"pt-BR"},{"@type":"Person","@id":"https:\/\/www.manaus.am.gov.br\/semcom\/#\/schema\/person\/466a0e03ae4b6062809046bd560ac955","name":"bvalente","image":{"@type":"ImageObject","inLanguage":"pt-BR","@id":"https:\/\/www.manaus.am.gov.br\/semcom\/#\/schema\/person\/image\/","url":"https:\/\/secure.gravatar.com\/avatar\/3e69bc2b014bdad41adfec3a39de07d2?s=96&d=mm&r=g","contentUrl":"https:\/\/secure.gravatar.com\/avatar\/3e69bc2b014bdad41adfec3a39de07d2?s=96&d=mm&r=g","caption":"bvalente"}}]}},"_links":{"self":[{"href":"https:\/\/www.manaus.am.gov.br\/semcom\/wp-json\/wp\/v2\/posts\/269164"}],"collection":[{"href":"https:\/\/www.manaus.am.gov.br\/semcom\/wp-json\/wp\/v2\/posts"}],"about":[{"href":"https:\/\/www.manaus.am.gov.br\/semcom\/wp-json\/wp\/v2\/types\/post"}],"author":[{"embeddable":true,"href":"https:\/\/www.manaus.am.gov.br\/semcom\/wp-json\/wp\/v2\/users\/68"}],"replies":[{"embeddable":true,"href":"https:\/\/www.manaus.am.gov.br\/semcom\/wp-json\/wp\/v2\/comments?post=269164"}],"version-history":[{"count":2,"href":"https:\/\/www.manaus.am.gov.br\/semcom\/wp-json\/wp\/v2\/posts\/269164\/revisions"}],"predecessor-version":[{"id":269198,"href":"https:\/\/www.manaus.am.gov.br\/semcom\/wp-json\/wp\/v2\/posts\/269164\/revisions\/269198"}],"wp:featuredmedia":[{"embeddable":true,"href":"https:\/\/www.manaus.am.gov.br\/semcom\/wp-json\/wp\/v2\/media\/258770"}],"wp:attachment":[{"href":"https:\/\/www.manaus.am.gov.br\/semcom\/wp-json\/wp\/v2\/media?parent=269164"}],"wp:term":[{"taxonomy":"category","embeddable":true,"href":"https:\/\/www.manaus.am.gov.br\/semcom\/wp-json\/wp\/v2\/categories?post=269164"},{"taxonomy":"post_tag","embeddable":true,"href":"https:\/\/www.manaus.am.gov.br\/semcom\/wp-json\/wp\/v2\/tags?post=269164"}],"curies":[{"name":"wp","href":"https:\/\/api.w.org\/{rel}","templated":true}]}}