{"id":269094,"date":"2026-08-31T13:53:39","date_gmt":"2026-08-31T16:53:39","guid":{"rendered":"https:\/\/www.manaus.am.gov.br\/semcom\/implantacao-mao-inglesa-rua-jose-clemente\/"},"modified":"2026-08-31T13:53:42","modified_gmt":"2026-08-31T16:53:42","slug":"implantacao-mao-inglesa-rua-jose-clemente","status":"publish","type":"post","link":"https:\/\/www.manaus.am.gov.br\/semcom\/implantacao-mao-inglesa-rua-jose-clemente\/","title":{"rendered":"Prefeitura de Manaus implanta m\u00e3o inglesa na rua Jos\u00e9 Clemente para reorganizar tr\u00e2nsito no Centro"},"content":{"rendered":"\n<p>A Prefeitura de Manaus, por meio do Instituto Municipal de Mobilidade Urbana (IMMU), implantou uma nova opera\u00e7\u00e3o de tr\u00e1fego na rua Jos\u00e9 Clemente, no Centro, com a ado\u00e7\u00e3o do sistema de m\u00e3o inglesa no trecho entre a avenida Eduardo Ribeiro e a rua Joaquim Sarmento. A mudan\u00e7a faz parte do conjunto de interven\u00e7\u00f5es realizadas para reorganizar a circula\u00e7\u00e3o de ve\u00edculos na regi\u00e3o, em raz\u00e3o das obras da primeira \u201cRua Gastron\u00f4mica\u201d da capital.<\/p>\n\n\n\n<p>Para garantir a seguran\u00e7a e orientar os condutores, o trecho recebeu nova sinaliza\u00e7\u00e3o vi\u00e1ria, com a implanta\u00e7\u00e3o e refor\u00e7o de elementos horizontais e verticais que organizam os fluxos de circula\u00e7\u00e3o. A medida estabelece um novo ordenamento para os ve\u00edculos que transitam na Jos\u00e9 Clemente, entre os eixos das avenidas Eduardo Ribeiro e Epaminondas, proporcionando maior fluidez ao tr\u00e1fego.<\/p>\n\n\n\n<p>Com a altera\u00e7\u00e3o, o trecho da rua Jos\u00e9 Clemente entre a avenida Epaminondas e a rua Joaquim Sarmento funciona em sentido \u00fanico. J\u00e1 entre a rua Joaquim Sarmento e a avenida Eduardo Ribeiro, a via passa a operar em sentido duplo. Os motoristas que v\u00eam pela Eduardo Ribeiro com destino \u00e0 Joaquim Sarmento devem realizar a convers\u00e3o pela pista da esquerda, utilizando o sistema de m\u00e3o inglesa, sem interferir no fluxo de ve\u00edculos que segue diretamente pela Jos\u00e9 Clemente.<\/p>\n\n\n\n<p>\u201cA implanta\u00e7\u00e3o da m\u00e3o inglesa \u00e9 uma solu\u00e7\u00e3o vi\u00e1ria pensada para organizar os movimentos e reduzir os conflitos no cruzamento. Toda a sinaliza\u00e7\u00e3o foi planejada e implantada para deixar claro ao condutor qual caminho deve seguir, garantindo mais seguran\u00e7a e fluidez, principalmente durante o per\u00edodo de execu\u00e7\u00e3o das obras na regi\u00e3o\u201d, explicou o diretor de Sinaliza\u00e7\u00e3o Vi\u00e1ria do IMMU, Lucas Pimentel.<\/p>\n\n\n\n<p>A interven\u00e7\u00e3o tamb\u00e9m inclui mudan\u00e7as na rua Lobo D&#8217;Almada, que est\u00e1 interditada no trecho entre a Jos\u00e9 Clemente e a rua 10 de Julho. Ao chegar \u00e0 Jos\u00e9 Clemente, os condutores devem dobrar \u00e0 direita, com a possibilidade de seguir at\u00e9 a avenida Eduardo Ribeiro.<\/p>\n\n\n\n<p>A nova configura\u00e7\u00e3o vi\u00e1ria integra as a\u00e7\u00f5es da Prefeitura de Manaus para minimizar os impactos no tr\u00e2nsito durante a execu\u00e7\u00e3o das obras da primeira \u201cRua Gastron\u00f4mica\u201d da capital, que transformar\u00e1 o trecho da rua Ferreira Pena, entre as ruas 10 de Julho e Ramos Ferreira, em um novo espa\u00e7o de conviv\u00eancia, lazer, gastronomia, cultura e turismo.<\/p>\n\n\n\n<p>&#8212; &#8212; &#8212;<\/p>\n\n\n\n<p><strong>Texto e foto \u2013 <\/strong>Divulga\u00e7\u00e3o\/IMMU<\/p>\n","protected":false},"excerpt":{"rendered":"","protected":false},"author":39,"featured_media":269095,"comment_status":"closed","ping_status":"closed","sticky":false,"template":"","format":"standard","meta":{"footnotes":""},"categories":[56],"tags":[414,12,23116,77,23117,23118],"acf":[],"yoast_head":"<!-- This site is optimized with the Yoast SEO plugin v23.0 - https:\/\/yoast.com\/wordpress\/plugins\/seo\/ -->\n<title>Prefeitura de Manaus implanta m\u00e3o inglesa na rua Jos\u00e9 Clemente<\/title>\n<meta name=\"description\" content=\"Prefeitura de Manaus, por meio do IMMU, implanta m\u00e3o inglesa na rua Jos\u00e9 Clemente para reorganizar tr\u00e2nsito no Centro.\" \/>\n<meta name=\"robots\" content=\"index, follow, max-snippet:-1, max-image-preview:large, max-video-preview:-1\" \/>\n<link rel=\"canonical\" href=\"https:\/\/www.manaus.am.gov.br\/semcom\/implantacao-mao-inglesa-rua-jose-clemente\/\" \/>\n<meta property=\"og:locale\" content=\"pt_BR\" \/>\n<meta property=\"og:type\" content=\"article\" \/>\n<meta property=\"og:title\" content=\"Prefeitura de Manaus implanta m\u00e3o inglesa na rua Jos\u00e9 Clemente\" \/>\n<meta property=\"og:description\" content=\"Prefeitura de Manaus, por meio do IMMU, implanta m\u00e3o inglesa na rua Jos\u00e9 Clemente para reorganizar tr\u00e2nsito no Centro.\" \/>\n<meta property=\"og:url\" content=\"https:\/\/www.manaus.am.gov.br\/semcom\/implantacao-mao-inglesa-rua-jose-clemente\/\" \/>\n<meta property=\"og:site_name\" content=\"SEMCOM\" \/>\n<meta property=\"article:published_time\" content=\"2026-08-31T16:53:39+00:00\" \/>\n<meta property=\"article:modified_time\" content=\"2026-08-31T16:53:42+00:00\" \/>\n<meta property=\"og:image\" content=\"https:\/\/www.manaus.am.gov.br\/semcom\/wp-content\/uploads\/sites\/5\/2026\/08\/WhatsApp-Image-2026-08-31-at-12.43.21-1.jpeg\" \/>\n\t<meta property=\"og:image:width\" content=\"1280\" \/>\n\t<meta property=\"og:image:height\" content=\"853\" \/>\n\t<meta property=\"og:image:type\" content=\"image\/jpeg\" \/>\n<meta name=\"author\" content=\"Bruna Greco\" \/>\n<meta name=\"twitter:card\" content=\"summary_large_image\" \/>\n<meta name=\"twitter:label1\" content=\"Written by\" \/>\n\t<meta name=\"twitter:data1\" content=\"Bruna Greco\" \/>\n\t<meta name=\"twitter:label2\" content=\"Est. reading time\" \/>\n\t<meta name=\"twitter:data2\" content=\"3 minutos\" \/>\n<script type=\"application\/ld+json\" class=\"yoast-schema-graph\">{\"@context\":\"https:\/\/schema.org\",\"@graph\":[{\"@type\":\"WebPage\",\"@id\":\"https:\/\/www.manaus.am.gov.br\/semcom\/implantacao-mao-inglesa-rua-jose-clemente\/\",\"url\":\"https:\/\/www.manaus.am.gov.br\/semcom\/implantacao-mao-inglesa-rua-jose-clemente\/\",\"name\":\"Prefeitura de Manaus implanta m\u00e3o inglesa na rua Jos\u00e9 Clemente\",\"isPartOf\":{\"@id\":\"https:\/\/www.manaus.am.gov.br\/semcom\/#website\"},\"primaryImageOfPage\":{\"@id\":\"https:\/\/www.manaus.am.gov.br\/semcom\/implantacao-mao-inglesa-rua-jose-clemente\/#primaryimage\"},\"image\":{\"@id\":\"https:\/\/www.manaus.am.gov.br\/semcom\/implantacao-mao-inglesa-rua-jose-clemente\/#primaryimage\"},\"thumbnailUrl\":\"https:\/\/www.manaus.am.gov.br\/semcom\/wp-content\/uploads\/sites\/5\/2026\/08\/WhatsApp-Image-2026-08-31-at-12.43.21-1.jpeg\",\"datePublished\":\"2026-08-31T16:53:39+00:00\",\"dateModified\":\"2026-08-31T16:53:42+00:00\",\"author\":{\"@id\":\"https:\/\/www.manaus.am.gov.br\/semcom\/#\/schema\/person\/05d223aea2bf115f9883a6ff3683d81b\"},\"description\":\"Prefeitura de Manaus, por meio do IMMU, implanta m\u00e3o inglesa na rua Jos\u00e9 Clemente para reorganizar tr\u00e2nsito no Centro.\",\"inLanguage\":\"pt-BR\",\"potentialAction\":[{\"@type\":\"ReadAction\",\"target\":[\"https:\/\/www.manaus.am.gov.br\/semcom\/implantacao-mao-inglesa-rua-jose-clemente\/\"]}]},{\"@type\":\"ImageObject\",\"inLanguage\":\"pt-BR\",\"@id\":\"https:\/\/www.manaus.am.gov.br\/semcom\/implantacao-mao-inglesa-rua-jose-clemente\/#primaryimage\",\"url\":\"https:\/\/www.manaus.am.gov.br\/semcom\/wp-content\/uploads\/sites\/5\/2026\/08\/WhatsApp-Image-2026-08-31-at-12.43.21-1.jpeg\",\"contentUrl\":\"https:\/\/www.manaus.am.gov.br\/semcom\/wp-content\/uploads\/sites\/5\/2026\/08\/WhatsApp-Image-2026-08-31-at-12.43.21-1.jpeg\",\"width\":1280,\"height\":853,\"caption\":\"#paratodosverem - Equipe do IMMU executando a implanta\u00e7\u00e3o de m\u00e3o inglesa na rua Jos\u00e9 Clemente, no Centro\"},{\"@type\":\"WebSite\",\"@id\":\"https:\/\/www.manaus.am.gov.br\/semcom\/#website\",\"url\":\"https:\/\/www.manaus.am.gov.br\/semcom\/\",\"name\":\"SEMCOM\",\"description\":\"Secretaria Municipal de Comunica\u00e7\u00e3o\",\"potentialAction\":[{\"@type\":\"SearchAction\",\"target\":{\"@type\":\"EntryPoint\",\"urlTemplate\":\"https:\/\/www.manaus.am.gov.br\/semcom\/?s={search_term_string}\"},\"query-input\":\"required name=search_term_string\"}],\"inLanguage\":\"pt-BR\"},{\"@type\":\"Person\",\"@id\":\"https:\/\/www.manaus.am.gov.br\/semcom\/#\/schema\/person\/05d223aea2bf115f9883a6ff3683d81b\",\"name\":\"Bruna Greco\",\"image\":{\"@type\":\"ImageObject\",\"inLanguage\":\"pt-BR\",\"@id\":\"https:\/\/www.manaus.am.gov.br\/semcom\/#\/schema\/person\/image\/\",\"url\":\"https:\/\/secure.gravatar.com\/avatar\/9c877d1a6adc2a055330e5c09a8653ce?s=96&d=mm&r=g\",\"contentUrl\":\"https:\/\/secure.gravatar.com\/avatar\/9c877d1a6adc2a055330e5c09a8653ce?s=96&d=mm&r=g\",\"caption\":\"Bruna Greco\"}}]}<\/script>\n<!-- \/ Yoast SEO plugin. -->","yoast_head_json":{"title":"Prefeitura de Manaus implanta m\u00e3o inglesa na rua Jos\u00e9 Clemente","description":"Prefeitura de Manaus, por meio do IMMU, implanta m\u00e3o inglesa na rua Jos\u00e9 Clemente para reorganizar tr\u00e2nsito no Centro.","robots":{"index":"index","follow":"follow","max-snippet":"max-snippet:-1","max-image-preview":"max-image-preview:large","max-video-preview":"max-video-preview:-1"},"canonical":"https:\/\/www.manaus.am.gov.br\/semcom\/implantacao-mao-inglesa-rua-jose-clemente\/","og_locale":"pt_BR","og_type":"article","og_title":"Prefeitura de Manaus implanta m\u00e3o inglesa na rua Jos\u00e9 Clemente","og_description":"Prefeitura de Manaus, por meio do IMMU, implanta m\u00e3o inglesa na rua Jos\u00e9 Clemente para reorganizar tr\u00e2nsito no Centro.","og_url":"https:\/\/www.manaus.am.gov.br\/semcom\/implantacao-mao-inglesa-rua-jose-clemente\/","og_site_name":"SEMCOM","article_published_time":"2026-08-31T16:53:39+00:00","article_modified_time":"2026-08-31T16:53:42+00:00","og_image":[{"width":1280,"height":853,"url":"https:\/\/www.manaus.am.gov.br\/semcom\/wp-content\/uploads\/sites\/5\/2026\/08\/WhatsApp-Image-2026-08-31-at-12.43.21-1.jpeg","type":"image\/jpeg"}],"author":"Bruna Greco","twitter_card":"summary_large_image","twitter_misc":{"Written by":"Bruna Greco","Est. reading time":"3 minutos"},"schema":{"@context":"https:\/\/schema.org","@graph":[{"@type":"WebPage","@id":"https:\/\/www.manaus.am.gov.br\/semcom\/implantacao-mao-inglesa-rua-jose-clemente\/","url":"https:\/\/www.manaus.am.gov.br\/semcom\/implantacao-mao-inglesa-rua-jose-clemente\/","name":"Prefeitura de Manaus implanta m\u00e3o inglesa na rua Jos\u00e9 Clemente","isPartOf":{"@id":"https:\/\/www.manaus.am.gov.br\/semcom\/#website"},"primaryImageOfPage":{"@id":"https:\/\/www.manaus.am.gov.br\/semcom\/implantacao-mao-inglesa-rua-jose-clemente\/#primaryimage"},"image":{"@id":"https:\/\/www.manaus.am.gov.br\/semcom\/implantacao-mao-inglesa-rua-jose-clemente\/#primaryimage"},"thumbnailUrl":"https:\/\/www.manaus.am.gov.br\/semcom\/wp-content\/uploads\/sites\/5\/2026\/08\/WhatsApp-Image-2026-08-31-at-12.43.21-1.jpeg","datePublished":"2026-08-31T16:53:39+00:00","dateModified":"2026-08-31T16:53:42+00:00","author":{"@id":"https:\/\/www.manaus.am.gov.br\/semcom\/#\/schema\/person\/05d223aea2bf115f9883a6ff3683d81b"},"description":"Prefeitura de Manaus, por meio do IMMU, implanta m\u00e3o inglesa na rua Jos\u00e9 Clemente para reorganizar tr\u00e2nsito no Centro.","inLanguage":"pt-BR","potentialAction":[{"@type":"ReadAction","target":["https:\/\/www.manaus.am.gov.br\/semcom\/implantacao-mao-inglesa-rua-jose-clemente\/"]}]},{"@type":"ImageObject","inLanguage":"pt-BR","@id":"https:\/\/www.manaus.am.gov.br\/semcom\/implantacao-mao-inglesa-rua-jose-clemente\/#primaryimage","url":"https:\/\/www.manaus.am.gov.br\/semcom\/wp-content\/uploads\/sites\/5\/2026\/08\/WhatsApp-Image-2026-08-31-at-12.43.21-1.jpeg","contentUrl":"https:\/\/www.manaus.am.gov.br\/semcom\/wp-content\/uploads\/sites\/5\/2026\/08\/WhatsApp-Image-2026-08-31-at-12.43.21-1.jpeg","width":1280,"height":853,"caption":"#paratodosverem - Equipe do IMMU executando a implanta\u00e7\u00e3o de m\u00e3o inglesa na rua Jos\u00e9 Clemente, no Centro"},{"@type":"WebSite","@id":"https:\/\/www.manaus.am.gov.br\/semcom\/#website","url":"https:\/\/www.manaus.am.gov.br\/semcom\/","name":"SEMCOM","description":"Secretaria Municipal de Comunica\u00e7\u00e3o","potentialAction":[{"@type":"SearchAction","target":{"@type":"EntryPoint","urlTemplate":"https:\/\/www.manaus.am.gov.br\/semcom\/?s={search_term_string}"},"query-input":"required name=search_term_string"}],"inLanguage":"pt-BR"},{"@type":"Person","@id":"https:\/\/www.manaus.am.gov.br\/semcom\/#\/schema\/person\/05d223aea2bf115f9883a6ff3683d81b","name":"Bruna Greco","image":{"@type":"ImageObject","inLanguage":"pt-BR","@id":"https:\/\/www.manaus.am.gov.br\/semcom\/#\/schema\/person\/image\/","url":"https:\/\/secure.gravatar.com\/avatar\/9c877d1a6adc2a055330e5c09a8653ce?s=96&d=mm&r=g","contentUrl":"https:\/\/secure.gravatar.com\/avatar\/9c877d1a6adc2a055330e5c09a8653ce?s=96&d=mm&r=g","caption":"Bruna Greco"}}]}},"_links":{"self":[{"href":"https:\/\/www.manaus.am.gov.br\/semcom\/wp-json\/wp\/v2\/posts\/269094"}],"collection":[{"href":"https:\/\/www.manaus.am.gov.br\/semcom\/wp-json\/wp\/v2\/posts"}],"about":[{"href":"https:\/\/www.manaus.am.gov.br\/semcom\/wp-json\/wp\/v2\/types\/post"}],"author":[{"embeddable":true,"href":"https:\/\/www.manaus.am.gov.br\/semcom\/wp-json\/wp\/v2\/users\/39"}],"replies":[{"embeddable":true,"href":"https:\/\/www.manaus.am.gov.br\/semcom\/wp-json\/wp\/v2\/comments?post=269094"}],"version-history":[{"count":0,"href":"https:\/\/www.manaus.am.gov.br\/semcom\/wp-json\/wp\/v2\/posts\/269094\/revisions"}],"wp:featuredmedia":[{"embeddable":true,"href":"https:\/\/www.manaus.am.gov.br\/semcom\/wp-json\/wp\/v2\/media\/269095"}],"wp:attachment":[{"href":"https:\/\/www.manaus.am.gov.br\/semcom\/wp-json\/wp\/v2\/media?parent=269094"}],"wp:term":[{"taxonomy":"category","embeddable":true,"href":"https:\/\/www.manaus.am.gov.br\/semcom\/wp-json\/wp\/v2\/categories?post=269094"},{"taxonomy":"post_tag","embeddable":true,"href":"https:\/\/www.manaus.am.gov.br\/semcom\/wp-json\/wp\/v2\/tags?post=269094"}],"curies":[{"name":"wp","href":"https:\/\/api.w.org\/{rel}","templated":true}]}}