{"id":269068,"date":"2026-08-29T15:29:55","date_gmt":"2026-08-29T18:29:55","guid":{"rendered":"https:\/\/www.manaus.am.gov.br\/semcom\/prefeitura-immu-interdicao-ruaabelardobarbosa\/"},"modified":"2026-08-31T14:13:38","modified_gmt":"2026-08-31T17:13:38","slug":"prefeitura-immu-interdicao-ruaabelardobarbosa","status":"publish","type":"post","link":"https:\/\/www.manaus.am.gov.br\/semcom\/prefeitura-immu-interdicao-ruaabelardobarbosa\/","title":{"rendered":"Rua de acesso \u00e0 avenida das Torres ser\u00e1 parcialmente interditada"},"content":{"rendered":"\n<p>A <a href=\"https:\/\/www.manaus.am.gov.br\/\">Prefeitura de Manaus<\/a>, por meio do <a href=\"https:\/\/www.instagram.com\/immu_manaus\/\">Instituto Municipal de Mobilidade Urbana<\/a> (IMMU), informa a interdi\u00e7\u00e3o tempor\u00e1ria da rua Abelardo Barbosa, via que liga a avenida Cosme Ferreira \u00e0 avenida das Torres, no bairro Coroado, zona Leste da capital. A interven\u00e7\u00e3o ser\u00e1 necess\u00e1ria para a execu\u00e7\u00e3o de obras de expans\u00e3o da empresa Energisa, no per\u00edodo de 3 a 10 de setembro.<\/p>\n\n\n\n<p>A interdi\u00e7\u00e3o ocorrer\u00e1 entre 0h e 5h e n\u00e3o deve afetar os hor\u00e1rios de maior fluxo de ve\u00edculos no local.<\/p>\n\n\n\n<p>Motoristas que trafegam na Cosme Ferreira, no sentido bairro-Centro, e queiram acessar a avenida das Torres devem seguir pela via, passar a rotat\u00f3ria do Coroado em dire\u00e7\u00e3o \u00e0 avenida Ephig\u00eanio Salles e, em seguida, dobrar \u00e0 direita na rua Rio Preto para alcan\u00e7ar a avenida das Torres.<\/p>\n\n\n\n<p>&#8212; &#8212; &#8212;<\/p>\n\n\n\n<p><strong>Texto<\/strong> \u2013 Divulga\u00e7\u00e3o\/IMMU<\/p>\n","protected":false},"excerpt":{"rendered":"","protected":false},"author":23,"featured_media":269069,"comment_status":"closed","ping_status":"closed","sticky":false,"template":"","format":"standard","meta":{"footnotes":""},"categories":[59],"tags":[12,856,77,23111,108],"acf":[],"yoast_head":"<!-- This site is optimized with the Yoast SEO plugin v23.0 - https:\/\/yoast.com\/wordpress\/plugins\/seo\/ -->\n<title>Rua de acesso \u00e0 avenida das Torres ser\u00e1 parcialmente interditada<\/title>\n<meta name=\"description\" content=\"A Prefeitura de Manaus, por meio do Instituto Municipal de Mobilidade Urbana (IMMU), informa a interdi\u00e7\u00e3o tempor\u00e1ria da rua Abelardo Barbosa, via que liga a avenida Cosme Ferreira \u00e0 avenida das Torres, no bairro Coroado, zona Leste da capital.\" \/>\n<meta name=\"robots\" content=\"index, follow, max-snippet:-1, max-image-preview:large, max-video-preview:-1\" \/>\n<link rel=\"canonical\" href=\"https:\/\/www.manaus.am.gov.br\/semcom\/prefeitura-immu-interdicao-ruaabelardobarbosa\/\" \/>\n<meta property=\"og:locale\" content=\"pt_BR\" \/>\n<meta property=\"og:type\" content=\"article\" \/>\n<meta property=\"og:title\" content=\"Rua de acesso \u00e0 avenida das Torres ser\u00e1 parcialmente interditada\" \/>\n<meta property=\"og:description\" content=\"A Prefeitura de Manaus, por meio do Instituto Municipal de Mobilidade Urbana (IMMU), informa a interdi\u00e7\u00e3o tempor\u00e1ria da rua Abelardo Barbosa, via que liga a avenida Cosme Ferreira \u00e0 avenida das Torres, no bairro Coroado, zona Leste da capital.\" \/>\n<meta property=\"og:url\" content=\"https:\/\/www.manaus.am.gov.br\/semcom\/prefeitura-immu-interdicao-ruaabelardobarbosa\/\" \/>\n<meta property=\"og:site_name\" content=\"SEMCOM\" \/>\n<meta property=\"article:published_time\" content=\"2026-08-29T18:29:55+00:00\" \/>\n<meta property=\"article:modified_time\" content=\"2026-08-31T17:13:38+00:00\" \/>\n<meta property=\"og:image\" content=\"https:\/\/www.manaus.am.gov.br\/semcom\/wp-content\/uploads\/sites\/5\/2026\/08\/A12EB86A-8836-4A55-9DEF-D9AA073470D7-1024x576.png\" \/>\n\t<meta property=\"og:image:width\" content=\"1024\" \/>\n\t<meta property=\"og:image:height\" content=\"576\" \/>\n\t<meta property=\"og:image:type\" content=\"image\/png\" \/>\n<meta name=\"author\" content=\"Adriana Costa\" \/>\n<meta name=\"twitter:card\" content=\"summary_large_image\" \/>\n<meta name=\"twitter:label1\" content=\"Written by\" \/>\n\t<meta name=\"twitter:data1\" content=\"Adriana Costa\" \/>\n\t<meta name=\"twitter:label2\" content=\"Est. reading time\" \/>\n\t<meta name=\"twitter:data2\" content=\"1 minuto\" \/>\n<script type=\"application\/ld+json\" class=\"yoast-schema-graph\">{\"@context\":\"https:\/\/schema.org\",\"@graph\":[{\"@type\":\"WebPage\",\"@id\":\"https:\/\/www.manaus.am.gov.br\/semcom\/prefeitura-immu-interdicao-ruaabelardobarbosa\/\",\"url\":\"https:\/\/www.manaus.am.gov.br\/semcom\/prefeitura-immu-interdicao-ruaabelardobarbosa\/\",\"name\":\"Rua de acesso \u00e0 avenida das Torres ser\u00e1 parcialmente interditada\",\"isPartOf\":{\"@id\":\"https:\/\/www.manaus.am.gov.br\/semcom\/#website\"},\"primaryImageOfPage\":{\"@id\":\"https:\/\/www.manaus.am.gov.br\/semcom\/prefeitura-immu-interdicao-ruaabelardobarbosa\/#primaryimage\"},\"image\":{\"@id\":\"https:\/\/www.manaus.am.gov.br\/semcom\/prefeitura-immu-interdicao-ruaabelardobarbosa\/#primaryimage\"},\"thumbnailUrl\":\"https:\/\/www.manaus.am.gov.br\/semcom\/wp-content\/uploads\/sites\/5\/2026\/08\/A12EB86A-8836-4A55-9DEF-D9AA073470D7.png\",\"datePublished\":\"2026-08-29T18:29:55+00:00\",\"dateModified\":\"2026-08-31T17:13:38+00:00\",\"author\":{\"@id\":\"https:\/\/www.manaus.am.gov.br\/semcom\/#\/schema\/person\/4e49f4e267757a06ca072ec61b2b9968\"},\"description\":\"A Prefeitura de Manaus, por meio do Instituto Municipal de Mobilidade Urbana (IMMU), informa a interdi\u00e7\u00e3o tempor\u00e1ria da rua Abelardo Barbosa, via que liga a avenida Cosme Ferreira \u00e0 avenida das Torres, no bairro Coroado, zona Leste da capital.\",\"inLanguage\":\"pt-BR\",\"potentialAction\":[{\"@type\":\"ReadAction\",\"target\":[\"https:\/\/www.manaus.am.gov.br\/semcom\/prefeitura-immu-interdicao-ruaabelardobarbosa\/\"]}]},{\"@type\":\"ImageObject\",\"inLanguage\":\"pt-BR\",\"@id\":\"https:\/\/www.manaus.am.gov.br\/semcom\/prefeitura-immu-interdicao-ruaabelardobarbosa\/#primaryimage\",\"url\":\"https:\/\/www.manaus.am.gov.br\/semcom\/wp-content\/uploads\/sites\/5\/2026\/08\/A12EB86A-8836-4A55-9DEF-D9AA073470D7.png\",\"contentUrl\":\"https:\/\/www.manaus.am.gov.br\/semcom\/wp-content\/uploads\/sites\/5\/2026\/08\/A12EB86A-8836-4A55-9DEF-D9AA073470D7.png\",\"width\":1672,\"height\":940},{\"@type\":\"WebSite\",\"@id\":\"https:\/\/www.manaus.am.gov.br\/semcom\/#website\",\"url\":\"https:\/\/www.manaus.am.gov.br\/semcom\/\",\"name\":\"SEMCOM\",\"description\":\"Secretaria Municipal de Comunica\u00e7\u00e3o\",\"potentialAction\":[{\"@type\":\"SearchAction\",\"target\":{\"@type\":\"EntryPoint\",\"urlTemplate\":\"https:\/\/www.manaus.am.gov.br\/semcom\/?s={search_term_string}\"},\"query-input\":\"required name=search_term_string\"}],\"inLanguage\":\"pt-BR\"},{\"@type\":\"Person\",\"@id\":\"https:\/\/www.manaus.am.gov.br\/semcom\/#\/schema\/person\/4e49f4e267757a06ca072ec61b2b9968\",\"name\":\"Adriana Costa\",\"image\":{\"@type\":\"ImageObject\",\"inLanguage\":\"pt-BR\",\"@id\":\"https:\/\/www.manaus.am.gov.br\/semcom\/#\/schema\/person\/image\/\",\"url\":\"https:\/\/secure.gravatar.com\/avatar\/576258617ef7194f718179e766d57bd4?s=96&d=mm&r=g\",\"contentUrl\":\"https:\/\/secure.gravatar.com\/avatar\/576258617ef7194f718179e766d57bd4?s=96&d=mm&r=g\",\"caption\":\"Adriana Costa\"}}]}<\/script>\n<!-- \/ Yoast SEO plugin. -->","yoast_head_json":{"title":"Rua de acesso \u00e0 avenida das Torres ser\u00e1 parcialmente interditada","description":"A Prefeitura de Manaus, por meio do Instituto Municipal de Mobilidade Urbana (IMMU), informa a interdi\u00e7\u00e3o tempor\u00e1ria da rua Abelardo Barbosa, via que liga a avenida Cosme Ferreira \u00e0 avenida das Torres, no bairro Coroado, zona Leste da capital.","robots":{"index":"index","follow":"follow","max-snippet":"max-snippet:-1","max-image-preview":"max-image-preview:large","max-video-preview":"max-video-preview:-1"},"canonical":"https:\/\/www.manaus.am.gov.br\/semcom\/prefeitura-immu-interdicao-ruaabelardobarbosa\/","og_locale":"pt_BR","og_type":"article","og_title":"Rua de acesso \u00e0 avenida das Torres ser\u00e1 parcialmente interditada","og_description":"A Prefeitura de Manaus, por meio do Instituto Municipal de Mobilidade Urbana (IMMU), informa a interdi\u00e7\u00e3o tempor\u00e1ria da rua Abelardo Barbosa, via que liga a avenida Cosme Ferreira \u00e0 avenida das Torres, no bairro Coroado, zona Leste da capital.","og_url":"https:\/\/www.manaus.am.gov.br\/semcom\/prefeitura-immu-interdicao-ruaabelardobarbosa\/","og_site_name":"SEMCOM","article_published_time":"2026-08-29T18:29:55+00:00","article_modified_time":"2026-08-31T17:13:38+00:00","og_image":[{"width":1024,"height":576,"url":"https:\/\/www.manaus.am.gov.br\/semcom\/wp-content\/uploads\/sites\/5\/2026\/08\/A12EB86A-8836-4A55-9DEF-D9AA073470D7-1024x576.png","type":"image\/png"}],"author":"Adriana Costa","twitter_card":"summary_large_image","twitter_misc":{"Written by":"Adriana Costa","Est. reading time":"1 minuto"},"schema":{"@context":"https:\/\/schema.org","@graph":[{"@type":"WebPage","@id":"https:\/\/www.manaus.am.gov.br\/semcom\/prefeitura-immu-interdicao-ruaabelardobarbosa\/","url":"https:\/\/www.manaus.am.gov.br\/semcom\/prefeitura-immu-interdicao-ruaabelardobarbosa\/","name":"Rua de acesso \u00e0 avenida das Torres ser\u00e1 parcialmente interditada","isPartOf":{"@id":"https:\/\/www.manaus.am.gov.br\/semcom\/#website"},"primaryImageOfPage":{"@id":"https:\/\/www.manaus.am.gov.br\/semcom\/prefeitura-immu-interdicao-ruaabelardobarbosa\/#primaryimage"},"image":{"@id":"https:\/\/www.manaus.am.gov.br\/semcom\/prefeitura-immu-interdicao-ruaabelardobarbosa\/#primaryimage"},"thumbnailUrl":"https:\/\/www.manaus.am.gov.br\/semcom\/wp-content\/uploads\/sites\/5\/2026\/08\/A12EB86A-8836-4A55-9DEF-D9AA073470D7.png","datePublished":"2026-08-29T18:29:55+00:00","dateModified":"2026-08-31T17:13:38+00:00","author":{"@id":"https:\/\/www.manaus.am.gov.br\/semcom\/#\/schema\/person\/4e49f4e267757a06ca072ec61b2b9968"},"description":"A Prefeitura de Manaus, por meio do Instituto Municipal de Mobilidade Urbana (IMMU), informa a interdi\u00e7\u00e3o tempor\u00e1ria da rua Abelardo Barbosa, via que liga a avenida Cosme Ferreira \u00e0 avenida das Torres, no bairro Coroado, zona Leste da capital.","inLanguage":"pt-BR","potentialAction":[{"@type":"ReadAction","target":["https:\/\/www.manaus.am.gov.br\/semcom\/prefeitura-immu-interdicao-ruaabelardobarbosa\/"]}]},{"@type":"ImageObject","inLanguage":"pt-BR","@id":"https:\/\/www.manaus.am.gov.br\/semcom\/prefeitura-immu-interdicao-ruaabelardobarbosa\/#primaryimage","url":"https:\/\/www.manaus.am.gov.br\/semcom\/wp-content\/uploads\/sites\/5\/2026\/08\/A12EB86A-8836-4A55-9DEF-D9AA073470D7.png","contentUrl":"https:\/\/www.manaus.am.gov.br\/semcom\/wp-content\/uploads\/sites\/5\/2026\/08\/A12EB86A-8836-4A55-9DEF-D9AA073470D7.png","width":1672,"height":940},{"@type":"WebSite","@id":"https:\/\/www.manaus.am.gov.br\/semcom\/#website","url":"https:\/\/www.manaus.am.gov.br\/semcom\/","name":"SEMCOM","description":"Secretaria Municipal de Comunica\u00e7\u00e3o","potentialAction":[{"@type":"SearchAction","target":{"@type":"EntryPoint","urlTemplate":"https:\/\/www.manaus.am.gov.br\/semcom\/?s={search_term_string}"},"query-input":"required name=search_term_string"}],"inLanguage":"pt-BR"},{"@type":"Person","@id":"https:\/\/www.manaus.am.gov.br\/semcom\/#\/schema\/person\/4e49f4e267757a06ca072ec61b2b9968","name":"Adriana Costa","image":{"@type":"ImageObject","inLanguage":"pt-BR","@id":"https:\/\/www.manaus.am.gov.br\/semcom\/#\/schema\/person\/image\/","url":"https:\/\/secure.gravatar.com\/avatar\/576258617ef7194f718179e766d57bd4?s=96&d=mm&r=g","contentUrl":"https:\/\/secure.gravatar.com\/avatar\/576258617ef7194f718179e766d57bd4?s=96&d=mm&r=g","caption":"Adriana Costa"}}]}},"_links":{"self":[{"href":"https:\/\/www.manaus.am.gov.br\/semcom\/wp-json\/wp\/v2\/posts\/269068"}],"collection":[{"href":"https:\/\/www.manaus.am.gov.br\/semcom\/wp-json\/wp\/v2\/posts"}],"about":[{"href":"https:\/\/www.manaus.am.gov.br\/semcom\/wp-json\/wp\/v2\/types\/post"}],"author":[{"embeddable":true,"href":"https:\/\/www.manaus.am.gov.br\/semcom\/wp-json\/wp\/v2\/users\/23"}],"replies":[{"embeddable":true,"href":"https:\/\/www.manaus.am.gov.br\/semcom\/wp-json\/wp\/v2\/comments?post=269068"}],"version-history":[{"count":1,"href":"https:\/\/www.manaus.am.gov.br\/semcom\/wp-json\/wp\/v2\/posts\/269068\/revisions"}],"predecessor-version":[{"id":269104,"href":"https:\/\/www.manaus.am.gov.br\/semcom\/wp-json\/wp\/v2\/posts\/269068\/revisions\/269104"}],"wp:featuredmedia":[{"embeddable":true,"href":"https:\/\/www.manaus.am.gov.br\/semcom\/wp-json\/wp\/v2\/media\/269069"}],"wp:attachment":[{"href":"https:\/\/www.manaus.am.gov.br\/semcom\/wp-json\/wp\/v2\/media?parent=269068"}],"wp:term":[{"taxonomy":"category","embeddable":true,"href":"https:\/\/www.manaus.am.gov.br\/semcom\/wp-json\/wp\/v2\/categories?post=269068"},{"taxonomy":"post_tag","embeddable":true,"href":"https:\/\/www.manaus.am.gov.br\/semcom\/wp-json\/wp\/v2\/tags?post=269068"}],"curies":[{"name":"wp","href":"https:\/\/api.w.org\/{rel}","templated":true}]}}