{"id":269047,"date":"2026-08-28T19:32:13","date_gmt":"2026-08-28T23:32:13","guid":{"rendered":"https:\/\/www.manaus.am.gov.br\/semcom\/retirada-de-pulseiras-do-soumanaus-passo-a-paco-2026\/"},"modified":"2026-08-31T13:51:30","modified_gmt":"2026-08-31T16:51:30","slug":"retirada-de-pulseiras-do-soumanaus-passo-a-paco-2026","status":"publish","type":"post","link":"https:\/\/www.manaus.am.gov.br\/semcom\/retirada-de-pulseiras-do-soumanaus-passo-a-paco-2026\/","title":{"rendered":"Prefeitura de Manaus inicia retirada de pulseiras do \u2018#SouManaus Passo a Pa\u00e7o 2026\u2019 nesta sexta-feira"},"content":{"rendered":"\n<p>A <a href=\"https:\/\/www.manaus.am.gov.br\/\">Prefeitura de Manaus<\/a>, por meio da <a href=\"https:\/\/www.instagram.com\/manauscult_\/\">Funda\u00e7\u00e3o Municipal de Cultura, Turismo e Eventos<\/a> (ManausCult), iniciou, nesta sexta-feira, 28\/8, a retirada das pulseiras de acesso ao \u201c#SouManaus Passo a Pa\u00e7o 2026\u201d. A entrega \u00e9 destinada aos participantes que garantiram reserva nos primeiros lotes disponibilizados pela plataforma oficial do festival.<\/p>\n\n\n\n<p>A movimenta\u00e7\u00e3o come\u00e7ou nos sete pontos de retirada espalhados pela cidade. Para garantir a pulseira, os participantes devem apresentar documento oficial original com foto, comprovante da reserva e entregar um quilo de alimento n\u00e3o perec\u00edvel, como arroz, feij\u00e3o, a\u00e7\u00facar ou farinha. A retirada \u00e9 pessoal e intransfer\u00edvel, n\u00e3o sendo permitida a retirada por terceiros. Os alimentos arrecadados ser\u00e3o destinados a a\u00e7\u00f5es sociais da Prefeitura de Manaus.<\/p>\n\n\n\n<p>O cronograma segue de acordo com os lotes disponibilizados: o lote 1 tem retirada nesta sexta-feira, 28; o lote 2 ser\u00e1 retirado neste s\u00e1bado, 29; o lote 3, no domingo, 30; o lote 4, na segunda-feira, 31; e o lote 5, na ter\u00e7a-feira, 1\u00ba\/9.<\/p>\n\n\n\n<p>O diretor-presidente da ManausCult, M\u00e1rcio Braz, destaca que a retirada das pulseiras marca mais uma etapa importante na prepara\u00e7\u00e3o para o festival.<\/p>\n\n\n\n<p>\u201cEstamos vivendo mais uma etapa importante do \u2018#SouManaus\u2019. A partir de hoje, o p\u00fablico que garantiu sua reserva come\u00e7a a retirar suas pulseiras e a entrar no clima dessa grande celebra\u00e7\u00e3o. Nossa orienta\u00e7\u00e3o \u00e9 de que todos confiram atentamente o comprovante e compare\u00e7am ao local e na data indicados no momento da inscri\u00e7\u00e3o, para que esse processo aconte\u00e7a de forma organizada e tranquila\u201d, destacou.<\/p>\n\n\n\n<p>Para o morador da zona Leste de Manaus, Anderson Freitas, que mora pr\u00f3ximo a um dos pontos de retirada, garantir a pulseira e fazer a troca foi ainda mais f\u00e1cil. Ele conta que o processo foi r\u00e1pido e tranquilo.<\/p>\n\n\n\n<p>\u201cFoi muito f\u00e1cil. Fiz minha inscri\u00e7\u00e3o, acompanhei tudo e hoje j\u00e1 vim buscar minha pulseira. Como moro aqui perto, ficou ainda mais tranquilo para fazer a retirada. Agora \u00e9 s\u00f3 guardar e esperar chegar o \u2018#SouManaus\u2019. Estou muito empolgado para curtir o festival, porque sei que vem muita coisa boa por a\u00ed. Manaus vai parar\u201d, comemorou.<\/p>\n\n\n\n<figure class=\"wp-block-image size-full\"><img loading=\"lazy\" decoding=\"async\" width=\"799\" height=\"533\" src=\"https:\/\/www.manaus.am.gov.br\/semcom\/wp-content\/uploads\/sites\/5\/2026\/08\/55493230187_d90e2313d5_c.jpg\" alt=\"\" class=\"wp-image-269048\" srcset=\"https:\/\/www.manaus.am.gov.br\/semcom\/wp-content\/uploads\/sites\/5\/2026\/08\/55493230187_d90e2313d5_c.jpg 799w, https:\/\/www.manaus.am.gov.br\/semcom\/wp-content\/uploads\/sites\/5\/2026\/08\/55493230187_d90e2313d5_c-300x200.jpg 300w, https:\/\/www.manaus.am.gov.br\/semcom\/wp-content\/uploads\/sites\/5\/2026\/08\/55493230187_d90e2313d5_c-768x512.jpg 768w\" sizes=\"(max-width: 799px) 100vw, 799px\" \/><figcaption class=\"wp-element-caption\">#paratodosverem &#8211; Casal com pulseiras do festival no ponto de retirada<\/figcaption><\/figure>\n\n\n\n<p><strong>Pontos de retirada<\/strong><\/p>\n\n\n\n<p>Os participantes devem comparecer exclusivamente ao ponto selecionado no momento da inscri\u00e7\u00e3o. N\u00e3o \u00e9 poss\u00edvel alterar o local de retirada posteriormente. Os sete pontos oficiais funcionam nos seguintes hor\u00e1rios:<\/p>\n\n\n\n<p>Shopping Phelippe Daou \u2013 Audit\u00f3rio do Sine Manaus, avenida Camapu\u00e3, n\u00ba 2.939, Cidade de Deus \u2013 das 15h \u00e0s 21h;&nbsp;<\/p>\n\n\n\n<p>Vit\u00f3ria Supermercado \u2013 Coroado \u2013 avenida Cosme Ferreira, n\u00ba 1.620, Coroado, estacionamento coberto \u2013 das 15h \u00e0s 21h;&nbsp;<\/p>\n\n\n\n<p>Galeria dos Rem\u00e9dios \u2013 Shopping Popular \u2013 rua Miranda Le\u00e3o, n\u00ba 82, Centro \u2013 das 13h \u00e0s 19h;<\/p>\n\n\n\n<p>Ap\u00e1 M\u00f3veis \u2013 Torquato Tapaj\u00f3s \u2013 avenida Torquato Tapaj\u00f3s, n\u00ba 440, Flores \u2013 das 13h \u00e0s 19h;<\/p>\n\n\n\n<p>Shopping Manaus Via Norte \u2013 entrada G, piso 2, avenida Arquiteto Jos\u00e9 Henriques Bento Rodrigues, n\u00ba 3.541, Santa Etelvina \u2013 das 15h \u00e0s 21h;<\/p>\n\n\n\n<p>Shopping Ponta Negra \u2013 piso L2, avenida Coronel Teixeira, n\u00ba 5.705, Ponta Negra \u2013 das 15h \u00e0s 21h;<\/p>\n\n\n\n<p>Ap\u00e1 M\u00f3veis \u2013 Bola da Suframa \u2013 avenida Rodrigo Ot\u00e1vio, n\u00ba 2.241, Crespo \u2013 das 13h \u00e0s 19h.<\/p>\n\n\n\n<p><strong>Lote exclusivo para PcDs<\/strong><\/p>\n\n\n\n<p>A Prefeitura de Manaus refor\u00e7a que, neste s\u00e1bado, 29\/8, \u00e0s 19h, ser\u00e1 aberto, na plataforma oficial do festival, o lote exclusivo para Pessoas com Defici\u00eancia (PcDs). No momento da inscri\u00e7\u00e3o, ser\u00e1 obrigat\u00f3rio o envio do laudo m\u00e9dico ou da Carteira de Identifica\u00e7\u00e3o da Pessoa com Defici\u00eancia (CIPCD), e a reserva ser\u00e1 confirmada ap\u00f3s an\u00e1lise e aprova\u00e7\u00e3o da documenta\u00e7\u00e3o.<\/p>\n\n\n\n<p>A lista de contemplados ser\u00e1 divulgada no dia 31 de agosto, \u00e0s 16h, e a entrega das credenciais ocorrer\u00e1 nos dias 1\u00ba e 2 de setembro, das 9h \u00e0s 14h, na Semasc, mediante apresenta\u00e7\u00e3o da documenta\u00e7\u00e3o exigida e entrega de um quilo de alimento n\u00e3o perec\u00edvel. A ManausCult refor\u00e7a que PcDs n\u00e3o devem se inscrever nos lotes convencionais, devendo aguardar a abertura do lote exclusivo.<\/p>\n\n\n\n<p>O \u201c#SouManaus Passo a Pa\u00e7o 2026\u201d acontece de 4 a 13 de setembro, no Centro Hist\u00f3rico de Manaus, com o conceito \u201cOrigens, \u00c1guas e Manaus\u201d. A programa\u00e7\u00e3o re\u00fane m\u00fasica, cultura, arte, gastronomia e economia criativa, com ampla participa\u00e7\u00e3o de artistas amazonenses e atra\u00e7\u00f5es nacionais.<br><\/p>\n\n\n\n<p>\u2014&#8212; \u2014&#8211; \u2014-<br><strong>Texto &#8211; <\/strong>Arlinton J\u00fanior \/ ManausCult<br><strong>Fotos &#8211;<\/strong> Valdo Le\u00e3o \/ Semcom&nbsp;<br><strong>Dispon\u00edveis em &#8211; <\/strong><a href=\"https:\/\/flic.kr\/s\/aHBqjD3uSm\">https:\/\/flic.kr\/s\/aHBqjD3uSm<\/a>&nbsp;<\/p>\n","protected":false},"excerpt":{"rendered":"","protected":false},"author":68,"featured_media":269049,"comment_status":"closed","ping_status":"closed","sticky":false,"template":"","format":"standard","meta":{"footnotes":""},"categories":[12056],"tags":[307,77,23103,23104],"acf":[],"yoast_head":"<!-- This site is optimized with the Yoast SEO plugin v23.0 - https:\/\/yoast.com\/wordpress\/plugins\/seo\/ -->\n<title>PMM inicia retirada de pulseiras do \u2018#SouManaus2026\u2019<\/title>\n<meta name=\"description\" content=\"A Prefeitura de Manaus, iniciou, nesta sexta-feira, 28\/8, a retirada das pulseiras de acesso ao \u201c#SouManaus Passo a Pa\u00e7o 2026\u201d.\" \/>\n<meta name=\"robots\" content=\"index, follow, max-snippet:-1, max-image-preview:large, max-video-preview:-1\" \/>\n<link rel=\"canonical\" href=\"https:\/\/www.manaus.am.gov.br\/semcom\/retirada-de-pulseiras-do-soumanaus-passo-a-paco-2026\/\" \/>\n<meta property=\"og:locale\" content=\"pt_BR\" \/>\n<meta property=\"og:type\" content=\"article\" \/>\n<meta property=\"og:title\" content=\"PMM inicia retirada de pulseiras do \u2018#SouManaus2026\u2019\" \/>\n<meta property=\"og:description\" content=\"A Prefeitura de Manaus, iniciou, nesta sexta-feira, 28\/8, a retirada das pulseiras de acesso ao \u201c#SouManaus Passo a Pa\u00e7o 2026\u201d.\" \/>\n<meta property=\"og:url\" content=\"https:\/\/www.manaus.am.gov.br\/semcom\/retirada-de-pulseiras-do-soumanaus-passo-a-paco-2026\/\" \/>\n<meta property=\"og:site_name\" content=\"SEMCOM\" \/>\n<meta property=\"article:published_time\" content=\"2026-08-28T23:32:13+00:00\" \/>\n<meta property=\"article:modified_time\" content=\"2026-08-31T16:51:30+00:00\" \/>\n<meta property=\"og:image\" content=\"https:\/\/www.manaus.am.gov.br\/semcom\/wp-content\/uploads\/sites\/5\/2026\/08\/55493230227_6f56c97ae8_c.jpg\" \/>\n\t<meta property=\"og:image:width\" content=\"799\" \/>\n\t<meta property=\"og:image:height\" content=\"533\" \/>\n\t<meta property=\"og:image:type\" content=\"image\/jpeg\" \/>\n<meta name=\"author\" content=\"bvalente\" \/>\n<meta name=\"twitter:card\" content=\"summary_large_image\" \/>\n<meta name=\"twitter:label1\" content=\"Written by\" \/>\n\t<meta name=\"twitter:data1\" content=\"bvalente\" \/>\n\t<meta name=\"twitter:label2\" content=\"Est. reading time\" \/>\n\t<meta name=\"twitter:data2\" content=\"5 minutos\" \/>\n<script type=\"application\/ld+json\" class=\"yoast-schema-graph\">{\"@context\":\"https:\/\/schema.org\",\"@graph\":[{\"@type\":\"WebPage\",\"@id\":\"https:\/\/www.manaus.am.gov.br\/semcom\/retirada-de-pulseiras-do-soumanaus-passo-a-paco-2026\/\",\"url\":\"https:\/\/www.manaus.am.gov.br\/semcom\/retirada-de-pulseiras-do-soumanaus-passo-a-paco-2026\/\",\"name\":\"PMM inicia retirada de pulseiras do \u2018#SouManaus2026\u2019\",\"isPartOf\":{\"@id\":\"https:\/\/www.manaus.am.gov.br\/semcom\/#website\"},\"primaryImageOfPage\":{\"@id\":\"https:\/\/www.manaus.am.gov.br\/semcom\/retirada-de-pulseiras-do-soumanaus-passo-a-paco-2026\/#primaryimage\"},\"image\":{\"@id\":\"https:\/\/www.manaus.am.gov.br\/semcom\/retirada-de-pulseiras-do-soumanaus-passo-a-paco-2026\/#primaryimage\"},\"thumbnailUrl\":\"https:\/\/www.manaus.am.gov.br\/semcom\/wp-content\/uploads\/sites\/5\/2026\/08\/55493230227_6f56c97ae8_c.jpg\",\"datePublished\":\"2026-08-28T23:32:13+00:00\",\"dateModified\":\"2026-08-31T16:51:30+00:00\",\"author\":{\"@id\":\"https:\/\/www.manaus.am.gov.br\/semcom\/#\/schema\/person\/466a0e03ae4b6062809046bd560ac955\"},\"description\":\"A Prefeitura de Manaus, iniciou, nesta sexta-feira, 28\/8, a retirada das pulseiras de acesso ao \u201c#SouManaus Passo a Pa\u00e7o 2026\u201d.\",\"inLanguage\":\"pt-BR\",\"potentialAction\":[{\"@type\":\"ReadAction\",\"target\":[\"https:\/\/www.manaus.am.gov.br\/semcom\/retirada-de-pulseiras-do-soumanaus-passo-a-paco-2026\/\"]}]},{\"@type\":\"ImageObject\",\"inLanguage\":\"pt-BR\",\"@id\":\"https:\/\/www.manaus.am.gov.br\/semcom\/retirada-de-pulseiras-do-soumanaus-passo-a-paco-2026\/#primaryimage\",\"url\":\"https:\/\/www.manaus.am.gov.br\/semcom\/wp-content\/uploads\/sites\/5\/2026\/08\/55493230227_6f56c97ae8_c.jpg\",\"contentUrl\":\"https:\/\/www.manaus.am.gov.br\/semcom\/wp-content\/uploads\/sites\/5\/2026\/08\/55493230227_6f56c97ae8_c.jpg\",\"width\":799,\"height\":533,\"caption\":\"#paratodosverem - Ponto de retirada de pulseiras\"},{\"@type\":\"WebSite\",\"@id\":\"https:\/\/www.manaus.am.gov.br\/semcom\/#website\",\"url\":\"https:\/\/www.manaus.am.gov.br\/semcom\/\",\"name\":\"SEMCOM\",\"description\":\"Secretaria Municipal de Comunica\u00e7\u00e3o\",\"potentialAction\":[{\"@type\":\"SearchAction\",\"target\":{\"@type\":\"EntryPoint\",\"urlTemplate\":\"https:\/\/www.manaus.am.gov.br\/semcom\/?s={search_term_string}\"},\"query-input\":\"required name=search_term_string\"}],\"inLanguage\":\"pt-BR\"},{\"@type\":\"Person\",\"@id\":\"https:\/\/www.manaus.am.gov.br\/semcom\/#\/schema\/person\/466a0e03ae4b6062809046bd560ac955\",\"name\":\"bvalente\",\"image\":{\"@type\":\"ImageObject\",\"inLanguage\":\"pt-BR\",\"@id\":\"https:\/\/www.manaus.am.gov.br\/semcom\/#\/schema\/person\/image\/\",\"url\":\"https:\/\/secure.gravatar.com\/avatar\/3e69bc2b014bdad41adfec3a39de07d2?s=96&d=mm&r=g\",\"contentUrl\":\"https:\/\/secure.gravatar.com\/avatar\/3e69bc2b014bdad41adfec3a39de07d2?s=96&d=mm&r=g\",\"caption\":\"bvalente\"}}]}<\/script>\n<!-- \/ Yoast SEO plugin. -->","yoast_head_json":{"title":"PMM inicia retirada de pulseiras do \u2018#SouManaus2026\u2019","description":"A Prefeitura de Manaus, iniciou, nesta sexta-feira, 28\/8, a retirada das pulseiras de acesso ao \u201c#SouManaus Passo a Pa\u00e7o 2026\u201d.","robots":{"index":"index","follow":"follow","max-snippet":"max-snippet:-1","max-image-preview":"max-image-preview:large","max-video-preview":"max-video-preview:-1"},"canonical":"https:\/\/www.manaus.am.gov.br\/semcom\/retirada-de-pulseiras-do-soumanaus-passo-a-paco-2026\/","og_locale":"pt_BR","og_type":"article","og_title":"PMM inicia retirada de pulseiras do \u2018#SouManaus2026\u2019","og_description":"A Prefeitura de Manaus, iniciou, nesta sexta-feira, 28\/8, a retirada das pulseiras de acesso ao \u201c#SouManaus Passo a Pa\u00e7o 2026\u201d.","og_url":"https:\/\/www.manaus.am.gov.br\/semcom\/retirada-de-pulseiras-do-soumanaus-passo-a-paco-2026\/","og_site_name":"SEMCOM","article_published_time":"2026-08-28T23:32:13+00:00","article_modified_time":"2026-08-31T16:51:30+00:00","og_image":[{"width":799,"height":533,"url":"https:\/\/www.manaus.am.gov.br\/semcom\/wp-content\/uploads\/sites\/5\/2026\/08\/55493230227_6f56c97ae8_c.jpg","type":"image\/jpeg"}],"author":"bvalente","twitter_card":"summary_large_image","twitter_misc":{"Written by":"bvalente","Est. reading time":"5 minutos"},"schema":{"@context":"https:\/\/schema.org","@graph":[{"@type":"WebPage","@id":"https:\/\/www.manaus.am.gov.br\/semcom\/retirada-de-pulseiras-do-soumanaus-passo-a-paco-2026\/","url":"https:\/\/www.manaus.am.gov.br\/semcom\/retirada-de-pulseiras-do-soumanaus-passo-a-paco-2026\/","name":"PMM inicia retirada de pulseiras do \u2018#SouManaus2026\u2019","isPartOf":{"@id":"https:\/\/www.manaus.am.gov.br\/semcom\/#website"},"primaryImageOfPage":{"@id":"https:\/\/www.manaus.am.gov.br\/semcom\/retirada-de-pulseiras-do-soumanaus-passo-a-paco-2026\/#primaryimage"},"image":{"@id":"https:\/\/www.manaus.am.gov.br\/semcom\/retirada-de-pulseiras-do-soumanaus-passo-a-paco-2026\/#primaryimage"},"thumbnailUrl":"https:\/\/www.manaus.am.gov.br\/semcom\/wp-content\/uploads\/sites\/5\/2026\/08\/55493230227_6f56c97ae8_c.jpg","datePublished":"2026-08-28T23:32:13+00:00","dateModified":"2026-08-31T16:51:30+00:00","author":{"@id":"https:\/\/www.manaus.am.gov.br\/semcom\/#\/schema\/person\/466a0e03ae4b6062809046bd560ac955"},"description":"A Prefeitura de Manaus, iniciou, nesta sexta-feira, 28\/8, a retirada das pulseiras de acesso ao \u201c#SouManaus Passo a Pa\u00e7o 2026\u201d.","inLanguage":"pt-BR","potentialAction":[{"@type":"ReadAction","target":["https:\/\/www.manaus.am.gov.br\/semcom\/retirada-de-pulseiras-do-soumanaus-passo-a-paco-2026\/"]}]},{"@type":"ImageObject","inLanguage":"pt-BR","@id":"https:\/\/www.manaus.am.gov.br\/semcom\/retirada-de-pulseiras-do-soumanaus-passo-a-paco-2026\/#primaryimage","url":"https:\/\/www.manaus.am.gov.br\/semcom\/wp-content\/uploads\/sites\/5\/2026\/08\/55493230227_6f56c97ae8_c.jpg","contentUrl":"https:\/\/www.manaus.am.gov.br\/semcom\/wp-content\/uploads\/sites\/5\/2026\/08\/55493230227_6f56c97ae8_c.jpg","width":799,"height":533,"caption":"#paratodosverem - Ponto de retirada de pulseiras"},{"@type":"WebSite","@id":"https:\/\/www.manaus.am.gov.br\/semcom\/#website","url":"https:\/\/www.manaus.am.gov.br\/semcom\/","name":"SEMCOM","description":"Secretaria Municipal de Comunica\u00e7\u00e3o","potentialAction":[{"@type":"SearchAction","target":{"@type":"EntryPoint","urlTemplate":"https:\/\/www.manaus.am.gov.br\/semcom\/?s={search_term_string}"},"query-input":"required name=search_term_string"}],"inLanguage":"pt-BR"},{"@type":"Person","@id":"https:\/\/www.manaus.am.gov.br\/semcom\/#\/schema\/person\/466a0e03ae4b6062809046bd560ac955","name":"bvalente","image":{"@type":"ImageObject","inLanguage":"pt-BR","@id":"https:\/\/www.manaus.am.gov.br\/semcom\/#\/schema\/person\/image\/","url":"https:\/\/secure.gravatar.com\/avatar\/3e69bc2b014bdad41adfec3a39de07d2?s=96&d=mm&r=g","contentUrl":"https:\/\/secure.gravatar.com\/avatar\/3e69bc2b014bdad41adfec3a39de07d2?s=96&d=mm&r=g","caption":"bvalente"}}]}},"_links":{"self":[{"href":"https:\/\/www.manaus.am.gov.br\/semcom\/wp-json\/wp\/v2\/posts\/269047"}],"collection":[{"href":"https:\/\/www.manaus.am.gov.br\/semcom\/wp-json\/wp\/v2\/posts"}],"about":[{"href":"https:\/\/www.manaus.am.gov.br\/semcom\/wp-json\/wp\/v2\/types\/post"}],"author":[{"embeddable":true,"href":"https:\/\/www.manaus.am.gov.br\/semcom\/wp-json\/wp\/v2\/users\/68"}],"replies":[{"embeddable":true,"href":"https:\/\/www.manaus.am.gov.br\/semcom\/wp-json\/wp\/v2\/comments?post=269047"}],"version-history":[{"count":3,"href":"https:\/\/www.manaus.am.gov.br\/semcom\/wp-json\/wp\/v2\/posts\/269047\/revisions"}],"predecessor-version":[{"id":269093,"href":"https:\/\/www.manaus.am.gov.br\/semcom\/wp-json\/wp\/v2\/posts\/269047\/revisions\/269093"}],"wp:featuredmedia":[{"embeddable":true,"href":"https:\/\/www.manaus.am.gov.br\/semcom\/wp-json\/wp\/v2\/media\/269049"}],"wp:attachment":[{"href":"https:\/\/www.manaus.am.gov.br\/semcom\/wp-json\/wp\/v2\/media?parent=269047"}],"wp:term":[{"taxonomy":"category","embeddable":true,"href":"https:\/\/www.manaus.am.gov.br\/semcom\/wp-json\/wp\/v2\/categories?post=269047"},{"taxonomy":"post_tag","embeddable":true,"href":"https:\/\/www.manaus.am.gov.br\/semcom\/wp-json\/wp\/v2\/tags?post=269047"}],"curies":[{"name":"wp","href":"https:\/\/api.w.org\/{rel}","templated":true}]}}