{"id":269025,"date":"2026-08-28T16:40:36","date_gmt":"2026-08-28T20:40:36","guid":{"rendered":"https:\/\/www.manaus.am.gov.br\/semcom\/operacao-transito-transporte-corrida-bemol\/"},"modified":"2026-08-28T18:06:47","modified_gmt":"2026-08-28T21:06:47","slug":"operacao-transito-transporte-corrida-bemol","status":"publish","type":"post","link":"https:\/\/www.manaus.am.gov.br\/semcom\/operacao-transito-transporte-corrida-bemol\/","title":{"rendered":"Prefeitura organiza tr\u00e2nsito e transporte para a realiza\u00e7\u00e3o da Corrida Bemol neste domingo, 30\/8"},"content":{"rendered":"\n<p>A Prefeitura de Manaus, por meio do Instituto Municipal de Mobilidade Urbana (IMMU), promove, neste domingo, 30\/8, uma opera\u00e7\u00e3o especial de tr\u00e2nsito para garantir seguran\u00e7a vi\u00e1ria durante a realiza\u00e7\u00e3o da Corrida Bemol. A programa\u00e7\u00e3o ocorrer\u00e1 entre 5h e 8h, com interdi\u00e7\u00f5es tempor\u00e1rias, acompanhamento das equipes de tr\u00e2nsito e altera\u00e7\u00f5es no transporte coletivo no entorno da Arena da Amaz\u00f4nia e em importantes corredores vi\u00e1rios da regi\u00e3o.<\/p>\n\n\n\n<p>Durante a prova, agentes do IMMU estar\u00e3o posicionados nos principais cruzamentos e pontos de interven\u00e7\u00e3o para orientar motoristas, organizar a circula\u00e7\u00e3o e garantir a seguran\u00e7a dos corredores. As interdi\u00e7\u00f5es ser\u00e3o realizadas de forma tempor\u00e1ria e as vias ser\u00e3o liberadas gradativamente assim que os participantes passarem pelos respectivos trechos, reduzindo os impactos para quem precisar circular pela regi\u00e3o.<\/p>\n\n\n\n<p>O planejamento operacional alcan\u00e7a principalmente trechos da avenida Constantino Nery e do entorno da Arena da Amaz\u00f4nia, com utiliza\u00e7\u00e3o de vias alternativas como as avenidas Djalma Batista, Pedro Teixeira, \u00c1lvaro Maia e Brasil, al\u00e9m das ruas L\u00f3ris Cordovil e Par\u00e1 e da avenida Belmiro Vianez.<\/p>\n\n\n\n<figure class=\"wp-block-image size-full\"><img loading=\"lazy\" decoding=\"async\" width=\"600\" height=\"438\" src=\"https:\/\/www.manaus.am.gov.br\/semcom\/wp-content\/uploads\/sites\/5\/2026\/08\/1.jpg\" alt=\"\" class=\"wp-image-269027\" srcset=\"https:\/\/www.manaus.am.gov.br\/semcom\/wp-content\/uploads\/sites\/5\/2026\/08\/1.jpg 600w, https:\/\/www.manaus.am.gov.br\/semcom\/wp-content\/uploads\/sites\/5\/2026\/08\/1-300x219.jpg 300w\" sizes=\"(max-width: 600px) 100vw, 600px\" \/><figcaption class=\"wp-element-caption\">#paratodosverem &#8211; Mapa e informa\u00e7\u00f5es<\/figcaption><\/figure>\n\n\n\n<p>Durante o per\u00edodo do evento, as linhas 455, 118, 652 e 540 ter\u00e3o altera\u00e7\u00f5es tempor\u00e1rias de itiner\u00e1rio na regi\u00e3o da Constantino Nery e dever\u00e3o utilizar trechos das avenidas Djalma Batista e Pedro Teixeira, al\u00e9m da rua L\u00f3ris Cordovil e avenida Belmiro Vianez, antes de retornarem aos itiner\u00e1rios regulares. As demais linhas que circulam pela Constantino Nery tamb\u00e9m ter\u00e3o desvio pelo entorno da Arena da Amaz\u00f4nia.<\/p>\n\n\n\n<p>Tamb\u00e9m sofrer\u00e3o altera\u00e7\u00e3o as linhas 001, 100, 101, 102, 111, 113, 116, 119, 126, 127 e 130. No trajeto de volta, os \u00f4nibus seguir\u00e3o pela avenida Constantino Nery, rua Par\u00e1, avenida Djalma Batista, avenida \u00c1lvaro Maia e avenida Brasil, retomando posteriormente o itiner\u00e1rio normal.<\/p>\n\n\n\n<p>A orienta\u00e7\u00e3o do IMMU \u00e9 para que os motoristas reduzam a velocidade ao se aproximarem dos pontos de interven\u00e7\u00e3o, respeitem a sinaliza\u00e7\u00e3o tempor\u00e1ria e sigam as orienta\u00e7\u00f5es dos agentes de tr\u00e2nsito. Quem n\u00e3o tiver como destino a regi\u00e3o do evento deve, sempre que poss\u00edvel, optar por rotas alternativas durante o per\u00edodo da corrida.<\/p>\n\n\n\n<figure class=\"wp-block-image size-full\"><img loading=\"lazy\" decoding=\"async\" width=\"598\" height=\"442\" src=\"https:\/\/www.manaus.am.gov.br\/semcom\/wp-content\/uploads\/sites\/5\/2026\/08\/2.jpg\" alt=\"\" class=\"wp-image-269026\" srcset=\"https:\/\/www.manaus.am.gov.br\/semcom\/wp-content\/uploads\/sites\/5\/2026\/08\/2.jpg 598w, https:\/\/www.manaus.am.gov.br\/semcom\/wp-content\/uploads\/sites\/5\/2026\/08\/2-300x222.jpg 300w\" sizes=\"(max-width: 598px) 100vw, 598px\" \/><figcaption class=\"wp-element-caption\">#paratodosverem &#8211; Mapa e informa\u00e7\u00f5es<\/figcaption><\/figure>\n\n\n\n<p>&#8212; &#8212; &#8212;<\/p>\n\n\n\n<p><strong>Texto<\/strong> &#8211; Marcelo Lima\/IMMU<\/p>\n\n\n\n<p><strong>Ilustra\u00e7\u00e3o <\/strong>&#8211; Divulga\u00e7\u00e3o\/IMMU<\/p>\n","protected":false},"excerpt":{"rendered":"","protected":false},"author":39,"featured_media":258770,"comment_status":"closed","ping_status":"closed","sticky":false,"template":"","format":"standard","meta":{"footnotes":""},"categories":[59],"tags":[6792,12,5107,23097,77],"acf":[],"yoast_head":"<!-- This site is optimized with the Yoast SEO plugin v23.0 - https:\/\/yoast.com\/wordpress\/plugins\/seo\/ -->\n<title>Prefeitura organiza tr\u00e2nsito e transporte para a Corrida Bemol<\/title>\n<meta name=\"description\" content=\"Prefeitura de Manaus organiza tr\u00e2nsito e transporte para a realiza\u00e7\u00e3o da Corrida Bemol neste domingo, 30\/8.\" \/>\n<meta name=\"robots\" content=\"index, follow, max-snippet:-1, max-image-preview:large, max-video-preview:-1\" \/>\n<link rel=\"canonical\" href=\"https:\/\/www.manaus.am.gov.br\/semcom\/operacao-transito-transporte-corrida-bemol\/\" \/>\n<meta property=\"og:locale\" content=\"pt_BR\" \/>\n<meta property=\"og:type\" content=\"article\" \/>\n<meta property=\"og:title\" content=\"Prefeitura organiza tr\u00e2nsito e transporte para a Corrida Bemol\" \/>\n<meta property=\"og:description\" content=\"Prefeitura de Manaus organiza tr\u00e2nsito e transporte para a realiza\u00e7\u00e3o da Corrida Bemol neste domingo, 30\/8.\" \/>\n<meta property=\"og:url\" content=\"https:\/\/www.manaus.am.gov.br\/semcom\/operacao-transito-transporte-corrida-bemol\/\" \/>\n<meta property=\"og:site_name\" content=\"SEMCOM\" \/>\n<meta property=\"article:published_time\" content=\"2026-08-28T20:40:36+00:00\" \/>\n<meta property=\"article:modified_time\" content=\"2026-08-28T21:06:47+00:00\" \/>\n<meta property=\"og:image\" content=\"https:\/\/www.manaus.am.gov.br\/semcom\/wp-content\/uploads\/sites\/5\/2026\/05\/NOTA-BANNER-SITE.png\" \/>\n\t<meta property=\"og:image:width\" content=\"900\" \/>\n\t<meta property=\"og:image:height\" content=\"509\" \/>\n\t<meta property=\"og:image:type\" content=\"image\/png\" \/>\n<meta name=\"author\" content=\"Bruna Greco\" \/>\n<meta name=\"twitter:card\" content=\"summary_large_image\" \/>\n<meta name=\"twitter:label1\" content=\"Written by\" \/>\n\t<meta name=\"twitter:data1\" content=\"Bruna Greco\" \/>\n\t<meta name=\"twitter:label2\" content=\"Est. reading time\" \/>\n\t<meta name=\"twitter:data2\" content=\"3 minutos\" \/>\n<script type=\"application\/ld+json\" class=\"yoast-schema-graph\">{\"@context\":\"https:\/\/schema.org\",\"@graph\":[{\"@type\":\"WebPage\",\"@id\":\"https:\/\/www.manaus.am.gov.br\/semcom\/operacao-transito-transporte-corrida-bemol\/\",\"url\":\"https:\/\/www.manaus.am.gov.br\/semcom\/operacao-transito-transporte-corrida-bemol\/\",\"name\":\"Prefeitura organiza tr\u00e2nsito e transporte para a Corrida Bemol\",\"isPartOf\":{\"@id\":\"https:\/\/www.manaus.am.gov.br\/semcom\/#website\"},\"primaryImageOfPage\":{\"@id\":\"https:\/\/www.manaus.am.gov.br\/semcom\/operacao-transito-transporte-corrida-bemol\/#primaryimage\"},\"image\":{\"@id\":\"https:\/\/www.manaus.am.gov.br\/semcom\/operacao-transito-transporte-corrida-bemol\/#primaryimage\"},\"thumbnailUrl\":\"https:\/\/www.manaus.am.gov.br\/semcom\/wp-content\/uploads\/sites\/5\/2026\/05\/NOTA-BANNER-SITE.png\",\"datePublished\":\"2026-08-28T20:40:36+00:00\",\"dateModified\":\"2026-08-28T21:06:47+00:00\",\"author\":{\"@id\":\"https:\/\/www.manaus.am.gov.br\/semcom\/#\/schema\/person\/05d223aea2bf115f9883a6ff3683d81b\"},\"description\":\"Prefeitura de Manaus organiza tr\u00e2nsito e transporte para a realiza\u00e7\u00e3o da Corrida Bemol neste domingo, 30\/8.\",\"inLanguage\":\"pt-BR\",\"potentialAction\":[{\"@type\":\"ReadAction\",\"target\":[\"https:\/\/www.manaus.am.gov.br\/semcom\/operacao-transito-transporte-corrida-bemol\/\"]}]},{\"@type\":\"ImageObject\",\"inLanguage\":\"pt-BR\",\"@id\":\"https:\/\/www.manaus.am.gov.br\/semcom\/operacao-transito-transporte-corrida-bemol\/#primaryimage\",\"url\":\"https:\/\/www.manaus.am.gov.br\/semcom\/wp-content\/uploads\/sites\/5\/2026\/05\/NOTA-BANNER-SITE.png\",\"contentUrl\":\"https:\/\/www.manaus.am.gov.br\/semcom\/wp-content\/uploads\/sites\/5\/2026\/05\/NOTA-BANNER-SITE.png\",\"width\":900,\"height\":509},{\"@type\":\"WebSite\",\"@id\":\"https:\/\/www.manaus.am.gov.br\/semcom\/#website\",\"url\":\"https:\/\/www.manaus.am.gov.br\/semcom\/\",\"name\":\"SEMCOM\",\"description\":\"Secretaria Municipal de Comunica\u00e7\u00e3o\",\"potentialAction\":[{\"@type\":\"SearchAction\",\"target\":{\"@type\":\"EntryPoint\",\"urlTemplate\":\"https:\/\/www.manaus.am.gov.br\/semcom\/?s={search_term_string}\"},\"query-input\":\"required name=search_term_string\"}],\"inLanguage\":\"pt-BR\"},{\"@type\":\"Person\",\"@id\":\"https:\/\/www.manaus.am.gov.br\/semcom\/#\/schema\/person\/05d223aea2bf115f9883a6ff3683d81b\",\"name\":\"Bruna Greco\",\"image\":{\"@type\":\"ImageObject\",\"inLanguage\":\"pt-BR\",\"@id\":\"https:\/\/www.manaus.am.gov.br\/semcom\/#\/schema\/person\/image\/\",\"url\":\"https:\/\/secure.gravatar.com\/avatar\/9c877d1a6adc2a055330e5c09a8653ce?s=96&d=mm&r=g\",\"contentUrl\":\"https:\/\/secure.gravatar.com\/avatar\/9c877d1a6adc2a055330e5c09a8653ce?s=96&d=mm&r=g\",\"caption\":\"Bruna Greco\"}}]}<\/script>\n<!-- \/ Yoast SEO plugin. -->","yoast_head_json":{"title":"Prefeitura organiza tr\u00e2nsito e transporte para a Corrida Bemol","description":"Prefeitura de Manaus organiza tr\u00e2nsito e transporte para a realiza\u00e7\u00e3o da Corrida Bemol neste domingo, 30\/8.","robots":{"index":"index","follow":"follow","max-snippet":"max-snippet:-1","max-image-preview":"max-image-preview:large","max-video-preview":"max-video-preview:-1"},"canonical":"https:\/\/www.manaus.am.gov.br\/semcom\/operacao-transito-transporte-corrida-bemol\/","og_locale":"pt_BR","og_type":"article","og_title":"Prefeitura organiza tr\u00e2nsito e transporte para a Corrida Bemol","og_description":"Prefeitura de Manaus organiza tr\u00e2nsito e transporte para a realiza\u00e7\u00e3o da Corrida Bemol neste domingo, 30\/8.","og_url":"https:\/\/www.manaus.am.gov.br\/semcom\/operacao-transito-transporte-corrida-bemol\/","og_site_name":"SEMCOM","article_published_time":"2026-08-28T20:40:36+00:00","article_modified_time":"2026-08-28T21:06:47+00:00","og_image":[{"width":900,"height":509,"url":"https:\/\/www.manaus.am.gov.br\/semcom\/wp-content\/uploads\/sites\/5\/2026\/05\/NOTA-BANNER-SITE.png","type":"image\/png"}],"author":"Bruna Greco","twitter_card":"summary_large_image","twitter_misc":{"Written by":"Bruna Greco","Est. reading time":"3 minutos"},"schema":{"@context":"https:\/\/schema.org","@graph":[{"@type":"WebPage","@id":"https:\/\/www.manaus.am.gov.br\/semcom\/operacao-transito-transporte-corrida-bemol\/","url":"https:\/\/www.manaus.am.gov.br\/semcom\/operacao-transito-transporte-corrida-bemol\/","name":"Prefeitura organiza tr\u00e2nsito e transporte para a Corrida Bemol","isPartOf":{"@id":"https:\/\/www.manaus.am.gov.br\/semcom\/#website"},"primaryImageOfPage":{"@id":"https:\/\/www.manaus.am.gov.br\/semcom\/operacao-transito-transporte-corrida-bemol\/#primaryimage"},"image":{"@id":"https:\/\/www.manaus.am.gov.br\/semcom\/operacao-transito-transporte-corrida-bemol\/#primaryimage"},"thumbnailUrl":"https:\/\/www.manaus.am.gov.br\/semcom\/wp-content\/uploads\/sites\/5\/2026\/05\/NOTA-BANNER-SITE.png","datePublished":"2026-08-28T20:40:36+00:00","dateModified":"2026-08-28T21:06:47+00:00","author":{"@id":"https:\/\/www.manaus.am.gov.br\/semcom\/#\/schema\/person\/05d223aea2bf115f9883a6ff3683d81b"},"description":"Prefeitura de Manaus organiza tr\u00e2nsito e transporte para a realiza\u00e7\u00e3o da Corrida Bemol neste domingo, 30\/8.","inLanguage":"pt-BR","potentialAction":[{"@type":"ReadAction","target":["https:\/\/www.manaus.am.gov.br\/semcom\/operacao-transito-transporte-corrida-bemol\/"]}]},{"@type":"ImageObject","inLanguage":"pt-BR","@id":"https:\/\/www.manaus.am.gov.br\/semcom\/operacao-transito-transporte-corrida-bemol\/#primaryimage","url":"https:\/\/www.manaus.am.gov.br\/semcom\/wp-content\/uploads\/sites\/5\/2026\/05\/NOTA-BANNER-SITE.png","contentUrl":"https:\/\/www.manaus.am.gov.br\/semcom\/wp-content\/uploads\/sites\/5\/2026\/05\/NOTA-BANNER-SITE.png","width":900,"height":509},{"@type":"WebSite","@id":"https:\/\/www.manaus.am.gov.br\/semcom\/#website","url":"https:\/\/www.manaus.am.gov.br\/semcom\/","name":"SEMCOM","description":"Secretaria Municipal de Comunica\u00e7\u00e3o","potentialAction":[{"@type":"SearchAction","target":{"@type":"EntryPoint","urlTemplate":"https:\/\/www.manaus.am.gov.br\/semcom\/?s={search_term_string}"},"query-input":"required name=search_term_string"}],"inLanguage":"pt-BR"},{"@type":"Person","@id":"https:\/\/www.manaus.am.gov.br\/semcom\/#\/schema\/person\/05d223aea2bf115f9883a6ff3683d81b","name":"Bruna Greco","image":{"@type":"ImageObject","inLanguage":"pt-BR","@id":"https:\/\/www.manaus.am.gov.br\/semcom\/#\/schema\/person\/image\/","url":"https:\/\/secure.gravatar.com\/avatar\/9c877d1a6adc2a055330e5c09a8653ce?s=96&d=mm&r=g","contentUrl":"https:\/\/secure.gravatar.com\/avatar\/9c877d1a6adc2a055330e5c09a8653ce?s=96&d=mm&r=g","caption":"Bruna Greco"}}]}},"_links":{"self":[{"href":"https:\/\/www.manaus.am.gov.br\/semcom\/wp-json\/wp\/v2\/posts\/269025"}],"collection":[{"href":"https:\/\/www.manaus.am.gov.br\/semcom\/wp-json\/wp\/v2\/posts"}],"about":[{"href":"https:\/\/www.manaus.am.gov.br\/semcom\/wp-json\/wp\/v2\/types\/post"}],"author":[{"embeddable":true,"href":"https:\/\/www.manaus.am.gov.br\/semcom\/wp-json\/wp\/v2\/users\/39"}],"replies":[{"embeddable":true,"href":"https:\/\/www.manaus.am.gov.br\/semcom\/wp-json\/wp\/v2\/comments?post=269025"}],"version-history":[{"count":3,"href":"https:\/\/www.manaus.am.gov.br\/semcom\/wp-json\/wp\/v2\/posts\/269025\/revisions"}],"predecessor-version":[{"id":269030,"href":"https:\/\/www.manaus.am.gov.br\/semcom\/wp-json\/wp\/v2\/posts\/269025\/revisions\/269030"}],"wp:featuredmedia":[{"embeddable":true,"href":"https:\/\/www.manaus.am.gov.br\/semcom\/wp-json\/wp\/v2\/media\/258770"}],"wp:attachment":[{"href":"https:\/\/www.manaus.am.gov.br\/semcom\/wp-json\/wp\/v2\/media?parent=269025"}],"wp:term":[{"taxonomy":"category","embeddable":true,"href":"https:\/\/www.manaus.am.gov.br\/semcom\/wp-json\/wp\/v2\/categories?post=269025"},{"taxonomy":"post_tag","embeddable":true,"href":"https:\/\/www.manaus.am.gov.br\/semcom\/wp-json\/wp\/v2\/tags?post=269025"}],"curies":[{"name":"wp","href":"https:\/\/api.w.org\/{rel}","templated":true}]}}