{"id":268990,"date":"2026-08-28T13:01:07","date_gmt":"2026-08-28T17:01:07","guid":{"rendered":"https:\/\/www.manaus.am.gov.br\/semcom\/prefeitura-immu-mudanca-linha020\/"},"modified":"2026-08-28T13:01:07","modified_gmt":"2026-08-28T17:01:07","slug":"prefeitura-immu-mudanca-linha020","status":"publish","type":"post","link":"https:\/\/www.manaus.am.gov.br\/semcom\/prefeitura-immu-mudanca-linha020\/","title":{"rendered":"Prefeitura de Manaus altera itiner\u00e1rio da linha 020 para atender comunidades na BR-174 e AM-010"},"content":{"rendered":"\n<p>A Prefeitura de Manaus, por meio do Instituto Municipal de Mobilidade Urbana (IMMU), promove, a partir de ter\u00e7a-feira, 1\u00ba\/9, altera\u00e7\u00e3o no itiner\u00e1rio da linha 020 (T7 \/ Alian\u00e7a com Deus II \/ comunidade S\u00e3o Jo\u00e3o)&nbsp;e visa estender o atendimento aos moradores das comunidades Alian\u00e7a com Deus 2 e 23 de Setembro, al\u00e9m das \u00e1reas j\u00e1 integradas ao itiner\u00e1rio da linha.<\/p>\n\n\n\n<p>A altera\u00e7\u00e3o abrange tamb\u00e9m o entorno das comunidades S\u00e3o Jo\u00e3o e Ismail Aziz nas imedia\u00e7\u00f5es das rodovias AM-010 e BR-174, \u00e1rea rural da capital.<\/p>\n\n\n\n<p>Partindo do Terminal de Integra\u00e7\u00e3o 7 (T7), no bairro Tarum\u00e3, a linha segue pelas vias: avenida Tarum\u00e3; avenida Torquato Tapaj\u00f3s; rodovia AM-010; avenida dos Guaran\u00e1s; rua 8 de Outubro; rua Lago do Bonfim; rua Flor de Baunilha; rua Flor de L\u00f3tus; avenida L\u00edrio do Amazonas; rodovia BR-174; rua Professor Paulo Gra\u00e7a; ramal do Luso; rua Imbu; rua Glox\u00ednia; rua Jaca; retorno pelo ramal do Luso; rodovia BR-174;&nbsp; e avenida Torquato Tapaj\u00f3s at\u00e9 o Terminal de Integra\u00e7\u00e3o 7.<\/p>\n\n\n\n<p>Com a adequa\u00e7\u00e3o da linha 020, a medida amplia a cobertura do transporte p\u00fablico em \u00e1reas que demandavam acesso direto, al\u00e9m de garantir maior integra\u00e7\u00e3o com o Terminal 7 e mais comodidade no deslocamento di\u00e1rio dos moradores das comunidades atendidas.&nbsp;<\/p>\n\n\n\n<p>O IMMU orienta os passageiros a ficarem atentos ao novo itiner\u00e1rio, que entra em opera\u00e7\u00e3o a partir do dia 1\u00ba\/9.<\/p>\n\n\n\n<figure class=\"wp-block-image size-large\"><img loading=\"lazy\" decoding=\"async\" width=\"1024\" height=\"666\" src=\"https:\/\/www.manaus.am.gov.br\/semcom\/wp-content\/uploads\/sites\/5\/2026\/08\/MUDANCA-LINHA-020-1024x666.jpeg\" alt=\"\" class=\"wp-image-268991\" srcset=\"https:\/\/www.manaus.am.gov.br\/semcom\/wp-content\/uploads\/sites\/5\/2026\/08\/MUDANCA-LINHA-020-1024x666.jpeg 1024w, https:\/\/www.manaus.am.gov.br\/semcom\/wp-content\/uploads\/sites\/5\/2026\/08\/MUDANCA-LINHA-020-300x195.jpeg 300w, https:\/\/www.manaus.am.gov.br\/semcom\/wp-content\/uploads\/sites\/5\/2026\/08\/MUDANCA-LINHA-020-768x499.jpeg 768w, https:\/\/www.manaus.am.gov.br\/semcom\/wp-content\/uploads\/sites\/5\/2026\/08\/MUDANCA-LINHA-020-1536x998.jpeg 1536w, https:\/\/www.manaus.am.gov.br\/semcom\/wp-content\/uploads\/sites\/5\/2026\/08\/MUDANCA-LINHA-020.jpeg 1600w\" sizes=\"(max-width: 1024px) 100vw, 1024px\" \/><\/figure>\n\n\n\n<p>&#8212; &#8212; &#8212;<\/p>\n\n\n\n<p><strong>Texto<\/strong> &#8211; Alisson Castro\/IMMU<\/p>\n\n\n\n<p><strong>Ilustra\u00e7\u00e3o<\/strong> &#8211; Divulga\u00e7\u00e3o\/IMMU<\/p>\n","protected":false},"excerpt":{"rendered":"","protected":false},"author":23,"featured_media":258770,"comment_status":"closed","ping_status":"closed","sticky":false,"template":"","format":"standard","meta":{"footnotes":""},"categories":[59],"tags":[17841,923,12,14982,77,4123,911],"acf":[],"yoast_head":"<!-- This site is optimized with the Yoast SEO plugin v23.0 - https:\/\/yoast.com\/wordpress\/plugins\/seo\/ -->\n<title>Prefeitura de Manaus altera itiner\u00e1rio da linha 020 para atender comunidades na BR-174 e AM-010<\/title>\n<meta name=\"description\" content=\"A Prefeitura de Manaus, por meio do Instituto Municipal de Mobilidade Urbana (IMMU), promove, a partir de ter\u00e7a-feira, 1\u00ba\/9, altera\u00e7\u00e3o no itiner\u00e1rio da linha 020 (T7 \/ Alian\u00e7a com Deus II \/ comunidade S\u00e3o Jo\u00e3o) e visa estender o atendimento aos moradores das comunidades Alian\u00e7a com Deus 2 e 23 de Setembro, al\u00e9m das \u00e1reas j\u00e1 integradas ao itiner\u00e1rio da linha.\" \/>\n<meta name=\"robots\" content=\"index, follow, max-snippet:-1, max-image-preview:large, max-video-preview:-1\" \/>\n<link rel=\"canonical\" href=\"https:\/\/www.manaus.am.gov.br\/semcom\/prefeitura-immu-mudanca-linha020\/\" \/>\n<meta property=\"og:locale\" content=\"pt_BR\" \/>\n<meta property=\"og:type\" content=\"article\" \/>\n<meta property=\"og:title\" content=\"Prefeitura de Manaus altera itiner\u00e1rio da linha 020 para atender comunidades na BR-174 e AM-010\" \/>\n<meta property=\"og:description\" content=\"A Prefeitura de Manaus, por meio do Instituto Municipal de Mobilidade Urbana (IMMU), promove, a partir de ter\u00e7a-feira, 1\u00ba\/9, altera\u00e7\u00e3o no itiner\u00e1rio da linha 020 (T7 \/ Alian\u00e7a com Deus II \/ comunidade S\u00e3o Jo\u00e3o) e visa estender o atendimento aos moradores das comunidades Alian\u00e7a com Deus 2 e 23 de Setembro, al\u00e9m das \u00e1reas j\u00e1 integradas ao itiner\u00e1rio da linha.\" \/>\n<meta property=\"og:url\" content=\"https:\/\/www.manaus.am.gov.br\/semcom\/prefeitura-immu-mudanca-linha020\/\" \/>\n<meta property=\"og:site_name\" content=\"SEMCOM\" \/>\n<meta property=\"article:published_time\" content=\"2026-08-28T17:01:07+00:00\" \/>\n<meta property=\"og:image\" content=\"https:\/\/www.manaus.am.gov.br\/semcom\/wp-content\/uploads\/sites\/5\/2026\/05\/NOTA-BANNER-SITE.png\" \/>\n\t<meta property=\"og:image:width\" content=\"900\" \/>\n\t<meta property=\"og:image:height\" content=\"509\" \/>\n\t<meta property=\"og:image:type\" content=\"image\/png\" \/>\n<meta name=\"author\" content=\"Adriana Costa\" \/>\n<meta name=\"twitter:card\" content=\"summary_large_image\" \/>\n<meta name=\"twitter:label1\" content=\"Written by\" \/>\n\t<meta name=\"twitter:data1\" content=\"Adriana Costa\" \/>\n\t<meta name=\"twitter:label2\" content=\"Est. reading time\" \/>\n\t<meta name=\"twitter:data2\" content=\"2 minutos\" \/>\n<script type=\"application\/ld+json\" class=\"yoast-schema-graph\">{\"@context\":\"https:\/\/schema.org\",\"@graph\":[{\"@type\":\"WebPage\",\"@id\":\"https:\/\/www.manaus.am.gov.br\/semcom\/prefeitura-immu-mudanca-linha020\/\",\"url\":\"https:\/\/www.manaus.am.gov.br\/semcom\/prefeitura-immu-mudanca-linha020\/\",\"name\":\"Prefeitura de Manaus altera itiner\u00e1rio da linha 020 para atender comunidades na BR-174 e AM-010\",\"isPartOf\":{\"@id\":\"https:\/\/www.manaus.am.gov.br\/semcom\/#website\"},\"primaryImageOfPage\":{\"@id\":\"https:\/\/www.manaus.am.gov.br\/semcom\/prefeitura-immu-mudanca-linha020\/#primaryimage\"},\"image\":{\"@id\":\"https:\/\/www.manaus.am.gov.br\/semcom\/prefeitura-immu-mudanca-linha020\/#primaryimage\"},\"thumbnailUrl\":\"https:\/\/www.manaus.am.gov.br\/semcom\/wp-content\/uploads\/sites\/5\/2026\/05\/NOTA-BANNER-SITE.png\",\"datePublished\":\"2026-08-28T17:01:07+00:00\",\"dateModified\":\"2026-08-28T17:01:07+00:00\",\"author\":{\"@id\":\"https:\/\/www.manaus.am.gov.br\/semcom\/#\/schema\/person\/4e49f4e267757a06ca072ec61b2b9968\"},\"description\":\"A Prefeitura de Manaus, por meio do Instituto Municipal de Mobilidade Urbana (IMMU), promove, a partir de ter\u00e7a-feira, 1\u00ba\/9, altera\u00e7\u00e3o no itiner\u00e1rio da linha 020 (T7 \/ Alian\u00e7a com Deus II \/ comunidade S\u00e3o Jo\u00e3o) e visa estender o atendimento aos moradores das comunidades Alian\u00e7a com Deus 2 e 23 de Setembro, al\u00e9m das \u00e1reas j\u00e1 integradas ao itiner\u00e1rio da linha.\",\"inLanguage\":\"pt-BR\",\"potentialAction\":[{\"@type\":\"ReadAction\",\"target\":[\"https:\/\/www.manaus.am.gov.br\/semcom\/prefeitura-immu-mudanca-linha020\/\"]}]},{\"@type\":\"ImageObject\",\"inLanguage\":\"pt-BR\",\"@id\":\"https:\/\/www.manaus.am.gov.br\/semcom\/prefeitura-immu-mudanca-linha020\/#primaryimage\",\"url\":\"https:\/\/www.manaus.am.gov.br\/semcom\/wp-content\/uploads\/sites\/5\/2026\/05\/NOTA-BANNER-SITE.png\",\"contentUrl\":\"https:\/\/www.manaus.am.gov.br\/semcom\/wp-content\/uploads\/sites\/5\/2026\/05\/NOTA-BANNER-SITE.png\",\"width\":900,\"height\":509},{\"@type\":\"WebSite\",\"@id\":\"https:\/\/www.manaus.am.gov.br\/semcom\/#website\",\"url\":\"https:\/\/www.manaus.am.gov.br\/semcom\/\",\"name\":\"SEMCOM\",\"description\":\"Secretaria Municipal de Comunica\u00e7\u00e3o\",\"potentialAction\":[{\"@type\":\"SearchAction\",\"target\":{\"@type\":\"EntryPoint\",\"urlTemplate\":\"https:\/\/www.manaus.am.gov.br\/semcom\/?s={search_term_string}\"},\"query-input\":\"required name=search_term_string\"}],\"inLanguage\":\"pt-BR\"},{\"@type\":\"Person\",\"@id\":\"https:\/\/www.manaus.am.gov.br\/semcom\/#\/schema\/person\/4e49f4e267757a06ca072ec61b2b9968\",\"name\":\"Adriana Costa\",\"image\":{\"@type\":\"ImageObject\",\"inLanguage\":\"pt-BR\",\"@id\":\"https:\/\/www.manaus.am.gov.br\/semcom\/#\/schema\/person\/image\/\",\"url\":\"https:\/\/secure.gravatar.com\/avatar\/576258617ef7194f718179e766d57bd4?s=96&d=mm&r=g\",\"contentUrl\":\"https:\/\/secure.gravatar.com\/avatar\/576258617ef7194f718179e766d57bd4?s=96&d=mm&r=g\",\"caption\":\"Adriana Costa\"}}]}<\/script>\n<!-- \/ Yoast SEO plugin. -->","yoast_head_json":{"title":"Prefeitura de Manaus altera itiner\u00e1rio da linha 020 para atender comunidades na BR-174 e AM-010","description":"A Prefeitura de Manaus, por meio do Instituto Municipal de Mobilidade Urbana (IMMU), promove, a partir de ter\u00e7a-feira, 1\u00ba\/9, altera\u00e7\u00e3o no itiner\u00e1rio da linha 020 (T7 \/ Alian\u00e7a com Deus II \/ comunidade S\u00e3o Jo\u00e3o) e visa estender o atendimento aos moradores das comunidades Alian\u00e7a com Deus 2 e 23 de Setembro, al\u00e9m das \u00e1reas j\u00e1 integradas ao itiner\u00e1rio da linha.","robots":{"index":"index","follow":"follow","max-snippet":"max-snippet:-1","max-image-preview":"max-image-preview:large","max-video-preview":"max-video-preview:-1"},"canonical":"https:\/\/www.manaus.am.gov.br\/semcom\/prefeitura-immu-mudanca-linha020\/","og_locale":"pt_BR","og_type":"article","og_title":"Prefeitura de Manaus altera itiner\u00e1rio da linha 020 para atender comunidades na BR-174 e AM-010","og_description":"A Prefeitura de Manaus, por meio do Instituto Municipal de Mobilidade Urbana (IMMU), promove, a partir de ter\u00e7a-feira, 1\u00ba\/9, altera\u00e7\u00e3o no itiner\u00e1rio da linha 020 (T7 \/ Alian\u00e7a com Deus II \/ comunidade S\u00e3o Jo\u00e3o) e visa estender o atendimento aos moradores das comunidades Alian\u00e7a com Deus 2 e 23 de Setembro, al\u00e9m das \u00e1reas j\u00e1 integradas ao itiner\u00e1rio da linha.","og_url":"https:\/\/www.manaus.am.gov.br\/semcom\/prefeitura-immu-mudanca-linha020\/","og_site_name":"SEMCOM","article_published_time":"2026-08-28T17:01:07+00:00","og_image":[{"width":900,"height":509,"url":"https:\/\/www.manaus.am.gov.br\/semcom\/wp-content\/uploads\/sites\/5\/2026\/05\/NOTA-BANNER-SITE.png","type":"image\/png"}],"author":"Adriana Costa","twitter_card":"summary_large_image","twitter_misc":{"Written by":"Adriana Costa","Est. reading time":"2 minutos"},"schema":{"@context":"https:\/\/schema.org","@graph":[{"@type":"WebPage","@id":"https:\/\/www.manaus.am.gov.br\/semcom\/prefeitura-immu-mudanca-linha020\/","url":"https:\/\/www.manaus.am.gov.br\/semcom\/prefeitura-immu-mudanca-linha020\/","name":"Prefeitura de Manaus altera itiner\u00e1rio da linha 020 para atender comunidades na BR-174 e AM-010","isPartOf":{"@id":"https:\/\/www.manaus.am.gov.br\/semcom\/#website"},"primaryImageOfPage":{"@id":"https:\/\/www.manaus.am.gov.br\/semcom\/prefeitura-immu-mudanca-linha020\/#primaryimage"},"image":{"@id":"https:\/\/www.manaus.am.gov.br\/semcom\/prefeitura-immu-mudanca-linha020\/#primaryimage"},"thumbnailUrl":"https:\/\/www.manaus.am.gov.br\/semcom\/wp-content\/uploads\/sites\/5\/2026\/05\/NOTA-BANNER-SITE.png","datePublished":"2026-08-28T17:01:07+00:00","dateModified":"2026-08-28T17:01:07+00:00","author":{"@id":"https:\/\/www.manaus.am.gov.br\/semcom\/#\/schema\/person\/4e49f4e267757a06ca072ec61b2b9968"},"description":"A Prefeitura de Manaus, por meio do Instituto Municipal de Mobilidade Urbana (IMMU), promove, a partir de ter\u00e7a-feira, 1\u00ba\/9, altera\u00e7\u00e3o no itiner\u00e1rio da linha 020 (T7 \/ Alian\u00e7a com Deus II \/ comunidade S\u00e3o Jo\u00e3o) e visa estender o atendimento aos moradores das comunidades Alian\u00e7a com Deus 2 e 23 de Setembro, al\u00e9m das \u00e1reas j\u00e1 integradas ao itiner\u00e1rio da linha.","inLanguage":"pt-BR","potentialAction":[{"@type":"ReadAction","target":["https:\/\/www.manaus.am.gov.br\/semcom\/prefeitura-immu-mudanca-linha020\/"]}]},{"@type":"ImageObject","inLanguage":"pt-BR","@id":"https:\/\/www.manaus.am.gov.br\/semcom\/prefeitura-immu-mudanca-linha020\/#primaryimage","url":"https:\/\/www.manaus.am.gov.br\/semcom\/wp-content\/uploads\/sites\/5\/2026\/05\/NOTA-BANNER-SITE.png","contentUrl":"https:\/\/www.manaus.am.gov.br\/semcom\/wp-content\/uploads\/sites\/5\/2026\/05\/NOTA-BANNER-SITE.png","width":900,"height":509},{"@type":"WebSite","@id":"https:\/\/www.manaus.am.gov.br\/semcom\/#website","url":"https:\/\/www.manaus.am.gov.br\/semcom\/","name":"SEMCOM","description":"Secretaria Municipal de Comunica\u00e7\u00e3o","potentialAction":[{"@type":"SearchAction","target":{"@type":"EntryPoint","urlTemplate":"https:\/\/www.manaus.am.gov.br\/semcom\/?s={search_term_string}"},"query-input":"required name=search_term_string"}],"inLanguage":"pt-BR"},{"@type":"Person","@id":"https:\/\/www.manaus.am.gov.br\/semcom\/#\/schema\/person\/4e49f4e267757a06ca072ec61b2b9968","name":"Adriana Costa","image":{"@type":"ImageObject","inLanguage":"pt-BR","@id":"https:\/\/www.manaus.am.gov.br\/semcom\/#\/schema\/person\/image\/","url":"https:\/\/secure.gravatar.com\/avatar\/576258617ef7194f718179e766d57bd4?s=96&d=mm&r=g","contentUrl":"https:\/\/secure.gravatar.com\/avatar\/576258617ef7194f718179e766d57bd4?s=96&d=mm&r=g","caption":"Adriana Costa"}}]}},"_links":{"self":[{"href":"https:\/\/www.manaus.am.gov.br\/semcom\/wp-json\/wp\/v2\/posts\/268990"}],"collection":[{"href":"https:\/\/www.manaus.am.gov.br\/semcom\/wp-json\/wp\/v2\/posts"}],"about":[{"href":"https:\/\/www.manaus.am.gov.br\/semcom\/wp-json\/wp\/v2\/types\/post"}],"author":[{"embeddable":true,"href":"https:\/\/www.manaus.am.gov.br\/semcom\/wp-json\/wp\/v2\/users\/23"}],"replies":[{"embeddable":true,"href":"https:\/\/www.manaus.am.gov.br\/semcom\/wp-json\/wp\/v2\/comments?post=268990"}],"version-history":[{"count":1,"href":"https:\/\/www.manaus.am.gov.br\/semcom\/wp-json\/wp\/v2\/posts\/268990\/revisions"}],"predecessor-version":[{"id":268992,"href":"https:\/\/www.manaus.am.gov.br\/semcom\/wp-json\/wp\/v2\/posts\/268990\/revisions\/268992"}],"wp:featuredmedia":[{"embeddable":true,"href":"https:\/\/www.manaus.am.gov.br\/semcom\/wp-json\/wp\/v2\/media\/258770"}],"wp:attachment":[{"href":"https:\/\/www.manaus.am.gov.br\/semcom\/wp-json\/wp\/v2\/media?parent=268990"}],"wp:term":[{"taxonomy":"category","embeddable":true,"href":"https:\/\/www.manaus.am.gov.br\/semcom\/wp-json\/wp\/v2\/categories?post=268990"},{"taxonomy":"post_tag","embeddable":true,"href":"https:\/\/www.manaus.am.gov.br\/semcom\/wp-json\/wp\/v2\/tags?post=268990"}],"curies":[{"name":"wp","href":"https:\/\/api.w.org\/{rel}","templated":true}]}}