{"id":268989,"date":"2026-08-28T13:40:36","date_gmt":"2026-08-28T16:40:36","guid":{"rendered":"https:\/\/www.manaus.am.gov.br\/semcom\/desativacao-temporaria-plataforma-onibus\/"},"modified":"2026-08-28T13:40:45","modified_gmt":"2026-08-28T16:40:45","slug":"desativacao-temporaria-plataforma-onibus","status":"publish","type":"post","link":"https:\/\/www.manaus.am.gov.br\/semcom\/desativacao-temporaria-plataforma-onibus\/","title":{"rendered":"Prefeitura informa desativa\u00e7\u00e3o tempor\u00e1ria de plataforma de \u00f4nibus ao lado da minivila ol\u00edmpica a partir de ter\u00e7a-feira, 1\u00ba\/9"},"content":{"rendered":"\n<p>A Prefeitura de Manaus, por meio do Instituto Municipal de Mobilidade Urbana (IMMU), informa aos usu\u00e1rios do transporte coletivo que, a partir da pr\u00f3xima ter\u00e7a-feira, 1\u00ba\/9, a plataforma localizada ao lado da minivila ol\u00edmpica, na alameda Cosme Ferreira, sentido bairro-Centro, ser\u00e1 temporariamente desativada. A interdi\u00e7\u00e3o vai ser mantida at\u00e9 o dia 24\/9.<\/p>\n\n\n\n<p>A medida&nbsp;se faz&nbsp;necess\u00e1ria devido a obras de expans\u00e3o realizadas pela concession\u00e1ria Energisa, que ir\u00e1 impactar na via. Durante a interdi\u00e7\u00e3o, a pista \u00e0 esquerda da Cosme Ferreira estar\u00e1 interditada em frente \u00e0 minivila ol\u00edmpica.<\/p>\n\n\n\n<p>Durante o per\u00edodo da interven\u00e7\u00e3o, as linhas 600, 602, 650, 652, 672, 675 e 678 passam a atender provisoriamente na parada \u00e0 direita da pista na alameda Cosme Ferreira, n\u00ba 996, em frente ao est\u00e1dio Carlos Zamith.<\/p>\n\n\n\n<p>Equipes da supervis\u00e3o do IMMU e Sindicato das Empresas de Transporte de Passageiros do Estado do Amazonas (Sinetram), juntamente com instrutores da empresa Eucatur, estar\u00e3o no local orientando os usu\u00e1rios sobre a altera\u00e7\u00e3o.<\/p>\n\n\n\n<p>A Prefeitura de Manaus e o IMMU contam com a compreens\u00e3o de todos e refor\u00e7am que a mudan\u00e7a \u00e9 tempor\u00e1ria, at\u00e9 a conclus\u00e3o dos servi\u00e7os executados pela Energisa.<\/p>\n\n\n\n<p>&#8212; &#8212; &#8212;<\/p>\n\n\n\n<p><strong>Texto<\/strong>&nbsp;&#8211; \u00c1lisson Castro\/IMMU<\/p>\n","protected":false},"excerpt":{"rendered":"","protected":false},"author":39,"featured_media":258770,"comment_status":"closed","ping_status":"closed","sticky":false,"template":"","format":"standard","meta":{"footnotes":""},"categories":[59],"tags":[7523,23082,23083,12,77],"acf":[],"yoast_head":"<!-- This site is optimized with the Yoast SEO plugin v23.0 - https:\/\/yoast.com\/wordpress\/plugins\/seo\/ -->\n<title>Desativa\u00e7\u00e3o tempor\u00e1ria de plataforma de \u00f4nibus ao lado da minivila ol\u00edmpica<\/title>\n<meta name=\"description\" content=\"Prefeitura informa desativa\u00e7\u00e3o tempor\u00e1ria de plataforma de \u00f4nibus ao lado da minivila ol\u00edmpica a partir de ter\u00e7a-feira, 1\u00ba\/9.\" \/>\n<meta name=\"robots\" content=\"index, follow, max-snippet:-1, max-image-preview:large, max-video-preview:-1\" \/>\n<link rel=\"canonical\" href=\"https:\/\/www.manaus.am.gov.br\/semcom\/desativacao-temporaria-plataforma-onibus\/\" \/>\n<meta property=\"og:locale\" content=\"pt_BR\" \/>\n<meta property=\"og:type\" content=\"article\" \/>\n<meta property=\"og:title\" content=\"Desativa\u00e7\u00e3o tempor\u00e1ria de plataforma de \u00f4nibus ao lado da minivila ol\u00edmpica\" \/>\n<meta property=\"og:description\" content=\"Prefeitura informa desativa\u00e7\u00e3o tempor\u00e1ria de plataforma de \u00f4nibus ao lado da minivila ol\u00edmpica a partir de ter\u00e7a-feira, 1\u00ba\/9.\" \/>\n<meta property=\"og:url\" content=\"https:\/\/www.manaus.am.gov.br\/semcom\/desativacao-temporaria-plataforma-onibus\/\" \/>\n<meta property=\"og:site_name\" content=\"SEMCOM\" \/>\n<meta property=\"article:published_time\" content=\"2026-08-28T16:40:36+00:00\" \/>\n<meta property=\"article:modified_time\" content=\"2026-08-28T16:40:45+00:00\" \/>\n<meta property=\"og:image\" content=\"https:\/\/www.manaus.am.gov.br\/semcom\/wp-content\/uploads\/sites\/5\/2026\/05\/NOTA-BANNER-SITE.png\" \/>\n\t<meta property=\"og:image:width\" content=\"900\" \/>\n\t<meta property=\"og:image:height\" content=\"509\" \/>\n\t<meta property=\"og:image:type\" content=\"image\/png\" \/>\n<meta name=\"author\" content=\"Bruna Greco\" \/>\n<meta name=\"twitter:card\" content=\"summary_large_image\" \/>\n<meta name=\"twitter:label1\" content=\"Written by\" \/>\n\t<meta name=\"twitter:data1\" content=\"Bruna Greco\" \/>\n\t<meta name=\"twitter:label2\" content=\"Est. reading time\" \/>\n\t<meta name=\"twitter:data2\" content=\"2 minutos\" \/>\n<script type=\"application\/ld+json\" class=\"yoast-schema-graph\">{\"@context\":\"https:\/\/schema.org\",\"@graph\":[{\"@type\":\"WebPage\",\"@id\":\"https:\/\/www.manaus.am.gov.br\/semcom\/desativacao-temporaria-plataforma-onibus\/\",\"url\":\"https:\/\/www.manaus.am.gov.br\/semcom\/desativacao-temporaria-plataforma-onibus\/\",\"name\":\"Desativa\u00e7\u00e3o tempor\u00e1ria de plataforma de \u00f4nibus ao lado da minivila ol\u00edmpica\",\"isPartOf\":{\"@id\":\"https:\/\/www.manaus.am.gov.br\/semcom\/#website\"},\"primaryImageOfPage\":{\"@id\":\"https:\/\/www.manaus.am.gov.br\/semcom\/desativacao-temporaria-plataforma-onibus\/#primaryimage\"},\"image\":{\"@id\":\"https:\/\/www.manaus.am.gov.br\/semcom\/desativacao-temporaria-plataforma-onibus\/#primaryimage\"},\"thumbnailUrl\":\"https:\/\/www.manaus.am.gov.br\/semcom\/wp-content\/uploads\/sites\/5\/2026\/05\/NOTA-BANNER-SITE.png\",\"datePublished\":\"2026-08-28T16:40:36+00:00\",\"dateModified\":\"2026-08-28T16:40:45+00:00\",\"author\":{\"@id\":\"https:\/\/www.manaus.am.gov.br\/semcom\/#\/schema\/person\/05d223aea2bf115f9883a6ff3683d81b\"},\"description\":\"Prefeitura informa desativa\u00e7\u00e3o tempor\u00e1ria de plataforma de \u00f4nibus ao lado da minivila ol\u00edmpica a partir de ter\u00e7a-feira, 1\u00ba\/9.\",\"inLanguage\":\"pt-BR\",\"potentialAction\":[{\"@type\":\"ReadAction\",\"target\":[\"https:\/\/www.manaus.am.gov.br\/semcom\/desativacao-temporaria-plataforma-onibus\/\"]}]},{\"@type\":\"ImageObject\",\"inLanguage\":\"pt-BR\",\"@id\":\"https:\/\/www.manaus.am.gov.br\/semcom\/desativacao-temporaria-plataforma-onibus\/#primaryimage\",\"url\":\"https:\/\/www.manaus.am.gov.br\/semcom\/wp-content\/uploads\/sites\/5\/2026\/05\/NOTA-BANNER-SITE.png\",\"contentUrl\":\"https:\/\/www.manaus.am.gov.br\/semcom\/wp-content\/uploads\/sites\/5\/2026\/05\/NOTA-BANNER-SITE.png\",\"width\":900,\"height\":509},{\"@type\":\"WebSite\",\"@id\":\"https:\/\/www.manaus.am.gov.br\/semcom\/#website\",\"url\":\"https:\/\/www.manaus.am.gov.br\/semcom\/\",\"name\":\"SEMCOM\",\"description\":\"Secretaria Municipal de Comunica\u00e7\u00e3o\",\"potentialAction\":[{\"@type\":\"SearchAction\",\"target\":{\"@type\":\"EntryPoint\",\"urlTemplate\":\"https:\/\/www.manaus.am.gov.br\/semcom\/?s={search_term_string}\"},\"query-input\":\"required name=search_term_string\"}],\"inLanguage\":\"pt-BR\"},{\"@type\":\"Person\",\"@id\":\"https:\/\/www.manaus.am.gov.br\/semcom\/#\/schema\/person\/05d223aea2bf115f9883a6ff3683d81b\",\"name\":\"Bruna Greco\",\"image\":{\"@type\":\"ImageObject\",\"inLanguage\":\"pt-BR\",\"@id\":\"https:\/\/www.manaus.am.gov.br\/semcom\/#\/schema\/person\/image\/\",\"url\":\"https:\/\/secure.gravatar.com\/avatar\/9c877d1a6adc2a055330e5c09a8653ce?s=96&d=mm&r=g\",\"contentUrl\":\"https:\/\/secure.gravatar.com\/avatar\/9c877d1a6adc2a055330e5c09a8653ce?s=96&d=mm&r=g\",\"caption\":\"Bruna Greco\"}}]}<\/script>\n<!-- \/ Yoast SEO plugin. -->","yoast_head_json":{"title":"Desativa\u00e7\u00e3o tempor\u00e1ria de plataforma de \u00f4nibus ao lado da minivila ol\u00edmpica","description":"Prefeitura informa desativa\u00e7\u00e3o tempor\u00e1ria de plataforma de \u00f4nibus ao lado da minivila ol\u00edmpica a partir de ter\u00e7a-feira, 1\u00ba\/9.","robots":{"index":"index","follow":"follow","max-snippet":"max-snippet:-1","max-image-preview":"max-image-preview:large","max-video-preview":"max-video-preview:-1"},"canonical":"https:\/\/www.manaus.am.gov.br\/semcom\/desativacao-temporaria-plataforma-onibus\/","og_locale":"pt_BR","og_type":"article","og_title":"Desativa\u00e7\u00e3o tempor\u00e1ria de plataforma de \u00f4nibus ao lado da minivila ol\u00edmpica","og_description":"Prefeitura informa desativa\u00e7\u00e3o tempor\u00e1ria de plataforma de \u00f4nibus ao lado da minivila ol\u00edmpica a partir de ter\u00e7a-feira, 1\u00ba\/9.","og_url":"https:\/\/www.manaus.am.gov.br\/semcom\/desativacao-temporaria-plataforma-onibus\/","og_site_name":"SEMCOM","article_published_time":"2026-08-28T16:40:36+00:00","article_modified_time":"2026-08-28T16:40:45+00:00","og_image":[{"width":900,"height":509,"url":"https:\/\/www.manaus.am.gov.br\/semcom\/wp-content\/uploads\/sites\/5\/2026\/05\/NOTA-BANNER-SITE.png","type":"image\/png"}],"author":"Bruna Greco","twitter_card":"summary_large_image","twitter_misc":{"Written by":"Bruna Greco","Est. reading time":"2 minutos"},"schema":{"@context":"https:\/\/schema.org","@graph":[{"@type":"WebPage","@id":"https:\/\/www.manaus.am.gov.br\/semcom\/desativacao-temporaria-plataforma-onibus\/","url":"https:\/\/www.manaus.am.gov.br\/semcom\/desativacao-temporaria-plataforma-onibus\/","name":"Desativa\u00e7\u00e3o tempor\u00e1ria de plataforma de \u00f4nibus ao lado da minivila ol\u00edmpica","isPartOf":{"@id":"https:\/\/www.manaus.am.gov.br\/semcom\/#website"},"primaryImageOfPage":{"@id":"https:\/\/www.manaus.am.gov.br\/semcom\/desativacao-temporaria-plataforma-onibus\/#primaryimage"},"image":{"@id":"https:\/\/www.manaus.am.gov.br\/semcom\/desativacao-temporaria-plataforma-onibus\/#primaryimage"},"thumbnailUrl":"https:\/\/www.manaus.am.gov.br\/semcom\/wp-content\/uploads\/sites\/5\/2026\/05\/NOTA-BANNER-SITE.png","datePublished":"2026-08-28T16:40:36+00:00","dateModified":"2026-08-28T16:40:45+00:00","author":{"@id":"https:\/\/www.manaus.am.gov.br\/semcom\/#\/schema\/person\/05d223aea2bf115f9883a6ff3683d81b"},"description":"Prefeitura informa desativa\u00e7\u00e3o tempor\u00e1ria de plataforma de \u00f4nibus ao lado da minivila ol\u00edmpica a partir de ter\u00e7a-feira, 1\u00ba\/9.","inLanguage":"pt-BR","potentialAction":[{"@type":"ReadAction","target":["https:\/\/www.manaus.am.gov.br\/semcom\/desativacao-temporaria-plataforma-onibus\/"]}]},{"@type":"ImageObject","inLanguage":"pt-BR","@id":"https:\/\/www.manaus.am.gov.br\/semcom\/desativacao-temporaria-plataforma-onibus\/#primaryimage","url":"https:\/\/www.manaus.am.gov.br\/semcom\/wp-content\/uploads\/sites\/5\/2026\/05\/NOTA-BANNER-SITE.png","contentUrl":"https:\/\/www.manaus.am.gov.br\/semcom\/wp-content\/uploads\/sites\/5\/2026\/05\/NOTA-BANNER-SITE.png","width":900,"height":509},{"@type":"WebSite","@id":"https:\/\/www.manaus.am.gov.br\/semcom\/#website","url":"https:\/\/www.manaus.am.gov.br\/semcom\/","name":"SEMCOM","description":"Secretaria Municipal de Comunica\u00e7\u00e3o","potentialAction":[{"@type":"SearchAction","target":{"@type":"EntryPoint","urlTemplate":"https:\/\/www.manaus.am.gov.br\/semcom\/?s={search_term_string}"},"query-input":"required name=search_term_string"}],"inLanguage":"pt-BR"},{"@type":"Person","@id":"https:\/\/www.manaus.am.gov.br\/semcom\/#\/schema\/person\/05d223aea2bf115f9883a6ff3683d81b","name":"Bruna Greco","image":{"@type":"ImageObject","inLanguage":"pt-BR","@id":"https:\/\/www.manaus.am.gov.br\/semcom\/#\/schema\/person\/image\/","url":"https:\/\/secure.gravatar.com\/avatar\/9c877d1a6adc2a055330e5c09a8653ce?s=96&d=mm&r=g","contentUrl":"https:\/\/secure.gravatar.com\/avatar\/9c877d1a6adc2a055330e5c09a8653ce?s=96&d=mm&r=g","caption":"Bruna Greco"}}]}},"_links":{"self":[{"href":"https:\/\/www.manaus.am.gov.br\/semcom\/wp-json\/wp\/v2\/posts\/268989"}],"collection":[{"href":"https:\/\/www.manaus.am.gov.br\/semcom\/wp-json\/wp\/v2\/posts"}],"about":[{"href":"https:\/\/www.manaus.am.gov.br\/semcom\/wp-json\/wp\/v2\/types\/post"}],"author":[{"embeddable":true,"href":"https:\/\/www.manaus.am.gov.br\/semcom\/wp-json\/wp\/v2\/users\/39"}],"replies":[{"embeddable":true,"href":"https:\/\/www.manaus.am.gov.br\/semcom\/wp-json\/wp\/v2\/comments?post=268989"}],"version-history":[{"count":0,"href":"https:\/\/www.manaus.am.gov.br\/semcom\/wp-json\/wp\/v2\/posts\/268989\/revisions"}],"wp:featuredmedia":[{"embeddable":true,"href":"https:\/\/www.manaus.am.gov.br\/semcom\/wp-json\/wp\/v2\/media\/258770"}],"wp:attachment":[{"href":"https:\/\/www.manaus.am.gov.br\/semcom\/wp-json\/wp\/v2\/media?parent=268989"}],"wp:term":[{"taxonomy":"category","embeddable":true,"href":"https:\/\/www.manaus.am.gov.br\/semcom\/wp-json\/wp\/v2\/categories?post=268989"},{"taxonomy":"post_tag","embeddable":true,"href":"https:\/\/www.manaus.am.gov.br\/semcom\/wp-json\/wp\/v2\/tags?post=268989"}],"curies":[{"name":"wp","href":"https:\/\/api.w.org\/{rel}","templated":true}]}}