{"id":257746,"date":"2026-05-01T19:41:16","date_gmt":"2026-05-01T22:41:16","guid":{"rendered":"https:\/\/www.manaus.am.gov.br\/semcom\/prefeitura-seminf-terranova-drenagem\/"},"modified":"2026-05-01T19:41:18","modified_gmt":"2026-05-01T22:41:18","slug":"prefeitura-seminf-terranova-drenagem","status":"publish","type":"post","link":"https:\/\/www.manaus.am.gov.br\/semcom\/prefeitura-seminf-terranova-drenagem\/","title":{"rendered":"Prefeitura de Manaus avan\u00e7a em obra de drenagem no Col\u00f4nia Terra Nova com conten\u00e7\u00e3o e recupera\u00e7\u00e3o da via"},"content":{"rendered":"\n<p>A Prefeitura de Manaus, por meio da Secretaria Municipal de Infraestrutura (Seminf), avan\u00e7a, nesta sexta-feira, 1\u00ba\/5, com as obras de melhoria do sistema de drenagem no cruzamento entre as avenidas Tenente Roxana Bonessi e Jos\u00e9 Henrique Bentes Rodrigues, no bairro Col\u00f4nia Terra Nova, zona Norte da capital.<\/p>\n\n\n\n<p>Ap\u00f3s a conclus\u00e3o das etapas de implanta\u00e7\u00e3o das grandes estruturas de drenagem profunda, as aduelas em concreto armado no tamanho 3&#215;3 metros, as equipes trabalharam, neste feriado do Dia do Trabalhador, com os servi\u00e7os de conten\u00e7\u00e3o das margens com a implanta\u00e7\u00e3o de rip-rap.<br><br>Al\u00e9m disso, as equipes atuam na recupera\u00e7\u00e3o da drenagem superficial em um trecho de aproximadamente 20 metros de extens\u00e3o, realizando a manuten\u00e7\u00e3o completa da cal\u00e7ada, sarjeta e meio-fio. A interven\u00e7\u00e3o tem como objetivo promover o correto escoamento das \u00e1guas pluviais, tanto pelo sistema de drenagem superficial quanto pela drenagem profunda.<br><br>De acordo com o secret\u00e1rio municipal de Infraestrutura, Madson Rodrigues, os trabalhos seguem o planejamento estrat\u00e9gico da prefeitura para solucionar transtornos causados pelas chuvas intensas na regi\u00e3o.<br><br>\u201cEstamos avan\u00e7ando para a fase de finaliza\u00e7\u00e3o e prote\u00e7\u00e3o da \u00e1rea, com a conten\u00e7\u00e3o em rip-rap e a recupera\u00e7\u00e3o da drenagem superficial. Essas etapas s\u00e3o fundamentais para garantir a durabilidade da obra e a seguran\u00e7a da popula\u00e7\u00e3o que vive e circula pelo local. Esse \u00e9 o compromisso da gest\u00e3o do nosso prefeito Renato Junior, que determina que nossas equipes entreguem servi\u00e7os de qualidade que contemplem a popula\u00e7\u00e3o com uma melhor infraestrutura\u201d, destacou Madson Rodrigues.<br><br>Com a execu\u00e7\u00e3o desses servi\u00e7os, a Prefeitura de Manaus refor\u00e7a o compromisso com a melhoria da infraestrutura, promovendo mais seguran\u00e7a, mobilidade e qualidade de vida aos moradores por todas as zonas da cidade.<\/p>\n\n\n\n<p>&#8212; &#8212; &#8212;<\/p>\n\n\n\n<p><strong>Texto<\/strong> &#8211; Maria Amed\/ Seminf<br><strong>Fotos<\/strong> &#8211; Divulga\u00e7\u00e3o Seminf<br><\/p>\n","protected":false},"excerpt":{"rendered":"","protected":false},"author":23,"featured_media":257747,"comment_status":"closed","ping_status":"closed","sticky":false,"template":"","format":"standard","meta":{"footnotes":""},"categories":[170],"tags":[79,78,77,33],"acf":[],"yoast_head":"<!-- This site is optimized with the Yoast SEO plugin v23.0 - https:\/\/yoast.com\/wordpress\/plugins\/seo\/ -->\n<title>Prefeitura de Manaus avan\u00e7a em obra de drenagem no Col\u00f4nia Terra Nova com conten\u00e7\u00e3o e recupera\u00e7\u00e3o da via<\/title>\n<meta name=\"description\" content=\"A Prefeitura de Manaus, por meio da Secretaria Municipal de Infraestrutura (Seminf), avan\u00e7a, nesta sexta-feira, 1\u00ba\/5, com as obras de melhoria do sistema de drenagem no cruzamento entre as avenidas Tenente Roxana Bonessi e Jos\u00e9 Henrique Bentes Rodrigues, no bairro Col\u00f4nia Terra Nova, zona Norte da capital.\" \/>\n<meta name=\"robots\" content=\"index, follow, max-snippet:-1, max-image-preview:large, max-video-preview:-1\" \/>\n<link rel=\"canonical\" href=\"https:\/\/www.manaus.am.gov.br\/semcom\/prefeitura-seminf-terranova-drenagem\/\" \/>\n<meta property=\"og:locale\" content=\"pt_BR\" \/>\n<meta property=\"og:type\" content=\"article\" \/>\n<meta property=\"og:title\" content=\"Prefeitura de Manaus avan\u00e7a em obra de drenagem no Col\u00f4nia Terra Nova com conten\u00e7\u00e3o e recupera\u00e7\u00e3o da via\" \/>\n<meta property=\"og:description\" content=\"A Prefeitura de Manaus, por meio da Secretaria Municipal de Infraestrutura (Seminf), avan\u00e7a, nesta sexta-feira, 1\u00ba\/5, com as obras de melhoria do sistema de drenagem no cruzamento entre as avenidas Tenente Roxana Bonessi e Jos\u00e9 Henrique Bentes Rodrigues, no bairro Col\u00f4nia Terra Nova, zona Norte da capital.\" \/>\n<meta property=\"og:url\" content=\"https:\/\/www.manaus.am.gov.br\/semcom\/prefeitura-seminf-terranova-drenagem\/\" \/>\n<meta property=\"og:site_name\" content=\"SEMCOM\" \/>\n<meta property=\"article:published_time\" content=\"2026-05-01T22:41:16+00:00\" \/>\n<meta property=\"article:modified_time\" content=\"2026-05-01T22:41:18+00:00\" \/>\n<meta property=\"og:image\" content=\"https:\/\/www.manaus.am.gov.br\/semcom\/wp-content\/uploads\/sites\/5\/2026\/05\/30cfcde6-31d4-41b3-a2b5-207748f09aa5.jpg\" \/>\n\t<meta property=\"og:image:width\" content=\"1199\" \/>\n\t<meta property=\"og:image:height\" content=\"899\" \/>\n\t<meta property=\"og:image:type\" content=\"image\/jpeg\" \/>\n<meta name=\"author\" content=\"Adriana Costa\" \/>\n<meta name=\"twitter:card\" content=\"summary_large_image\" \/>\n<meta name=\"twitter:label1\" content=\"Written by\" \/>\n\t<meta name=\"twitter:data1\" content=\"Adriana Costa\" \/>\n\t<meta name=\"twitter:label2\" content=\"Est. reading time\" \/>\n\t<meta name=\"twitter:data2\" content=\"2 minutos\" \/>\n<script type=\"application\/ld+json\" class=\"yoast-schema-graph\">{\"@context\":\"https:\/\/schema.org\",\"@graph\":[{\"@type\":\"WebPage\",\"@id\":\"https:\/\/www.manaus.am.gov.br\/semcom\/prefeitura-seminf-terranova-drenagem\/\",\"url\":\"https:\/\/www.manaus.am.gov.br\/semcom\/prefeitura-seminf-terranova-drenagem\/\",\"name\":\"Prefeitura de Manaus avan\u00e7a em obra de drenagem no Col\u00f4nia Terra Nova com conten\u00e7\u00e3o e recupera\u00e7\u00e3o da via\",\"isPartOf\":{\"@id\":\"https:\/\/www.manaus.am.gov.br\/semcom\/#website\"},\"primaryImageOfPage\":{\"@id\":\"https:\/\/www.manaus.am.gov.br\/semcom\/prefeitura-seminf-terranova-drenagem\/#primaryimage\"},\"image\":{\"@id\":\"https:\/\/www.manaus.am.gov.br\/semcom\/prefeitura-seminf-terranova-drenagem\/#primaryimage\"},\"thumbnailUrl\":\"https:\/\/www.manaus.am.gov.br\/semcom\/wp-content\/uploads\/sites\/5\/2026\/05\/30cfcde6-31d4-41b3-a2b5-207748f09aa5.jpg\",\"datePublished\":\"2026-05-01T22:41:16+00:00\",\"dateModified\":\"2026-05-01T22:41:18+00:00\",\"author\":{\"@id\":\"https:\/\/www.manaus.am.gov.br\/semcom\/#\/schema\/person\/4e49f4e267757a06ca072ec61b2b9968\"},\"description\":\"A Prefeitura de Manaus, por meio da Secretaria Municipal de Infraestrutura (Seminf), avan\u00e7a, nesta sexta-feira, 1\u00ba\/5, com as obras de melhoria do sistema de drenagem no cruzamento entre as avenidas Tenente Roxana Bonessi e Jos\u00e9 Henrique Bentes Rodrigues, no bairro Col\u00f4nia Terra Nova, zona Norte da capital.\",\"inLanguage\":\"pt-BR\",\"potentialAction\":[{\"@type\":\"ReadAction\",\"target\":[\"https:\/\/www.manaus.am.gov.br\/semcom\/prefeitura-seminf-terranova-drenagem\/\"]}]},{\"@type\":\"ImageObject\",\"inLanguage\":\"pt-BR\",\"@id\":\"https:\/\/www.manaus.am.gov.br\/semcom\/prefeitura-seminf-terranova-drenagem\/#primaryimage\",\"url\":\"https:\/\/www.manaus.am.gov.br\/semcom\/wp-content\/uploads\/sites\/5\/2026\/05\/30cfcde6-31d4-41b3-a2b5-207748f09aa5.jpg\",\"contentUrl\":\"https:\/\/www.manaus.am.gov.br\/semcom\/wp-content\/uploads\/sites\/5\/2026\/05\/30cfcde6-31d4-41b3-a2b5-207748f09aa5.jpg\",\"width\":1199,\"height\":899,\"caption\":\"#paratodosverem - Trabalho da Seminf de melhoria do sistema de drenagem na zona Norte\"},{\"@type\":\"WebSite\",\"@id\":\"https:\/\/www.manaus.am.gov.br\/semcom\/#website\",\"url\":\"https:\/\/www.manaus.am.gov.br\/semcom\/\",\"name\":\"SEMCOM\",\"description\":\"Secretaria Municipal de Comunica\u00e7\u00e3o\",\"potentialAction\":[{\"@type\":\"SearchAction\",\"target\":{\"@type\":\"EntryPoint\",\"urlTemplate\":\"https:\/\/www.manaus.am.gov.br\/semcom\/?s={search_term_string}\"},\"query-input\":\"required name=search_term_string\"}],\"inLanguage\":\"pt-BR\"},{\"@type\":\"Person\",\"@id\":\"https:\/\/www.manaus.am.gov.br\/semcom\/#\/schema\/person\/4e49f4e267757a06ca072ec61b2b9968\",\"name\":\"Adriana Costa\",\"image\":{\"@type\":\"ImageObject\",\"inLanguage\":\"pt-BR\",\"@id\":\"https:\/\/www.manaus.am.gov.br\/semcom\/#\/schema\/person\/image\/\",\"url\":\"https:\/\/secure.gravatar.com\/avatar\/576258617ef7194f718179e766d57bd4?s=96&d=mm&r=g\",\"contentUrl\":\"https:\/\/secure.gravatar.com\/avatar\/576258617ef7194f718179e766d57bd4?s=96&d=mm&r=g\",\"caption\":\"Adriana Costa\"}}]}<\/script>\n<!-- \/ Yoast SEO plugin. -->","yoast_head_json":{"title":"Prefeitura de Manaus avan\u00e7a em obra de drenagem no Col\u00f4nia Terra Nova com conten\u00e7\u00e3o e recupera\u00e7\u00e3o da via","description":"A Prefeitura de Manaus, por meio da Secretaria Municipal de Infraestrutura (Seminf), avan\u00e7a, nesta sexta-feira, 1\u00ba\/5, com as obras de melhoria do sistema de drenagem no cruzamento entre as avenidas Tenente Roxana Bonessi e Jos\u00e9 Henrique Bentes Rodrigues, no bairro Col\u00f4nia Terra Nova, zona Norte da capital.","robots":{"index":"index","follow":"follow","max-snippet":"max-snippet:-1","max-image-preview":"max-image-preview:large","max-video-preview":"max-video-preview:-1"},"canonical":"https:\/\/www.manaus.am.gov.br\/semcom\/prefeitura-seminf-terranova-drenagem\/","og_locale":"pt_BR","og_type":"article","og_title":"Prefeitura de Manaus avan\u00e7a em obra de drenagem no Col\u00f4nia Terra Nova com conten\u00e7\u00e3o e recupera\u00e7\u00e3o da via","og_description":"A Prefeitura de Manaus, por meio da Secretaria Municipal de Infraestrutura (Seminf), avan\u00e7a, nesta sexta-feira, 1\u00ba\/5, com as obras de melhoria do sistema de drenagem no cruzamento entre as avenidas Tenente Roxana Bonessi e Jos\u00e9 Henrique Bentes Rodrigues, no bairro Col\u00f4nia Terra Nova, zona Norte da capital.","og_url":"https:\/\/www.manaus.am.gov.br\/semcom\/prefeitura-seminf-terranova-drenagem\/","og_site_name":"SEMCOM","article_published_time":"2026-05-01T22:41:16+00:00","article_modified_time":"2026-05-01T22:41:18+00:00","og_image":[{"width":1199,"height":899,"url":"https:\/\/www.manaus.am.gov.br\/semcom\/wp-content\/uploads\/sites\/5\/2026\/05\/30cfcde6-31d4-41b3-a2b5-207748f09aa5.jpg","type":"image\/jpeg"}],"author":"Adriana Costa","twitter_card":"summary_large_image","twitter_misc":{"Written by":"Adriana Costa","Est. reading time":"2 minutos"},"schema":{"@context":"https:\/\/schema.org","@graph":[{"@type":"WebPage","@id":"https:\/\/www.manaus.am.gov.br\/semcom\/prefeitura-seminf-terranova-drenagem\/","url":"https:\/\/www.manaus.am.gov.br\/semcom\/prefeitura-seminf-terranova-drenagem\/","name":"Prefeitura de Manaus avan\u00e7a em obra de drenagem no Col\u00f4nia Terra Nova com conten\u00e7\u00e3o e recupera\u00e7\u00e3o da via","isPartOf":{"@id":"https:\/\/www.manaus.am.gov.br\/semcom\/#website"},"primaryImageOfPage":{"@id":"https:\/\/www.manaus.am.gov.br\/semcom\/prefeitura-seminf-terranova-drenagem\/#primaryimage"},"image":{"@id":"https:\/\/www.manaus.am.gov.br\/semcom\/prefeitura-seminf-terranova-drenagem\/#primaryimage"},"thumbnailUrl":"https:\/\/www.manaus.am.gov.br\/semcom\/wp-content\/uploads\/sites\/5\/2026\/05\/30cfcde6-31d4-41b3-a2b5-207748f09aa5.jpg","datePublished":"2026-05-01T22:41:16+00:00","dateModified":"2026-05-01T22:41:18+00:00","author":{"@id":"https:\/\/www.manaus.am.gov.br\/semcom\/#\/schema\/person\/4e49f4e267757a06ca072ec61b2b9968"},"description":"A Prefeitura de Manaus, por meio da Secretaria Municipal de Infraestrutura (Seminf), avan\u00e7a, nesta sexta-feira, 1\u00ba\/5, com as obras de melhoria do sistema de drenagem no cruzamento entre as avenidas Tenente Roxana Bonessi e Jos\u00e9 Henrique Bentes Rodrigues, no bairro Col\u00f4nia Terra Nova, zona Norte da capital.","inLanguage":"pt-BR","potentialAction":[{"@type":"ReadAction","target":["https:\/\/www.manaus.am.gov.br\/semcom\/prefeitura-seminf-terranova-drenagem\/"]}]},{"@type":"ImageObject","inLanguage":"pt-BR","@id":"https:\/\/www.manaus.am.gov.br\/semcom\/prefeitura-seminf-terranova-drenagem\/#primaryimage","url":"https:\/\/www.manaus.am.gov.br\/semcom\/wp-content\/uploads\/sites\/5\/2026\/05\/30cfcde6-31d4-41b3-a2b5-207748f09aa5.jpg","contentUrl":"https:\/\/www.manaus.am.gov.br\/semcom\/wp-content\/uploads\/sites\/5\/2026\/05\/30cfcde6-31d4-41b3-a2b5-207748f09aa5.jpg","width":1199,"height":899,"caption":"#paratodosverem - Trabalho da Seminf de melhoria do sistema de drenagem na zona Norte"},{"@type":"WebSite","@id":"https:\/\/www.manaus.am.gov.br\/semcom\/#website","url":"https:\/\/www.manaus.am.gov.br\/semcom\/","name":"SEMCOM","description":"Secretaria Municipal de Comunica\u00e7\u00e3o","potentialAction":[{"@type":"SearchAction","target":{"@type":"EntryPoint","urlTemplate":"https:\/\/www.manaus.am.gov.br\/semcom\/?s={search_term_string}"},"query-input":"required name=search_term_string"}],"inLanguage":"pt-BR"},{"@type":"Person","@id":"https:\/\/www.manaus.am.gov.br\/semcom\/#\/schema\/person\/4e49f4e267757a06ca072ec61b2b9968","name":"Adriana Costa","image":{"@type":"ImageObject","inLanguage":"pt-BR","@id":"https:\/\/www.manaus.am.gov.br\/semcom\/#\/schema\/person\/image\/","url":"https:\/\/secure.gravatar.com\/avatar\/576258617ef7194f718179e766d57bd4?s=96&d=mm&r=g","contentUrl":"https:\/\/secure.gravatar.com\/avatar\/576258617ef7194f718179e766d57bd4?s=96&d=mm&r=g","caption":"Adriana Costa"}}]}},"_links":{"self":[{"href":"https:\/\/www.manaus.am.gov.br\/semcom\/wp-json\/wp\/v2\/posts\/257746"}],"collection":[{"href":"https:\/\/www.manaus.am.gov.br\/semcom\/wp-json\/wp\/v2\/posts"}],"about":[{"href":"https:\/\/www.manaus.am.gov.br\/semcom\/wp-json\/wp\/v2\/types\/post"}],"author":[{"embeddable":true,"href":"https:\/\/www.manaus.am.gov.br\/semcom\/wp-json\/wp\/v2\/users\/23"}],"replies":[{"embeddable":true,"href":"https:\/\/www.manaus.am.gov.br\/semcom\/wp-json\/wp\/v2\/comments?post=257746"}],"version-history":[{"count":0,"href":"https:\/\/www.manaus.am.gov.br\/semcom\/wp-json\/wp\/v2\/posts\/257746\/revisions"}],"wp:featuredmedia":[{"embeddable":true,"href":"https:\/\/www.manaus.am.gov.br\/semcom\/wp-json\/wp\/v2\/media\/257747"}],"wp:attachment":[{"href":"https:\/\/www.manaus.am.gov.br\/semcom\/wp-json\/wp\/v2\/media?parent=257746"}],"wp:term":[{"taxonomy":"category","embeddable":true,"href":"https:\/\/www.manaus.am.gov.br\/semcom\/wp-json\/wp\/v2\/categories?post=257746"},{"taxonomy":"post_tag","embeddable":true,"href":"https:\/\/www.manaus.am.gov.br\/semcom\/wp-json\/wp\/v2\/tags?post=257746"}],"curies":[{"name":"wp","href":"https:\/\/api.w.org\/{rel}","templated":true}]}}