{"id":257744,"date":"2026-05-01T19:27:26","date_gmt":"2026-05-01T22:27:26","guid":{"rendered":"https:\/\/www.manaus.am.gov.br\/semcom\/prefeitura-seminf-drenagem-lagoazul\/"},"modified":"2026-05-01T19:27:27","modified_gmt":"2026-05-01T22:27:27","slug":"prefeitura-seminf-drenagem-lagoazul","status":"publish","type":"post","link":"https:\/\/www.manaus.am.gov.br\/semcom\/prefeitura-seminf-drenagem-lagoazul\/","title":{"rendered":"Prefeitura de Manaus moderniza drenagem e melhora escoamento da \u00e1gua da chuva no Lago Azul"},"content":{"rendered":"\n<p>A Prefeitura de Manaus, por meio da Secretaria Municipal de Infraestrutura (Seminf), realizou, nesta sexta-feira, 1\u00ba\/5, Dia do Trabalhador, a moderniza\u00e7\u00e3o da rede de drenagem profunda da avenida Comendador Jos\u00e9 Cruz, no bairro Lago Azul, zona Norte.&nbsp;<\/p>\n\n\n\n<p>Equipes de plant\u00e3o ajustaram a inclina\u00e7\u00e3o da tubula\u00e7\u00e3o para que a \u00e1gua da chuva escoe mais r\u00e1pido at\u00e9 o igarap\u00e9, evitando ac\u00famulo na pista.<\/p>\n\n\n\n<p>De acordo com estudos t\u00e9cnicos, o aumento do volume de chuvas nos \u00faltimos anos exigiu a moderniza\u00e7\u00e3o da rede para ampliar a capacidade de vaz\u00e3o. O servi\u00e7o executado adequa a inclina\u00e7\u00e3o dos tubos, elimina o retorno da \u00e1gua e deixa o escoamento seguindo o fluxo natural do igarap\u00e9.<\/p>\n\n\n\n<p>Com o uso de maquin\u00e1rios espec\u00edficos, como escavadeira hidr\u00e1ulica, retroescavadeira e ca\u00e7amba trucada, a drenagem modernizada garante que o asfalto fique mais protegido, as casas pr\u00f3ximas ganhem seguran\u00e7a e o tr\u00e2nsito flui melhor nos dias de chuva forte. O servi\u00e7o acaba com pontos de alagamento e beneficia moradores, motoristas e comerciantes da regi\u00e3o.<\/p>\n\n\n\n<p>O secret\u00e1rio municipal de Infraestrutura, Madson Rodrigues, explicou a execu\u00e7\u00e3o do trabalho no feriado. \u201cDia do Trabalhador e nossas equipes est\u00e3o na rua modernizando a cidade. Na gest\u00e3o do prefeito Renato Junior, a gente usa t\u00e9cnica e planejamento para se antecipar. Vimos que com os altos \u00edndices pluviom\u00e9tricos ter\u00edamos que modernizar o sistema de&nbsp; drenagem do Lago Azul para dar mais resultado. \u00c9 uma obra bem feita, com estudo, para cuidar das pessoas e garantir que a infraestrutura acompanhe a cidade\u201d, afirma Madson Rodrigues.<\/p>\n\n\n\n<p>Com regime de plant\u00e3o, a Prefeitura de Manaus mant\u00e9m obras na rua todos os dias, inclusive feriados, para prevenir problemas e modernizar a infraestrutura dos bairros. A a\u00e7\u00e3o na Comendador Jos\u00e9 Cruz mostra o compromisso de entregar servi\u00e7o de qualidade que melhora a rotina da popula\u00e7\u00e3o.<\/p>\n\n\n\n<p>&#8212; &#8212; &#8212;<\/p>\n\n\n\n<p><strong>Texto <\/strong>&#8211; Maria Amed\/ Seminf<\/p>\n\n\n\n<p><strong>Fotos <\/strong>&#8211; Divulga\u00e7\u00e3o Seminf<\/p>\n","protected":false},"excerpt":{"rendered":"","protected":false},"author":23,"featured_media":257745,"comment_status":"closed","ping_status":"closed","sticky":false,"template":"","format":"standard","meta":{"footnotes":""},"categories":[47],"tags":[8956,78,20624,1569,77,33],"acf":[],"yoast_head":"<!-- This site is optimized with the Yoast SEO plugin v23.0 - https:\/\/yoast.com\/wordpress\/plugins\/seo\/ -->\n<title>Prefeitura de Manaus moderniza drenagem e melhora escoamento da \u00e1gua da chuva no Lago Azul<\/title>\n<meta name=\"description\" content=\"A Prefeitura de Manaus, por meio da Secretaria Municipal de Infraestrutura (Seminf), realizou, nesta sexta-feira, 1\u00ba\/5, Dia do Trabalhador, a moderniza\u00e7\u00e3o da rede de drenagem profunda da avenida Comendador Jos\u00e9 Cruz, no bairro Lago Azul, zona Norte.\" \/>\n<meta name=\"robots\" content=\"index, follow, max-snippet:-1, max-image-preview:large, max-video-preview:-1\" \/>\n<link rel=\"canonical\" href=\"https:\/\/www.manaus.am.gov.br\/semcom\/prefeitura-seminf-drenagem-lagoazul\/\" \/>\n<meta property=\"og:locale\" content=\"pt_BR\" \/>\n<meta property=\"og:type\" content=\"article\" \/>\n<meta property=\"og:title\" content=\"Prefeitura de Manaus moderniza drenagem e melhora escoamento da \u00e1gua da chuva no Lago Azul\" \/>\n<meta property=\"og:description\" content=\"A Prefeitura de Manaus, por meio da Secretaria Municipal de Infraestrutura (Seminf), realizou, nesta sexta-feira, 1\u00ba\/5, Dia do Trabalhador, a moderniza\u00e7\u00e3o da rede de drenagem profunda da avenida Comendador Jos\u00e9 Cruz, no bairro Lago Azul, zona Norte.\" \/>\n<meta property=\"og:url\" content=\"https:\/\/www.manaus.am.gov.br\/semcom\/prefeitura-seminf-drenagem-lagoazul\/\" \/>\n<meta property=\"og:site_name\" content=\"SEMCOM\" \/>\n<meta property=\"article:published_time\" content=\"2026-05-01T22:27:26+00:00\" \/>\n<meta property=\"article:modified_time\" content=\"2026-05-01T22:27:27+00:00\" \/>\n<meta property=\"og:image\" content=\"https:\/\/www.manaus.am.gov.br\/semcom\/wp-content\/uploads\/sites\/5\/2026\/05\/526992a1-f430-4d9f-b67e-973bd2c62dbd.jpg\" \/>\n\t<meta property=\"og:image:width\" content=\"1104\" \/>\n\t<meta property=\"og:image:height\" content=\"828\" \/>\n\t<meta property=\"og:image:type\" content=\"image\/jpeg\" \/>\n<meta name=\"author\" content=\"Adriana Costa\" \/>\n<meta name=\"twitter:card\" content=\"summary_large_image\" \/>\n<meta name=\"twitter:label1\" content=\"Written by\" \/>\n\t<meta name=\"twitter:data1\" content=\"Adriana Costa\" \/>\n\t<meta name=\"twitter:label2\" content=\"Est. reading time\" \/>\n\t<meta name=\"twitter:data2\" content=\"2 minutos\" \/>\n<script type=\"application\/ld+json\" class=\"yoast-schema-graph\">{\"@context\":\"https:\/\/schema.org\",\"@graph\":[{\"@type\":\"WebPage\",\"@id\":\"https:\/\/www.manaus.am.gov.br\/semcom\/prefeitura-seminf-drenagem-lagoazul\/\",\"url\":\"https:\/\/www.manaus.am.gov.br\/semcom\/prefeitura-seminf-drenagem-lagoazul\/\",\"name\":\"Prefeitura de Manaus moderniza drenagem e melhora escoamento da \u00e1gua da chuva no Lago Azul\",\"isPartOf\":{\"@id\":\"https:\/\/www.manaus.am.gov.br\/semcom\/#website\"},\"primaryImageOfPage\":{\"@id\":\"https:\/\/www.manaus.am.gov.br\/semcom\/prefeitura-seminf-drenagem-lagoazul\/#primaryimage\"},\"image\":{\"@id\":\"https:\/\/www.manaus.am.gov.br\/semcom\/prefeitura-seminf-drenagem-lagoazul\/#primaryimage\"},\"thumbnailUrl\":\"https:\/\/www.manaus.am.gov.br\/semcom\/wp-content\/uploads\/sites\/5\/2026\/05\/526992a1-f430-4d9f-b67e-973bd2c62dbd.jpg\",\"datePublished\":\"2026-05-01T22:27:26+00:00\",\"dateModified\":\"2026-05-01T22:27:27+00:00\",\"author\":{\"@id\":\"https:\/\/www.manaus.am.gov.br\/semcom\/#\/schema\/person\/4e49f4e267757a06ca072ec61b2b9968\"},\"description\":\"A Prefeitura de Manaus, por meio da Secretaria Municipal de Infraestrutura (Seminf), realizou, nesta sexta-feira, 1\u00ba\/5, Dia do Trabalhador, a moderniza\u00e7\u00e3o da rede de drenagem profunda da avenida Comendador Jos\u00e9 Cruz, no bairro Lago Azul, zona Norte.\",\"inLanguage\":\"pt-BR\",\"potentialAction\":[{\"@type\":\"ReadAction\",\"target\":[\"https:\/\/www.manaus.am.gov.br\/semcom\/prefeitura-seminf-drenagem-lagoazul\/\"]}]},{\"@type\":\"ImageObject\",\"inLanguage\":\"pt-BR\",\"@id\":\"https:\/\/www.manaus.am.gov.br\/semcom\/prefeitura-seminf-drenagem-lagoazul\/#primaryimage\",\"url\":\"https:\/\/www.manaus.am.gov.br\/semcom\/wp-content\/uploads\/sites\/5\/2026\/05\/526992a1-f430-4d9f-b67e-973bd2c62dbd.jpg\",\"contentUrl\":\"https:\/\/www.manaus.am.gov.br\/semcom\/wp-content\/uploads\/sites\/5\/2026\/05\/526992a1-f430-4d9f-b67e-973bd2c62dbd.jpg\",\"width\":1104,\"height\":828,\"caption\":\"#paratodosverem - Homens da Seminf atuam na moderniza\u00e7\u00e3o de drenagem no Lago Azul\"},{\"@type\":\"WebSite\",\"@id\":\"https:\/\/www.manaus.am.gov.br\/semcom\/#website\",\"url\":\"https:\/\/www.manaus.am.gov.br\/semcom\/\",\"name\":\"SEMCOM\",\"description\":\"Secretaria Municipal de Comunica\u00e7\u00e3o\",\"potentialAction\":[{\"@type\":\"SearchAction\",\"target\":{\"@type\":\"EntryPoint\",\"urlTemplate\":\"https:\/\/www.manaus.am.gov.br\/semcom\/?s={search_term_string}\"},\"query-input\":\"required name=search_term_string\"}],\"inLanguage\":\"pt-BR\"},{\"@type\":\"Person\",\"@id\":\"https:\/\/www.manaus.am.gov.br\/semcom\/#\/schema\/person\/4e49f4e267757a06ca072ec61b2b9968\",\"name\":\"Adriana Costa\",\"image\":{\"@type\":\"ImageObject\",\"inLanguage\":\"pt-BR\",\"@id\":\"https:\/\/www.manaus.am.gov.br\/semcom\/#\/schema\/person\/image\/\",\"url\":\"https:\/\/secure.gravatar.com\/avatar\/576258617ef7194f718179e766d57bd4?s=96&d=mm&r=g\",\"contentUrl\":\"https:\/\/secure.gravatar.com\/avatar\/576258617ef7194f718179e766d57bd4?s=96&d=mm&r=g\",\"caption\":\"Adriana Costa\"}}]}<\/script>\n<!-- \/ Yoast SEO plugin. -->","yoast_head_json":{"title":"Prefeitura de Manaus moderniza drenagem e melhora escoamento da \u00e1gua da chuva no Lago Azul","description":"A Prefeitura de Manaus, por meio da Secretaria Municipal de Infraestrutura (Seminf), realizou, nesta sexta-feira, 1\u00ba\/5, Dia do Trabalhador, a moderniza\u00e7\u00e3o da rede de drenagem profunda da avenida Comendador Jos\u00e9 Cruz, no bairro Lago Azul, zona Norte.","robots":{"index":"index","follow":"follow","max-snippet":"max-snippet:-1","max-image-preview":"max-image-preview:large","max-video-preview":"max-video-preview:-1"},"canonical":"https:\/\/www.manaus.am.gov.br\/semcom\/prefeitura-seminf-drenagem-lagoazul\/","og_locale":"pt_BR","og_type":"article","og_title":"Prefeitura de Manaus moderniza drenagem e melhora escoamento da \u00e1gua da chuva no Lago Azul","og_description":"A Prefeitura de Manaus, por meio da Secretaria Municipal de Infraestrutura (Seminf), realizou, nesta sexta-feira, 1\u00ba\/5, Dia do Trabalhador, a moderniza\u00e7\u00e3o da rede de drenagem profunda da avenida Comendador Jos\u00e9 Cruz, no bairro Lago Azul, zona Norte.","og_url":"https:\/\/www.manaus.am.gov.br\/semcom\/prefeitura-seminf-drenagem-lagoazul\/","og_site_name":"SEMCOM","article_published_time":"2026-05-01T22:27:26+00:00","article_modified_time":"2026-05-01T22:27:27+00:00","og_image":[{"width":1104,"height":828,"url":"https:\/\/www.manaus.am.gov.br\/semcom\/wp-content\/uploads\/sites\/5\/2026\/05\/526992a1-f430-4d9f-b67e-973bd2c62dbd.jpg","type":"image\/jpeg"}],"author":"Adriana Costa","twitter_card":"summary_large_image","twitter_misc":{"Written by":"Adriana Costa","Est. reading time":"2 minutos"},"schema":{"@context":"https:\/\/schema.org","@graph":[{"@type":"WebPage","@id":"https:\/\/www.manaus.am.gov.br\/semcom\/prefeitura-seminf-drenagem-lagoazul\/","url":"https:\/\/www.manaus.am.gov.br\/semcom\/prefeitura-seminf-drenagem-lagoazul\/","name":"Prefeitura de Manaus moderniza drenagem e melhora escoamento da \u00e1gua da chuva no Lago Azul","isPartOf":{"@id":"https:\/\/www.manaus.am.gov.br\/semcom\/#website"},"primaryImageOfPage":{"@id":"https:\/\/www.manaus.am.gov.br\/semcom\/prefeitura-seminf-drenagem-lagoazul\/#primaryimage"},"image":{"@id":"https:\/\/www.manaus.am.gov.br\/semcom\/prefeitura-seminf-drenagem-lagoazul\/#primaryimage"},"thumbnailUrl":"https:\/\/www.manaus.am.gov.br\/semcom\/wp-content\/uploads\/sites\/5\/2026\/05\/526992a1-f430-4d9f-b67e-973bd2c62dbd.jpg","datePublished":"2026-05-01T22:27:26+00:00","dateModified":"2026-05-01T22:27:27+00:00","author":{"@id":"https:\/\/www.manaus.am.gov.br\/semcom\/#\/schema\/person\/4e49f4e267757a06ca072ec61b2b9968"},"description":"A Prefeitura de Manaus, por meio da Secretaria Municipal de Infraestrutura (Seminf), realizou, nesta sexta-feira, 1\u00ba\/5, Dia do Trabalhador, a moderniza\u00e7\u00e3o da rede de drenagem profunda da avenida Comendador Jos\u00e9 Cruz, no bairro Lago Azul, zona Norte.","inLanguage":"pt-BR","potentialAction":[{"@type":"ReadAction","target":["https:\/\/www.manaus.am.gov.br\/semcom\/prefeitura-seminf-drenagem-lagoazul\/"]}]},{"@type":"ImageObject","inLanguage":"pt-BR","@id":"https:\/\/www.manaus.am.gov.br\/semcom\/prefeitura-seminf-drenagem-lagoazul\/#primaryimage","url":"https:\/\/www.manaus.am.gov.br\/semcom\/wp-content\/uploads\/sites\/5\/2026\/05\/526992a1-f430-4d9f-b67e-973bd2c62dbd.jpg","contentUrl":"https:\/\/www.manaus.am.gov.br\/semcom\/wp-content\/uploads\/sites\/5\/2026\/05\/526992a1-f430-4d9f-b67e-973bd2c62dbd.jpg","width":1104,"height":828,"caption":"#paratodosverem - Homens da Seminf atuam na moderniza\u00e7\u00e3o de drenagem no Lago Azul"},{"@type":"WebSite","@id":"https:\/\/www.manaus.am.gov.br\/semcom\/#website","url":"https:\/\/www.manaus.am.gov.br\/semcom\/","name":"SEMCOM","description":"Secretaria Municipal de Comunica\u00e7\u00e3o","potentialAction":[{"@type":"SearchAction","target":{"@type":"EntryPoint","urlTemplate":"https:\/\/www.manaus.am.gov.br\/semcom\/?s={search_term_string}"},"query-input":"required name=search_term_string"}],"inLanguage":"pt-BR"},{"@type":"Person","@id":"https:\/\/www.manaus.am.gov.br\/semcom\/#\/schema\/person\/4e49f4e267757a06ca072ec61b2b9968","name":"Adriana Costa","image":{"@type":"ImageObject","inLanguage":"pt-BR","@id":"https:\/\/www.manaus.am.gov.br\/semcom\/#\/schema\/person\/image\/","url":"https:\/\/secure.gravatar.com\/avatar\/576258617ef7194f718179e766d57bd4?s=96&d=mm&r=g","contentUrl":"https:\/\/secure.gravatar.com\/avatar\/576258617ef7194f718179e766d57bd4?s=96&d=mm&r=g","caption":"Adriana Costa"}}]}},"_links":{"self":[{"href":"https:\/\/www.manaus.am.gov.br\/semcom\/wp-json\/wp\/v2\/posts\/257744"}],"collection":[{"href":"https:\/\/www.manaus.am.gov.br\/semcom\/wp-json\/wp\/v2\/posts"}],"about":[{"href":"https:\/\/www.manaus.am.gov.br\/semcom\/wp-json\/wp\/v2\/types\/post"}],"author":[{"embeddable":true,"href":"https:\/\/www.manaus.am.gov.br\/semcom\/wp-json\/wp\/v2\/users\/23"}],"replies":[{"embeddable":true,"href":"https:\/\/www.manaus.am.gov.br\/semcom\/wp-json\/wp\/v2\/comments?post=257744"}],"version-history":[{"count":0,"href":"https:\/\/www.manaus.am.gov.br\/semcom\/wp-json\/wp\/v2\/posts\/257744\/revisions"}],"wp:featuredmedia":[{"embeddable":true,"href":"https:\/\/www.manaus.am.gov.br\/semcom\/wp-json\/wp\/v2\/media\/257745"}],"wp:attachment":[{"href":"https:\/\/www.manaus.am.gov.br\/semcom\/wp-json\/wp\/v2\/media?parent=257744"}],"wp:term":[{"taxonomy":"category","embeddable":true,"href":"https:\/\/www.manaus.am.gov.br\/semcom\/wp-json\/wp\/v2\/categories?post=257744"},{"taxonomy":"post_tag","embeddable":true,"href":"https:\/\/www.manaus.am.gov.br\/semcom\/wp-json\/wp\/v2\/tags?post=257744"}],"curies":[{"name":"wp","href":"https:\/\/api.w.org\/{rel}","templated":true}]}}