{"id":257737,"date":"2026-05-01T17:26:47","date_gmt":"2026-05-01T20:26:47","guid":{"rendered":"https:\/\/www.manaus.am.gov.br\/semcom\/prefeitura-implurb-atuacao-diadotrabalhador\/"},"modified":"2026-05-01T17:26:49","modified_gmt":"2026-05-01T20:26:49","slug":"prefeitura-implurb-atuacao-diadotrabalhador","status":"publish","type":"post","link":"https:\/\/www.manaus.am.gov.br\/semcom\/prefeitura-implurb-atuacao-diadotrabalhador\/","title":{"rendered":"Equipes da Prefeitura de Manaus garantem ordem e seguran\u00e7a urbana nas ruas neste Dia do Trabalhador"},"content":{"rendered":"\n<p>Enquanto muitos celebram o feriado do Dia do Trabalhador, nesta sexta-feira, 1\u00ba\/5, equipes da Prefeitura de Manaus, por meio do Instituto Municipal de Planejamento Urbano (Implurb), mant\u00eam a atua\u00e7\u00e3o nas ruas, refor\u00e7ando o compromisso com a organiza\u00e7\u00e3o urbana, o respeito \u00e0s normas e a seguran\u00e7a da popula\u00e7\u00e3o.<\/p>\n\n\n\n<p>Os servidores realizam fiscaliza\u00e7\u00f5es de obras irregulares, verifica\u00e7\u00e3o de posturas, combate \u00e0 obstru\u00e7\u00e3o de cal\u00e7adas e an\u00e1lise de situa\u00e7\u00f5es em desacordo com o Plano Diretor da capital, al\u00e9m de a\u00e7\u00f5es voltadas \u00e0 prote\u00e7\u00e3o de bens em constru\u00e7\u00f5es sem licen\u00e7a.<\/p>\n\n\n\n<p>O trabalho \u00e9 t\u00e9cnico, criterioso e necess\u00e1rio. Constru\u00e7\u00f5es irregulares, al\u00e9m de ferirem a legisla\u00e7\u00e3o, podem representar riscos reais \u00e0 seguran\u00e7a, provocar desordem urbana e gerar preju\u00edzos coletivos. Por isso, a presen\u00e7a das equipes em campo \u00e9 tamb\u00e9m uma forma de proteger vidas, garantir o uso adequado dos espa\u00e7os p\u00fablicos e preservar o direito de quem cumpre as regras.<\/p>\n\n\n\n<p>Divis\u00e3o<\/p>\n\n\n\n<p>Segundo a gerente da Divis\u00e3o de Controle (Dicon) do instituto, arquiteta e urbanista Maria Aparecida Froz, a atua\u00e7\u00e3o segue firme e com resultados concretos. Em Manaus, a gest\u00e3o do prefeito Renato Junior valoriza o verdadeiro significado de ser gente que trabalha, com destaque para o comprometimento dos colaboradores nas ruas todos os dias.<\/p>\n\n\n\n<p>\u201cHoje, o Implurb realizou a fiscaliza\u00e7\u00e3o de cinco demandas relacionadas a obras e posturas em Manaus. Quero destacar e reconhecer o trabalho da equipe, que tem atuado com dedica\u00e7\u00e3o e excel\u00eancia no combate \u00e0s ocupa\u00e7\u00f5es irregulares de logradouros p\u00fablicos e na verifica\u00e7\u00e3o de obras em desacordo com a legisla\u00e7\u00e3o municipal. Nosso compromisso \u00e9 oferecer um servi\u00e7o de qualidade \u00e0 popula\u00e7\u00e3o, assegurando que os contribuintes que cumprem suas obriga\u00e7\u00f5es e regularizam suas constru\u00e7\u00f5es sejam devidamente atendidos\u201d, completou.<\/p>\n\n\n\n<p>Para o diretor-presidente do Implurb, engenheiro Antonio Peixoto, a atua\u00e7\u00e3o cont\u00ednua das equipes refor\u00e7a o compromisso com uma cidade mais organizada e segura para todos, mesmo em feriados e pontos facultativos, quando existem equipes de plant\u00e3o para atender demandas.<\/p>\n\n\n\n<p>\u201cA fiscaliza\u00e7\u00e3o n\u00e3o \u00e9 apenas uma a\u00e7\u00e3o de controle, mas de responsabilidade com a cidade e com as pessoas. Obras irregulares podem trazer riscos estruturais, preju\u00edzos e impactos diretos na vida da popula\u00e7\u00e3o. Nosso papel \u00e9 garantir que o crescimento urbano aconte\u00e7a de forma planejada, dentro da lei e com seguran\u00e7a. Mesmo em feriados, nossas equipes seguem atuando, porque a cidade n\u00e3o para, e o compromisso com Manaus tamb\u00e9m n\u00e3o.\u201d<\/p>\n\n\n\n<p>Data hist\u00f3rica<\/p>\n\n\n\n<p>A data, historicamente ligada \u00e0 luta dos trabalhadores, ganha na capital um significado ainda mais concreto: o de servidores que, com dedica\u00e7\u00e3o e senso de dever p\u00fablico, seguem fazendo a cidade funcionar. &#8220;Seguimos trabalhando com responsabilidade e transpar\u00eancia, empenhando o melhor de cada servidor para contribuir com uma cidade mais organizada e justa para todos&#8221;, afirmou Maria Aparecida.<\/p>\n\n\n\n<p>&#8212; &#8212; &#8212; &nbsp;<\/p>\n\n\n\n<p><strong>Texto\u00a0<\/strong>&#8211; Claudia do Valle\/Implurb<br><strong>Fotos\u00a0<\/strong>\u2013 Divulga\u00e7\u00e3o\/Implurb<\/p>\n","protected":false},"excerpt":{"rendered":"","protected":false},"author":23,"featured_media":257738,"comment_status":"closed","ping_status":"closed","sticky":false,"template":"","format":"standard","meta":{"footnotes":""},"categories":[407],"tags":[3655,88,65,77,20622],"acf":[],"yoast_head":"<!-- This site is optimized with the Yoast SEO plugin v23.0 - https:\/\/yoast.com\/wordpress\/plugins\/seo\/ -->\n<title>Equipes da Prefeitura de Manaus garantem ordem e seguran\u00e7a urbana nas ruas neste Dia do Trabalhador<\/title>\n<meta name=\"description\" content=\"Enquanto muitos celebram o feriado do Dia do Trabalhador, nesta sexta-feira, 1\u00ba\/5, equipes da Prefeitura de Manaus, por meio do Instituto Municipal de Planejamento Urbano (Implurb), mant\u00eam a atua\u00e7\u00e3o nas ruas, refor\u00e7ando o compromisso com a organiza\u00e7\u00e3o urbana, o respeito \u00e0s normas e a seguran\u00e7a da popula\u00e7\u00e3o.\" \/>\n<meta name=\"robots\" content=\"index, follow, max-snippet:-1, max-image-preview:large, max-video-preview:-1\" \/>\n<link rel=\"canonical\" href=\"https:\/\/www.manaus.am.gov.br\/semcom\/prefeitura-implurb-atuacao-diadotrabalhador\/\" \/>\n<meta property=\"og:locale\" content=\"pt_BR\" \/>\n<meta property=\"og:type\" content=\"article\" \/>\n<meta property=\"og:title\" content=\"Equipes da Prefeitura de Manaus garantem ordem e seguran\u00e7a urbana nas ruas neste Dia do Trabalhador\" \/>\n<meta property=\"og:description\" content=\"Enquanto muitos celebram o feriado do Dia do Trabalhador, nesta sexta-feira, 1\u00ba\/5, equipes da Prefeitura de Manaus, por meio do Instituto Municipal de Planejamento Urbano (Implurb), mant\u00eam a atua\u00e7\u00e3o nas ruas, refor\u00e7ando o compromisso com a organiza\u00e7\u00e3o urbana, o respeito \u00e0s normas e a seguran\u00e7a da popula\u00e7\u00e3o.\" \/>\n<meta property=\"og:url\" content=\"https:\/\/www.manaus.am.gov.br\/semcom\/prefeitura-implurb-atuacao-diadotrabalhador\/\" \/>\n<meta property=\"og:site_name\" content=\"SEMCOM\" \/>\n<meta property=\"article:published_time\" content=\"2026-05-01T20:26:47+00:00\" \/>\n<meta property=\"article:modified_time\" content=\"2026-05-01T20:26:49+00:00\" \/>\n<meta property=\"og:image\" content=\"https:\/\/www.manaus.am.gov.br\/semcom\/wp-content\/uploads\/sites\/5\/2026\/05\/1obra4.jpg\" \/>\n\t<meta property=\"og:image:width\" content=\"1600\" \/>\n\t<meta property=\"og:image:height\" content=\"1200\" \/>\n\t<meta property=\"og:image:type\" content=\"image\/jpeg\" \/>\n<meta name=\"author\" content=\"Adriana Costa\" \/>\n<meta name=\"twitter:card\" content=\"summary_large_image\" \/>\n<meta name=\"twitter:label1\" content=\"Written by\" \/>\n\t<meta name=\"twitter:data1\" content=\"Adriana Costa\" \/>\n\t<meta name=\"twitter:label2\" content=\"Est. reading time\" \/>\n\t<meta name=\"twitter:data2\" content=\"3 minutos\" \/>\n<script type=\"application\/ld+json\" class=\"yoast-schema-graph\">{\"@context\":\"https:\/\/schema.org\",\"@graph\":[{\"@type\":\"WebPage\",\"@id\":\"https:\/\/www.manaus.am.gov.br\/semcom\/prefeitura-implurb-atuacao-diadotrabalhador\/\",\"url\":\"https:\/\/www.manaus.am.gov.br\/semcom\/prefeitura-implurb-atuacao-diadotrabalhador\/\",\"name\":\"Equipes da Prefeitura de Manaus garantem ordem e seguran\u00e7a urbana nas ruas neste Dia do Trabalhador\",\"isPartOf\":{\"@id\":\"https:\/\/www.manaus.am.gov.br\/semcom\/#website\"},\"primaryImageOfPage\":{\"@id\":\"https:\/\/www.manaus.am.gov.br\/semcom\/prefeitura-implurb-atuacao-diadotrabalhador\/#primaryimage\"},\"image\":{\"@id\":\"https:\/\/www.manaus.am.gov.br\/semcom\/prefeitura-implurb-atuacao-diadotrabalhador\/#primaryimage\"},\"thumbnailUrl\":\"https:\/\/www.manaus.am.gov.br\/semcom\/wp-content\/uploads\/sites\/5\/2026\/05\/1obra4.jpg\",\"datePublished\":\"2026-05-01T20:26:47+00:00\",\"dateModified\":\"2026-05-01T20:26:49+00:00\",\"author\":{\"@id\":\"https:\/\/www.manaus.am.gov.br\/semcom\/#\/schema\/person\/4e49f4e267757a06ca072ec61b2b9968\"},\"description\":\"Enquanto muitos celebram o feriado do Dia do Trabalhador, nesta sexta-feira, 1\u00ba\/5, equipes da Prefeitura de Manaus, por meio do Instituto Municipal de Planejamento Urbano (Implurb), mant\u00eam a atua\u00e7\u00e3o nas ruas, refor\u00e7ando o compromisso com a organiza\u00e7\u00e3o urbana, o respeito \u00e0s normas e a seguran\u00e7a da popula\u00e7\u00e3o.\",\"inLanguage\":\"pt-BR\",\"potentialAction\":[{\"@type\":\"ReadAction\",\"target\":[\"https:\/\/www.manaus.am.gov.br\/semcom\/prefeitura-implurb-atuacao-diadotrabalhador\/\"]}]},{\"@type\":\"ImageObject\",\"inLanguage\":\"pt-BR\",\"@id\":\"https:\/\/www.manaus.am.gov.br\/semcom\/prefeitura-implurb-atuacao-diadotrabalhador\/#primaryimage\",\"url\":\"https:\/\/www.manaus.am.gov.br\/semcom\/wp-content\/uploads\/sites\/5\/2026\/05\/1obra4.jpg\",\"contentUrl\":\"https:\/\/www.manaus.am.gov.br\/semcom\/wp-content\/uploads\/sites\/5\/2026\/05\/1obra4.jpg\",\"width\":1600,\"height\":1200,\"caption\":\"#paratodosverem - Imagem de obra irregular com obstru\u00e7\u00e3o de cal\u00e7ada\"},{\"@type\":\"WebSite\",\"@id\":\"https:\/\/www.manaus.am.gov.br\/semcom\/#website\",\"url\":\"https:\/\/www.manaus.am.gov.br\/semcom\/\",\"name\":\"SEMCOM\",\"description\":\"Secretaria Municipal de Comunica\u00e7\u00e3o\",\"potentialAction\":[{\"@type\":\"SearchAction\",\"target\":{\"@type\":\"EntryPoint\",\"urlTemplate\":\"https:\/\/www.manaus.am.gov.br\/semcom\/?s={search_term_string}\"},\"query-input\":\"required name=search_term_string\"}],\"inLanguage\":\"pt-BR\"},{\"@type\":\"Person\",\"@id\":\"https:\/\/www.manaus.am.gov.br\/semcom\/#\/schema\/person\/4e49f4e267757a06ca072ec61b2b9968\",\"name\":\"Adriana Costa\",\"image\":{\"@type\":\"ImageObject\",\"inLanguage\":\"pt-BR\",\"@id\":\"https:\/\/www.manaus.am.gov.br\/semcom\/#\/schema\/person\/image\/\",\"url\":\"https:\/\/secure.gravatar.com\/avatar\/576258617ef7194f718179e766d57bd4?s=96&d=mm&r=g\",\"contentUrl\":\"https:\/\/secure.gravatar.com\/avatar\/576258617ef7194f718179e766d57bd4?s=96&d=mm&r=g\",\"caption\":\"Adriana Costa\"}}]}<\/script>\n<!-- \/ Yoast SEO plugin. -->","yoast_head_json":{"title":"Equipes da Prefeitura de Manaus garantem ordem e seguran\u00e7a urbana nas ruas neste Dia do Trabalhador","description":"Enquanto muitos celebram o feriado do Dia do Trabalhador, nesta sexta-feira, 1\u00ba\/5, equipes da Prefeitura de Manaus, por meio do Instituto Municipal de Planejamento Urbano (Implurb), mant\u00eam a atua\u00e7\u00e3o nas ruas, refor\u00e7ando o compromisso com a organiza\u00e7\u00e3o urbana, o respeito \u00e0s normas e a seguran\u00e7a da popula\u00e7\u00e3o.","robots":{"index":"index","follow":"follow","max-snippet":"max-snippet:-1","max-image-preview":"max-image-preview:large","max-video-preview":"max-video-preview:-1"},"canonical":"https:\/\/www.manaus.am.gov.br\/semcom\/prefeitura-implurb-atuacao-diadotrabalhador\/","og_locale":"pt_BR","og_type":"article","og_title":"Equipes da Prefeitura de Manaus garantem ordem e seguran\u00e7a urbana nas ruas neste Dia do Trabalhador","og_description":"Enquanto muitos celebram o feriado do Dia do Trabalhador, nesta sexta-feira, 1\u00ba\/5, equipes da Prefeitura de Manaus, por meio do Instituto Municipal de Planejamento Urbano (Implurb), mant\u00eam a atua\u00e7\u00e3o nas ruas, refor\u00e7ando o compromisso com a organiza\u00e7\u00e3o urbana, o respeito \u00e0s normas e a seguran\u00e7a da popula\u00e7\u00e3o.","og_url":"https:\/\/www.manaus.am.gov.br\/semcom\/prefeitura-implurb-atuacao-diadotrabalhador\/","og_site_name":"SEMCOM","article_published_time":"2026-05-01T20:26:47+00:00","article_modified_time":"2026-05-01T20:26:49+00:00","og_image":[{"width":1600,"height":1200,"url":"https:\/\/www.manaus.am.gov.br\/semcom\/wp-content\/uploads\/sites\/5\/2026\/05\/1obra4.jpg","type":"image\/jpeg"}],"author":"Adriana Costa","twitter_card":"summary_large_image","twitter_misc":{"Written by":"Adriana Costa","Est. reading time":"3 minutos"},"schema":{"@context":"https:\/\/schema.org","@graph":[{"@type":"WebPage","@id":"https:\/\/www.manaus.am.gov.br\/semcom\/prefeitura-implurb-atuacao-diadotrabalhador\/","url":"https:\/\/www.manaus.am.gov.br\/semcom\/prefeitura-implurb-atuacao-diadotrabalhador\/","name":"Equipes da Prefeitura de Manaus garantem ordem e seguran\u00e7a urbana nas ruas neste Dia do Trabalhador","isPartOf":{"@id":"https:\/\/www.manaus.am.gov.br\/semcom\/#website"},"primaryImageOfPage":{"@id":"https:\/\/www.manaus.am.gov.br\/semcom\/prefeitura-implurb-atuacao-diadotrabalhador\/#primaryimage"},"image":{"@id":"https:\/\/www.manaus.am.gov.br\/semcom\/prefeitura-implurb-atuacao-diadotrabalhador\/#primaryimage"},"thumbnailUrl":"https:\/\/www.manaus.am.gov.br\/semcom\/wp-content\/uploads\/sites\/5\/2026\/05\/1obra4.jpg","datePublished":"2026-05-01T20:26:47+00:00","dateModified":"2026-05-01T20:26:49+00:00","author":{"@id":"https:\/\/www.manaus.am.gov.br\/semcom\/#\/schema\/person\/4e49f4e267757a06ca072ec61b2b9968"},"description":"Enquanto muitos celebram o feriado do Dia do Trabalhador, nesta sexta-feira, 1\u00ba\/5, equipes da Prefeitura de Manaus, por meio do Instituto Municipal de Planejamento Urbano (Implurb), mant\u00eam a atua\u00e7\u00e3o nas ruas, refor\u00e7ando o compromisso com a organiza\u00e7\u00e3o urbana, o respeito \u00e0s normas e a seguran\u00e7a da popula\u00e7\u00e3o.","inLanguage":"pt-BR","potentialAction":[{"@type":"ReadAction","target":["https:\/\/www.manaus.am.gov.br\/semcom\/prefeitura-implurb-atuacao-diadotrabalhador\/"]}]},{"@type":"ImageObject","inLanguage":"pt-BR","@id":"https:\/\/www.manaus.am.gov.br\/semcom\/prefeitura-implurb-atuacao-diadotrabalhador\/#primaryimage","url":"https:\/\/www.manaus.am.gov.br\/semcom\/wp-content\/uploads\/sites\/5\/2026\/05\/1obra4.jpg","contentUrl":"https:\/\/www.manaus.am.gov.br\/semcom\/wp-content\/uploads\/sites\/5\/2026\/05\/1obra4.jpg","width":1600,"height":1200,"caption":"#paratodosverem - Imagem de obra irregular com obstru\u00e7\u00e3o de cal\u00e7ada"},{"@type":"WebSite","@id":"https:\/\/www.manaus.am.gov.br\/semcom\/#website","url":"https:\/\/www.manaus.am.gov.br\/semcom\/","name":"SEMCOM","description":"Secretaria Municipal de Comunica\u00e7\u00e3o","potentialAction":[{"@type":"SearchAction","target":{"@type":"EntryPoint","urlTemplate":"https:\/\/www.manaus.am.gov.br\/semcom\/?s={search_term_string}"},"query-input":"required name=search_term_string"}],"inLanguage":"pt-BR"},{"@type":"Person","@id":"https:\/\/www.manaus.am.gov.br\/semcom\/#\/schema\/person\/4e49f4e267757a06ca072ec61b2b9968","name":"Adriana Costa","image":{"@type":"ImageObject","inLanguage":"pt-BR","@id":"https:\/\/www.manaus.am.gov.br\/semcom\/#\/schema\/person\/image\/","url":"https:\/\/secure.gravatar.com\/avatar\/576258617ef7194f718179e766d57bd4?s=96&d=mm&r=g","contentUrl":"https:\/\/secure.gravatar.com\/avatar\/576258617ef7194f718179e766d57bd4?s=96&d=mm&r=g","caption":"Adriana Costa"}}]}},"_links":{"self":[{"href":"https:\/\/www.manaus.am.gov.br\/semcom\/wp-json\/wp\/v2\/posts\/257737"}],"collection":[{"href":"https:\/\/www.manaus.am.gov.br\/semcom\/wp-json\/wp\/v2\/posts"}],"about":[{"href":"https:\/\/www.manaus.am.gov.br\/semcom\/wp-json\/wp\/v2\/types\/post"}],"author":[{"embeddable":true,"href":"https:\/\/www.manaus.am.gov.br\/semcom\/wp-json\/wp\/v2\/users\/23"}],"replies":[{"embeddable":true,"href":"https:\/\/www.manaus.am.gov.br\/semcom\/wp-json\/wp\/v2\/comments?post=257737"}],"version-history":[{"count":0,"href":"https:\/\/www.manaus.am.gov.br\/semcom\/wp-json\/wp\/v2\/posts\/257737\/revisions"}],"wp:featuredmedia":[{"embeddable":true,"href":"https:\/\/www.manaus.am.gov.br\/semcom\/wp-json\/wp\/v2\/media\/257738"}],"wp:attachment":[{"href":"https:\/\/www.manaus.am.gov.br\/semcom\/wp-json\/wp\/v2\/media?parent=257737"}],"wp:term":[{"taxonomy":"category","embeddable":true,"href":"https:\/\/www.manaus.am.gov.br\/semcom\/wp-json\/wp\/v2\/categories?post=257737"},{"taxonomy":"post_tag","embeddable":true,"href":"https:\/\/www.manaus.am.gov.br\/semcom\/wp-json\/wp\/v2\/tags?post=257737"}],"curies":[{"name":"wp","href":"https:\/\/api.w.org\/{rel}","templated":true}]}}