{"id":257735,"date":"2026-05-01T16:24:53","date_gmt":"2026-05-01T19:24:53","guid":{"rendered":"https:\/\/www.manaus.am.gov.br\/semcom\/prefeitura-semulsp-copa-diadotrabalhador\/"},"modified":"2026-05-01T16:24:54","modified_gmt":"2026-05-01T19:24:54","slug":"prefeitura-semulsp-copa-diadotrabalhador","status":"publish","type":"post","link":"https:\/\/www.manaus.am.gov.br\/semcom\/prefeitura-semulsp-copa-diadotrabalhador\/","title":{"rendered":"\u2018Copa Semulsp\u2019 re\u00fane servidores em celebra\u00e7\u00e3o e reconhecimento pelo Dia do Trabalhador"},"content":{"rendered":"\n<p>A Prefeitura de Manaus, por meio da Secretaria Municipal de Limpeza Urbana (Semulsp), realizou, na manh\u00e3 desta quinta-feira, 1\u00ba\/5, a abertura oficial da \u201cCopa Semulsp de Futebol Society 2026\u201d. O evento reuniu servidores da limpeza urbana e de empresas parceiras em um momento de integra\u00e7\u00e3o, lazer e valoriza\u00e7\u00e3o profissional, marcando as comemora\u00e7\u00f5es pelo Dia do Trabalhador.<\/p>\n\n\n\n<p>Realizada na sede da secretaria, no campo Domingos Santana da Silva, a competi\u00e7\u00e3o vai al\u00e9m da pr\u00e1tica esportiva. A iniciativa tem como objetivo fortalecer o esp\u00edrito de equipe, promover a confraterniza\u00e7\u00e3o entre os trabalhadores e reconhecer o papel fundamental desempenhado pelos profissionais que atuam diariamente na manuten\u00e7\u00e3o da limpeza da cidade.<\/p>\n\n\n\n<p>O secret\u00e1rio da Semulsp, Sab\u00e1 Reis, destacou que iniciativas como a Copa Semulsp fazem parte de uma pol\u00edtica de valoriza\u00e7\u00e3o cont\u00ednua dos trabalhadores.<\/p>\n\n\n\n<p>\u201cNosso compromisso \u00e9 cuidar de quem cuida da cidade todos os dias. A Copa Semulsp \u00e9 mais do que um campeonato, \u00e9 um reconhecimento ao esfor\u00e7o, \u00e0 dedica\u00e7\u00e3o e ao papel fundamental desses trabalhadores que mant\u00eam Manaus limpa e funcionando. Valorizar o servidor \u00e9 fortalecer o servi\u00e7o p\u00fablico\u201d, afirmou o secret\u00e1rio.<\/p>\n\n\n\n<p>Valoriza\u00e7\u00e3o<\/p>\n\n\n\n<p>Para os participantes, a Copa representa uma oportunidade de reconhecimento e de pausa na rotina intensa de trabalho. O gari Anderson Melhores Ribeiro, que atua na manuten\u00e7\u00e3o da limpeza das ruas da cidade, destacou a import\u00e2ncia da iniciativa.<\/p>\n\n\n\n<p>\u201cEsse campeonato \u00e9 excelente. \u00c9 uma oportunidade para a gente se divertir, sair da rotina do trabalho. Aqui \u00e9 organizado, \u00e9 top. Em outras gest\u00f5es n\u00e3o tinha isso, era s\u00f3 trabalho. Aqui, a gente tem esses momentos de integra\u00e7\u00e3o, campeonato do Dia do Gari, e isso faz diferen\u00e7a\u201d, afirmou.<\/p>\n\n\n\n<p>Integra\u00e7\u00e3o e parceria<\/p>\n\n\n\n<p>O servidor Vinicius Moraes, da Semulsp, integrante do time Alemanha, ressaltou que a competi\u00e7\u00e3o refor\u00e7a a uni\u00e3o entre os trabalhadores.<\/p>\n\n\n\n<p>\u201cA Copa foi criada para valorizar o servidor que trabalha pela cidade diuturnamente. \u00c9 uma forma de celebrar essa parceria entre os servidores e proporcionar momentos de confraterniza\u00e7\u00e3o dentro da secretaria\u201d, destacou.<\/p>\n\n\n\n<p>Confraterniza\u00e7\u00e3o<\/p>\n\n\n\n<p>J\u00e1 o gari Alexsandro Ramos destacou o clima de uni\u00e3o proporcionado pelo evento. \u201cEst\u00e1 sendo uma boa ideia esse campeonato. Est\u00e1 show. \u00c9 um momento de confraterniza\u00e7\u00e3o, onde o pessoal se re\u00fane, joga bola e se diverte. Isso \u00e9 importante para todos\u201d, disse.<\/p>\n\n\n\n<p>A rodada de abertura contou com quatro partidas movimentadas e bons resultados em campo. A Noruega venceu a Fran\u00e7a por 2 a 1, enquanto o M\u00e9xico aplicou uma goleada de 6 a 0 sobre os Estados Unidos. A Alemanha superou a B\u00e9lgica por 4 a 2, e a Argentina levou a melhor no cl\u00e1ssico ao derrotar o Brasil por 1 a 0.<\/p>\n\n\n\n<p>Com os resultados, Noruega, M\u00e9xico, Alemanha e Argentina largam na frente na competi\u00e7\u00e3o.<\/p>\n\n\n\n<p>&#8212; &#8212; &#8212;<\/p>\n\n\n\n<p><strong>Texto <\/strong>&#8211; Dora Tupinamb\u00e1\/Semulsp<\/p>\n\n\n\n<p><strong>Fotos <\/strong>&#8211; Daniel Marinho\/Semulsp<\/p>\n","protected":false},"excerpt":{"rendered":"","protected":false},"author":23,"featured_media":257736,"comment_status":"closed","ping_status":"closed","sticky":false,"template":"","format":"standard","meta":{"footnotes":""},"categories":[647],"tags":[1511,9302,5192,77,301],"acf":[],"yoast_head":"<!-- This site is optimized with the Yoast SEO plugin v23.0 - https:\/\/yoast.com\/wordpress\/plugins\/seo\/ -->\n<title>\u2018Copa Semulsp\u2019 re\u00fane servidores em celebra\u00e7\u00e3o e reconhecimento pelo Dia do Trabalhador<\/title>\n<meta name=\"description\" content=\"A Prefeitura de Manaus, por meio da Secretaria Municipal de Limpeza Urbana (Semulsp), realizou, na manh\u00e3 desta quinta-feira, 1\u00ba\/5, a abertura oficial da \u201cCopa Semulsp de Futebol Society 2026\u201d. O evento reuniu servidores da limpeza urbana e de empresas parceiras em um momento de integra\u00e7\u00e3o, lazer e valoriza\u00e7\u00e3o profissional, marcando as comemora\u00e7\u00f5es pelo Dia do Trabalhador.\" \/>\n<meta name=\"robots\" content=\"index, follow, max-snippet:-1, max-image-preview:large, max-video-preview:-1\" \/>\n<link rel=\"canonical\" href=\"https:\/\/www.manaus.am.gov.br\/semcom\/prefeitura-semulsp-copa-diadotrabalhador\/\" \/>\n<meta property=\"og:locale\" content=\"pt_BR\" \/>\n<meta property=\"og:type\" content=\"article\" \/>\n<meta property=\"og:title\" content=\"\u2018Copa Semulsp\u2019 re\u00fane servidores em celebra\u00e7\u00e3o e reconhecimento pelo Dia do Trabalhador\" \/>\n<meta property=\"og:description\" content=\"A Prefeitura de Manaus, por meio da Secretaria Municipal de Limpeza Urbana (Semulsp), realizou, na manh\u00e3 desta quinta-feira, 1\u00ba\/5, a abertura oficial da \u201cCopa Semulsp de Futebol Society 2026\u201d. O evento reuniu servidores da limpeza urbana e de empresas parceiras em um momento de integra\u00e7\u00e3o, lazer e valoriza\u00e7\u00e3o profissional, marcando as comemora\u00e7\u00f5es pelo Dia do Trabalhador.\" \/>\n<meta property=\"og:url\" content=\"https:\/\/www.manaus.am.gov.br\/semcom\/prefeitura-semulsp-copa-diadotrabalhador\/\" \/>\n<meta property=\"og:site_name\" content=\"SEMCOM\" \/>\n<meta property=\"article:published_time\" content=\"2026-05-01T19:24:53+00:00\" \/>\n<meta property=\"article:modified_time\" content=\"2026-05-01T19:24:54+00:00\" \/>\n<meta property=\"og:image\" content=\"https:\/\/www.manaus.am.gov.br\/semcom\/wp-content\/uploads\/sites\/5\/2026\/05\/WhatsApp-Image-2026-05-01-at-14.02.27.jpeg\" \/>\n\t<meta property=\"og:image:width\" content=\"1280\" \/>\n\t<meta property=\"og:image:height\" content=\"834\" \/>\n\t<meta property=\"og:image:type\" content=\"image\/jpeg\" \/>\n<meta name=\"author\" content=\"Adriana Costa\" \/>\n<meta name=\"twitter:card\" content=\"summary_large_image\" \/>\n<meta name=\"twitter:label1\" content=\"Written by\" \/>\n\t<meta name=\"twitter:data1\" content=\"Adriana Costa\" \/>\n\t<meta name=\"twitter:label2\" content=\"Est. reading time\" \/>\n\t<meta name=\"twitter:data2\" content=\"3 minutos\" \/>\n<script type=\"application\/ld+json\" class=\"yoast-schema-graph\">{\"@context\":\"https:\/\/schema.org\",\"@graph\":[{\"@type\":\"WebPage\",\"@id\":\"https:\/\/www.manaus.am.gov.br\/semcom\/prefeitura-semulsp-copa-diadotrabalhador\/\",\"url\":\"https:\/\/www.manaus.am.gov.br\/semcom\/prefeitura-semulsp-copa-diadotrabalhador\/\",\"name\":\"\u2018Copa Semulsp\u2019 re\u00fane servidores em celebra\u00e7\u00e3o e reconhecimento pelo Dia do Trabalhador\",\"isPartOf\":{\"@id\":\"https:\/\/www.manaus.am.gov.br\/semcom\/#website\"},\"primaryImageOfPage\":{\"@id\":\"https:\/\/www.manaus.am.gov.br\/semcom\/prefeitura-semulsp-copa-diadotrabalhador\/#primaryimage\"},\"image\":{\"@id\":\"https:\/\/www.manaus.am.gov.br\/semcom\/prefeitura-semulsp-copa-diadotrabalhador\/#primaryimage\"},\"thumbnailUrl\":\"https:\/\/www.manaus.am.gov.br\/semcom\/wp-content\/uploads\/sites\/5\/2026\/05\/WhatsApp-Image-2026-05-01-at-14.02.27.jpeg\",\"datePublished\":\"2026-05-01T19:24:53+00:00\",\"dateModified\":\"2026-05-01T19:24:54+00:00\",\"author\":{\"@id\":\"https:\/\/www.manaus.am.gov.br\/semcom\/#\/schema\/person\/4e49f4e267757a06ca072ec61b2b9968\"},\"description\":\"A Prefeitura de Manaus, por meio da Secretaria Municipal de Limpeza Urbana (Semulsp), realizou, na manh\u00e3 desta quinta-feira, 1\u00ba\/5, a abertura oficial da \u201cCopa Semulsp de Futebol Society 2026\u201d. O evento reuniu servidores da limpeza urbana e de empresas parceiras em um momento de integra\u00e7\u00e3o, lazer e valoriza\u00e7\u00e3o profissional, marcando as comemora\u00e7\u00f5es pelo Dia do Trabalhador.\",\"inLanguage\":\"pt-BR\",\"potentialAction\":[{\"@type\":\"ReadAction\",\"target\":[\"https:\/\/www.manaus.am.gov.br\/semcom\/prefeitura-semulsp-copa-diadotrabalhador\/\"]}]},{\"@type\":\"ImageObject\",\"inLanguage\":\"pt-BR\",\"@id\":\"https:\/\/www.manaus.am.gov.br\/semcom\/prefeitura-semulsp-copa-diadotrabalhador\/#primaryimage\",\"url\":\"https:\/\/www.manaus.am.gov.br\/semcom\/wp-content\/uploads\/sites\/5\/2026\/05\/WhatsApp-Image-2026-05-01-at-14.02.27.jpeg\",\"contentUrl\":\"https:\/\/www.manaus.am.gov.br\/semcom\/wp-content\/uploads\/sites\/5\/2026\/05\/WhatsApp-Image-2026-05-01-at-14.02.27.jpeg\",\"width\":1280,\"height\":834,\"caption\":\"#paratodosverem - Trabalhadores da limpeza em partida de futebol em celebra\u00e7\u00e3o pela data comemorativa\"},{\"@type\":\"WebSite\",\"@id\":\"https:\/\/www.manaus.am.gov.br\/semcom\/#website\",\"url\":\"https:\/\/www.manaus.am.gov.br\/semcom\/\",\"name\":\"SEMCOM\",\"description\":\"Secretaria Municipal de Comunica\u00e7\u00e3o\",\"potentialAction\":[{\"@type\":\"SearchAction\",\"target\":{\"@type\":\"EntryPoint\",\"urlTemplate\":\"https:\/\/www.manaus.am.gov.br\/semcom\/?s={search_term_string}\"},\"query-input\":\"required name=search_term_string\"}],\"inLanguage\":\"pt-BR\"},{\"@type\":\"Person\",\"@id\":\"https:\/\/www.manaus.am.gov.br\/semcom\/#\/schema\/person\/4e49f4e267757a06ca072ec61b2b9968\",\"name\":\"Adriana Costa\",\"image\":{\"@type\":\"ImageObject\",\"inLanguage\":\"pt-BR\",\"@id\":\"https:\/\/www.manaus.am.gov.br\/semcom\/#\/schema\/person\/image\/\",\"url\":\"https:\/\/secure.gravatar.com\/avatar\/576258617ef7194f718179e766d57bd4?s=96&d=mm&r=g\",\"contentUrl\":\"https:\/\/secure.gravatar.com\/avatar\/576258617ef7194f718179e766d57bd4?s=96&d=mm&r=g\",\"caption\":\"Adriana Costa\"}}]}<\/script>\n<!-- \/ Yoast SEO plugin. -->","yoast_head_json":{"title":"\u2018Copa Semulsp\u2019 re\u00fane servidores em celebra\u00e7\u00e3o e reconhecimento pelo Dia do Trabalhador","description":"A Prefeitura de Manaus, por meio da Secretaria Municipal de Limpeza Urbana (Semulsp), realizou, na manh\u00e3 desta quinta-feira, 1\u00ba\/5, a abertura oficial da \u201cCopa Semulsp de Futebol Society 2026\u201d. O evento reuniu servidores da limpeza urbana e de empresas parceiras em um momento de integra\u00e7\u00e3o, lazer e valoriza\u00e7\u00e3o profissional, marcando as comemora\u00e7\u00f5es pelo Dia do Trabalhador.","robots":{"index":"index","follow":"follow","max-snippet":"max-snippet:-1","max-image-preview":"max-image-preview:large","max-video-preview":"max-video-preview:-1"},"canonical":"https:\/\/www.manaus.am.gov.br\/semcom\/prefeitura-semulsp-copa-diadotrabalhador\/","og_locale":"pt_BR","og_type":"article","og_title":"\u2018Copa Semulsp\u2019 re\u00fane servidores em celebra\u00e7\u00e3o e reconhecimento pelo Dia do Trabalhador","og_description":"A Prefeitura de Manaus, por meio da Secretaria Municipal de Limpeza Urbana (Semulsp), realizou, na manh\u00e3 desta quinta-feira, 1\u00ba\/5, a abertura oficial da \u201cCopa Semulsp de Futebol Society 2026\u201d. O evento reuniu servidores da limpeza urbana e de empresas parceiras em um momento de integra\u00e7\u00e3o, lazer e valoriza\u00e7\u00e3o profissional, marcando as comemora\u00e7\u00f5es pelo Dia do Trabalhador.","og_url":"https:\/\/www.manaus.am.gov.br\/semcom\/prefeitura-semulsp-copa-diadotrabalhador\/","og_site_name":"SEMCOM","article_published_time":"2026-05-01T19:24:53+00:00","article_modified_time":"2026-05-01T19:24:54+00:00","og_image":[{"width":1280,"height":834,"url":"https:\/\/www.manaus.am.gov.br\/semcom\/wp-content\/uploads\/sites\/5\/2026\/05\/WhatsApp-Image-2026-05-01-at-14.02.27.jpeg","type":"image\/jpeg"}],"author":"Adriana Costa","twitter_card":"summary_large_image","twitter_misc":{"Written by":"Adriana Costa","Est. reading time":"3 minutos"},"schema":{"@context":"https:\/\/schema.org","@graph":[{"@type":"WebPage","@id":"https:\/\/www.manaus.am.gov.br\/semcom\/prefeitura-semulsp-copa-diadotrabalhador\/","url":"https:\/\/www.manaus.am.gov.br\/semcom\/prefeitura-semulsp-copa-diadotrabalhador\/","name":"\u2018Copa Semulsp\u2019 re\u00fane servidores em celebra\u00e7\u00e3o e reconhecimento pelo Dia do Trabalhador","isPartOf":{"@id":"https:\/\/www.manaus.am.gov.br\/semcom\/#website"},"primaryImageOfPage":{"@id":"https:\/\/www.manaus.am.gov.br\/semcom\/prefeitura-semulsp-copa-diadotrabalhador\/#primaryimage"},"image":{"@id":"https:\/\/www.manaus.am.gov.br\/semcom\/prefeitura-semulsp-copa-diadotrabalhador\/#primaryimage"},"thumbnailUrl":"https:\/\/www.manaus.am.gov.br\/semcom\/wp-content\/uploads\/sites\/5\/2026\/05\/WhatsApp-Image-2026-05-01-at-14.02.27.jpeg","datePublished":"2026-05-01T19:24:53+00:00","dateModified":"2026-05-01T19:24:54+00:00","author":{"@id":"https:\/\/www.manaus.am.gov.br\/semcom\/#\/schema\/person\/4e49f4e267757a06ca072ec61b2b9968"},"description":"A Prefeitura de Manaus, por meio da Secretaria Municipal de Limpeza Urbana (Semulsp), realizou, na manh\u00e3 desta quinta-feira, 1\u00ba\/5, a abertura oficial da \u201cCopa Semulsp de Futebol Society 2026\u201d. O evento reuniu servidores da limpeza urbana e de empresas parceiras em um momento de integra\u00e7\u00e3o, lazer e valoriza\u00e7\u00e3o profissional, marcando as comemora\u00e7\u00f5es pelo Dia do Trabalhador.","inLanguage":"pt-BR","potentialAction":[{"@type":"ReadAction","target":["https:\/\/www.manaus.am.gov.br\/semcom\/prefeitura-semulsp-copa-diadotrabalhador\/"]}]},{"@type":"ImageObject","inLanguage":"pt-BR","@id":"https:\/\/www.manaus.am.gov.br\/semcom\/prefeitura-semulsp-copa-diadotrabalhador\/#primaryimage","url":"https:\/\/www.manaus.am.gov.br\/semcom\/wp-content\/uploads\/sites\/5\/2026\/05\/WhatsApp-Image-2026-05-01-at-14.02.27.jpeg","contentUrl":"https:\/\/www.manaus.am.gov.br\/semcom\/wp-content\/uploads\/sites\/5\/2026\/05\/WhatsApp-Image-2026-05-01-at-14.02.27.jpeg","width":1280,"height":834,"caption":"#paratodosverem - Trabalhadores da limpeza em partida de futebol em celebra\u00e7\u00e3o pela data comemorativa"},{"@type":"WebSite","@id":"https:\/\/www.manaus.am.gov.br\/semcom\/#website","url":"https:\/\/www.manaus.am.gov.br\/semcom\/","name":"SEMCOM","description":"Secretaria Municipal de Comunica\u00e7\u00e3o","potentialAction":[{"@type":"SearchAction","target":{"@type":"EntryPoint","urlTemplate":"https:\/\/www.manaus.am.gov.br\/semcom\/?s={search_term_string}"},"query-input":"required name=search_term_string"}],"inLanguage":"pt-BR"},{"@type":"Person","@id":"https:\/\/www.manaus.am.gov.br\/semcom\/#\/schema\/person\/4e49f4e267757a06ca072ec61b2b9968","name":"Adriana Costa","image":{"@type":"ImageObject","inLanguage":"pt-BR","@id":"https:\/\/www.manaus.am.gov.br\/semcom\/#\/schema\/person\/image\/","url":"https:\/\/secure.gravatar.com\/avatar\/576258617ef7194f718179e766d57bd4?s=96&d=mm&r=g","contentUrl":"https:\/\/secure.gravatar.com\/avatar\/576258617ef7194f718179e766d57bd4?s=96&d=mm&r=g","caption":"Adriana Costa"}}]}},"_links":{"self":[{"href":"https:\/\/www.manaus.am.gov.br\/semcom\/wp-json\/wp\/v2\/posts\/257735"}],"collection":[{"href":"https:\/\/www.manaus.am.gov.br\/semcom\/wp-json\/wp\/v2\/posts"}],"about":[{"href":"https:\/\/www.manaus.am.gov.br\/semcom\/wp-json\/wp\/v2\/types\/post"}],"author":[{"embeddable":true,"href":"https:\/\/www.manaus.am.gov.br\/semcom\/wp-json\/wp\/v2\/users\/23"}],"replies":[{"embeddable":true,"href":"https:\/\/www.manaus.am.gov.br\/semcom\/wp-json\/wp\/v2\/comments?post=257735"}],"version-history":[{"count":0,"href":"https:\/\/www.manaus.am.gov.br\/semcom\/wp-json\/wp\/v2\/posts\/257735\/revisions"}],"wp:featuredmedia":[{"embeddable":true,"href":"https:\/\/www.manaus.am.gov.br\/semcom\/wp-json\/wp\/v2\/media\/257736"}],"wp:attachment":[{"href":"https:\/\/www.manaus.am.gov.br\/semcom\/wp-json\/wp\/v2\/media?parent=257735"}],"wp:term":[{"taxonomy":"category","embeddable":true,"href":"https:\/\/www.manaus.am.gov.br\/semcom\/wp-json\/wp\/v2\/categories?post=257735"},{"taxonomy":"post_tag","embeddable":true,"href":"https:\/\/www.manaus.am.gov.br\/semcom\/wp-json\/wp\/v2\/tags?post=257735"}],"curies":[{"name":"wp","href":"https:\/\/api.w.org\/{rel}","templated":true}]}}