{"id":257711,"date":"2026-04-30T14:19:18","date_gmt":"2026-04-30T18:19:18","guid":{"rendered":"https:\/\/www.manaus.am.gov.br\/semcom\/prefeitura-immu-corridadotrabalhador\/"},"modified":"2026-04-30T15:32:21","modified_gmt":"2026-04-30T18:32:21","slug":"prefeitura-immu-corridadotrabalhador","status":"publish","type":"post","link":"https:\/\/www.manaus.am.gov.br\/semcom\/prefeitura-immu-corridadotrabalhador\/","title":{"rendered":"Prefeitura de Manaus altera tr\u00e2nsito e transporte para realiza\u00e7\u00e3o da Corrida do Trabalhador"},"content":{"rendered":"\n<p>A Prefeitura de Manaus, por meio do Instituto Municipal de Mobilidade Urbana (IMMU), vai realizar altera\u00e7\u00f5es no tr\u00e2nsito e no transporte coletivo durante a Corrida do Trabalhador, no domingo, 3\/5, das 5h30 \u00e0s 8h. A opera\u00e7\u00e3o inclui interdi\u00e7\u00f5es vi\u00e1rias, desvios de itiner\u00e1rio em diversas linhas de \u00f4nibus e mudan\u00e7as tempor\u00e1rias no funcionamento das esta\u00e7\u00f5es Arena e S\u00e3o Jorge.<br><br>Durante o evento, as esta\u00e7\u00f5es Arena e S\u00e3o Jorge ficar\u00e3o inoperantes. As linhas alimentadoras da Esta\u00e7\u00e3o E2 ir\u00e3o operar at\u00e9 o Terminal 1 (T1), garantindo o atendimento aos usu\u00e1rios durante o per\u00edodo da interdi\u00e7\u00e3o.<br><br>As linhas 306, 319, 324, 356, 340, 444, 454, 500, 448, 640 e 455 ter\u00e3o altera\u00e7\u00e3o no fluxo entre as avenidas Torquato Tapaj\u00f3s e Constantino Nery. No sentido bairro\/Centro, os \u00f4nibus seguem normalmente at\u00e9 a avenida Torquato Tapaj\u00f3s, passando pela avenida Djalma Batista, avenida Jo\u00e3o Val\u00e9rio, avenida Constantino Nery, Terminal 1 e pra\u00e7a da Saudade. No sentido Centro\/bairro, o retorno ser\u00e1 pelas ruas Sim\u00e3o Bol\u00edvar e Ferreira Pena, avenida Constantino Nery, rua Par\u00e1, avenida Djalma Batista e itiner\u00e1rio normal.<br><br>As linhas 118, 540 e 652, no sentido bairro\/Centro, seguem normalmente at\u00e9 a avenida Darcy Vargas, avenida Dr. Theomario Pinto da Costa, retorno na rotat\u00f3ria das Letras, avenida Dr. Theomario Pinto, avenida Constantino Nery e itiner\u00e1rio normal. J\u00e1 a linha 678, que atende o trecho T4\/Ponta Negra, seguir\u00e1 normalmente at\u00e9 a avenida Darcy Vargas, avenidas Dr. Theomario Pinto da Costa, Jacira Reis, Rita Gama Barros, Pedro Teixeira e itiner\u00e1rio normal.<br><br>As linhas A402, A407 e 654 ter\u00e3o desvio no sentido bairro\/Centro pela avenida Djalma Batista, avenida Jo\u00e3o Val\u00e9rio, avenida Constantino Nery, Terminal 1 e Pra\u00e7a da Saudade. No sentido Centro\/bairro, o trajeto ser\u00e1 pelas ruas Sim\u00e3o Bol\u00edvar e Ferreira Pena, avenida Constantino Nery, rua Par\u00e1, avenida Djalma Batista e itiner\u00e1rio normal.<br><br>As linhas A200, A204 e A222, no sentido bairro\/Centro, seguem normalmente at\u00e9 a avenida Pedro Teixeira, avenida Constantino Nery, Terminal 1 e pra\u00e7a da Saudade. No sentido Centro\/bairro, o trajeto ser\u00e1 pelo Terminal 1, avenida Constantino Nery, avenida \u00c1lvaro Maia, avenida Brasil, rua Amaral dos Santos, rua Edna Pereira, rua Vicente Torres Reis, rua Em\u00edlio Ruas, avenida S\u00e3o Jorge, avenida Jacira Reis, retorno na rotat\u00f3ria das Letras, rua Paxi\u00fabas, avenida Dom Pedro e itiner\u00e1rio normal.<br><br>As linhas A202, A206 e A225, al\u00e9m da linha 219 no retorno, ter\u00e3o altera\u00e7\u00e3o no sentido bairro\/Centro pela avenida Torquato Tapaj\u00f3s, avenida Djalma Batista, avenida Jo\u00e3o Val\u00e9rio, avenida Constantino Nery, Terminal 1 e pra\u00e7a da Saudade. No sentido Centro\/bairro, o retorno ser\u00e1 pelas ruas Sim\u00e3o Bol\u00edvar e Ferreira Pena, avenida Constantino Nery, rua Par\u00e1, avenida Djalma Batista e itiner\u00e1rio normal.<br><br>As linhas 213 e 215 seguir\u00e3o, no sentido bairro\/Centro, pela avenida Loris Cordovil, rua Vivaldo Lima, travessa dos Franceses, avenida Desembargador Jo\u00e3o Machado, avenida M\u00e1rio Ypiranga Monteiro ou avenida Djalma Batista. No sentido Centro\/bairro, o trajeto ser\u00e1 pela rua Ferreira Pena, avenida \u00c1lvaro Maia, avenida Major Gabriel, avenida Ayr\u00e3o, avenida Djalma Batista, avenida Desembargador Jo\u00e3o Machado, avenida D, rua Crici\u00fama, rua 8, rua Professora Rosa Gomes, rua Professor Ab\u00edlio Alencar e itiner\u00e1rio normal.<br><br>As linhas 010, 207, 214, 223 e 227, no sentido bairro\/Centro, seguem normalmente at\u00e9 a rua Paxi\u00fabas, rotat\u00f3ria das Letras, avenida Dr. Theomario Pinto, avenida Djalma Batista, avenida \u00c1lvaro Maia ou avenida Comendador Clementino. No sentido Centro\/bairro, os \u00f4nibus seguem pela avenida Djalma Batista, al\u00e7a de acesso da Universidade do Estado do Amazonas (UEA), avenida Dr. Theomario Pinto, avenida Dom Pedro e itiner\u00e1rio normal.<br><br>A Prefeitura de Manaus orienta os usu\u00e1rios do transporte coletivo e condutores a ficarem atentos \u00e0s mudan\u00e7as tempor\u00e1rias. A opera\u00e7\u00e3o ser\u00e1 acompanhada pelo IMMU para garantir a seguran\u00e7a dos participantes da corrida, dos pedestres, motoristas e passageiros do transporte p\u00fablico.<\/p>\n\n\n\n<div data-wp-interactive=\"\" class=\"wp-block-file\"><object data-wp-bind--hidden=\"!selectors.core.file.hasPdfPreview\" hidden class=\"wp-block-file__embed\" data=\"https:\/\/www.manaus.am.gov.br\/semcom\/wp-content\/uploads\/sites\/5\/2026\/04\/CORRIDA-DO-TRABALHADOR.pdf\" type=\"application\/pdf\" style=\"width:100%;height:600px\" aria-label=\"Incorporado de CORRIDA DO TRABALHADOR.\"><\/object><a id=\"wp-block-file--media-9f83cf06-8ca6-4e9b-a548-f48d1297cf79\" href=\"https:\/\/www.manaus.am.gov.br\/semcom\/wp-content\/uploads\/sites\/5\/2026\/04\/CORRIDA-DO-TRABALHADOR.pdf\">CORRIDA DO TRABALHADOR<\/a><a href=\"https:\/\/www.manaus.am.gov.br\/semcom\/wp-content\/uploads\/sites\/5\/2026\/04\/CORRIDA-DO-TRABALHADOR.pdf\" class=\"wp-block-file__button wp-element-button\" download aria-describedby=\"wp-block-file--media-9f83cf06-8ca6-4e9b-a548-f48d1297cf79\">Baixar<\/a><\/div>\n\n\n\n<p>&#8212; &#8212; &#8212;<br><strong>Texto<\/strong>&nbsp;\u2013 Marcelo Lima\/IMMU<br><strong>Ilustra\u00e7\u00e3o<\/strong>&nbsp;\u2013 Divulga\u00e7\u00e3o\/IMMU<\/p>\n","protected":false},"excerpt":{"rendered":"","protected":false},"author":23,"featured_media":234820,"comment_status":"closed","ping_status":"closed","sticky":false,"template":"","format":"standard","meta":{"footnotes":""},"categories":[59],"tags":[20614,12,77],"acf":[],"yoast_head":"<!-- This site is optimized with the Yoast SEO plugin v23.0 - https:\/\/yoast.com\/wordpress\/plugins\/seo\/ -->\n<title>Prefeitura de Manaus altera tr\u00e2nsito e transporte para realiza\u00e7\u00e3o da Corrida do Trabalhador<\/title>\n<meta name=\"description\" content=\"A Prefeitura de Manaus, por meio do Instituto Municipal de Mobilidade Urbana (IMMU), vai realizar altera\u00e7\u00f5es no tr\u00e2nsito e no transporte coletivo durante a Corrida do Trabalhador, no domingo, 3\/5, das 5h30 \u00e0s 8h.\" \/>\n<meta name=\"robots\" content=\"index, follow, max-snippet:-1, max-image-preview:large, max-video-preview:-1\" \/>\n<link rel=\"canonical\" href=\"https:\/\/www.manaus.am.gov.br\/semcom\/prefeitura-immu-corridadotrabalhador\/\" \/>\n<meta property=\"og:locale\" content=\"pt_BR\" \/>\n<meta property=\"og:type\" content=\"article\" \/>\n<meta property=\"og:title\" content=\"Prefeitura de Manaus altera tr\u00e2nsito e transporte para realiza\u00e7\u00e3o da Corrida do Trabalhador\" \/>\n<meta property=\"og:description\" content=\"A Prefeitura de Manaus, por meio do Instituto Municipal de Mobilidade Urbana (IMMU), vai realizar altera\u00e7\u00f5es no tr\u00e2nsito e no transporte coletivo durante a Corrida do Trabalhador, no domingo, 3\/5, das 5h30 \u00e0s 8h.\" \/>\n<meta property=\"og:url\" content=\"https:\/\/www.manaus.am.gov.br\/semcom\/prefeitura-immu-corridadotrabalhador\/\" \/>\n<meta property=\"og:site_name\" content=\"SEMCOM\" \/>\n<meta property=\"article:published_time\" content=\"2026-04-30T18:19:18+00:00\" \/>\n<meta property=\"article:modified_time\" content=\"2026-04-30T18:32:21+00:00\" \/>\n<meta property=\"og:image\" content=\"https:\/\/www.manaus.am.gov.br\/semcom\/wp-content\/uploads\/sites\/5\/2024\/07\/thumb-default-2.png\" \/>\n\t<meta property=\"og:image:width\" content=\"966\" \/>\n\t<meta property=\"og:image:height\" content=\"520\" \/>\n\t<meta property=\"og:image:type\" content=\"image\/png\" \/>\n<meta name=\"author\" content=\"Adriana Costa\" \/>\n<meta name=\"twitter:card\" content=\"summary_large_image\" \/>\n<meta name=\"twitter:label1\" content=\"Written by\" \/>\n\t<meta name=\"twitter:data1\" content=\"Adriana Costa\" \/>\n\t<meta name=\"twitter:label2\" content=\"Est. reading time\" \/>\n\t<meta name=\"twitter:data2\" content=\"4 minutos\" \/>\n<script type=\"application\/ld+json\" class=\"yoast-schema-graph\">{\"@context\":\"https:\/\/schema.org\",\"@graph\":[{\"@type\":\"WebPage\",\"@id\":\"https:\/\/www.manaus.am.gov.br\/semcom\/prefeitura-immu-corridadotrabalhador\/\",\"url\":\"https:\/\/www.manaus.am.gov.br\/semcom\/prefeitura-immu-corridadotrabalhador\/\",\"name\":\"Prefeitura de Manaus altera tr\u00e2nsito e transporte para realiza\u00e7\u00e3o da Corrida do Trabalhador\",\"isPartOf\":{\"@id\":\"https:\/\/www.manaus.am.gov.br\/semcom\/#website\"},\"primaryImageOfPage\":{\"@id\":\"https:\/\/www.manaus.am.gov.br\/semcom\/prefeitura-immu-corridadotrabalhador\/#primaryimage\"},\"image\":{\"@id\":\"https:\/\/www.manaus.am.gov.br\/semcom\/prefeitura-immu-corridadotrabalhador\/#primaryimage\"},\"thumbnailUrl\":\"https:\/\/www.manaus.am.gov.br\/semcom\/wp-content\/uploads\/sites\/5\/2025\/02\/BANNER-NOTA-3.png\",\"datePublished\":\"2026-04-30T18:19:18+00:00\",\"dateModified\":\"2026-04-30T18:32:21+00:00\",\"author\":{\"@id\":\"https:\/\/www.manaus.am.gov.br\/semcom\/#\/schema\/person\/4e49f4e267757a06ca072ec61b2b9968\"},\"description\":\"A Prefeitura de Manaus, por meio do Instituto Municipal de Mobilidade Urbana (IMMU), vai realizar altera\u00e7\u00f5es no tr\u00e2nsito e no transporte coletivo durante a Corrida do Trabalhador, no domingo, 3\/5, das 5h30 \u00e0s 8h.\",\"inLanguage\":\"pt-BR\",\"potentialAction\":[{\"@type\":\"ReadAction\",\"target\":[\"https:\/\/www.manaus.am.gov.br\/semcom\/prefeitura-immu-corridadotrabalhador\/\"]}]},{\"@type\":\"ImageObject\",\"inLanguage\":\"pt-BR\",\"@id\":\"https:\/\/www.manaus.am.gov.br\/semcom\/prefeitura-immu-corridadotrabalhador\/#primaryimage\",\"url\":\"https:\/\/www.manaus.am.gov.br\/semcom\/wp-content\/uploads\/sites\/5\/2025\/02\/BANNER-NOTA-3.png\",\"contentUrl\":\"https:\/\/www.manaus.am.gov.br\/semcom\/wp-content\/uploads\/sites\/5\/2025\/02\/BANNER-NOTA-3.png\",\"width\":900,\"height\":509,\"caption\":\"exames laboratoriais\"},{\"@type\":\"WebSite\",\"@id\":\"https:\/\/www.manaus.am.gov.br\/semcom\/#website\",\"url\":\"https:\/\/www.manaus.am.gov.br\/semcom\/\",\"name\":\"SEMCOM\",\"description\":\"Secretaria Municipal de Comunica\u00e7\u00e3o\",\"potentialAction\":[{\"@type\":\"SearchAction\",\"target\":{\"@type\":\"EntryPoint\",\"urlTemplate\":\"https:\/\/www.manaus.am.gov.br\/semcom\/?s={search_term_string}\"},\"query-input\":\"required name=search_term_string\"}],\"inLanguage\":\"pt-BR\"},{\"@type\":\"Person\",\"@id\":\"https:\/\/www.manaus.am.gov.br\/semcom\/#\/schema\/person\/4e49f4e267757a06ca072ec61b2b9968\",\"name\":\"Adriana Costa\",\"image\":{\"@type\":\"ImageObject\",\"inLanguage\":\"pt-BR\",\"@id\":\"https:\/\/www.manaus.am.gov.br\/semcom\/#\/schema\/person\/image\/\",\"url\":\"https:\/\/secure.gravatar.com\/avatar\/576258617ef7194f718179e766d57bd4?s=96&d=mm&r=g\",\"contentUrl\":\"https:\/\/secure.gravatar.com\/avatar\/576258617ef7194f718179e766d57bd4?s=96&d=mm&r=g\",\"caption\":\"Adriana Costa\"}}]}<\/script>\n<!-- \/ Yoast SEO plugin. -->","yoast_head_json":{"title":"Prefeitura de Manaus altera tr\u00e2nsito e transporte para realiza\u00e7\u00e3o da Corrida do Trabalhador","description":"A Prefeitura de Manaus, por meio do Instituto Municipal de Mobilidade Urbana (IMMU), vai realizar altera\u00e7\u00f5es no tr\u00e2nsito e no transporte coletivo durante a Corrida do Trabalhador, no domingo, 3\/5, das 5h30 \u00e0s 8h.","robots":{"index":"index","follow":"follow","max-snippet":"max-snippet:-1","max-image-preview":"max-image-preview:large","max-video-preview":"max-video-preview:-1"},"canonical":"https:\/\/www.manaus.am.gov.br\/semcom\/prefeitura-immu-corridadotrabalhador\/","og_locale":"pt_BR","og_type":"article","og_title":"Prefeitura de Manaus altera tr\u00e2nsito e transporte para realiza\u00e7\u00e3o da Corrida do Trabalhador","og_description":"A Prefeitura de Manaus, por meio do Instituto Municipal de Mobilidade Urbana (IMMU), vai realizar altera\u00e7\u00f5es no tr\u00e2nsito e no transporte coletivo durante a Corrida do Trabalhador, no domingo, 3\/5, das 5h30 \u00e0s 8h.","og_url":"https:\/\/www.manaus.am.gov.br\/semcom\/prefeitura-immu-corridadotrabalhador\/","og_site_name":"SEMCOM","article_published_time":"2026-04-30T18:19:18+00:00","article_modified_time":"2026-04-30T18:32:21+00:00","og_image":[{"width":966,"height":520,"url":"https:\/\/www.manaus.am.gov.br\/semcom\/wp-content\/uploads\/sites\/5\/2024\/07\/thumb-default-2.png","type":"image\/png"}],"author":"Adriana Costa","twitter_card":"summary_large_image","twitter_misc":{"Written by":"Adriana Costa","Est. reading time":"4 minutos"},"schema":{"@context":"https:\/\/schema.org","@graph":[{"@type":"WebPage","@id":"https:\/\/www.manaus.am.gov.br\/semcom\/prefeitura-immu-corridadotrabalhador\/","url":"https:\/\/www.manaus.am.gov.br\/semcom\/prefeitura-immu-corridadotrabalhador\/","name":"Prefeitura de Manaus altera tr\u00e2nsito e transporte para realiza\u00e7\u00e3o da Corrida do Trabalhador","isPartOf":{"@id":"https:\/\/www.manaus.am.gov.br\/semcom\/#website"},"primaryImageOfPage":{"@id":"https:\/\/www.manaus.am.gov.br\/semcom\/prefeitura-immu-corridadotrabalhador\/#primaryimage"},"image":{"@id":"https:\/\/www.manaus.am.gov.br\/semcom\/prefeitura-immu-corridadotrabalhador\/#primaryimage"},"thumbnailUrl":"https:\/\/www.manaus.am.gov.br\/semcom\/wp-content\/uploads\/sites\/5\/2025\/02\/BANNER-NOTA-3.png","datePublished":"2026-04-30T18:19:18+00:00","dateModified":"2026-04-30T18:32:21+00:00","author":{"@id":"https:\/\/www.manaus.am.gov.br\/semcom\/#\/schema\/person\/4e49f4e267757a06ca072ec61b2b9968"},"description":"A Prefeitura de Manaus, por meio do Instituto Municipal de Mobilidade Urbana (IMMU), vai realizar altera\u00e7\u00f5es no tr\u00e2nsito e no transporte coletivo durante a Corrida do Trabalhador, no domingo, 3\/5, das 5h30 \u00e0s 8h.","inLanguage":"pt-BR","potentialAction":[{"@type":"ReadAction","target":["https:\/\/www.manaus.am.gov.br\/semcom\/prefeitura-immu-corridadotrabalhador\/"]}]},{"@type":"ImageObject","inLanguage":"pt-BR","@id":"https:\/\/www.manaus.am.gov.br\/semcom\/prefeitura-immu-corridadotrabalhador\/#primaryimage","url":"https:\/\/www.manaus.am.gov.br\/semcom\/wp-content\/uploads\/sites\/5\/2025\/02\/BANNER-NOTA-3.png","contentUrl":"https:\/\/www.manaus.am.gov.br\/semcom\/wp-content\/uploads\/sites\/5\/2025\/02\/BANNER-NOTA-3.png","width":900,"height":509,"caption":"exames laboratoriais"},{"@type":"WebSite","@id":"https:\/\/www.manaus.am.gov.br\/semcom\/#website","url":"https:\/\/www.manaus.am.gov.br\/semcom\/","name":"SEMCOM","description":"Secretaria Municipal de Comunica\u00e7\u00e3o","potentialAction":[{"@type":"SearchAction","target":{"@type":"EntryPoint","urlTemplate":"https:\/\/www.manaus.am.gov.br\/semcom\/?s={search_term_string}"},"query-input":"required name=search_term_string"}],"inLanguage":"pt-BR"},{"@type":"Person","@id":"https:\/\/www.manaus.am.gov.br\/semcom\/#\/schema\/person\/4e49f4e267757a06ca072ec61b2b9968","name":"Adriana Costa","image":{"@type":"ImageObject","inLanguage":"pt-BR","@id":"https:\/\/www.manaus.am.gov.br\/semcom\/#\/schema\/person\/image\/","url":"https:\/\/secure.gravatar.com\/avatar\/576258617ef7194f718179e766d57bd4?s=96&d=mm&r=g","contentUrl":"https:\/\/secure.gravatar.com\/avatar\/576258617ef7194f718179e766d57bd4?s=96&d=mm&r=g","caption":"Adriana Costa"}}]}},"_links":{"self":[{"href":"https:\/\/www.manaus.am.gov.br\/semcom\/wp-json\/wp\/v2\/posts\/257711"}],"collection":[{"href":"https:\/\/www.manaus.am.gov.br\/semcom\/wp-json\/wp\/v2\/posts"}],"about":[{"href":"https:\/\/www.manaus.am.gov.br\/semcom\/wp-json\/wp\/v2\/types\/post"}],"author":[{"embeddable":true,"href":"https:\/\/www.manaus.am.gov.br\/semcom\/wp-json\/wp\/v2\/users\/23"}],"replies":[{"embeddable":true,"href":"https:\/\/www.manaus.am.gov.br\/semcom\/wp-json\/wp\/v2\/comments?post=257711"}],"version-history":[{"count":7,"href":"https:\/\/www.manaus.am.gov.br\/semcom\/wp-json\/wp\/v2\/posts\/257711\/revisions"}],"predecessor-version":[{"id":257719,"href":"https:\/\/www.manaus.am.gov.br\/semcom\/wp-json\/wp\/v2\/posts\/257711\/revisions\/257719"}],"wp:featuredmedia":[{"embeddable":true,"href":"https:\/\/www.manaus.am.gov.br\/semcom\/wp-json\/wp\/v2\/media\/234820"}],"wp:attachment":[{"href":"https:\/\/www.manaus.am.gov.br\/semcom\/wp-json\/wp\/v2\/media?parent=257711"}],"wp:term":[{"taxonomy":"category","embeddable":true,"href":"https:\/\/www.manaus.am.gov.br\/semcom\/wp-json\/wp\/v2\/categories?post=257711"},{"taxonomy":"post_tag","embeddable":true,"href":"https:\/\/www.manaus.am.gov.br\/semcom\/wp-json\/wp\/v2\/tags?post=257711"}],"curies":[{"name":"wp","href":"https:\/\/api.w.org\/{rel}","templated":true}]}}